{"id":577145,"date":"2021-06-22T09:00:48","date_gmt":"2021-06-22T12:00:48","guid":{"rendered":"https:\/\/bahiaeconomica.com.br\/wp\/beta\/?p=577145"},"modified":"2021-06-22T08:47:30","modified_gmt":"2021-06-22T11:47:30","slug":"prefeitura-monta-esquema-emergencial-de-transporte-durante-paralisacao-de-rodoviarios","status":"publish","type":"post","link":"https:\/\/bahiaeconomica.com.br\/wp\/2021\/06\/22\/prefeitura-monta-esquema-emergencial-de-transporte-durante-paralisacao-de-rodoviarios\/","title":{"rendered":"PREFEITURA MONTA ESQUEMA EMERGENCIAL DE TRANSPORTE DURANTE PARALISA\u00c7\u00c3O DE RODOVI\u00c1RIOS"},"content":{"rendered":"<p>A Secretaria de Mobilidade (Semob) de Salvador informou na noite desta segunda-feira (21) que preparou um plano de conting\u00eancia para garantir o atendimento <!--more-->aos usu\u00e1rios do transporte durante a paralisa\u00e7\u00e3o dos rodovi\u00e1rios das empresas Plataforma e OTTRANS nesta ter\u00e7a (22). A mobiliza\u00e7\u00e3o ocorrer\u00e1 das 4h \u00e0s 8h, quando ser\u00e1 realizada uma assembleia da categoria. O esquema emergencial da Semob contar\u00e1 com \u00f4nibus do Sistema Complementar (STEC) e ve\u00edculos da frota operada pela prefeitura. A a\u00e7\u00e3o ter\u00e1 in\u00edcio a partir das 4h, quando os primeiros coletivos come\u00e7am a sair das garagens.<\/p>\n<p>Durante a opera\u00e7\u00e3o, as linhas ir\u00e3o direcionar os usu\u00e1rios para as esta\u00e7\u00f5es de transbordo, funcionando como alimentadoras do metr\u00f4. \u201cColocamos como prioridade nesta opera\u00e7\u00e3o facilitar a integra\u00e7\u00e3o para os usu\u00e1rios, dando prefer\u00eancia \u00e0s linhas que levam \u00e0s esta\u00e7\u00f5es de transbordo, para que de l\u00e1 os usu\u00e1rios utilizem o metr\u00f4 para fazerem deslocamentos mais longos\u201d afirmou o secret\u00e1rio de mobilidade, Fabrizzio M\u00fcller.<\/p>\n<p>Para a opera\u00e7\u00e3o da prefeitura, algumas linhas foram suspensas para refor\u00e7ar a frota de outras que integram com o metr\u00f4. O usu\u00e1rio que tiver como destino a Barra, dever\u00e1 seguir para a Esta\u00e7\u00e3o da Lapa e, de l\u00e1, utilizar uma das tr\u00eas linhas com destino ao bairro. J\u00e1 aqueles que tiverem a Pituba como destino, dever\u00e3o seguir para o terminal Acesso Norte e utilizar uma das linhas que foram criadas para a opera\u00e7\u00e3o desta ter\u00e7a.<\/p>\n<p>Na Esta\u00e7\u00e3o da Lapa, a opera\u00e7\u00e3o ir\u00e1 atender as linhas com destino \u00e0 Barra, Rio Vermelho e Boca do Rio. J\u00e1 na Esta\u00e7\u00e3o Piraj\u00e1, os \u00f4nibus ir\u00e3o atuar nas linhas para a Baixa dos Sapateiros\/Barroquinha, Boca da Mata\/Fazenda Grande 1 e 2, Cajazeiras 11\/Hospital Municipal\/Boca da Mata e Base Naval via Estrada do Derba. No Terminal Acesso Norte foram criadas duas linhas para o bairro da Pituba, uma via Caminho das \u00c1rvores e outra via av. ACM. Tamb\u00e9m ser\u00e3o operadas linhas para o bairro de Tancredo Neves, Pernambu\u00e9s, Barroquinha, S\u00e3o Joaquim, Com\u00e9rcio e Ribeira. J\u00e1 na av. Suburbana, foi criada a linha Paripe x Rodovi\u00e1ria via aav. San Martin.<\/p>\n<p>J\u00e1 os amarelinhos ir\u00e3o operar as linhas HGE, Cosme de Farias, Daniel Lisboa e Ribeira na Esta\u00e7\u00e3o da Lapa. Na Esta\u00e7\u00e3o Piraj\u00e1 ser\u00e3o 16 linhas operadas pelo STEC para bairros como Marechal Rondon, Boa Vista de S\u00e3o Caetano, Mata Escura, Val\u00e9ria, S\u00e3o Jo\u00e3o do Cabrito, Alto do Cabrito, Santo In\u00e1cio, Mata Escura, Imbu\u00ed, Plataforma, Don Avelar, Jardim Cajazeiras, Calabet\u00e3o, Alto de Coutos, Vista Alegre, Hospital do Sub\u00farbio e Boa Vista do Lobato. J\u00e1 no Terminal Acesso Norte o STEC ir\u00e1 operar as linhas Alto do Peru, Capelinha, Pau Mi\u00fado\/Cidade Nova e Largo do Tamarineiro\/Santa M\u00f4nica.<\/p>\n<p>Ser\u00e3o criadas quatro linhas operadas pelos amarelinhos para atender as regi\u00f5es de Nova Brasilia, Esta\u00e7\u00e3o Tamburugy, Jardim Nova Esperan\u00e7a, Trobogy, Canabrava, Sete de Abril, Pitua\u00e7u e Castelo Branco via regional. Tamb\u00e9m ser\u00e3o operadas pelos amarelinhos duas linhas provenientes da Ribeira com destino \u00e0 Rodovi\u00e1ria, sendo uma via av. Bonoc\u00f4 e outra via av. San Martin. \u201cBuscamos minimizar ao m\u00e1ximo os impactos para a popula\u00e7\u00e3o otimizando o deslocamento por meio da integra\u00e7\u00e3o como metr\u00f4. De toda forma esperamos que a situa\u00e7\u00e3o seja resolvida o mais r\u00e1pido poss\u00edvel para evitar que os usu\u00e1rios do sistema n\u00e3o sejam ainda mais penalizados\u201d, frisou Muller.<\/p>\n<p>Foto: Jefferson Peixoto\/Secom<\/p>\n","protected":false},"excerpt":{"rendered":"<p>A Secretaria de Mobilidade (Semob) de Salvador informou na noite desta segunda-feira (21) que preparou um plano de conting\u00eancia para garantir o atendimento<\/p>\n","protected":false},"author":1,"featured_media":555093,"comment_status":"closed","ping_status":"closed","sticky":false,"template":"","format":"standard","meta":[],"categories":[3],"tags":[],"acf":[],"yoast_head":"<!-- This site is optimized with the Yoast SEO plugin v20.8 - https:\/\/yoast.com\/wordpress\/plugins\/seo\/ -->\n<title>PREFEITURA MONTA ESQUEMA EMERGENCIAL DE TRANSPORTE DURANTE PARALISA\u00c7\u00c3O DE RODOVI\u00c1RIOS - Bahia Economica<\/title>\n<meta name=\"description\" content=\"O maior portal de Economia da Bahia ECONOMIA \/ POL\u00cdTICA Bahia Economica\" \/>\n<meta name=\"robots\" content=\"index, follow, max-snippet:-1, max-image-preview:large, max-video-preview:-1\" \/>\n<link rel=\"canonical\" href=\"https:\/\/bahiaeconomica.com.br\/wp\/2021\/06\/22\/prefeitura-monta-esquema-emergencial-de-transporte-durante-paralisacao-de-rodoviarios\/\" \/>\n<meta property=\"og:locale\" content=\"pt_BR\" \/>\n<meta property=\"og:type\" content=\"article\" \/>\n<meta property=\"og:title\" content=\"PREFEITURA MONTA ESQUEMA EMERGENCIAL DE TRANSPORTE DURANTE PARALISA\u00c7\u00c3O DE RODOVI\u00c1RIOS - Bahia Economica\" \/>\n<meta property=\"og:description\" content=\"O maior portal de Economia da Bahia ECONOMIA \/ POL\u00cdTICA Bahia Economica\" \/>\n<meta property=\"og:url\" content=\"https:\/\/bahiaeconomica.com.br\/wp\/2021\/06\/22\/prefeitura-monta-esquema-emergencial-de-transporte-durante-paralisacao-de-rodoviarios\/\" \/>\n<meta property=\"og:site_name\" content=\"Bahia Economica\" \/>\n<meta property=\"article:publisher\" content=\"https:\/\/www.facebook.com\/bahiaeconomica\" \/>\n<meta property=\"article:published_time\" content=\"2021-06-22T12:00:48+00:00\" \/>\n<meta property=\"article:modified_time\" content=\"2021-06-22T11:47:30+00:00\" \/>\n<meta property=\"og:image\" content=\"https:\/\/bahiaeconomica.com.br\/wp\/wp-content\/uploads\/2021\/04\/rodoviarios-foto-tv-bahia.jpeg\" \/>\n\t<meta property=\"og:image:width\" content=\"500\" \/>\n\t<meta property=\"og:image:height\" content=\"300\" \/>\n\t<meta property=\"og:image:type\" content=\"image\/jpeg\" \/>\n<meta name=\"author\" content=\"admin\" \/>\n<meta name=\"twitter:card\" content=\"summary_large_image\" \/>\n<meta name=\"twitter:label1\" content=\"Escrito por\" \/>\n\t<meta name=\"twitter:data1\" content=\"admin\" \/>\n\t<meta name=\"twitter:label2\" content=\"Est. tempo de leitura\" \/>\n\t<meta name=\"twitter:data2\" content=\"3 minutos\" \/>\n<script type=\"application\/ld+json\" class=\"yoast-schema-graph\">{\"@context\":\"https:\/\/schema.org\",\"@graph\":[{\"@type\":\"Article\",\"@id\":\"https:\/\/bahiaeconomica.com.br\/wp\/2021\/06\/22\/prefeitura-monta-esquema-emergencial-de-transporte-durante-paralisacao-de-rodoviarios\/#article\",\"isPartOf\":{\"@id\":\"https:\/\/bahiaeconomica.com.br\/wp\/2021\/06\/22\/prefeitura-monta-esquema-emergencial-de-transporte-durante-paralisacao-de-rodoviarios\/\"},\"author\":{\"name\":\"admin\",\"@id\":\"https:\/\/bahiaeconomica.com.br\/wp\/#\/schema\/person\/cb1ab5ba96ad3d9390805381c76284ec\"},\"headline\":\"PREFEITURA MONTA ESQUEMA EMERGENCIAL DE TRANSPORTE DURANTE PARALISA\u00c7\u00c3O DE RODOVI\u00c1RIOS\",\"datePublished\":\"2021-06-22T12:00:48+00:00\",\"dateModified\":\"2021-06-22T11:47:30+00:00\",\"mainEntityOfPage\":{\"@id\":\"https:\/\/bahiaeconomica.com.br\/wp\/2021\/06\/22\/prefeitura-monta-esquema-emergencial-de-transporte-durante-paralisacao-de-rodoviarios\/\"},\"wordCount\":613,\"publisher\":{\"@id\":\"https:\/\/bahiaeconomica.com.br\/wp\/#organization\"},\"articleSection\":[\"ECONOMIA \/ POL\u00cdTICA\"],\"inLanguage\":\"pt-BR\"},{\"@type\":\"WebPage\",\"@id\":\"https:\/\/bahiaeconomica.com.br\/wp\/2021\/06\/22\/prefeitura-monta-esquema-emergencial-de-transporte-durante-paralisacao-de-rodoviarios\/\",\"url\":\"https:\/\/bahiaeconomica.com.br\/wp\/2021\/06\/22\/prefeitura-monta-esquema-emergencial-de-transporte-durante-paralisacao-de-rodoviarios\/\",\"name\":\"PREFEITURA MONTA ESQUEMA EMERGENCIAL DE TRANSPORTE DURANTE PARALISA\u00c7\u00c3O DE RODOVI\u00c1RIOS - Bahia Economica\",\"isPartOf\":{\"@id\":\"https:\/\/bahiaeconomica.com.br\/wp\/#website\"},\"datePublished\":\"2021-06-22T12:00:48+00:00\",\"dateModified\":\"2021-06-22T11:47:30+00:00\",\"description\":\"O maior portal de Economia da Bahia ECONOMIA \/ POL\u00cdTICA Bahia Economica\",\"breadcrumb\":{\"@id\":\"https:\/\/bahiaeconomica.com.br\/wp\/2021\/06\/22\/prefeitura-monta-esquema-emergencial-de-transporte-durante-paralisacao-de-rodoviarios\/#breadcrumb\"},\"inLanguage\":\"pt-BR\",\"potentialAction\":[{\"@type\":\"ReadAction\",\"target\":[\"https:\/\/bahiaeconomica.com.br\/wp\/2021\/06\/22\/prefeitura-monta-esquema-emergencial-de-transporte-durante-paralisacao-de-rodoviarios\/\"]}]},{\"@type\":\"BreadcrumbList\",\"@id\":\"https:\/\/bahiaeconomica.com.br\/wp\/2021\/06\/22\/prefeitura-monta-esquema-emergencial-de-transporte-durante-paralisacao-de-rodoviarios\/#breadcrumb\",\"itemListElement\":[{\"@type\":\"ListItem\",\"position\":1,\"name\":\"In\u00edcio\",\"item\":\"https:\/\/bahiaeconomica.com.br\/wp\/\"},{\"@type\":\"ListItem\",\"position\":2,\"name\":\"PREFEITURA MONTA ESQUEMA EMERGENCIAL DE TRANSPORTE DURANTE PARALISA\u00c7\u00c3O DE RODOVI\u00c1RIOS\"}]},{\"@type\":\"WebSite\",\"@id\":\"https:\/\/bahiaeconomica.com.br\/wp\/#website\",\"url\":\"https:\/\/bahiaeconomica.com.br\/wp\/\",\"name\":\"Bahia Economica\",\"description\":\"O maior portal de Economia da Bahia\",\"publisher\":{\"@id\":\"https:\/\/bahiaeconomica.com.br\/wp\/#organization\"},\"potentialAction\":[{\"@type\":\"SearchAction\",\"target\":{\"@type\":\"EntryPoint\",\"urlTemplate\":\"https:\/\/bahiaeconomica.com.br\/wp\/?s={search_term_string}\"},\"query-input\":\"required name=search_term_string\"}],\"inLanguage\":\"pt-BR\"},{\"@type\":\"Organization\",\"@id\":\"https:\/\/bahiaeconomica.com.br\/wp\/#organization\",\"name\":\"Bahia Econ\u00f4mica\",\"url\":\"https:\/\/bahiaeconomica.com.br\/wp\/\",\"logo\":{\"@type\":\"ImageObject\",\"inLanguage\":\"pt-BR\",\"@id\":\"https:\/\/bahiaeconomica.com.br\/wp\/#\/schema\/logo\/image\/\",\"url\":\"https:\/\/bahiaeconomica.com.br\/wp\/wp-content\/uploads\/2020\/12\/cropped-BE.png\",\"contentUrl\":\"https:\/\/bahiaeconomica.com.br\/wp\/wp-content\/uploads\/2020\/12\/cropped-BE.png\",\"width\":512,\"height\":512,\"caption\":\"Bahia Econ\u00f4mica\"},\"image\":{\"@id\":\"https:\/\/bahiaeconomica.com.br\/wp\/#\/schema\/logo\/image\/\"},\"sameAs\":[\"https:\/\/www.facebook.com\/bahiaeconomica\"]},{\"@type\":\"Person\",\"@id\":\"https:\/\/bahiaeconomica.com.br\/wp\/#\/schema\/person\/cb1ab5ba96ad3d9390805381c76284ec\",\"name\":\"admin\",\"url\":\"https:\/\/bahiaeconomica.com.br\/wp\/author\/admin\/\"}]}<\/script>\n<!-- \/ Yoast SEO plugin. -->","yoast_head_json":{"title":"PREFEITURA MONTA ESQUEMA EMERGENCIAL DE TRANSPORTE DURANTE PARALISA\u00c7\u00c3O DE RODOVI\u00c1RIOS - Bahia Economica","description":"O maior portal de Economia da Bahia ECONOMIA \/ POL\u00cdTICA Bahia Economica","robots":{"index":"index","follow":"follow","max-snippet":"max-snippet:-1","max-image-preview":"max-image-preview:large","max-video-preview":"max-video-preview:-1"},"canonical":"https:\/\/bahiaeconomica.com.br\/wp\/2021\/06\/22\/prefeitura-monta-esquema-emergencial-de-transporte-durante-paralisacao-de-rodoviarios\/","og_locale":"pt_BR","og_type":"article","og_title":"PREFEITURA MONTA ESQUEMA EMERGENCIAL DE TRANSPORTE DURANTE PARALISA\u00c7\u00c3O DE RODOVI\u00c1RIOS - Bahia Economica","og_description":"O maior portal de Economia da Bahia ECONOMIA \/ POL\u00cdTICA Bahia Economica","og_url":"https:\/\/bahiaeconomica.com.br\/wp\/2021\/06\/22\/prefeitura-monta-esquema-emergencial-de-transporte-durante-paralisacao-de-rodoviarios\/","og_site_name":"Bahia Economica","article_publisher":"https:\/\/www.facebook.com\/bahiaeconomica","article_published_time":"2021-06-22T12:00:48+00:00","article_modified_time":"2021-06-22T11:47:30+00:00","og_image":[{"width":500,"height":300,"url":"https:\/\/bahiaeconomica.com.br\/wp\/wp-content\/uploads\/2021\/04\/rodoviarios-foto-tv-bahia.jpeg","type":"image\/jpeg"}],"author":"admin","twitter_card":"summary_large_image","twitter_misc":{"Escrito por":"admin","Est. tempo de leitura":"3 minutos"},"schema":{"@context":"https:\/\/schema.org","@graph":[{"@type":"Article","@id":"https:\/\/bahiaeconomica.com.br\/wp\/2021\/06\/22\/prefeitura-monta-esquema-emergencial-de-transporte-durante-paralisacao-de-rodoviarios\/#article","isPartOf":{"@id":"https:\/\/bahiaeconomica.com.br\/wp\/2021\/06\/22\/prefeitura-monta-esquema-emergencial-de-transporte-durante-paralisacao-de-rodoviarios\/"},"author":{"name":"admin","@id":"https:\/\/bahiaeconomica.com.br\/wp\/#\/schema\/person\/cb1ab5ba96ad3d9390805381c76284ec"},"headline":"PREFEITURA MONTA ESQUEMA EMERGENCIAL DE TRANSPORTE DURANTE PARALISA\u00c7\u00c3O DE RODOVI\u00c1RIOS","datePublished":"2021-06-22T12:00:48+00:00","dateModified":"2021-06-22T11:47:30+00:00","mainEntityOfPage":{"@id":"https:\/\/bahiaeconomica.com.br\/wp\/2021\/06\/22\/prefeitura-monta-esquema-emergencial-de-transporte-durante-paralisacao-de-rodoviarios\/"},"wordCount":613,"publisher":{"@id":"https:\/\/bahiaeconomica.com.br\/wp\/#organization"},"articleSection":["ECONOMIA \/ POL\u00cdTICA"],"inLanguage":"pt-BR"},{"@type":"WebPage","@id":"https:\/\/bahiaeconomica.com.br\/wp\/2021\/06\/22\/prefeitura-monta-esquema-emergencial-de-transporte-durante-paralisacao-de-rodoviarios\/","url":"https:\/\/bahiaeconomica.com.br\/wp\/2021\/06\/22\/prefeitura-monta-esquema-emergencial-de-transporte-durante-paralisacao-de-rodoviarios\/","name":"PREFEITURA MONTA ESQUEMA EMERGENCIAL DE TRANSPORTE DURANTE PARALISA\u00c7\u00c3O DE RODOVI\u00c1RIOS - Bahia Economica","isPartOf":{"@id":"https:\/\/bahiaeconomica.com.br\/wp\/#website"},"datePublished":"2021-06-22T12:00:48+00:00","dateModified":"2021-06-22T11:47:30+00:00","description":"O maior portal de Economia da Bahia ECONOMIA \/ POL\u00cdTICA Bahia Economica","breadcrumb":{"@id":"https:\/\/bahiaeconomica.com.br\/wp\/2021\/06\/22\/prefeitura-monta-esquema-emergencial-de-transporte-durante-paralisacao-de-rodoviarios\/#breadcrumb"},"inLanguage":"pt-BR","potentialAction":[{"@type":"ReadAction","target":["https:\/\/bahiaeconomica.com.br\/wp\/2021\/06\/22\/prefeitura-monta-esquema-emergencial-de-transporte-durante-paralisacao-de-rodoviarios\/"]}]},{"@type":"BreadcrumbList","@id":"https:\/\/bahiaeconomica.com.br\/wp\/2021\/06\/22\/prefeitura-monta-esquema-emergencial-de-transporte-durante-paralisacao-de-rodoviarios\/#breadcrumb","itemListElement":[{"@type":"ListItem","position":1,"name":"In\u00edcio","item":"https:\/\/bahiaeconomica.com.br\/wp\/"},{"@type":"ListItem","position":2,"name":"PREFEITURA MONTA ESQUEMA EMERGENCIAL DE TRANSPORTE DURANTE PARALISA\u00c7\u00c3O DE RODOVI\u00c1RIOS"}]},{"@type":"WebSite","@id":"https:\/\/bahiaeconomica.com.br\/wp\/#website","url":"https:\/\/bahiaeconomica.com.br\/wp\/","name":"Bahia Economica","description":"O maior portal de Economia da Bahia","publisher":{"@id":"https:\/\/bahiaeconomica.com.br\/wp\/#organization"},"potentialAction":[{"@type":"SearchAction","target":{"@type":"EntryPoint","urlTemplate":"https:\/\/bahiaeconomica.com.br\/wp\/?s={search_term_string}"},"query-input":"required name=search_term_string"}],"inLanguage":"pt-BR"},{"@type":"Organization","@id":"https:\/\/bahiaeconomica.com.br\/wp\/#organization","name":"Bahia Econ\u00f4mica","url":"https:\/\/bahiaeconomica.com.br\/wp\/","logo":{"@type":"ImageObject","inLanguage":"pt-BR","@id":"https:\/\/bahiaeconomica.com.br\/wp\/#\/schema\/logo\/image\/","url":"https:\/\/bahiaeconomica.com.br\/wp\/wp-content\/uploads\/2020\/12\/cropped-BE.png","contentUrl":"https:\/\/bahiaeconomica.com.br\/wp\/wp-content\/uploads\/2020\/12\/cropped-BE.png","width":512,"height":512,"caption":"Bahia Econ\u00f4mica"},"image":{"@id":"https:\/\/bahiaeconomica.com.br\/wp\/#\/schema\/logo\/image\/"},"sameAs":["https:\/\/www.facebook.com\/bahiaeconomica"]},{"@type":"Person","@id":"https:\/\/bahiaeconomica.com.br\/wp\/#\/schema\/person\/cb1ab5ba96ad3d9390805381c76284ec","name":"admin","url":"https:\/\/bahiaeconomica.com.br\/wp\/author\/admin\/"}]}},"views":2,"_links":{"self":[{"href":"https:\/\/bahiaeconomica.com.br\/wp\/wp-json\/wp\/v2\/posts\/577145"}],"collection":[{"href":"https:\/\/bahiaeconomica.com.br\/wp\/wp-json\/wp\/v2\/posts"}],"about":[{"href":"https:\/\/bahiaeconomica.com.br\/wp\/wp-json\/wp\/v2\/types\/post"}],"author":[{"embeddable":true,"href":"https:\/\/bahiaeconomica.com.br\/wp\/wp-json\/wp\/v2\/users\/1"}],"replies":[{"embeddable":true,"href":"https:\/\/bahiaeconomica.com.br\/wp\/wp-json\/wp\/v2\/comments?post=577145"}],"version-history":[{"count":1,"href":"https:\/\/bahiaeconomica.com.br\/wp\/wp-json\/wp\/v2\/posts\/577145\/revisions"}],"predecessor-version":[{"id":577147,"href":"https:\/\/bahiaeconomica.com.br\/wp\/wp-json\/wp\/v2\/posts\/577145\/revisions\/577147"}],"wp:featuredmedia":[{"embeddable":true,"href":"https:\/\/bahiaeconomica.com.br\/wp\/wp-json\/wp\/v2\/media\/555093"}],"wp:attachment":[{"href":"https:\/\/bahiaeconomica.com.br\/wp\/wp-json\/wp\/v2\/media?parent=577145"}],"wp:term":[{"taxonomy":"category","embeddable":true,"href":"https:\/\/bahiaeconomica.com.br\/wp\/wp-json\/wp\/v2\/categories?post=577145"},{"taxonomy":"post_tag","embeddable":true,"href":"https:\/\/bahiaeconomica.com.br\/wp\/wp-json\/wp\/v2\/tags?post=577145"}],"curies":[{"name":"wp","href":"https:\/\/api.w.org\/{rel}","templated":true}]}}