{"id":576498,"date":"2021-06-18T16:53:13","date_gmt":"2021-06-18T19:53:13","guid":{"rendered":"https:\/\/bahiaeconomica.com.br\/wp\/beta\/?p=576498"},"modified":"2021-06-18T16:53:13","modified_gmt":"2021-06-18T19:53:13","slug":"juliette-e-a-nova-porta-voz-de-cultura-e-tradicoes-da-bohemia","status":"publish","type":"post","link":"https:\/\/bahiaeconomica.com.br\/wp\/2021\/06\/18\/juliette-e-a-nova-porta-voz-de-cultura-e-tradicoes-da-bohemia\/","title":{"rendered":"JULIETTE \u00c9 A NOVA PORTA-VOZ DE CULTURA E TRADI\u00c7\u00d5ES DA BOHEMIA"},"content":{"rendered":"<p style=\"text-align: justify;\"><strong>Juliette Freire<\/strong>\u00a0assinou com a cervejaria\u00a0<strong>Bohemia<\/strong>\u00a0e agora \u00e9 a nova Porta-voz de Cultura e Tradi\u00e7\u00f5es. A parceria visa enaltecer tradi\u00e7\u00f5es importantes do Brasil e o in\u00edcio dessa uni\u00e3o come\u00e7a com o S\u00e3o Jo\u00e3o.<\/p>\n<p style=\"text-align: justify;\">Tet\u00ea Chaves, gerente de Marketing de Bohemia, destaca a personalidade \u00fanica e a autenticidade de Juliette para a escolha da advogada, maquiadora e agora artista.<\/p>\n<p class=\"texto\" style=\"text-align: justify;\">&#8220;Olhar para algumas tradi\u00e7\u00f5es como parte importante da nossa identidade \u00e9 justamente o que temos feito em Bohemia, valorizando o que temos de bom e usando para inspirar novas hist\u00f3rias. Junto com ela, vamos enaltecer mais a cultura de todas as regi\u00f5es do Pa\u00eds, mostrando como na nossa hist\u00f3ria est\u00e3o os aprendizados e a base para trilharmos novos caminhos\u201d, afirma.<\/p>\n<p class=\"texto\" style=\"text-align: justify;\">Para esta parceria,\u00a0<strong>a Bohemia transmite a mensagem<\/strong>\u00a0de convidar a todos a n\u00e3o deixarem de viver a alegria da festa mais esperada do Nordeste, mas em casa, respeitando as medidas de distanciamento e sa\u00fade.<\/p>\n<p class=\"texto\" style=\"text-align: justify;\">Ainda ser\u00e1 lan\u00e7ado, na pr\u00f3xima semana, um\u00a0<strong>comercial com Juliette<\/strong>, que \u00e9 um convite para que todos entrem no esp\u00edrito do S\u00e3o Jo\u00e3o. A ideia \u00e9 que Bohemia e e a ex-BBB movimentem tradi\u00e7\u00f5es e haja novas surpresas para o p\u00fablico.<\/p>\n<p class=\"texto\" style=\"text-align: justify;\">\u201cPara mim \u00e9 um enorme prazer e privil\u00e9gio poder ser porta-voz de culturas e tradi\u00e7\u00f5es da Bohemia. A hist\u00f3ria dela me inspira por ser a primeira cervejaria do Brasil. Imagina quanta tradi\u00e7\u00e3o eu n\u00e3o vou aprender e poder contar para todo mundo! Al\u00e9m do mais, esse t\u00edtulo de Porta-voz de Cultura e Tradi\u00e7\u00f5es inclui tamb\u00e9m uma vontade minha e da Bohemia de\u00a0<strong>contar um pouco sobre cada regi\u00e3o do nosso Pa\u00eds<\/strong>. Eu n\u00e3o vejo a hora de aprender e dividir. Estou muito feliz, de verdade\u201d, diz Juliette.<\/p>\n<p>foto: divulga\u00e7\u00e3o<\/p>\n","protected":false},"excerpt":{"rendered":"<p>Juliette Freire\u00a0assinou com a cervejaria\u00a0Bohemia\u00a0e agora \u00e9 a nova Porta-voz de Cultura e Tradi\u00e7\u00f5es. A parceria visa enaltecer tradi\u00e7\u00f5es importantes do Brasil e o in\u00edcio dessa uni\u00e3o come\u00e7a com o S\u00e3o Jo\u00e3o. Tet\u00ea Chaves, gerente de Marketing de Bohemia, destaca a personalidade \u00fanica e a autenticidade de Juliette para a escolha da advogada, maquiadora e [&hellip;]<\/p>\n","protected":false},"author":1,"featured_media":576509,"comment_status":"closed","ping_status":"closed","sticky":false,"template":"","format":"standard","meta":[],"categories":[4],"tags":[],"acf":[],"yoast_head":"<!-- This site is optimized with the Yoast SEO plugin v20.8 - https:\/\/yoast.com\/wordpress\/plugins\/seo\/ -->\n<title>JULIETTE \u00c9 A NOVA PORTA-VOZ DE CULTURA E TRADI\u00c7\u00d5ES DA BOHEMIA - Bahia Economica<\/title>\n<meta name=\"description\" content=\"O maior portal de Economia da Bahia ENTRETENIMENTO Bahia Economica\" \/>\n<meta name=\"robots\" content=\"index, follow, max-snippet:-1, max-image-preview:large, max-video-preview:-1\" \/>\n<link rel=\"canonical\" href=\"https:\/\/bahiaeconomica.com.br\/wp\/2021\/06\/18\/juliette-e-a-nova-porta-voz-de-cultura-e-tradicoes-da-bohemia\/\" \/>\n<meta property=\"og:locale\" content=\"pt_BR\" \/>\n<meta property=\"og:type\" content=\"article\" \/>\n<meta property=\"og:title\" content=\"JULIETTE \u00c9 A NOVA PORTA-VOZ DE CULTURA E TRADI\u00c7\u00d5ES DA BOHEMIA - Bahia Economica\" \/>\n<meta property=\"og:description\" content=\"O maior portal de Economia da Bahia ENTRETENIMENTO Bahia Economica\" \/>\n<meta property=\"og:url\" content=\"https:\/\/bahiaeconomica.com.br\/wp\/2021\/06\/18\/juliette-e-a-nova-porta-voz-de-cultura-e-tradicoes-da-bohemia\/\" \/>\n<meta property=\"og:site_name\" content=\"Bahia Economica\" \/>\n<meta property=\"article:publisher\" content=\"https:\/\/www.facebook.com\/bahiaeconomica\" \/>\n<meta property=\"article:published_time\" content=\"2021-06-18T19:53:13+00:00\" \/>\n<meta property=\"og:image\" content=\"https:\/\/bahiaeconomica.com.br\/wp\/wp-content\/uploads\/2021\/06\/juliette-e-bohemia-divulgacao.jpg\" \/>\n\t<meta property=\"og:image:width\" content=\"750\" \/>\n\t<meta property=\"og:image:height\" content=\"500\" \/>\n\t<meta property=\"og:image:type\" content=\"image\/jpeg\" \/>\n<meta name=\"author\" content=\"admin\" \/>\n<meta name=\"twitter:card\" content=\"summary_large_image\" \/>\n<meta name=\"twitter:label1\" content=\"Escrito por\" \/>\n\t<meta name=\"twitter:data1\" content=\"admin\" \/>\n\t<meta name=\"twitter:label2\" content=\"Est. tempo de leitura\" \/>\n\t<meta name=\"twitter:data2\" content=\"2 minutos\" \/>\n<script type=\"application\/ld+json\" class=\"yoast-schema-graph\">{\"@context\":\"https:\/\/schema.org\",\"@graph\":[{\"@type\":\"Article\",\"@id\":\"https:\/\/bahiaeconomica.com.br\/wp\/2021\/06\/18\/juliette-e-a-nova-porta-voz-de-cultura-e-tradicoes-da-bohemia\/#article\",\"isPartOf\":{\"@id\":\"https:\/\/bahiaeconomica.com.br\/wp\/2021\/06\/18\/juliette-e-a-nova-porta-voz-de-cultura-e-tradicoes-da-bohemia\/\"},\"author\":{\"name\":\"admin\",\"@id\":\"https:\/\/bahiaeconomica.com.br\/wp\/#\/schema\/person\/cb1ab5ba96ad3d9390805381c76284ec\"},\"headline\":\"JULIETTE \u00c9 A NOVA PORTA-VOZ DE CULTURA E TRADI\u00c7\u00d5ES DA BOHEMIA\",\"datePublished\":\"2021-06-18T19:53:13+00:00\",\"dateModified\":\"2021-06-18T19:53:13+00:00\",\"mainEntityOfPage\":{\"@id\":\"https:\/\/bahiaeconomica.com.br\/wp\/2021\/06\/18\/juliette-e-a-nova-porta-voz-de-cultura-e-tradicoes-da-bohemia\/\"},\"wordCount\":326,\"publisher\":{\"@id\":\"https:\/\/bahiaeconomica.com.br\/wp\/#organization\"},\"articleSection\":[\"ENTRETENIMENTO\"],\"inLanguage\":\"pt-BR\"},{\"@type\":\"WebPage\",\"@id\":\"https:\/\/bahiaeconomica.com.br\/wp\/2021\/06\/18\/juliette-e-a-nova-porta-voz-de-cultura-e-tradicoes-da-bohemia\/\",\"url\":\"https:\/\/bahiaeconomica.com.br\/wp\/2021\/06\/18\/juliette-e-a-nova-porta-voz-de-cultura-e-tradicoes-da-bohemia\/\",\"name\":\"JULIETTE \u00c9 A NOVA PORTA-VOZ DE CULTURA E TRADI\u00c7\u00d5ES DA BOHEMIA - Bahia Economica\",\"isPartOf\":{\"@id\":\"https:\/\/bahiaeconomica.com.br\/wp\/#website\"},\"datePublished\":\"2021-06-18T19:53:13+00:00\",\"dateModified\":\"2021-06-18T19:53:13+00:00\",\"description\":\"O maior portal de Economia da Bahia ENTRETENIMENTO Bahia Economica\",\"breadcrumb\":{\"@id\":\"https:\/\/bahiaeconomica.com.br\/wp\/2021\/06\/18\/juliette-e-a-nova-porta-voz-de-cultura-e-tradicoes-da-bohemia\/#breadcrumb\"},\"inLanguage\":\"pt-BR\",\"potentialAction\":[{\"@type\":\"ReadAction\",\"target\":[\"https:\/\/bahiaeconomica.com.br\/wp\/2021\/06\/18\/juliette-e-a-nova-porta-voz-de-cultura-e-tradicoes-da-bohemia\/\"]}]},{\"@type\":\"BreadcrumbList\",\"@id\":\"https:\/\/bahiaeconomica.com.br\/wp\/2021\/06\/18\/juliette-e-a-nova-porta-voz-de-cultura-e-tradicoes-da-bohemia\/#breadcrumb\",\"itemListElement\":[{\"@type\":\"ListItem\",\"position\":1,\"name\":\"In\u00edcio\",\"item\":\"https:\/\/bahiaeconomica.com.br\/wp\/\"},{\"@type\":\"ListItem\",\"position\":2,\"name\":\"JULIETTE \u00c9 A NOVA PORTA-VOZ DE CULTURA E TRADI\u00c7\u00d5ES DA BOHEMIA\"}]},{\"@type\":\"WebSite\",\"@id\":\"https:\/\/bahiaeconomica.com.br\/wp\/#website\",\"url\":\"https:\/\/bahiaeconomica.com.br\/wp\/\",\"name\":\"Bahia Economica\",\"description\":\"O maior portal de Economia da Bahia\",\"publisher\":{\"@id\":\"https:\/\/bahiaeconomica.com.br\/wp\/#organization\"},\"potentialAction\":[{\"@type\":\"SearchAction\",\"target\":{\"@type\":\"EntryPoint\",\"urlTemplate\":\"https:\/\/bahiaeconomica.com.br\/wp\/?s={search_term_string}\"},\"query-input\":\"required name=search_term_string\"}],\"inLanguage\":\"pt-BR\"},{\"@type\":\"Organization\",\"@id\":\"https:\/\/bahiaeconomica.com.br\/wp\/#organization\",\"name\":\"Bahia Econ\u00f4mica\",\"url\":\"https:\/\/bahiaeconomica.com.br\/wp\/\",\"logo\":{\"@type\":\"ImageObject\",\"inLanguage\":\"pt-BR\",\"@id\":\"https:\/\/bahiaeconomica.com.br\/wp\/#\/schema\/logo\/image\/\",\"url\":\"https:\/\/bahiaeconomica.com.br\/wp\/wp-content\/uploads\/2020\/12\/cropped-BE.png\",\"contentUrl\":\"https:\/\/bahiaeconomica.com.br\/wp\/wp-content\/uploads\/2020\/12\/cropped-BE.png\",\"width\":512,\"height\":512,\"caption\":\"Bahia Econ\u00f4mica\"},\"image\":{\"@id\":\"https:\/\/bahiaeconomica.com.br\/wp\/#\/schema\/logo\/image\/\"},\"sameAs\":[\"https:\/\/www.facebook.com\/bahiaeconomica\"]},{\"@type\":\"Person\",\"@id\":\"https:\/\/bahiaeconomica.com.br\/wp\/#\/schema\/person\/cb1ab5ba96ad3d9390805381c76284ec\",\"name\":\"admin\",\"url\":\"https:\/\/bahiaeconomica.com.br\/wp\/author\/admin\/\"}]}<\/script>\n<!-- \/ Yoast SEO plugin. -->","yoast_head_json":{"title":"JULIETTE \u00c9 A NOVA PORTA-VOZ DE CULTURA E TRADI\u00c7\u00d5ES DA BOHEMIA - Bahia Economica","description":"O maior portal de Economia da Bahia ENTRETENIMENTO Bahia Economica","robots":{"index":"index","follow":"follow","max-snippet":"max-snippet:-1","max-image-preview":"max-image-preview:large","max-video-preview":"max-video-preview:-1"},"canonical":"https:\/\/bahiaeconomica.com.br\/wp\/2021\/06\/18\/juliette-e-a-nova-porta-voz-de-cultura-e-tradicoes-da-bohemia\/","og_locale":"pt_BR","og_type":"article","og_title":"JULIETTE \u00c9 A NOVA PORTA-VOZ DE CULTURA E TRADI\u00c7\u00d5ES DA BOHEMIA - Bahia Economica","og_description":"O maior portal de Economia da Bahia ENTRETENIMENTO Bahia Economica","og_url":"https:\/\/bahiaeconomica.com.br\/wp\/2021\/06\/18\/juliette-e-a-nova-porta-voz-de-cultura-e-tradicoes-da-bohemia\/","og_site_name":"Bahia Economica","article_publisher":"https:\/\/www.facebook.com\/bahiaeconomica","article_published_time":"2021-06-18T19:53:13+00:00","og_image":[{"width":750,"height":500,"url":"https:\/\/bahiaeconomica.com.br\/wp\/wp-content\/uploads\/2021\/06\/juliette-e-bohemia-divulgacao.jpg","type":"image\/jpeg"}],"author":"admin","twitter_card":"summary_large_image","twitter_misc":{"Escrito por":"admin","Est. tempo de leitura":"2 minutos"},"schema":{"@context":"https:\/\/schema.org","@graph":[{"@type":"Article","@id":"https:\/\/bahiaeconomica.com.br\/wp\/2021\/06\/18\/juliette-e-a-nova-porta-voz-de-cultura-e-tradicoes-da-bohemia\/#article","isPartOf":{"@id":"https:\/\/bahiaeconomica.com.br\/wp\/2021\/06\/18\/juliette-e-a-nova-porta-voz-de-cultura-e-tradicoes-da-bohemia\/"},"author":{"name":"admin","@id":"https:\/\/bahiaeconomica.com.br\/wp\/#\/schema\/person\/cb1ab5ba96ad3d9390805381c76284ec"},"headline":"JULIETTE \u00c9 A NOVA PORTA-VOZ DE CULTURA E TRADI\u00c7\u00d5ES DA BOHEMIA","datePublished":"2021-06-18T19:53:13+00:00","dateModified":"2021-06-18T19:53:13+00:00","mainEntityOfPage":{"@id":"https:\/\/bahiaeconomica.com.br\/wp\/2021\/06\/18\/juliette-e-a-nova-porta-voz-de-cultura-e-tradicoes-da-bohemia\/"},"wordCount":326,"publisher":{"@id":"https:\/\/bahiaeconomica.com.br\/wp\/#organization"},"articleSection":["ENTRETENIMENTO"],"inLanguage":"pt-BR"},{"@type":"WebPage","@id":"https:\/\/bahiaeconomica.com.br\/wp\/2021\/06\/18\/juliette-e-a-nova-porta-voz-de-cultura-e-tradicoes-da-bohemia\/","url":"https:\/\/bahiaeconomica.com.br\/wp\/2021\/06\/18\/juliette-e-a-nova-porta-voz-de-cultura-e-tradicoes-da-bohemia\/","name":"JULIETTE \u00c9 A NOVA PORTA-VOZ DE CULTURA E TRADI\u00c7\u00d5ES DA BOHEMIA - Bahia Economica","isPartOf":{"@id":"https:\/\/bahiaeconomica.com.br\/wp\/#website"},"datePublished":"2021-06-18T19:53:13+00:00","dateModified":"2021-06-18T19:53:13+00:00","description":"O maior portal de Economia da Bahia ENTRETENIMENTO Bahia Economica","breadcrumb":{"@id":"https:\/\/bahiaeconomica.com.br\/wp\/2021\/06\/18\/juliette-e-a-nova-porta-voz-de-cultura-e-tradicoes-da-bohemia\/#breadcrumb"},"inLanguage":"pt-BR","potentialAction":[{"@type":"ReadAction","target":["https:\/\/bahiaeconomica.com.br\/wp\/2021\/06\/18\/juliette-e-a-nova-porta-voz-de-cultura-e-tradicoes-da-bohemia\/"]}]},{"@type":"BreadcrumbList","@id":"https:\/\/bahiaeconomica.com.br\/wp\/2021\/06\/18\/juliette-e-a-nova-porta-voz-de-cultura-e-tradicoes-da-bohemia\/#breadcrumb","itemListElement":[{"@type":"ListItem","position":1,"name":"In\u00edcio","item":"https:\/\/bahiaeconomica.com.br\/wp\/"},{"@type":"ListItem","position":2,"name":"JULIETTE \u00c9 A NOVA PORTA-VOZ DE CULTURA E TRADI\u00c7\u00d5ES DA BOHEMIA"}]},{"@type":"WebSite","@id":"https:\/\/bahiaeconomica.com.br\/wp\/#website","url":"https:\/\/bahiaeconomica.com.br\/wp\/","name":"Bahia Economica","description":"O maior portal de Economia da Bahia","publisher":{"@id":"https:\/\/bahiaeconomica.com.br\/wp\/#organization"},"potentialAction":[{"@type":"SearchAction","target":{"@type":"EntryPoint","urlTemplate":"https:\/\/bahiaeconomica.com.br\/wp\/?s={search_term_string}"},"query-input":"required name=search_term_string"}],"inLanguage":"pt-BR"},{"@type":"Organization","@id":"https:\/\/bahiaeconomica.com.br\/wp\/#organization","name":"Bahia Econ\u00f4mica","url":"https:\/\/bahiaeconomica.com.br\/wp\/","logo":{"@type":"ImageObject","inLanguage":"pt-BR","@id":"https:\/\/bahiaeconomica.com.br\/wp\/#\/schema\/logo\/image\/","url":"https:\/\/bahiaeconomica.com.br\/wp\/wp-content\/uploads\/2020\/12\/cropped-BE.png","contentUrl":"https:\/\/bahiaeconomica.com.br\/wp\/wp-content\/uploads\/2020\/12\/cropped-BE.png","width":512,"height":512,"caption":"Bahia Econ\u00f4mica"},"image":{"@id":"https:\/\/bahiaeconomica.com.br\/wp\/#\/schema\/logo\/image\/"},"sameAs":["https:\/\/www.facebook.com\/bahiaeconomica"]},{"@type":"Person","@id":"https:\/\/bahiaeconomica.com.br\/wp\/#\/schema\/person\/cb1ab5ba96ad3d9390805381c76284ec","name":"admin","url":"https:\/\/bahiaeconomica.com.br\/wp\/author\/admin\/"}]}},"views":7,"_links":{"self":[{"href":"https:\/\/bahiaeconomica.com.br\/wp\/wp-json\/wp\/v2\/posts\/576498"}],"collection":[{"href":"https:\/\/bahiaeconomica.com.br\/wp\/wp-json\/wp\/v2\/posts"}],"about":[{"href":"https:\/\/bahiaeconomica.com.br\/wp\/wp-json\/wp\/v2\/types\/post"}],"author":[{"embeddable":true,"href":"https:\/\/bahiaeconomica.com.br\/wp\/wp-json\/wp\/v2\/users\/1"}],"replies":[{"embeddable":true,"href":"https:\/\/bahiaeconomica.com.br\/wp\/wp-json\/wp\/v2\/comments?post=576498"}],"version-history":[{"count":1,"href":"https:\/\/bahiaeconomica.com.br\/wp\/wp-json\/wp\/v2\/posts\/576498\/revisions"}],"predecessor-version":[{"id":576511,"href":"https:\/\/bahiaeconomica.com.br\/wp\/wp-json\/wp\/v2\/posts\/576498\/revisions\/576511"}],"wp:featuredmedia":[{"embeddable":true,"href":"https:\/\/bahiaeconomica.com.br\/wp\/wp-json\/wp\/v2\/media\/576509"}],"wp:attachment":[{"href":"https:\/\/bahiaeconomica.com.br\/wp\/wp-json\/wp\/v2\/media?parent=576498"}],"wp:term":[{"taxonomy":"category","embeddable":true,"href":"https:\/\/bahiaeconomica.com.br\/wp\/wp-json\/wp\/v2\/categories?post=576498"},{"taxonomy":"post_tag","embeddable":true,"href":"https:\/\/bahiaeconomica.com.br\/wp\/wp-json\/wp\/v2\/tags?post=576498"}],"curies":[{"name":"wp","href":"https:\/\/api.w.org\/{rel}","templated":true}]}}