{"id":576055,"date":"2021-06-17T15:52:32","date_gmt":"2021-06-17T18:52:32","guid":{"rendered":"https:\/\/bahiaeconomica.com.br\/wp\/beta\/?p=576055"},"modified":"2021-06-17T15:53:03","modified_gmt":"2021-06-17T18:53:03","slug":"veja-quem-foram-os-30-deputados-baianos-que-votaram-pela-revisao-na-lei-de-improbidade","status":"publish","type":"post","link":"https:\/\/bahiaeconomica.com.br\/wp\/2021\/06\/17\/veja-quem-foram-os-30-deputados-baianos-que-votaram-pela-revisao-na-lei-de-improbidade\/","title":{"rendered":"VEJA QUEM FORAM OS 30 DEPUTADOS BAIANOS QUE VOTARAM PELA REVIS\u00c3O NA LEI DE IMPROBIDADE"},"content":{"rendered":"<p>Dos 39 deputados federais baianos, 30 votaram a favor da proposta de revis\u00e3o da Lei de Improbidade administrativa. O projeto foi aprovado nesta quarta-feira<!--more-->, 16, na C\u00e2mara dos Deputados e segue para o Senado Federal.<\/p>\n<p>De acordo com o relator, deputado Zarattini, o objetivo \u00e9 permitir que administradores tenham as condi\u00e7\u00f5es de exercer suas atribui\u00e7\u00f5es sem receios de uma lei que, segundo ele, permite punir tudo. \u201cQueremos restringir essa lei para dar mais funcionalidade \u00e0 administra\u00e7\u00e3o p\u00fablica\u201d, defendeu o relator.<\/p>\n<p>Os pontos mais criticados durante a vota\u00e7\u00e3o da proposta foram a prescri\u00e7\u00e3o para as a\u00e7\u00f5es e a mudan\u00e7a nas penas. Conforme a minuta, o magistrado ter\u00e1 liberdade para estipular as puni\u00e7\u00f5es. J\u00e1 as penas de perda dos direitos pol\u00edticos foram majoradas, aumentando o prazo m\u00e1ximo; e foi retirada a previs\u00e3o de pena m\u00ednima.<\/p>\n<p><strong>VOTARAM A FAVOR<\/strong><\/p>\n<p>Ab\u00edlio Santana (PL-BA) -votou Sim<\/p>\n<p>Alex Santana (PDT-BA) -votou Sim<\/p>\n<p>Alice Portugal (PCdoB-BA) -votou Sim<\/p>\n<p>Antonio Brito (PSD-BA) -votou Sim<\/p>\n<p>Arthur O. Maia (DEM-BA) -votou Sim<\/p>\n<p>Bacelar (Podemos-BA) -votou Sim<\/p>\n<p>Cac\u00e1 Le\u00e3o (PP-BA) -votou Sim<\/p>\n<p>Charles Fernandes (PSD-BA) -votou Sim<\/p>\n<p>Claudio Cajado (PP-BA) -votou Sim<\/p>\n<p>Daniel Almeida (PCdoB-BA) -votou Sim<\/p>\n<p>Igor Kann\u00e1rio (DEM-BA) -votou Sim<\/p>\n<p>Jo\u00e3o C. Bacelar (PL-BA) -votou Sim<\/p>\n<p>Jorge Solla (PT-BA) -votou Sim<\/p>\n<p>Jos\u00e9 Nunes (PSD-BA) -votou Sim<\/p>\n<p>Jos\u00e9 Rocha (PL-BA) -votou Sim<\/p>\n<p>Joseildo Ramos (PT-BA) -votou Sim<\/p>\n<p>Leur Lomanto Jr. (DEM-BA) -votou Sim<\/p>\n<p>L\u00eddice da Mata (PSB-BA) -votou Sim<\/p>\n<p>Marcelo Nilo (PSB-BA) -votou Sim<\/p>\n<p>M\u00e1rcio Marinho (Republican-BA) -votou Sim<\/p>\n<p>M\u00e1rioNegromonte Jr (PP-BA) -votou Sim<\/p>\n<p>Otto Alencar Filho (PSD-BA) -votou Sim<\/p>\n<p>Pastor Isid\u00f3rio (Avante-BA) -votou Sim<\/p>\n<p>Paulo Azi (DEM-BA) -votou Sim<\/p>\n<p>Paulo Magalh\u00e3es (PSD-BA) -votou Sim<\/p>\n<p>Ronaldo Carletto (PP-BA) -votou Sim<\/p>\n<p>Tia Eron (Republican-BA) -votou Sim<\/p>\n<p>Valmir Assun\u00e7\u00e3o (PT-BA) -votou Sim<\/p>\n<p>Waldenor Pereira (PT-BA) -votou Sim<\/p>\n<p>Z\u00e9 Neto (PT-BA) -votou Sim<\/p>\n<p>\u00a0<\/p>\n<p><strong>VOTARAM CONTRA<\/strong><\/p>\n<p>Professora Dayane (PSL-BA) -votou N\u00e3o<\/p>\n<p>F\u00e9lix Mendon\u00e7a Jr (PDT-BA) -votou N\u00e3o<\/p>\n<p>Tito (Avante-BA) -votou N\u00e3o<\/p>\n<p>\u00a0<\/p>\n<p><strong>N\u00c3O VOTARAM<\/strong><\/p>\n<p>Adolfo Viana (PSDB-BA)<\/p>\n<p>Afonso Florence (PT-BA)<\/p>\n<p>Elmar Nascimento (DEM-BA)<\/p>\n<p>Raimundo Costa (PL-BA)<\/p>\n<p>S\u00e9rgio Brito (PSD-BA)<\/p>\n<p>Uldurico Junior (PROS-BA)<\/p>\n<p>\u00a0<\/p>\n\n\n<p><\/p>\n","protected":false},"excerpt":{"rendered":"<p>Dos 39 deputados federais baianos, 30 votaram a favor da proposta de revis\u00e3o da Lei de Improbidade administrativa. O projeto foi aprovado nesta quarta-feira<\/p>\n","protected":false},"author":1,"featured_media":576057,"comment_status":"closed","ping_status":"closed","sticky":false,"template":"","format":"standard","meta":[],"categories":[3],"tags":[],"acf":[],"yoast_head":"<!-- This site is optimized with the Yoast SEO plugin v20.8 - https:\/\/yoast.com\/wordpress\/plugins\/seo\/ -->\n<title>VEJA QUEM FORAM OS 30 DEPUTADOS BAIANOS QUE VOTARAM PELA REVIS\u00c3O NA LEI DE IMPROBIDADE - Bahia Economica<\/title>\n<meta name=\"description\" content=\"O maior portal de Economia da Bahia ECONOMIA \/ POL\u00cdTICA Bahia Economica\" \/>\n<meta name=\"robots\" content=\"index, follow, max-snippet:-1, max-image-preview:large, max-video-preview:-1\" \/>\n<link rel=\"canonical\" href=\"https:\/\/bahiaeconomica.com.br\/wp\/2021\/06\/17\/veja-quem-foram-os-30-deputados-baianos-que-votaram-pela-revisao-na-lei-de-improbidade\/\" \/>\n<meta property=\"og:locale\" content=\"pt_BR\" \/>\n<meta property=\"og:type\" content=\"article\" \/>\n<meta property=\"og:title\" content=\"VEJA QUEM FORAM OS 30 DEPUTADOS BAIANOS QUE VOTARAM PELA REVIS\u00c3O NA LEI DE IMPROBIDADE - Bahia Economica\" \/>\n<meta property=\"og:description\" content=\"O maior portal de Economia da Bahia ECONOMIA \/ POL\u00cdTICA Bahia Economica\" \/>\n<meta property=\"og:url\" content=\"https:\/\/bahiaeconomica.com.br\/wp\/2021\/06\/17\/veja-quem-foram-os-30-deputados-baianos-que-votaram-pela-revisao-na-lei-de-improbidade\/\" \/>\n<meta property=\"og:site_name\" content=\"Bahia Economica\" \/>\n<meta property=\"article:publisher\" content=\"https:\/\/www.facebook.com\/bahiaeconomica\" \/>\n<meta property=\"article:published_time\" content=\"2021-06-17T18:52:32+00:00\" \/>\n<meta property=\"article:modified_time\" content=\"2021-06-17T18:53:03+00:00\" \/>\n<meta property=\"og:image\" content=\"https:\/\/bahiaeconomica.com.br\/wp\/wp-content\/uploads\/2021\/06\/750_lei-de-improbidade-administrativa_2021617152620388-camara-deputados.jpg\" \/>\n\t<meta property=\"og:image:width\" content=\"500\" \/>\n\t<meta property=\"og:image:height\" content=\"300\" \/>\n\t<meta property=\"og:image:type\" content=\"image\/jpeg\" \/>\n<meta name=\"author\" content=\"admin\" \/>\n<meta name=\"twitter:card\" content=\"summary_large_image\" \/>\n<meta name=\"twitter:label1\" content=\"Escrito por\" \/>\n\t<meta name=\"twitter:data1\" content=\"admin\" \/>\n\t<meta name=\"twitter:label2\" content=\"Est. tempo de leitura\" \/>\n\t<meta name=\"twitter:data2\" content=\"2 minutos\" \/>\n<script type=\"application\/ld+json\" class=\"yoast-schema-graph\">{\"@context\":\"https:\/\/schema.org\",\"@graph\":[{\"@type\":\"Article\",\"@id\":\"https:\/\/bahiaeconomica.com.br\/wp\/2021\/06\/17\/veja-quem-foram-os-30-deputados-baianos-que-votaram-pela-revisao-na-lei-de-improbidade\/#article\",\"isPartOf\":{\"@id\":\"https:\/\/bahiaeconomica.com.br\/wp\/2021\/06\/17\/veja-quem-foram-os-30-deputados-baianos-que-votaram-pela-revisao-na-lei-de-improbidade\/\"},\"author\":{\"name\":\"admin\",\"@id\":\"https:\/\/bahiaeconomica.com.br\/wp\/#\/schema\/person\/cb1ab5ba96ad3d9390805381c76284ec\"},\"headline\":\"VEJA QUEM FORAM OS 30 DEPUTADOS BAIANOS QUE VOTARAM PELA REVIS\u00c3O NA LEI DE IMPROBIDADE\",\"datePublished\":\"2021-06-17T18:52:32+00:00\",\"dateModified\":\"2021-06-17T18:53:03+00:00\",\"mainEntityOfPage\":{\"@id\":\"https:\/\/bahiaeconomica.com.br\/wp\/2021\/06\/17\/veja-quem-foram-os-30-deputados-baianos-que-votaram-pela-revisao-na-lei-de-improbidade\/\"},\"wordCount\":369,\"publisher\":{\"@id\":\"https:\/\/bahiaeconomica.com.br\/wp\/#organization\"},\"articleSection\":[\"ECONOMIA \/ POL\u00cdTICA\"],\"inLanguage\":\"pt-BR\"},{\"@type\":\"WebPage\",\"@id\":\"https:\/\/bahiaeconomica.com.br\/wp\/2021\/06\/17\/veja-quem-foram-os-30-deputados-baianos-que-votaram-pela-revisao-na-lei-de-improbidade\/\",\"url\":\"https:\/\/bahiaeconomica.com.br\/wp\/2021\/06\/17\/veja-quem-foram-os-30-deputados-baianos-que-votaram-pela-revisao-na-lei-de-improbidade\/\",\"name\":\"VEJA QUEM FORAM OS 30 DEPUTADOS BAIANOS QUE VOTARAM PELA REVIS\u00c3O NA LEI DE IMPROBIDADE - Bahia Economica\",\"isPartOf\":{\"@id\":\"https:\/\/bahiaeconomica.com.br\/wp\/#website\"},\"datePublished\":\"2021-06-17T18:52:32+00:00\",\"dateModified\":\"2021-06-17T18:53:03+00:00\",\"description\":\"O maior portal de Economia da Bahia ECONOMIA \/ POL\u00cdTICA Bahia Economica\",\"breadcrumb\":{\"@id\":\"https:\/\/bahiaeconomica.com.br\/wp\/2021\/06\/17\/veja-quem-foram-os-30-deputados-baianos-que-votaram-pela-revisao-na-lei-de-improbidade\/#breadcrumb\"},\"inLanguage\":\"pt-BR\",\"potentialAction\":[{\"@type\":\"ReadAction\",\"target\":[\"https:\/\/bahiaeconomica.com.br\/wp\/2021\/06\/17\/veja-quem-foram-os-30-deputados-baianos-que-votaram-pela-revisao-na-lei-de-improbidade\/\"]}]},{\"@type\":\"BreadcrumbList\",\"@id\":\"https:\/\/bahiaeconomica.com.br\/wp\/2021\/06\/17\/veja-quem-foram-os-30-deputados-baianos-que-votaram-pela-revisao-na-lei-de-improbidade\/#breadcrumb\",\"itemListElement\":[{\"@type\":\"ListItem\",\"position\":1,\"name\":\"In\u00edcio\",\"item\":\"https:\/\/bahiaeconomica.com.br\/wp\/\"},{\"@type\":\"ListItem\",\"position\":2,\"name\":\"VEJA QUEM FORAM OS 30 DEPUTADOS BAIANOS QUE VOTARAM PELA REVIS\u00c3O NA LEI DE IMPROBIDADE\"}]},{\"@type\":\"WebSite\",\"@id\":\"https:\/\/bahiaeconomica.com.br\/wp\/#website\",\"url\":\"https:\/\/bahiaeconomica.com.br\/wp\/\",\"name\":\"Bahia Economica\",\"description\":\"O maior portal de Economia da Bahia\",\"publisher\":{\"@id\":\"https:\/\/bahiaeconomica.com.br\/wp\/#organization\"},\"potentialAction\":[{\"@type\":\"SearchAction\",\"target\":{\"@type\":\"EntryPoint\",\"urlTemplate\":\"https:\/\/bahiaeconomica.com.br\/wp\/?s={search_term_string}\"},\"query-input\":\"required name=search_term_string\"}],\"inLanguage\":\"pt-BR\"},{\"@type\":\"Organization\",\"@id\":\"https:\/\/bahiaeconomica.com.br\/wp\/#organization\",\"name\":\"Bahia Econ\u00f4mica\",\"url\":\"https:\/\/bahiaeconomica.com.br\/wp\/\",\"logo\":{\"@type\":\"ImageObject\",\"inLanguage\":\"pt-BR\",\"@id\":\"https:\/\/bahiaeconomica.com.br\/wp\/#\/schema\/logo\/image\/\",\"url\":\"https:\/\/bahiaeconomica.com.br\/wp\/wp-content\/uploads\/2020\/12\/cropped-BE.png\",\"contentUrl\":\"https:\/\/bahiaeconomica.com.br\/wp\/wp-content\/uploads\/2020\/12\/cropped-BE.png\",\"width\":512,\"height\":512,\"caption\":\"Bahia Econ\u00f4mica\"},\"image\":{\"@id\":\"https:\/\/bahiaeconomica.com.br\/wp\/#\/schema\/logo\/image\/\"},\"sameAs\":[\"https:\/\/www.facebook.com\/bahiaeconomica\"]},{\"@type\":\"Person\",\"@id\":\"https:\/\/bahiaeconomica.com.br\/wp\/#\/schema\/person\/cb1ab5ba96ad3d9390805381c76284ec\",\"name\":\"admin\",\"url\":\"https:\/\/bahiaeconomica.com.br\/wp\/author\/admin\/\"}]}<\/script>\n<!-- \/ Yoast SEO plugin. -->","yoast_head_json":{"title":"VEJA QUEM FORAM OS 30 DEPUTADOS BAIANOS QUE VOTARAM PELA REVIS\u00c3O NA LEI DE IMPROBIDADE - Bahia Economica","description":"O maior portal de Economia da Bahia ECONOMIA \/ POL\u00cdTICA Bahia Economica","robots":{"index":"index","follow":"follow","max-snippet":"max-snippet:-1","max-image-preview":"max-image-preview:large","max-video-preview":"max-video-preview:-1"},"canonical":"https:\/\/bahiaeconomica.com.br\/wp\/2021\/06\/17\/veja-quem-foram-os-30-deputados-baianos-que-votaram-pela-revisao-na-lei-de-improbidade\/","og_locale":"pt_BR","og_type":"article","og_title":"VEJA QUEM FORAM OS 30 DEPUTADOS BAIANOS QUE VOTARAM PELA REVIS\u00c3O NA LEI DE IMPROBIDADE - Bahia Economica","og_description":"O maior portal de Economia da Bahia ECONOMIA \/ POL\u00cdTICA Bahia Economica","og_url":"https:\/\/bahiaeconomica.com.br\/wp\/2021\/06\/17\/veja-quem-foram-os-30-deputados-baianos-que-votaram-pela-revisao-na-lei-de-improbidade\/","og_site_name":"Bahia Economica","article_publisher":"https:\/\/www.facebook.com\/bahiaeconomica","article_published_time":"2021-06-17T18:52:32+00:00","article_modified_time":"2021-06-17T18:53:03+00:00","og_image":[{"width":500,"height":300,"url":"https:\/\/bahiaeconomica.com.br\/wp\/wp-content\/uploads\/2021\/06\/750_lei-de-improbidade-administrativa_2021617152620388-camara-deputados.jpg","type":"image\/jpeg"}],"author":"admin","twitter_card":"summary_large_image","twitter_misc":{"Escrito por":"admin","Est. tempo de leitura":"2 minutos"},"schema":{"@context":"https:\/\/schema.org","@graph":[{"@type":"Article","@id":"https:\/\/bahiaeconomica.com.br\/wp\/2021\/06\/17\/veja-quem-foram-os-30-deputados-baianos-que-votaram-pela-revisao-na-lei-de-improbidade\/#article","isPartOf":{"@id":"https:\/\/bahiaeconomica.com.br\/wp\/2021\/06\/17\/veja-quem-foram-os-30-deputados-baianos-que-votaram-pela-revisao-na-lei-de-improbidade\/"},"author":{"name":"admin","@id":"https:\/\/bahiaeconomica.com.br\/wp\/#\/schema\/person\/cb1ab5ba96ad3d9390805381c76284ec"},"headline":"VEJA QUEM FORAM OS 30 DEPUTADOS BAIANOS QUE VOTARAM PELA REVIS\u00c3O NA LEI DE IMPROBIDADE","datePublished":"2021-06-17T18:52:32+00:00","dateModified":"2021-06-17T18:53:03+00:00","mainEntityOfPage":{"@id":"https:\/\/bahiaeconomica.com.br\/wp\/2021\/06\/17\/veja-quem-foram-os-30-deputados-baianos-que-votaram-pela-revisao-na-lei-de-improbidade\/"},"wordCount":369,"publisher":{"@id":"https:\/\/bahiaeconomica.com.br\/wp\/#organization"},"articleSection":["ECONOMIA \/ POL\u00cdTICA"],"inLanguage":"pt-BR"},{"@type":"WebPage","@id":"https:\/\/bahiaeconomica.com.br\/wp\/2021\/06\/17\/veja-quem-foram-os-30-deputados-baianos-que-votaram-pela-revisao-na-lei-de-improbidade\/","url":"https:\/\/bahiaeconomica.com.br\/wp\/2021\/06\/17\/veja-quem-foram-os-30-deputados-baianos-que-votaram-pela-revisao-na-lei-de-improbidade\/","name":"VEJA QUEM FORAM OS 30 DEPUTADOS BAIANOS QUE VOTARAM PELA REVIS\u00c3O NA LEI DE IMPROBIDADE - Bahia Economica","isPartOf":{"@id":"https:\/\/bahiaeconomica.com.br\/wp\/#website"},"datePublished":"2021-06-17T18:52:32+00:00","dateModified":"2021-06-17T18:53:03+00:00","description":"O maior portal de Economia da Bahia ECONOMIA \/ POL\u00cdTICA Bahia Economica","breadcrumb":{"@id":"https:\/\/bahiaeconomica.com.br\/wp\/2021\/06\/17\/veja-quem-foram-os-30-deputados-baianos-que-votaram-pela-revisao-na-lei-de-improbidade\/#breadcrumb"},"inLanguage":"pt-BR","potentialAction":[{"@type":"ReadAction","target":["https:\/\/bahiaeconomica.com.br\/wp\/2021\/06\/17\/veja-quem-foram-os-30-deputados-baianos-que-votaram-pela-revisao-na-lei-de-improbidade\/"]}]},{"@type":"BreadcrumbList","@id":"https:\/\/bahiaeconomica.com.br\/wp\/2021\/06\/17\/veja-quem-foram-os-30-deputados-baianos-que-votaram-pela-revisao-na-lei-de-improbidade\/#breadcrumb","itemListElement":[{"@type":"ListItem","position":1,"name":"In\u00edcio","item":"https:\/\/bahiaeconomica.com.br\/wp\/"},{"@type":"ListItem","position":2,"name":"VEJA QUEM FORAM OS 30 DEPUTADOS BAIANOS QUE VOTARAM PELA REVIS\u00c3O NA LEI DE IMPROBIDADE"}]},{"@type":"WebSite","@id":"https:\/\/bahiaeconomica.com.br\/wp\/#website","url":"https:\/\/bahiaeconomica.com.br\/wp\/","name":"Bahia Economica","description":"O maior portal de Economia da Bahia","publisher":{"@id":"https:\/\/bahiaeconomica.com.br\/wp\/#organization"},"potentialAction":[{"@type":"SearchAction","target":{"@type":"EntryPoint","urlTemplate":"https:\/\/bahiaeconomica.com.br\/wp\/?s={search_term_string}"},"query-input":"required name=search_term_string"}],"inLanguage":"pt-BR"},{"@type":"Organization","@id":"https:\/\/bahiaeconomica.com.br\/wp\/#organization","name":"Bahia Econ\u00f4mica","url":"https:\/\/bahiaeconomica.com.br\/wp\/","logo":{"@type":"ImageObject","inLanguage":"pt-BR","@id":"https:\/\/bahiaeconomica.com.br\/wp\/#\/schema\/logo\/image\/","url":"https:\/\/bahiaeconomica.com.br\/wp\/wp-content\/uploads\/2020\/12\/cropped-BE.png","contentUrl":"https:\/\/bahiaeconomica.com.br\/wp\/wp-content\/uploads\/2020\/12\/cropped-BE.png","width":512,"height":512,"caption":"Bahia Econ\u00f4mica"},"image":{"@id":"https:\/\/bahiaeconomica.com.br\/wp\/#\/schema\/logo\/image\/"},"sameAs":["https:\/\/www.facebook.com\/bahiaeconomica"]},{"@type":"Person","@id":"https:\/\/bahiaeconomica.com.br\/wp\/#\/schema\/person\/cb1ab5ba96ad3d9390805381c76284ec","name":"admin","url":"https:\/\/bahiaeconomica.com.br\/wp\/author\/admin\/"}]}},"views":0,"_links":{"self":[{"href":"https:\/\/bahiaeconomica.com.br\/wp\/wp-json\/wp\/v2\/posts\/576055"}],"collection":[{"href":"https:\/\/bahiaeconomica.com.br\/wp\/wp-json\/wp\/v2\/posts"}],"about":[{"href":"https:\/\/bahiaeconomica.com.br\/wp\/wp-json\/wp\/v2\/types\/post"}],"author":[{"embeddable":true,"href":"https:\/\/bahiaeconomica.com.br\/wp\/wp-json\/wp\/v2\/users\/1"}],"replies":[{"embeddable":true,"href":"https:\/\/bahiaeconomica.com.br\/wp\/wp-json\/wp\/v2\/comments?post=576055"}],"version-history":[{"count":2,"href":"https:\/\/bahiaeconomica.com.br\/wp\/wp-json\/wp\/v2\/posts\/576055\/revisions"}],"predecessor-version":[{"id":576059,"href":"https:\/\/bahiaeconomica.com.br\/wp\/wp-json\/wp\/v2\/posts\/576055\/revisions\/576059"}],"wp:featuredmedia":[{"embeddable":true,"href":"https:\/\/bahiaeconomica.com.br\/wp\/wp-json\/wp\/v2\/media\/576057"}],"wp:attachment":[{"href":"https:\/\/bahiaeconomica.com.br\/wp\/wp-json\/wp\/v2\/media?parent=576055"}],"wp:term":[{"taxonomy":"category","embeddable":true,"href":"https:\/\/bahiaeconomica.com.br\/wp\/wp-json\/wp\/v2\/categories?post=576055"},{"taxonomy":"post_tag","embeddable":true,"href":"https:\/\/bahiaeconomica.com.br\/wp\/wp-json\/wp\/v2\/tags?post=576055"}],"curies":[{"name":"wp","href":"https:\/\/api.w.org\/{rel}","templated":true}]}}