{"id":575368,"date":"2021-06-16T13:00:51","date_gmt":"2021-06-16T16:00:51","guid":{"rendered":"https:\/\/bahiaeconomica.com.br\/wp\/beta\/?p=575368"},"modified":"2021-06-16T13:14:55","modified_gmt":"2021-06-16T16:14:55","slug":"plataforma-de-moradia-por-assinatura-chega-em-setembro","status":"publish","type":"post","link":"https:\/\/bahiaeconomica.com.br\/wp\/2021\/06\/16\/plataforma-de-moradia-por-assinatura-chega-em-setembro\/","title":{"rendered":"PLATAFORMA DE MORADIA POR ASSINATURA CHEGA EM SETEMBRO"},"content":{"rendered":"<p>Uma diversidade de servi\u00e7os tecnol\u00f3gicos, localiza\u00e7\u00e3o privilegiada, rentabilidade alta e administra\u00e7\u00e3o dos im\u00f3veis sem preocupa\u00e7\u00e3o para o investidor, <!--more-->esses s\u00e3o os conceitos de moradia por assinatura, plataforma que chegar\u00e1 em Salvador, a Housi, pela Carozo Desenvolvimento Imobili\u00e1rio, em setembro. Segundo Ivana Caroso, presidente do Conselho Administrativo da Carozo Desenvolvimento Imobili\u00e1rio, durante bate papo com Manuel Gomes, no Radar Imobili\u00e1rio, na R\u00e1dio Metr\u00f3pole, no \u00faltimo s\u00e1bado (12), a chegada desse modelo foi poss\u00edvel ap\u00f3s vivenciar toda inova\u00e7\u00e3o, al\u00e9m do DNA compat\u00edvel com a plataforma que preza por tecnologia e diversidade.<\/p>\n<p>Francisco Carozo, CEO da Carozo Desenvolvimento Imobili\u00e1rio, que est\u00e1 na linha de frente do projeto na Bahia, ressalta que a unifica\u00e7\u00e3o das funcionalidades \u00e9 o atrativo da plataforma que visa oferecer facilidade na moradia em uma experi\u00eancia \u00fanica. Ela disponibiliza uma solu\u00e7\u00e3o para loca\u00e7\u00e3o 100% digital com suporte 24hs e dezenas de solu\u00e7\u00f5es que resolvem o dia a dia dos moradores.<\/p>\n<p>Foto: Housi\/Divulga\u00e7\u00e3o<\/p>\n","protected":false},"excerpt":{"rendered":"<p>Uma diversidade de servi\u00e7os tecnol\u00f3gicos, localiza\u00e7\u00e3o privilegiada, rentabilidade alta e administra\u00e7\u00e3o dos im\u00f3veis sem preocupa\u00e7\u00e3o para o investidor,<\/p>\n","protected":false},"author":1,"featured_media":575370,"comment_status":"closed","ping_status":"closed","sticky":false,"template":"","format":"standard","meta":[],"categories":[3],"tags":[],"acf":[],"yoast_head":"<!-- This site is optimized with the Yoast SEO plugin v20.8 - https:\/\/yoast.com\/wordpress\/plugins\/seo\/ -->\n<title>PLATAFORMA DE MORADIA POR ASSINATURA CHEGA EM SETEMBRO - Bahia Economica<\/title>\n<meta name=\"description\" content=\"O maior portal de Economia da Bahia ECONOMIA \/ POL\u00cdTICA Bahia Economica\" \/>\n<meta name=\"robots\" content=\"index, follow, max-snippet:-1, max-image-preview:large, max-video-preview:-1\" \/>\n<link rel=\"canonical\" href=\"https:\/\/bahiaeconomica.com.br\/wp\/2021\/06\/16\/plataforma-de-moradia-por-assinatura-chega-em-setembro\/\" \/>\n<meta property=\"og:locale\" content=\"pt_BR\" \/>\n<meta property=\"og:type\" content=\"article\" \/>\n<meta property=\"og:title\" content=\"PLATAFORMA DE MORADIA POR ASSINATURA CHEGA EM SETEMBRO - Bahia Economica\" \/>\n<meta property=\"og:description\" content=\"O maior portal de Economia da Bahia ECONOMIA \/ POL\u00cdTICA Bahia Economica\" \/>\n<meta property=\"og:url\" content=\"https:\/\/bahiaeconomica.com.br\/wp\/2021\/06\/16\/plataforma-de-moradia-por-assinatura-chega-em-setembro\/\" \/>\n<meta property=\"og:site_name\" content=\"Bahia Economica\" \/>\n<meta property=\"article:publisher\" content=\"https:\/\/www.facebook.com\/bahiaeconomica\" \/>\n<meta property=\"article:published_time\" content=\"2021-06-16T16:00:51+00:00\" \/>\n<meta property=\"article:modified_time\" content=\"2021-06-16T16:14:55+00:00\" \/>\n<meta property=\"og:image\" content=\"https:\/\/bahiaeconomica.com.br\/wp\/wp-content\/uploads\/2021\/06\/Sem-titulo1.jpg\" \/>\n\t<meta property=\"og:image:width\" content=\"600\" \/>\n\t<meta property=\"og:image:height\" content=\"420\" \/>\n\t<meta property=\"og:image:type\" content=\"image\/jpeg\" \/>\n<meta name=\"author\" content=\"admin\" \/>\n<meta name=\"twitter:card\" content=\"summary_large_image\" \/>\n<meta name=\"twitter:label1\" content=\"Escrito por\" \/>\n\t<meta name=\"twitter:data1\" content=\"admin\" \/>\n\t<meta name=\"twitter:label2\" content=\"Est. tempo de leitura\" \/>\n\t<meta name=\"twitter:data2\" content=\"1 minuto\" \/>\n<script type=\"application\/ld+json\" class=\"yoast-schema-graph\">{\"@context\":\"https:\/\/schema.org\",\"@graph\":[{\"@type\":\"Article\",\"@id\":\"https:\/\/bahiaeconomica.com.br\/wp\/2021\/06\/16\/plataforma-de-moradia-por-assinatura-chega-em-setembro\/#article\",\"isPartOf\":{\"@id\":\"https:\/\/bahiaeconomica.com.br\/wp\/2021\/06\/16\/plataforma-de-moradia-por-assinatura-chega-em-setembro\/\"},\"author\":{\"name\":\"admin\",\"@id\":\"https:\/\/bahiaeconomica.com.br\/wp\/#\/schema\/person\/cb1ab5ba96ad3d9390805381c76284ec\"},\"headline\":\"PLATAFORMA DE MORADIA POR ASSINATURA CHEGA EM SETEMBRO\",\"datePublished\":\"2021-06-16T16:00:51+00:00\",\"dateModified\":\"2021-06-16T16:14:55+00:00\",\"mainEntityOfPage\":{\"@id\":\"https:\/\/bahiaeconomica.com.br\/wp\/2021\/06\/16\/plataforma-de-moradia-por-assinatura-chega-em-setembro\/\"},\"wordCount\":183,\"publisher\":{\"@id\":\"https:\/\/bahiaeconomica.com.br\/wp\/#organization\"},\"articleSection\":[\"ECONOMIA \/ POL\u00cdTICA\"],\"inLanguage\":\"pt-BR\"},{\"@type\":\"WebPage\",\"@id\":\"https:\/\/bahiaeconomica.com.br\/wp\/2021\/06\/16\/plataforma-de-moradia-por-assinatura-chega-em-setembro\/\",\"url\":\"https:\/\/bahiaeconomica.com.br\/wp\/2021\/06\/16\/plataforma-de-moradia-por-assinatura-chega-em-setembro\/\",\"name\":\"PLATAFORMA DE MORADIA POR ASSINATURA CHEGA EM SETEMBRO - Bahia Economica\",\"isPartOf\":{\"@id\":\"https:\/\/bahiaeconomica.com.br\/wp\/#website\"},\"datePublished\":\"2021-06-16T16:00:51+00:00\",\"dateModified\":\"2021-06-16T16:14:55+00:00\",\"description\":\"O maior portal de Economia da Bahia ECONOMIA \/ POL\u00cdTICA Bahia Economica\",\"breadcrumb\":{\"@id\":\"https:\/\/bahiaeconomica.com.br\/wp\/2021\/06\/16\/plataforma-de-moradia-por-assinatura-chega-em-setembro\/#breadcrumb\"},\"inLanguage\":\"pt-BR\",\"potentialAction\":[{\"@type\":\"ReadAction\",\"target\":[\"https:\/\/bahiaeconomica.com.br\/wp\/2021\/06\/16\/plataforma-de-moradia-por-assinatura-chega-em-setembro\/\"]}]},{\"@type\":\"BreadcrumbList\",\"@id\":\"https:\/\/bahiaeconomica.com.br\/wp\/2021\/06\/16\/plataforma-de-moradia-por-assinatura-chega-em-setembro\/#breadcrumb\",\"itemListElement\":[{\"@type\":\"ListItem\",\"position\":1,\"name\":\"In\u00edcio\",\"item\":\"https:\/\/bahiaeconomica.com.br\/wp\/\"},{\"@type\":\"ListItem\",\"position\":2,\"name\":\"PLATAFORMA DE MORADIA POR ASSINATURA CHEGA EM SETEMBRO\"}]},{\"@type\":\"WebSite\",\"@id\":\"https:\/\/bahiaeconomica.com.br\/wp\/#website\",\"url\":\"https:\/\/bahiaeconomica.com.br\/wp\/\",\"name\":\"Bahia Economica\",\"description\":\"O maior portal de Economia da Bahia\",\"publisher\":{\"@id\":\"https:\/\/bahiaeconomica.com.br\/wp\/#organization\"},\"potentialAction\":[{\"@type\":\"SearchAction\",\"target\":{\"@type\":\"EntryPoint\",\"urlTemplate\":\"https:\/\/bahiaeconomica.com.br\/wp\/?s={search_term_string}\"},\"query-input\":\"required name=search_term_string\"}],\"inLanguage\":\"pt-BR\"},{\"@type\":\"Organization\",\"@id\":\"https:\/\/bahiaeconomica.com.br\/wp\/#organization\",\"name\":\"Bahia Econ\u00f4mica\",\"url\":\"https:\/\/bahiaeconomica.com.br\/wp\/\",\"logo\":{\"@type\":\"ImageObject\",\"inLanguage\":\"pt-BR\",\"@id\":\"https:\/\/bahiaeconomica.com.br\/wp\/#\/schema\/logo\/image\/\",\"url\":\"https:\/\/bahiaeconomica.com.br\/wp\/wp-content\/uploads\/2020\/12\/cropped-BE.png\",\"contentUrl\":\"https:\/\/bahiaeconomica.com.br\/wp\/wp-content\/uploads\/2020\/12\/cropped-BE.png\",\"width\":512,\"height\":512,\"caption\":\"Bahia Econ\u00f4mica\"},\"image\":{\"@id\":\"https:\/\/bahiaeconomica.com.br\/wp\/#\/schema\/logo\/image\/\"},\"sameAs\":[\"https:\/\/www.facebook.com\/bahiaeconomica\"]},{\"@type\":\"Person\",\"@id\":\"https:\/\/bahiaeconomica.com.br\/wp\/#\/schema\/person\/cb1ab5ba96ad3d9390805381c76284ec\",\"name\":\"admin\",\"url\":\"https:\/\/bahiaeconomica.com.br\/wp\/author\/admin\/\"}]}<\/script>\n<!-- \/ Yoast SEO plugin. -->","yoast_head_json":{"title":"PLATAFORMA DE MORADIA POR ASSINATURA CHEGA EM SETEMBRO - Bahia Economica","description":"O maior portal de Economia da Bahia ECONOMIA \/ POL\u00cdTICA Bahia Economica","robots":{"index":"index","follow":"follow","max-snippet":"max-snippet:-1","max-image-preview":"max-image-preview:large","max-video-preview":"max-video-preview:-1"},"canonical":"https:\/\/bahiaeconomica.com.br\/wp\/2021\/06\/16\/plataforma-de-moradia-por-assinatura-chega-em-setembro\/","og_locale":"pt_BR","og_type":"article","og_title":"PLATAFORMA DE MORADIA POR ASSINATURA CHEGA EM SETEMBRO - Bahia Economica","og_description":"O maior portal de Economia da Bahia ECONOMIA \/ POL\u00cdTICA Bahia Economica","og_url":"https:\/\/bahiaeconomica.com.br\/wp\/2021\/06\/16\/plataforma-de-moradia-por-assinatura-chega-em-setembro\/","og_site_name":"Bahia Economica","article_publisher":"https:\/\/www.facebook.com\/bahiaeconomica","article_published_time":"2021-06-16T16:00:51+00:00","article_modified_time":"2021-06-16T16:14:55+00:00","og_image":[{"width":600,"height":420,"url":"https:\/\/bahiaeconomica.com.br\/wp\/wp-content\/uploads\/2021\/06\/Sem-titulo1.jpg","type":"image\/jpeg"}],"author":"admin","twitter_card":"summary_large_image","twitter_misc":{"Escrito por":"admin","Est. tempo de leitura":"1 minuto"},"schema":{"@context":"https:\/\/schema.org","@graph":[{"@type":"Article","@id":"https:\/\/bahiaeconomica.com.br\/wp\/2021\/06\/16\/plataforma-de-moradia-por-assinatura-chega-em-setembro\/#article","isPartOf":{"@id":"https:\/\/bahiaeconomica.com.br\/wp\/2021\/06\/16\/plataforma-de-moradia-por-assinatura-chega-em-setembro\/"},"author":{"name":"admin","@id":"https:\/\/bahiaeconomica.com.br\/wp\/#\/schema\/person\/cb1ab5ba96ad3d9390805381c76284ec"},"headline":"PLATAFORMA DE MORADIA POR ASSINATURA CHEGA EM SETEMBRO","datePublished":"2021-06-16T16:00:51+00:00","dateModified":"2021-06-16T16:14:55+00:00","mainEntityOfPage":{"@id":"https:\/\/bahiaeconomica.com.br\/wp\/2021\/06\/16\/plataforma-de-moradia-por-assinatura-chega-em-setembro\/"},"wordCount":183,"publisher":{"@id":"https:\/\/bahiaeconomica.com.br\/wp\/#organization"},"articleSection":["ECONOMIA \/ POL\u00cdTICA"],"inLanguage":"pt-BR"},{"@type":"WebPage","@id":"https:\/\/bahiaeconomica.com.br\/wp\/2021\/06\/16\/plataforma-de-moradia-por-assinatura-chega-em-setembro\/","url":"https:\/\/bahiaeconomica.com.br\/wp\/2021\/06\/16\/plataforma-de-moradia-por-assinatura-chega-em-setembro\/","name":"PLATAFORMA DE MORADIA POR ASSINATURA CHEGA EM SETEMBRO - Bahia Economica","isPartOf":{"@id":"https:\/\/bahiaeconomica.com.br\/wp\/#website"},"datePublished":"2021-06-16T16:00:51+00:00","dateModified":"2021-06-16T16:14:55+00:00","description":"O maior portal de Economia da Bahia ECONOMIA \/ POL\u00cdTICA Bahia Economica","breadcrumb":{"@id":"https:\/\/bahiaeconomica.com.br\/wp\/2021\/06\/16\/plataforma-de-moradia-por-assinatura-chega-em-setembro\/#breadcrumb"},"inLanguage":"pt-BR","potentialAction":[{"@type":"ReadAction","target":["https:\/\/bahiaeconomica.com.br\/wp\/2021\/06\/16\/plataforma-de-moradia-por-assinatura-chega-em-setembro\/"]}]},{"@type":"BreadcrumbList","@id":"https:\/\/bahiaeconomica.com.br\/wp\/2021\/06\/16\/plataforma-de-moradia-por-assinatura-chega-em-setembro\/#breadcrumb","itemListElement":[{"@type":"ListItem","position":1,"name":"In\u00edcio","item":"https:\/\/bahiaeconomica.com.br\/wp\/"},{"@type":"ListItem","position":2,"name":"PLATAFORMA DE MORADIA POR ASSINATURA CHEGA EM SETEMBRO"}]},{"@type":"WebSite","@id":"https:\/\/bahiaeconomica.com.br\/wp\/#website","url":"https:\/\/bahiaeconomica.com.br\/wp\/","name":"Bahia Economica","description":"O maior portal de Economia da Bahia","publisher":{"@id":"https:\/\/bahiaeconomica.com.br\/wp\/#organization"},"potentialAction":[{"@type":"SearchAction","target":{"@type":"EntryPoint","urlTemplate":"https:\/\/bahiaeconomica.com.br\/wp\/?s={search_term_string}"},"query-input":"required name=search_term_string"}],"inLanguage":"pt-BR"},{"@type":"Organization","@id":"https:\/\/bahiaeconomica.com.br\/wp\/#organization","name":"Bahia Econ\u00f4mica","url":"https:\/\/bahiaeconomica.com.br\/wp\/","logo":{"@type":"ImageObject","inLanguage":"pt-BR","@id":"https:\/\/bahiaeconomica.com.br\/wp\/#\/schema\/logo\/image\/","url":"https:\/\/bahiaeconomica.com.br\/wp\/wp-content\/uploads\/2020\/12\/cropped-BE.png","contentUrl":"https:\/\/bahiaeconomica.com.br\/wp\/wp-content\/uploads\/2020\/12\/cropped-BE.png","width":512,"height":512,"caption":"Bahia Econ\u00f4mica"},"image":{"@id":"https:\/\/bahiaeconomica.com.br\/wp\/#\/schema\/logo\/image\/"},"sameAs":["https:\/\/www.facebook.com\/bahiaeconomica"]},{"@type":"Person","@id":"https:\/\/bahiaeconomica.com.br\/wp\/#\/schema\/person\/cb1ab5ba96ad3d9390805381c76284ec","name":"admin","url":"https:\/\/bahiaeconomica.com.br\/wp\/author\/admin\/"}]}},"views":1,"_links":{"self":[{"href":"https:\/\/bahiaeconomica.com.br\/wp\/wp-json\/wp\/v2\/posts\/575368"}],"collection":[{"href":"https:\/\/bahiaeconomica.com.br\/wp\/wp-json\/wp\/v2\/posts"}],"about":[{"href":"https:\/\/bahiaeconomica.com.br\/wp\/wp-json\/wp\/v2\/types\/post"}],"author":[{"embeddable":true,"href":"https:\/\/bahiaeconomica.com.br\/wp\/wp-json\/wp\/v2\/users\/1"}],"replies":[{"embeddable":true,"href":"https:\/\/bahiaeconomica.com.br\/wp\/wp-json\/wp\/v2\/comments?post=575368"}],"version-history":[{"count":1,"href":"https:\/\/bahiaeconomica.com.br\/wp\/wp-json\/wp\/v2\/posts\/575368\/revisions"}],"predecessor-version":[{"id":575371,"href":"https:\/\/bahiaeconomica.com.br\/wp\/wp-json\/wp\/v2\/posts\/575368\/revisions\/575371"}],"wp:featuredmedia":[{"embeddable":true,"href":"https:\/\/bahiaeconomica.com.br\/wp\/wp-json\/wp\/v2\/media\/575370"}],"wp:attachment":[{"href":"https:\/\/bahiaeconomica.com.br\/wp\/wp-json\/wp\/v2\/media?parent=575368"}],"wp:term":[{"taxonomy":"category","embeddable":true,"href":"https:\/\/bahiaeconomica.com.br\/wp\/wp-json\/wp\/v2\/categories?post=575368"},{"taxonomy":"post_tag","embeddable":true,"href":"https:\/\/bahiaeconomica.com.br\/wp\/wp-json\/wp\/v2\/tags?post=575368"}],"curies":[{"name":"wp","href":"https:\/\/api.w.org\/{rel}","templated":true}]}}