{"id":574898,"date":"2021-06-15T08:41:22","date_gmt":"2021-06-15T11:41:22","guid":{"rendered":"https:\/\/bahiaeconomica.com.br\/wp\/beta\/?p=574898"},"modified":"2021-06-15T08:41:22","modified_gmt":"2021-06-15T11:41:22","slug":"obra-de-ampliacao-do-siaa-feira-de-santana-setor-leste-esta-na-fase-final","status":"publish","type":"post","link":"https:\/\/bahiaeconomica.com.br\/wp\/2021\/06\/15\/obra-de-ampliacao-do-siaa-feira-de-santana-setor-leste-esta-na-fase-final\/","title":{"rendered":"OBRA DE AMPLIA\u00c7\u00c3O DO SIAA FEIRA DE SANTANA-SETOR LESTE EST\u00c1 NA FASE FINAL"},"content":{"rendered":"<p>As obras da etapa complementar da amplia\u00e7\u00e3o do Sistema Integrado de Abastecimento de \u00c1gua (SIAA) de Feira de Santana \u2013 Setor Leste est\u00e3o sendo conclu\u00eddas<!--more--> pela Secretaria de Infraestrutura H\u00eddrica e Saneamento (SIHS), por meio da Embasa.<\/p>\n<p>Com investimento de R$ 6.063.760,02, foram realizados servi\u00e7os que compreendem a implanta\u00e7\u00e3o de 21.736 metros de rede de distribui\u00e7\u00e3o e a instala\u00e7\u00e3o de macro medidores.<\/p>\n<p>\u201cNas etapas anteriores foram realizadas melhorias do abastecimento de \u00e1gua da zona leste da cidade de Feira de Santana, atendendo as localidades de Jaiba, Santo Ant\u00f4nio dos Prazeres, Caseb, SIM, Santa Monica I e II, Parque Get\u00falio Vargas e a \u00e1rea industrial localizada ao longo da BR 324, com incremento de 8.200 metros c\u00fabicos na capacidade de reserva\u00e7\u00e3o e previs\u00e3o de atendimento das novas zonas de expans\u00e3o da cidade\u201d, informa o titular na pasta da SIHS, Leonardo G\u00f3es.<\/p>\n<p>Os investimentos j\u00e1 chegam ao montante de mais de R$ 31 milh\u00f5es e v\u00e3o beneficiar 128.841 habitantes at\u00e9 2030.<\/p>\n<p>&nbsp;<\/p>\n<p>Foto: SIHS<\/p>\n<p>&nbsp;<\/p>\n","protected":false},"excerpt":{"rendered":"<p>As obras da etapa complementar da amplia\u00e7\u00e3o do Sistema Integrado de Abastecimento de \u00c1gua (SIAA) de Feira de Santana \u2013 Setor Leste est\u00e3o sendo conclu\u00eddas<\/p>\n","protected":false},"author":1,"featured_media":574901,"comment_status":"closed","ping_status":"closed","sticky":false,"template":"","format":"standard","meta":[],"categories":[7,5],"tags":[],"acf":[],"yoast_head":"<!-- This site is optimized with the Yoast SEO plugin v20.8 - https:\/\/yoast.com\/wordpress\/plugins\/seo\/ -->\n<title>OBRA DE AMPLIA\u00c7\u00c3O DO SIAA FEIRA DE SANTANA-SETOR LESTE EST\u00c1 NA FASE FINAL - Bahia Economica<\/title>\n<meta name=\"description\" content=\"O maior portal de Economia da Bahia BAHIA INVEST, MUNIC\u00cdPIOS Bahia Economica\" \/>\n<meta name=\"robots\" content=\"index, follow, max-snippet:-1, max-image-preview:large, max-video-preview:-1\" \/>\n<link rel=\"canonical\" href=\"https:\/\/bahiaeconomica.com.br\/wp\/2021\/06\/15\/obra-de-ampliacao-do-siaa-feira-de-santana-setor-leste-esta-na-fase-final\/\" \/>\n<meta property=\"og:locale\" content=\"pt_BR\" \/>\n<meta property=\"og:type\" content=\"article\" \/>\n<meta property=\"og:title\" content=\"OBRA DE AMPLIA\u00c7\u00c3O DO SIAA FEIRA DE SANTANA-SETOR LESTE EST\u00c1 NA FASE FINAL - Bahia Economica\" \/>\n<meta property=\"og:description\" content=\"O maior portal de Economia da Bahia BAHIA INVEST, MUNIC\u00cdPIOS Bahia Economica\" \/>\n<meta property=\"og:url\" content=\"https:\/\/bahiaeconomica.com.br\/wp\/2021\/06\/15\/obra-de-ampliacao-do-siaa-feira-de-santana-setor-leste-esta-na-fase-final\/\" \/>\n<meta property=\"og:site_name\" content=\"Bahia Economica\" \/>\n<meta property=\"article:publisher\" content=\"https:\/\/www.facebook.com\/bahiaeconomica\" \/>\n<meta property=\"article:published_time\" content=\"2021-06-15T11:41:22+00:00\" \/>\n<meta property=\"og:image\" content=\"https:\/\/bahiaeconomica.com.br\/wp\/wp-content\/uploads\/2021\/06\/SIAA-Feira-de-Santana.jpeg\" \/>\n\t<meta property=\"og:image:width\" content=\"500\" \/>\n\t<meta property=\"og:image:height\" content=\"343\" \/>\n\t<meta property=\"og:image:type\" content=\"image\/jpeg\" \/>\n<meta name=\"author\" content=\"admin\" \/>\n<meta name=\"twitter:card\" content=\"summary_large_image\" \/>\n<meta name=\"twitter:label1\" content=\"Escrito por\" \/>\n\t<meta name=\"twitter:data1\" content=\"admin\" \/>\n\t<meta name=\"twitter:label2\" content=\"Est. tempo de leitura\" \/>\n\t<meta name=\"twitter:data2\" content=\"1 minuto\" \/>\n<script type=\"application\/ld+json\" class=\"yoast-schema-graph\">{\"@context\":\"https:\/\/schema.org\",\"@graph\":[{\"@type\":\"Article\",\"@id\":\"https:\/\/bahiaeconomica.com.br\/wp\/2021\/06\/15\/obra-de-ampliacao-do-siaa-feira-de-santana-setor-leste-esta-na-fase-final\/#article\",\"isPartOf\":{\"@id\":\"https:\/\/bahiaeconomica.com.br\/wp\/2021\/06\/15\/obra-de-ampliacao-do-siaa-feira-de-santana-setor-leste-esta-na-fase-final\/\"},\"author\":{\"name\":\"admin\",\"@id\":\"https:\/\/bahiaeconomica.com.br\/wp\/#\/schema\/person\/cb1ab5ba96ad3d9390805381c76284ec\"},\"headline\":\"OBRA DE AMPLIA\u00c7\u00c3O DO SIAA FEIRA DE SANTANA-SETOR LESTE EST\u00c1 NA FASE FINAL\",\"datePublished\":\"2021-06-15T11:41:22+00:00\",\"dateModified\":\"2021-06-15T11:41:22+00:00\",\"mainEntityOfPage\":{\"@id\":\"https:\/\/bahiaeconomica.com.br\/wp\/2021\/06\/15\/obra-de-ampliacao-do-siaa-feira-de-santana-setor-leste-esta-na-fase-final\/\"},\"wordCount\":186,\"publisher\":{\"@id\":\"https:\/\/bahiaeconomica.com.br\/wp\/#organization\"},\"articleSection\":[\"BAHIA INVEST\",\"MUNIC\u00cdPIOS\"],\"inLanguage\":\"pt-BR\"},{\"@type\":\"WebPage\",\"@id\":\"https:\/\/bahiaeconomica.com.br\/wp\/2021\/06\/15\/obra-de-ampliacao-do-siaa-feira-de-santana-setor-leste-esta-na-fase-final\/\",\"url\":\"https:\/\/bahiaeconomica.com.br\/wp\/2021\/06\/15\/obra-de-ampliacao-do-siaa-feira-de-santana-setor-leste-esta-na-fase-final\/\",\"name\":\"OBRA DE AMPLIA\u00c7\u00c3O DO SIAA FEIRA DE SANTANA-SETOR LESTE EST\u00c1 NA FASE FINAL - Bahia Economica\",\"isPartOf\":{\"@id\":\"https:\/\/bahiaeconomica.com.br\/wp\/#website\"},\"datePublished\":\"2021-06-15T11:41:22+00:00\",\"dateModified\":\"2021-06-15T11:41:22+00:00\",\"description\":\"O maior portal de Economia da Bahia BAHIA INVEST, MUNIC\u00cdPIOS Bahia Economica\",\"breadcrumb\":{\"@id\":\"https:\/\/bahiaeconomica.com.br\/wp\/2021\/06\/15\/obra-de-ampliacao-do-siaa-feira-de-santana-setor-leste-esta-na-fase-final\/#breadcrumb\"},\"inLanguage\":\"pt-BR\",\"potentialAction\":[{\"@type\":\"ReadAction\",\"target\":[\"https:\/\/bahiaeconomica.com.br\/wp\/2021\/06\/15\/obra-de-ampliacao-do-siaa-feira-de-santana-setor-leste-esta-na-fase-final\/\"]}]},{\"@type\":\"BreadcrumbList\",\"@id\":\"https:\/\/bahiaeconomica.com.br\/wp\/2021\/06\/15\/obra-de-ampliacao-do-siaa-feira-de-santana-setor-leste-esta-na-fase-final\/#breadcrumb\",\"itemListElement\":[{\"@type\":\"ListItem\",\"position\":1,\"name\":\"In\u00edcio\",\"item\":\"https:\/\/bahiaeconomica.com.br\/wp\/\"},{\"@type\":\"ListItem\",\"position\":2,\"name\":\"OBRA DE AMPLIA\u00c7\u00c3O DO SIAA FEIRA DE SANTANA-SETOR LESTE EST\u00c1 NA FASE FINAL\"}]},{\"@type\":\"WebSite\",\"@id\":\"https:\/\/bahiaeconomica.com.br\/wp\/#website\",\"url\":\"https:\/\/bahiaeconomica.com.br\/wp\/\",\"name\":\"Bahia Economica\",\"description\":\"O maior portal de Economia da Bahia\",\"publisher\":{\"@id\":\"https:\/\/bahiaeconomica.com.br\/wp\/#organization\"},\"potentialAction\":[{\"@type\":\"SearchAction\",\"target\":{\"@type\":\"EntryPoint\",\"urlTemplate\":\"https:\/\/bahiaeconomica.com.br\/wp\/?s={search_term_string}\"},\"query-input\":\"required name=search_term_string\"}],\"inLanguage\":\"pt-BR\"},{\"@type\":\"Organization\",\"@id\":\"https:\/\/bahiaeconomica.com.br\/wp\/#organization\",\"name\":\"Bahia Econ\u00f4mica\",\"url\":\"https:\/\/bahiaeconomica.com.br\/wp\/\",\"logo\":{\"@type\":\"ImageObject\",\"inLanguage\":\"pt-BR\",\"@id\":\"https:\/\/bahiaeconomica.com.br\/wp\/#\/schema\/logo\/image\/\",\"url\":\"https:\/\/bahiaeconomica.com.br\/wp\/wp-content\/uploads\/2020\/12\/cropped-BE.png\",\"contentUrl\":\"https:\/\/bahiaeconomica.com.br\/wp\/wp-content\/uploads\/2020\/12\/cropped-BE.png\",\"width\":512,\"height\":512,\"caption\":\"Bahia Econ\u00f4mica\"},\"image\":{\"@id\":\"https:\/\/bahiaeconomica.com.br\/wp\/#\/schema\/logo\/image\/\"},\"sameAs\":[\"https:\/\/www.facebook.com\/bahiaeconomica\"]},{\"@type\":\"Person\",\"@id\":\"https:\/\/bahiaeconomica.com.br\/wp\/#\/schema\/person\/cb1ab5ba96ad3d9390805381c76284ec\",\"name\":\"admin\",\"url\":\"https:\/\/bahiaeconomica.com.br\/wp\/author\/admin\/\"}]}<\/script>\n<!-- \/ Yoast SEO plugin. -->","yoast_head_json":{"title":"OBRA DE AMPLIA\u00c7\u00c3O DO SIAA FEIRA DE SANTANA-SETOR LESTE EST\u00c1 NA FASE FINAL - Bahia Economica","description":"O maior portal de Economia da Bahia BAHIA INVEST, MUNIC\u00cdPIOS Bahia Economica","robots":{"index":"index","follow":"follow","max-snippet":"max-snippet:-1","max-image-preview":"max-image-preview:large","max-video-preview":"max-video-preview:-1"},"canonical":"https:\/\/bahiaeconomica.com.br\/wp\/2021\/06\/15\/obra-de-ampliacao-do-siaa-feira-de-santana-setor-leste-esta-na-fase-final\/","og_locale":"pt_BR","og_type":"article","og_title":"OBRA DE AMPLIA\u00c7\u00c3O DO SIAA FEIRA DE SANTANA-SETOR LESTE EST\u00c1 NA FASE FINAL - Bahia Economica","og_description":"O maior portal de Economia da Bahia BAHIA INVEST, MUNIC\u00cdPIOS Bahia Economica","og_url":"https:\/\/bahiaeconomica.com.br\/wp\/2021\/06\/15\/obra-de-ampliacao-do-siaa-feira-de-santana-setor-leste-esta-na-fase-final\/","og_site_name":"Bahia Economica","article_publisher":"https:\/\/www.facebook.com\/bahiaeconomica","article_published_time":"2021-06-15T11:41:22+00:00","og_image":[{"width":500,"height":343,"url":"https:\/\/bahiaeconomica.com.br\/wp\/wp-content\/uploads\/2021\/06\/SIAA-Feira-de-Santana.jpeg","type":"image\/jpeg"}],"author":"admin","twitter_card":"summary_large_image","twitter_misc":{"Escrito por":"admin","Est. tempo de leitura":"1 minuto"},"schema":{"@context":"https:\/\/schema.org","@graph":[{"@type":"Article","@id":"https:\/\/bahiaeconomica.com.br\/wp\/2021\/06\/15\/obra-de-ampliacao-do-siaa-feira-de-santana-setor-leste-esta-na-fase-final\/#article","isPartOf":{"@id":"https:\/\/bahiaeconomica.com.br\/wp\/2021\/06\/15\/obra-de-ampliacao-do-siaa-feira-de-santana-setor-leste-esta-na-fase-final\/"},"author":{"name":"admin","@id":"https:\/\/bahiaeconomica.com.br\/wp\/#\/schema\/person\/cb1ab5ba96ad3d9390805381c76284ec"},"headline":"OBRA DE AMPLIA\u00c7\u00c3O DO SIAA FEIRA DE SANTANA-SETOR LESTE EST\u00c1 NA FASE FINAL","datePublished":"2021-06-15T11:41:22+00:00","dateModified":"2021-06-15T11:41:22+00:00","mainEntityOfPage":{"@id":"https:\/\/bahiaeconomica.com.br\/wp\/2021\/06\/15\/obra-de-ampliacao-do-siaa-feira-de-santana-setor-leste-esta-na-fase-final\/"},"wordCount":186,"publisher":{"@id":"https:\/\/bahiaeconomica.com.br\/wp\/#organization"},"articleSection":["BAHIA INVEST","MUNIC\u00cdPIOS"],"inLanguage":"pt-BR"},{"@type":"WebPage","@id":"https:\/\/bahiaeconomica.com.br\/wp\/2021\/06\/15\/obra-de-ampliacao-do-siaa-feira-de-santana-setor-leste-esta-na-fase-final\/","url":"https:\/\/bahiaeconomica.com.br\/wp\/2021\/06\/15\/obra-de-ampliacao-do-siaa-feira-de-santana-setor-leste-esta-na-fase-final\/","name":"OBRA DE AMPLIA\u00c7\u00c3O DO SIAA FEIRA DE SANTANA-SETOR LESTE EST\u00c1 NA FASE FINAL - Bahia Economica","isPartOf":{"@id":"https:\/\/bahiaeconomica.com.br\/wp\/#website"},"datePublished":"2021-06-15T11:41:22+00:00","dateModified":"2021-06-15T11:41:22+00:00","description":"O maior portal de Economia da Bahia BAHIA INVEST, MUNIC\u00cdPIOS Bahia Economica","breadcrumb":{"@id":"https:\/\/bahiaeconomica.com.br\/wp\/2021\/06\/15\/obra-de-ampliacao-do-siaa-feira-de-santana-setor-leste-esta-na-fase-final\/#breadcrumb"},"inLanguage":"pt-BR","potentialAction":[{"@type":"ReadAction","target":["https:\/\/bahiaeconomica.com.br\/wp\/2021\/06\/15\/obra-de-ampliacao-do-siaa-feira-de-santana-setor-leste-esta-na-fase-final\/"]}]},{"@type":"BreadcrumbList","@id":"https:\/\/bahiaeconomica.com.br\/wp\/2021\/06\/15\/obra-de-ampliacao-do-siaa-feira-de-santana-setor-leste-esta-na-fase-final\/#breadcrumb","itemListElement":[{"@type":"ListItem","position":1,"name":"In\u00edcio","item":"https:\/\/bahiaeconomica.com.br\/wp\/"},{"@type":"ListItem","position":2,"name":"OBRA DE AMPLIA\u00c7\u00c3O DO SIAA FEIRA DE SANTANA-SETOR LESTE EST\u00c1 NA FASE FINAL"}]},{"@type":"WebSite","@id":"https:\/\/bahiaeconomica.com.br\/wp\/#website","url":"https:\/\/bahiaeconomica.com.br\/wp\/","name":"Bahia Economica","description":"O maior portal de Economia da Bahia","publisher":{"@id":"https:\/\/bahiaeconomica.com.br\/wp\/#organization"},"potentialAction":[{"@type":"SearchAction","target":{"@type":"EntryPoint","urlTemplate":"https:\/\/bahiaeconomica.com.br\/wp\/?s={search_term_string}"},"query-input":"required name=search_term_string"}],"inLanguage":"pt-BR"},{"@type":"Organization","@id":"https:\/\/bahiaeconomica.com.br\/wp\/#organization","name":"Bahia Econ\u00f4mica","url":"https:\/\/bahiaeconomica.com.br\/wp\/","logo":{"@type":"ImageObject","inLanguage":"pt-BR","@id":"https:\/\/bahiaeconomica.com.br\/wp\/#\/schema\/logo\/image\/","url":"https:\/\/bahiaeconomica.com.br\/wp\/wp-content\/uploads\/2020\/12\/cropped-BE.png","contentUrl":"https:\/\/bahiaeconomica.com.br\/wp\/wp-content\/uploads\/2020\/12\/cropped-BE.png","width":512,"height":512,"caption":"Bahia Econ\u00f4mica"},"image":{"@id":"https:\/\/bahiaeconomica.com.br\/wp\/#\/schema\/logo\/image\/"},"sameAs":["https:\/\/www.facebook.com\/bahiaeconomica"]},{"@type":"Person","@id":"https:\/\/bahiaeconomica.com.br\/wp\/#\/schema\/person\/cb1ab5ba96ad3d9390805381c76284ec","name":"admin","url":"https:\/\/bahiaeconomica.com.br\/wp\/author\/admin\/"}]}},"views":98,"_links":{"self":[{"href":"https:\/\/bahiaeconomica.com.br\/wp\/wp-json\/wp\/v2\/posts\/574898"}],"collection":[{"href":"https:\/\/bahiaeconomica.com.br\/wp\/wp-json\/wp\/v2\/posts"}],"about":[{"href":"https:\/\/bahiaeconomica.com.br\/wp\/wp-json\/wp\/v2\/types\/post"}],"author":[{"embeddable":true,"href":"https:\/\/bahiaeconomica.com.br\/wp\/wp-json\/wp\/v2\/users\/1"}],"replies":[{"embeddable":true,"href":"https:\/\/bahiaeconomica.com.br\/wp\/wp-json\/wp\/v2\/comments?post=574898"}],"version-history":[{"count":1,"href":"https:\/\/bahiaeconomica.com.br\/wp\/wp-json\/wp\/v2\/posts\/574898\/revisions"}],"predecessor-version":[{"id":574902,"href":"https:\/\/bahiaeconomica.com.br\/wp\/wp-json\/wp\/v2\/posts\/574898\/revisions\/574902"}],"wp:featuredmedia":[{"embeddable":true,"href":"https:\/\/bahiaeconomica.com.br\/wp\/wp-json\/wp\/v2\/media\/574901"}],"wp:attachment":[{"href":"https:\/\/bahiaeconomica.com.br\/wp\/wp-json\/wp\/v2\/media?parent=574898"}],"wp:term":[{"taxonomy":"category","embeddable":true,"href":"https:\/\/bahiaeconomica.com.br\/wp\/wp-json\/wp\/v2\/categories?post=574898"},{"taxonomy":"post_tag","embeddable":true,"href":"https:\/\/bahiaeconomica.com.br\/wp\/wp-json\/wp\/v2\/tags?post=574898"}],"curies":[{"name":"wp","href":"https:\/\/api.w.org\/{rel}","templated":true}]}}