{"id":572810,"date":"2021-06-08T19:03:37","date_gmt":"2021-06-08T22:03:37","guid":{"rendered":"https:\/\/bahiaeconomica.com.br\/wp\/beta\/?p=572810"},"modified":"2021-06-09T11:26:06","modified_gmt":"2021-06-09T14:26:06","slug":"pandemia-sequelas-do-coronavirus-sao-diminutas-com-apoio-de-centros-universitarios-de-reabilitacao","status":"publish","type":"post","link":"https:\/\/bahiaeconomica.com.br\/wp\/2021\/06\/08\/pandemia-sequelas-do-coronavirus-sao-diminutas-com-apoio-de-centros-universitarios-de-reabilitacao\/","title":{"rendered":"PANDEMIA: SEQUELAS DO CORONAV\u00cdRUS S\u00c3O DIMINUTAS COM APOIO DE CENTROS UNIVERSIT\u00c1RIOS DE REABILITA\u00c7\u00c3O"},"content":{"rendered":"<p>Por Aline Damazio e Gabriela Marotta<\/p>\n<p>No momento em que a Bahia ultrapassou um milh\u00e3o de contaminados por coronav\u00edrus, e o pa\u00eds ultrapassou 450 mil mortes pela doen\u00e7a, Diego Lomanto, 32 anos, <!--more-->passou a integrar as estat\u00edsticas dos 1.035.524 baianos que foram positivados com o novo v\u00edrus. \u201cEu perdi meu pai para a Covid e dias depois que ele morreu quem foi contaminado pelo Coronav\u00edrus fui eu\u201d, desabafa Diego.<\/p>\n<p>Foram oito longos dias para Diego dentro do Hospital Salvador, onde ficou internado com complica\u00e7\u00f5es que apareceram como resultado da infec\u00e7\u00e3o pelo v\u00edrus. Ap\u00f3s a alta hospitalar, o marmorista ainda contou com uma ajuda que considerou essencial para a rapidez de sua recupera\u00e7\u00e3o: organiza\u00e7\u00f5es da comunidade acad\u00eamica que se mobilizaram durante a pandemia para atender grupos vulner\u00e1veis, em meio ao agravamento da crise sanit\u00e1ria e econ\u00f4mica da Covid-19.<\/p>\n<p>Um exemplo dessas organiza\u00e7\u00f5es \u00e9 o Ambulat\u00f3rio de Fisioterapia Cardio-Respirat\u00f3ria do Centro Universit\u00e1rio Jorge Amado \u2013 Unijorge &#8211; que, de forma ininterrupta, seja atrav\u00e9s do tele atendimento ou na forma presencial, uniu professores e estudantes para promover o tratamento de reabilita\u00e7\u00e3o para pessoas que contra\u00edram a Covid.<\/p>\n<p><img decoding=\"async\" class=\"wp-image-572813 alignleft\" src=\"http:\/\/bahiaeconomica.com.br\/wp\/beta\/wp-content\/uploads\/2021\/06\/correto.png\" alt=\"\" width=\"499\" height=\"469\" data-id=\"572813\" srcset=\"https:\/\/bahiaeconomica.com.br\/wp\/wp-content\/uploads\/2021\/06\/correto.png 817w, https:\/\/bahiaeconomica.com.br\/wp\/wp-content\/uploads\/2021\/06\/correto-300x282.png 300w, https:\/\/bahiaeconomica.com.br\/wp\/wp-content\/uploads\/2021\/06\/correto-768x721.png 768w, https:\/\/bahiaeconomica.com.br\/wp\/wp-content\/uploads\/2021\/06\/correto-533x500.png 533w\" sizes=\"(max-width: 499px) 100vw, 499px\" \/><\/p>\n<p>Dados compilados pelo ambulat\u00f3rio durante os 15 meses de pandemia apontam que de 1\u00ba de janeiro at\u00e9 20 de maio foram realizados 3.254 atendimentos de fisioterapia. Destes, 244 foram de um novo p\u00fablico: pacientes p\u00f3s-Covid.<\/p>\n<p>\u201cEu estava com muito medo das sequelas do coronav\u00edrus. Nos primeiros dias eu convivi com cansa\u00e7o, falta de ar e n\u00e3o conseguia fazer nenhuma atividade, que minha satura\u00e7\u00e3o de oxig\u00eanio ca\u00eda. A\u00ed eu tinha que parar e sentar, ou deitar\u201d, contou Diego que, nessa situa\u00e7\u00e3o, desconfiou que houvesse algo errado e procurou pelo tratamento de reabilita\u00e7\u00e3o oferecido pela Unijorge tr\u00eas dias ap\u00f3s a alta hospitalar.<br \/>\nA tomada de atitude r\u00e1pida na procura pelo tratamento ap\u00f3s ser considerado curado foi respons\u00e1vel pela diminui\u00e7\u00e3o das sequelas que o coronav\u00edrus provocou no seu organismo. \u201cFoi essencial para minha recupera\u00e7\u00e3o. Eu fa\u00e7o fisioterapia duas vezes na semana, quarta e sexta. S\u00e3o tratamentos respirat\u00f3rios, musculat\u00f3rios e cardiol\u00f3gicos\u201d, relatou.<\/p>\n<p><strong>Pacientes com sequelas do Covid s\u00e3o alvo de estudo<\/strong><br \/>\nAinda n\u00e3o h\u00e1 dados sobre as consequ\u00eancias da s\u00edndrome p\u00f3s-Covid no Brasil. Mas, um estudo conduzido pelos Servi\u00e7os Nacionais de Sa\u00fade (National Health Services) da Inglaterra mostrou que, mesmo quando n\u00e3o h\u00e1 mais carga viral circulante, os pacientes recuperados da Covid-19 podem desenvolver doen\u00e7as coronarianas, neurol\u00f3gicas e endocrinol\u00f3gicas.<\/p>\n<p>Dentre os principais problemas que podem ocorrer durante a s\u00edndrome inflamat\u00f3ria p\u00f3s-Covid, est\u00e3o as limita\u00e7\u00f5es respirat\u00f3rias causadas por fibrose pulmonar, les\u00f5es card\u00edacas, fadiga, fraqueza muscular, problemas de mem\u00f3ria, insufici\u00eancia renal, al\u00e9m de altera\u00e7\u00f5es cognitivas e ps\u00edquicas.<\/p>\n<p>Ainda de acordo com estudos, entre os pacientes que foram hospitalizados devido ao Sars-CoV-2, 45% necessitar\u00e3o de cuidados em casa; 4% precisar\u00e3o de algum tipo de reabilita\u00e7\u00e3o, a exemplo da fisioterapia pulmonar; e 1% dever\u00e1 receber tratamento m\u00e9dico para o resto da vida.<\/p>\n<p>Comparando os resultados da pesquisa com o cen\u00e1rio de aumento de procura de pacientes p\u00f3s-Covid ao Centro de Reabilita\u00e7\u00e3o e Fisioterapia do Unijorge, \u00e9 demonstrada, na pr\u00e1tica, a fun\u00e7\u00e3o social desses espa\u00e7os.<\/p>\n<p>A coordenadora do curso de fisioterapia do Unijorge Maira Bouzas, destaca a intera\u00e7\u00e3o e aprendizagem entre professores e formandos na a\u00e7\u00e3o social durante a crise sanit\u00e1ria que o mundo enfrenta.<br \/>\n\u201cN\u00f3s come\u00e7amos em junho no auge da pandemia e iniciamos atendimento via confer\u00eancia por telefone. No tele atendimento, j\u00e1 t\u00ednhamos um retorno muito bom, relacionado a atender e ajudar no tratamento dos pacientes. E, em alguns meses, ap\u00f3s adotarmos todos os protocolos de seguran\u00e7a, passamos a fazer a atendimento de forma presencial no final do ano de 2020\u201d, diz Bouzas, lembrando ainda que apesar de o espa\u00e7o ser destinado ao tratamento de pacientes p\u00f3s-Covid, portadores de doen\u00e7as cr\u00f4nicas tamb\u00e9m podem us\u00e1-lo de forma gratuita.<\/p>\n<p>Ainda de acordo com a coordenadora, houve aumento na procura de pessoas relatando problemas de sa\u00fade ap\u00f3s serem positivadas com Covid, assim como o engajamento de alunos volunt\u00e1rios, acompanhados de professores, que se disponibilizam em prestar servi\u00e7o no ambulat\u00f3rio e colocar em pr\u00e1tica as teorias que aprenderam durante o curso.<\/p>\n<p>\u201cFoi muito bom saber que alunos foram preparados ao longo da forma\u00e7\u00e3o acad\u00eamica. N\u00f3s, enquanto professores, pudemos perceber, durante os atendimentos, que eles est\u00e3o preparados para suprir as demandas desses pacientes. Claro que sempre com a supervis\u00e3o de docente. Mas n\u00f3s entendemos que esse \u00e9 o momento de preparar esses alunos para o mercado\u201d, disse.<\/p>\n<p>Os atendimentos \u00e0 comunidade contam com seis alunos por turno mais um professor durante quatro dias. No espa\u00e7o s\u00e3o disponibilizados equipamentos a\u00e9reos, esteiras, bicicletas ergom\u00e9tricas, pesos e caneleiras que s\u00e3o utilizados na reabilita\u00e7\u00e3o de pacientes.<br \/>\n\u201cAlunos e professores ajudam os pacientes a fazerem tanto exerc\u00edcios voltados para fun\u00e7\u00e3o pulmonar, quanto exerc\u00edcios para o condicionamento f\u00edsico, para auxili\u00e1-los nas atividades di\u00e1rias da vida\u201d, apontou a coordenadora.<\/p>\n<p><iframe  id=\"_ytid_48895\"  width=\"480\" height=\"360\"  data-origwidth=\"480\" data-origheight=\"360\" src=\"https:\/\/www.youtube.com\/embed\/YdLXs9e_Czs?enablejsapi=1&#038;autoplay=0&#038;cc_load_policy=0&#038;cc_lang_pref=&#038;iv_load_policy=1&#038;loop=0&#038;modestbranding=0&#038;rel=1&#038;fs=1&#038;playsinline=0&#038;autohide=2&#038;theme=dark&#038;color=red&#038;controls=1&#038;\" class=\"__youtube_prefs__  epyt-is-override  no-lazyload\" title=\"YouTube player\"  allow=\"accelerometer; autoplay; clipboard-write; encrypted-media; gyroscope; picture-in-picture\" allowfullscreen data-no-lazy=\"1\" data-skipgform_ajax_framebjll=\"\"><\/iframe><\/p>\n<p>\u201cEu tive 50% de comprometimento do pulm\u00e3o. Quando iniciei o tratamento gratuito, meu batimento card\u00edaco subia para 180 s\u00f3 com exerc\u00edcio de agachamento. Eu s\u00f3 conseguia pedalar tr\u00eas minutos e precisava parar. Ap\u00f3s 15 dias de acompanhamento no centro de reabilita\u00e7\u00e3o, consegui fazer os exerc\u00edcios e os batimentos ficaram em 120, o que \u00e9 normal. Hoje j\u00e1 fico o dia todo em p\u00e9. Antes n\u00e3o conseguia ficar nem uma hora. Tamb\u00e9m pratico 15 minutos na bicicleta e mais 15 minutos na esteira, devagarzinho. Al\u00e9m da aula pr\u00e1tica, ainda tenho uma cartinha para fazer em casa os exerc\u00edcios\u201d, conta Diego, que chama aten\u00e7\u00e3o para a procura r\u00e1pida do atendimento de reabilita\u00e7\u00e3o. \u201cQuanto mais r\u00e1pido procurarmos a recupera\u00e7\u00e3o, melhor. Eu preciso retomar ao trabalho, para minha minha vida normal, e contar com apoio dos universit\u00e1rios e professores para isso est\u00e1 me ajudando a vencer mais essa batalha que o v\u00edrus imp\u00f4s\u201d, descreveu.<\/p>\n<p><strong>Servi\u00e7o:<\/strong><br \/>\n<strong>Centros de reabilita\u00e7\u00e3o p\u00f3s \u2013 covid: <\/strong><br \/>\n<strong>Ambulat\u00f3rio de fisioterapia cardio-respirat\u00f3ria<\/strong><br \/>\n<strong>Telefone: 3206-8000<\/strong><\/p>\n<p>Foto: Andr\u00e9a R\u00eago Barros\/PCR<\/p>\n","protected":false},"excerpt":{"rendered":"<p>Por Aline Damazio e Gabriela Marotta No momento em que a Bahia ultrapassou um milh\u00e3o de contaminados por coronav\u00edrus, e o pa\u00eds ultrapassou 450 mil mortes pela doen\u00e7a, Diego Lomanto, 32 anos,<\/p>\n","protected":false},"author":1,"featured_media":572961,"comment_status":"closed","ping_status":"closed","sticky":false,"template":"","format":"standard","meta":[],"categories":[3],"tags":[],"acf":[],"yoast_head":"<!-- This site is optimized with the Yoast SEO plugin v20.8 - https:\/\/yoast.com\/wordpress\/plugins\/seo\/ -->\n<title>PANDEMIA: SEQUELAS DO CORONAV\u00cdRUS S\u00c3O DIMINUTAS COM APOIO DE CENTROS UNIVERSIT\u00c1RIOS DE REABILITA\u00c7\u00c3O - Bahia Economica<\/title>\n<meta name=\"description\" content=\"O maior portal de Economia da Bahia ECONOMIA \/ POL\u00cdTICA Bahia Economica\" \/>\n<meta name=\"robots\" content=\"index, follow, max-snippet:-1, max-image-preview:large, max-video-preview:-1\" \/>\n<link rel=\"canonical\" href=\"https:\/\/bahiaeconomica.com.br\/wp\/2021\/06\/08\/pandemia-sequelas-do-coronavirus-sao-diminutas-com-apoio-de-centros-universitarios-de-reabilitacao\/\" \/>\n<meta property=\"og:locale\" content=\"pt_BR\" \/>\n<meta property=\"og:type\" content=\"article\" \/>\n<meta property=\"og:title\" content=\"PANDEMIA: SEQUELAS DO CORONAV\u00cdRUS S\u00c3O DIMINUTAS COM APOIO DE CENTROS UNIVERSIT\u00c1RIOS DE REABILITA\u00c7\u00c3O - Bahia Economica\" \/>\n<meta property=\"og:description\" content=\"O maior portal de Economia da Bahia ECONOMIA \/ POL\u00cdTICA Bahia Economica\" \/>\n<meta property=\"og:url\" content=\"https:\/\/bahiaeconomica.com.br\/wp\/2021\/06\/08\/pandemia-sequelas-do-coronavirus-sao-diminutas-com-apoio-de-centros-universitarios-de-reabilitacao\/\" \/>\n<meta property=\"og:site_name\" content=\"Bahia Economica\" \/>\n<meta property=\"article:publisher\" content=\"https:\/\/www.facebook.com\/bahiaeconomica\" \/>\n<meta property=\"article:published_time\" content=\"2021-06-08T22:03:37+00:00\" \/>\n<meta property=\"article:modified_time\" content=\"2021-06-09T14:26:06+00:00\" \/>\n<meta property=\"og:image\" content=\"https:\/\/bahiaeconomica.com.br\/wp\/wp-content\/uploads\/2021\/06\/ARB_0155_28082020_Foto_Andrea_Rego_Barros-scaled.jpg\" \/>\n\t<meta property=\"og:image:width\" content=\"2560\" \/>\n\t<meta property=\"og:image:height\" content=\"1706\" \/>\n\t<meta property=\"og:image:type\" content=\"image\/jpeg\" \/>\n<meta name=\"author\" content=\"admin\" \/>\n<meta name=\"twitter:card\" content=\"summary_large_image\" \/>\n<meta name=\"twitter:label1\" content=\"Escrito por\" \/>\n\t<meta name=\"twitter:data1\" content=\"admin\" \/>\n\t<meta name=\"twitter:label2\" content=\"Est. tempo de leitura\" \/>\n\t<meta name=\"twitter:data2\" content=\"5 minutos\" \/>\n<script type=\"application\/ld+json\" class=\"yoast-schema-graph\">{\"@context\":\"https:\/\/schema.org\",\"@graph\":[{\"@type\":\"Article\",\"@id\":\"https:\/\/bahiaeconomica.com.br\/wp\/2021\/06\/08\/pandemia-sequelas-do-coronavirus-sao-diminutas-com-apoio-de-centros-universitarios-de-reabilitacao\/#article\",\"isPartOf\":{\"@id\":\"https:\/\/bahiaeconomica.com.br\/wp\/2021\/06\/08\/pandemia-sequelas-do-coronavirus-sao-diminutas-com-apoio-de-centros-universitarios-de-reabilitacao\/\"},\"author\":{\"name\":\"admin\",\"@id\":\"https:\/\/bahiaeconomica.com.br\/wp\/#\/schema\/person\/cb1ab5ba96ad3d9390805381c76284ec\"},\"headline\":\"PANDEMIA: SEQUELAS DO CORONAV\u00cdRUS S\u00c3O DIMINUTAS COM APOIO DE CENTROS UNIVERSIT\u00c1RIOS DE REABILITA\u00c7\u00c3O\",\"datePublished\":\"2021-06-08T22:03:37+00:00\",\"dateModified\":\"2021-06-09T14:26:06+00:00\",\"mainEntityOfPage\":{\"@id\":\"https:\/\/bahiaeconomica.com.br\/wp\/2021\/06\/08\/pandemia-sequelas-do-coronavirus-sao-diminutas-com-apoio-de-centros-universitarios-de-reabilitacao\/\"},\"wordCount\":1098,\"publisher\":{\"@id\":\"https:\/\/bahiaeconomica.com.br\/wp\/#organization\"},\"articleSection\":[\"ECONOMIA \/ POL\u00cdTICA\"],\"inLanguage\":\"pt-BR\"},{\"@type\":\"WebPage\",\"@id\":\"https:\/\/bahiaeconomica.com.br\/wp\/2021\/06\/08\/pandemia-sequelas-do-coronavirus-sao-diminutas-com-apoio-de-centros-universitarios-de-reabilitacao\/\",\"url\":\"https:\/\/bahiaeconomica.com.br\/wp\/2021\/06\/08\/pandemia-sequelas-do-coronavirus-sao-diminutas-com-apoio-de-centros-universitarios-de-reabilitacao\/\",\"name\":\"PANDEMIA: SEQUELAS DO CORONAV\u00cdRUS S\u00c3O DIMINUTAS COM APOIO DE CENTROS UNIVERSIT\u00c1RIOS DE REABILITA\u00c7\u00c3O - Bahia Economica\",\"isPartOf\":{\"@id\":\"https:\/\/bahiaeconomica.com.br\/wp\/#website\"},\"datePublished\":\"2021-06-08T22:03:37+00:00\",\"dateModified\":\"2021-06-09T14:26:06+00:00\",\"description\":\"O maior portal de Economia da Bahia ECONOMIA \/ POL\u00cdTICA Bahia Economica\",\"breadcrumb\":{\"@id\":\"https:\/\/bahiaeconomica.com.br\/wp\/2021\/06\/08\/pandemia-sequelas-do-coronavirus-sao-diminutas-com-apoio-de-centros-universitarios-de-reabilitacao\/#breadcrumb\"},\"inLanguage\":\"pt-BR\",\"potentialAction\":[{\"@type\":\"ReadAction\",\"target\":[\"https:\/\/bahiaeconomica.com.br\/wp\/2021\/06\/08\/pandemia-sequelas-do-coronavirus-sao-diminutas-com-apoio-de-centros-universitarios-de-reabilitacao\/\"]}]},{\"@type\":\"BreadcrumbList\",\"@id\":\"https:\/\/bahiaeconomica.com.br\/wp\/2021\/06\/08\/pandemia-sequelas-do-coronavirus-sao-diminutas-com-apoio-de-centros-universitarios-de-reabilitacao\/#breadcrumb\",\"itemListElement\":[{\"@type\":\"ListItem\",\"position\":1,\"name\":\"In\u00edcio\",\"item\":\"https:\/\/bahiaeconomica.com.br\/wp\/\"},{\"@type\":\"ListItem\",\"position\":2,\"name\":\"PANDEMIA: SEQUELAS DO CORONAV\u00cdRUS S\u00c3O DIMINUTAS COM APOIO DE CENTROS UNIVERSIT\u00c1RIOS DE REABILITA\u00c7\u00c3O\"}]},{\"@type\":\"WebSite\",\"@id\":\"https:\/\/bahiaeconomica.com.br\/wp\/#website\",\"url\":\"https:\/\/bahiaeconomica.com.br\/wp\/\",\"name\":\"Bahia Economica\",\"description\":\"O maior portal de Economia da Bahia\",\"publisher\":{\"@id\":\"https:\/\/bahiaeconomica.com.br\/wp\/#organization\"},\"potentialAction\":[{\"@type\":\"SearchAction\",\"target\":{\"@type\":\"EntryPoint\",\"urlTemplate\":\"https:\/\/bahiaeconomica.com.br\/wp\/?s={search_term_string}\"},\"query-input\":\"required name=search_term_string\"}],\"inLanguage\":\"pt-BR\"},{\"@type\":\"Organization\",\"@id\":\"https:\/\/bahiaeconomica.com.br\/wp\/#organization\",\"name\":\"Bahia Econ\u00f4mica\",\"url\":\"https:\/\/bahiaeconomica.com.br\/wp\/\",\"logo\":{\"@type\":\"ImageObject\",\"inLanguage\":\"pt-BR\",\"@id\":\"https:\/\/bahiaeconomica.com.br\/wp\/#\/schema\/logo\/image\/\",\"url\":\"https:\/\/bahiaeconomica.com.br\/wp\/wp-content\/uploads\/2020\/12\/cropped-BE.png\",\"contentUrl\":\"https:\/\/bahiaeconomica.com.br\/wp\/wp-content\/uploads\/2020\/12\/cropped-BE.png\",\"width\":512,\"height\":512,\"caption\":\"Bahia Econ\u00f4mica\"},\"image\":{\"@id\":\"https:\/\/bahiaeconomica.com.br\/wp\/#\/schema\/logo\/image\/\"},\"sameAs\":[\"https:\/\/www.facebook.com\/bahiaeconomica\"]},{\"@type\":\"Person\",\"@id\":\"https:\/\/bahiaeconomica.com.br\/wp\/#\/schema\/person\/cb1ab5ba96ad3d9390805381c76284ec\",\"name\":\"admin\",\"url\":\"https:\/\/bahiaeconomica.com.br\/wp\/author\/admin\/\"}]}<\/script>\n<!-- \/ Yoast SEO plugin. -->","yoast_head_json":{"title":"PANDEMIA: SEQUELAS DO CORONAV\u00cdRUS S\u00c3O DIMINUTAS COM APOIO DE CENTROS UNIVERSIT\u00c1RIOS DE REABILITA\u00c7\u00c3O - Bahia Economica","description":"O maior portal de Economia da Bahia ECONOMIA \/ POL\u00cdTICA Bahia Economica","robots":{"index":"index","follow":"follow","max-snippet":"max-snippet:-1","max-image-preview":"max-image-preview:large","max-video-preview":"max-video-preview:-1"},"canonical":"https:\/\/bahiaeconomica.com.br\/wp\/2021\/06\/08\/pandemia-sequelas-do-coronavirus-sao-diminutas-com-apoio-de-centros-universitarios-de-reabilitacao\/","og_locale":"pt_BR","og_type":"article","og_title":"PANDEMIA: SEQUELAS DO CORONAV\u00cdRUS S\u00c3O DIMINUTAS COM APOIO DE CENTROS UNIVERSIT\u00c1RIOS DE REABILITA\u00c7\u00c3O - Bahia Economica","og_description":"O maior portal de Economia da Bahia ECONOMIA \/ POL\u00cdTICA Bahia Economica","og_url":"https:\/\/bahiaeconomica.com.br\/wp\/2021\/06\/08\/pandemia-sequelas-do-coronavirus-sao-diminutas-com-apoio-de-centros-universitarios-de-reabilitacao\/","og_site_name":"Bahia Economica","article_publisher":"https:\/\/www.facebook.com\/bahiaeconomica","article_published_time":"2021-06-08T22:03:37+00:00","article_modified_time":"2021-06-09T14:26:06+00:00","og_image":[{"width":2560,"height":1706,"url":"https:\/\/bahiaeconomica.com.br\/wp\/wp-content\/uploads\/2021\/06\/ARB_0155_28082020_Foto_Andrea_Rego_Barros-scaled.jpg","type":"image\/jpeg"}],"author":"admin","twitter_card":"summary_large_image","twitter_misc":{"Escrito por":"admin","Est. tempo de leitura":"5 minutos"},"schema":{"@context":"https:\/\/schema.org","@graph":[{"@type":"Article","@id":"https:\/\/bahiaeconomica.com.br\/wp\/2021\/06\/08\/pandemia-sequelas-do-coronavirus-sao-diminutas-com-apoio-de-centros-universitarios-de-reabilitacao\/#article","isPartOf":{"@id":"https:\/\/bahiaeconomica.com.br\/wp\/2021\/06\/08\/pandemia-sequelas-do-coronavirus-sao-diminutas-com-apoio-de-centros-universitarios-de-reabilitacao\/"},"author":{"name":"admin","@id":"https:\/\/bahiaeconomica.com.br\/wp\/#\/schema\/person\/cb1ab5ba96ad3d9390805381c76284ec"},"headline":"PANDEMIA: SEQUELAS DO CORONAV\u00cdRUS S\u00c3O DIMINUTAS COM APOIO DE CENTROS UNIVERSIT\u00c1RIOS DE REABILITA\u00c7\u00c3O","datePublished":"2021-06-08T22:03:37+00:00","dateModified":"2021-06-09T14:26:06+00:00","mainEntityOfPage":{"@id":"https:\/\/bahiaeconomica.com.br\/wp\/2021\/06\/08\/pandemia-sequelas-do-coronavirus-sao-diminutas-com-apoio-de-centros-universitarios-de-reabilitacao\/"},"wordCount":1098,"publisher":{"@id":"https:\/\/bahiaeconomica.com.br\/wp\/#organization"},"articleSection":["ECONOMIA \/ POL\u00cdTICA"],"inLanguage":"pt-BR"},{"@type":"WebPage","@id":"https:\/\/bahiaeconomica.com.br\/wp\/2021\/06\/08\/pandemia-sequelas-do-coronavirus-sao-diminutas-com-apoio-de-centros-universitarios-de-reabilitacao\/","url":"https:\/\/bahiaeconomica.com.br\/wp\/2021\/06\/08\/pandemia-sequelas-do-coronavirus-sao-diminutas-com-apoio-de-centros-universitarios-de-reabilitacao\/","name":"PANDEMIA: SEQUELAS DO CORONAV\u00cdRUS S\u00c3O DIMINUTAS COM APOIO DE CENTROS UNIVERSIT\u00c1RIOS DE REABILITA\u00c7\u00c3O - Bahia Economica","isPartOf":{"@id":"https:\/\/bahiaeconomica.com.br\/wp\/#website"},"datePublished":"2021-06-08T22:03:37+00:00","dateModified":"2021-06-09T14:26:06+00:00","description":"O maior portal de Economia da Bahia ECONOMIA \/ POL\u00cdTICA Bahia Economica","breadcrumb":{"@id":"https:\/\/bahiaeconomica.com.br\/wp\/2021\/06\/08\/pandemia-sequelas-do-coronavirus-sao-diminutas-com-apoio-de-centros-universitarios-de-reabilitacao\/#breadcrumb"},"inLanguage":"pt-BR","potentialAction":[{"@type":"ReadAction","target":["https:\/\/bahiaeconomica.com.br\/wp\/2021\/06\/08\/pandemia-sequelas-do-coronavirus-sao-diminutas-com-apoio-de-centros-universitarios-de-reabilitacao\/"]}]},{"@type":"BreadcrumbList","@id":"https:\/\/bahiaeconomica.com.br\/wp\/2021\/06\/08\/pandemia-sequelas-do-coronavirus-sao-diminutas-com-apoio-de-centros-universitarios-de-reabilitacao\/#breadcrumb","itemListElement":[{"@type":"ListItem","position":1,"name":"In\u00edcio","item":"https:\/\/bahiaeconomica.com.br\/wp\/"},{"@type":"ListItem","position":2,"name":"PANDEMIA: SEQUELAS DO CORONAV\u00cdRUS S\u00c3O DIMINUTAS COM APOIO DE CENTROS UNIVERSIT\u00c1RIOS DE REABILITA\u00c7\u00c3O"}]},{"@type":"WebSite","@id":"https:\/\/bahiaeconomica.com.br\/wp\/#website","url":"https:\/\/bahiaeconomica.com.br\/wp\/","name":"Bahia Economica","description":"O maior portal de Economia da Bahia","publisher":{"@id":"https:\/\/bahiaeconomica.com.br\/wp\/#organization"},"potentialAction":[{"@type":"SearchAction","target":{"@type":"EntryPoint","urlTemplate":"https:\/\/bahiaeconomica.com.br\/wp\/?s={search_term_string}"},"query-input":"required name=search_term_string"}],"inLanguage":"pt-BR"},{"@type":"Organization","@id":"https:\/\/bahiaeconomica.com.br\/wp\/#organization","name":"Bahia Econ\u00f4mica","url":"https:\/\/bahiaeconomica.com.br\/wp\/","logo":{"@type":"ImageObject","inLanguage":"pt-BR","@id":"https:\/\/bahiaeconomica.com.br\/wp\/#\/schema\/logo\/image\/","url":"https:\/\/bahiaeconomica.com.br\/wp\/wp-content\/uploads\/2020\/12\/cropped-BE.png","contentUrl":"https:\/\/bahiaeconomica.com.br\/wp\/wp-content\/uploads\/2020\/12\/cropped-BE.png","width":512,"height":512,"caption":"Bahia Econ\u00f4mica"},"image":{"@id":"https:\/\/bahiaeconomica.com.br\/wp\/#\/schema\/logo\/image\/"},"sameAs":["https:\/\/www.facebook.com\/bahiaeconomica"]},{"@type":"Person","@id":"https:\/\/bahiaeconomica.com.br\/wp\/#\/schema\/person\/cb1ab5ba96ad3d9390805381c76284ec","name":"admin","url":"https:\/\/bahiaeconomica.com.br\/wp\/author\/admin\/"}]}},"views":0,"_links":{"self":[{"href":"https:\/\/bahiaeconomica.com.br\/wp\/wp-json\/wp\/v2\/posts\/572810"}],"collection":[{"href":"https:\/\/bahiaeconomica.com.br\/wp\/wp-json\/wp\/v2\/posts"}],"about":[{"href":"https:\/\/bahiaeconomica.com.br\/wp\/wp-json\/wp\/v2\/types\/post"}],"author":[{"embeddable":true,"href":"https:\/\/bahiaeconomica.com.br\/wp\/wp-json\/wp\/v2\/users\/1"}],"replies":[{"embeddable":true,"href":"https:\/\/bahiaeconomica.com.br\/wp\/wp-json\/wp\/v2\/comments?post=572810"}],"version-history":[{"count":4,"href":"https:\/\/bahiaeconomica.com.br\/wp\/wp-json\/wp\/v2\/posts\/572810\/revisions"}],"predecessor-version":[{"id":572991,"href":"https:\/\/bahiaeconomica.com.br\/wp\/wp-json\/wp\/v2\/posts\/572810\/revisions\/572991"}],"wp:featuredmedia":[{"embeddable":true,"href":"https:\/\/bahiaeconomica.com.br\/wp\/wp-json\/wp\/v2\/media\/572961"}],"wp:attachment":[{"href":"https:\/\/bahiaeconomica.com.br\/wp\/wp-json\/wp\/v2\/media?parent=572810"}],"wp:term":[{"taxonomy":"category","embeddable":true,"href":"https:\/\/bahiaeconomica.com.br\/wp\/wp-json\/wp\/v2\/categories?post=572810"},{"taxonomy":"post_tag","embeddable":true,"href":"https:\/\/bahiaeconomica.com.br\/wp\/wp-json\/wp\/v2\/tags?post=572810"}],"curies":[{"name":"wp","href":"https:\/\/api.w.org\/{rel}","templated":true}]}}