{"id":571715,"date":"2021-06-04T16:55:05","date_gmt":"2021-06-04T19:55:05","guid":{"rendered":"https:\/\/bahiaeconomica.com.br\/wp\/beta\/?p=571715"},"modified":"2021-06-04T16:57:20","modified_gmt":"2021-06-04T19:57:20","slug":"franca-abre-fronteira-para-turistas-brasil-fica-na-lista-vermelha","status":"publish","type":"post","link":"https:\/\/bahiaeconomica.com.br\/wp\/2021\/06\/04\/franca-abre-fronteira-para-turistas-brasil-fica-na-lista-vermelha\/","title":{"rendered":"FRAN\u00c7A ABRE FRONTEIRA; BRASIL FICA NA \u2018LISTA VERMELHA\u2019"},"content":{"rendered":"<p>A Fran\u00e7a divulgou, nesta sexta-feira (4), novas regras para voltar a receber turistas a partir da pr\u00f3xima quarta (9). Algumas regras foram estabelecidas para os visitantes<!--more--> de acordo com os pa\u00edses de origem e sua situa\u00e7\u00e3o no combate \u00e0 Covid-19.<\/p>\n<p>Segundo a Veja, os visitantes de pa\u00edses europeus e tamb\u00e9m da Austr\u00e1lia, Coreia do Sul, Israel, Jap\u00e3o, L\u00edbano, Nova Zel\u00e2ndia e Cingapura, classificados como \u201cverdes\u201d, n\u00e3o precisar\u00e3o mais fazer testes de Covid-19 se comprovarem que est\u00e3o completamente vacinados contra o v\u00edrus.<\/p>\n<p>A maior parte dos outros pa\u00edses, como Estados Unidos e o Reino Unido, \u00e9 classificada como \u201claranja\u201d e os viajantes que est\u00e3o vacinados n\u00e3o precisam ficar de quarentena ao chegar na Fran\u00e7a e tamb\u00e9m n\u00e3o precisar\u00e3o explicar as raz\u00f5es de sua viagem ao pa\u00eds franc\u00eas. Apesar disso, esses turistas ainda precisam fazer um teste para identificar a Covid-19, do tipo PCR, feito no m\u00e1ximo 72 horas antes, e apresentar o resultado negativo ou realizar um teste antig\u00eanico negativo feito no m\u00e1ximo 48 horas antes.<\/p>\n<p>J\u00e1 o Brasil est\u00e1 na \u201clista vermelha\u201d, onde est\u00e3o os pa\u00edses com altos \u00edndices de morte e infec\u00e7\u00e3o. Os turistas destes pa\u00edses ainda devem justificar o motivo da viagem, mesmo vacinados, e tamb\u00e9m precisam ficar de quarentena por uma semana. No momento, essa lista conta com 16 na\u00e7\u00f5es.<\/p>\n","protected":false},"excerpt":{"rendered":"<p>A Fran\u00e7a divulgou, nesta sexta-feira (4), novas regras para voltar a receber turistas a partir da pr\u00f3xima quarta (9). Algumas regras foram estabelecidas para os visitantes<\/p>\n","protected":false},"author":1,"featured_media":420636,"comment_status":"closed","ping_status":"closed","sticky":false,"template":"","format":"standard","meta":[],"categories":[14,3],"tags":[],"acf":[],"yoast_head":"<!-- This site is optimized with the Yoast SEO plugin v20.8 - https:\/\/yoast.com\/wordpress\/plugins\/seo\/ -->\n<title>FRAN\u00c7A ABRE FRONTEIRA; BRASIL FICA NA \u2018LISTA VERMELHA\u2019 - Bahia Economica<\/title>\n<meta name=\"description\" content=\"O maior portal de Economia da Bahia DESTAQUE DO DIA, ECONOMIA \/ POL\u00cdTICA Bahia Economica\" \/>\n<meta name=\"robots\" content=\"index, follow, max-snippet:-1, max-image-preview:large, max-video-preview:-1\" \/>\n<link rel=\"canonical\" href=\"https:\/\/bahiaeconomica.com.br\/wp\/2021\/06\/04\/franca-abre-fronteira-para-turistas-brasil-fica-na-lista-vermelha\/\" \/>\n<meta property=\"og:locale\" content=\"pt_BR\" \/>\n<meta property=\"og:type\" content=\"article\" \/>\n<meta property=\"og:title\" content=\"FRAN\u00c7A ABRE FRONTEIRA; BRASIL FICA NA \u2018LISTA VERMELHA\u2019 - Bahia Economica\" \/>\n<meta property=\"og:description\" content=\"O maior portal de Economia da Bahia DESTAQUE DO DIA, ECONOMIA \/ POL\u00cdTICA Bahia Economica\" \/>\n<meta property=\"og:url\" content=\"https:\/\/bahiaeconomica.com.br\/wp\/2021\/06\/04\/franca-abre-fronteira-para-turistas-brasil-fica-na-lista-vermelha\/\" \/>\n<meta property=\"og:site_name\" content=\"Bahia Economica\" \/>\n<meta property=\"article:publisher\" content=\"https:\/\/www.facebook.com\/bahiaeconomica\" \/>\n<meta property=\"article:published_time\" content=\"2021-06-04T19:55:05+00:00\" \/>\n<meta property=\"article:modified_time\" content=\"2021-06-04T19:57:20+00:00\" \/>\n<meta property=\"og:image\" content=\"https:\/\/bahiaeconomica.com.br\/wp\/wp-content\/uploads\/2019\/11\/voo-e1574886639421.jpeg\" \/>\n\t<meta property=\"og:image:width\" content=\"500\" \/>\n\t<meta property=\"og:image:height\" content=\"333\" \/>\n\t<meta property=\"og:image:type\" content=\"image\/jpeg\" \/>\n<meta name=\"author\" content=\"admin\" \/>\n<meta name=\"twitter:card\" content=\"summary_large_image\" \/>\n<meta name=\"twitter:label1\" content=\"Escrito por\" \/>\n\t<meta name=\"twitter:data1\" content=\"admin\" \/>\n\t<meta name=\"twitter:label2\" content=\"Est. tempo de leitura\" \/>\n\t<meta name=\"twitter:data2\" content=\"1 minuto\" \/>\n<script type=\"application\/ld+json\" class=\"yoast-schema-graph\">{\"@context\":\"https:\/\/schema.org\",\"@graph\":[{\"@type\":\"Article\",\"@id\":\"https:\/\/bahiaeconomica.com.br\/wp\/2021\/06\/04\/franca-abre-fronteira-para-turistas-brasil-fica-na-lista-vermelha\/#article\",\"isPartOf\":{\"@id\":\"https:\/\/bahiaeconomica.com.br\/wp\/2021\/06\/04\/franca-abre-fronteira-para-turistas-brasil-fica-na-lista-vermelha\/\"},\"author\":{\"name\":\"admin\",\"@id\":\"https:\/\/bahiaeconomica.com.br\/wp\/#\/schema\/person\/cb1ab5ba96ad3d9390805381c76284ec\"},\"headline\":\"FRAN\u00c7A ABRE FRONTEIRA; BRASIL FICA NA \u2018LISTA VERMELHA\u2019\",\"datePublished\":\"2021-06-04T19:55:05+00:00\",\"dateModified\":\"2021-06-04T19:57:20+00:00\",\"mainEntityOfPage\":{\"@id\":\"https:\/\/bahiaeconomica.com.br\/wp\/2021\/06\/04\/franca-abre-fronteira-para-turistas-brasil-fica-na-lista-vermelha\/\"},\"wordCount\":248,\"publisher\":{\"@id\":\"https:\/\/bahiaeconomica.com.br\/wp\/#organization\"},\"articleSection\":[\"DESTAQUE DO DIA\",\"ECONOMIA \/ POL\u00cdTICA\"],\"inLanguage\":\"pt-BR\"},{\"@type\":\"WebPage\",\"@id\":\"https:\/\/bahiaeconomica.com.br\/wp\/2021\/06\/04\/franca-abre-fronteira-para-turistas-brasil-fica-na-lista-vermelha\/\",\"url\":\"https:\/\/bahiaeconomica.com.br\/wp\/2021\/06\/04\/franca-abre-fronteira-para-turistas-brasil-fica-na-lista-vermelha\/\",\"name\":\"FRAN\u00c7A ABRE FRONTEIRA; BRASIL FICA NA \u2018LISTA VERMELHA\u2019 - Bahia Economica\",\"isPartOf\":{\"@id\":\"https:\/\/bahiaeconomica.com.br\/wp\/#website\"},\"datePublished\":\"2021-06-04T19:55:05+00:00\",\"dateModified\":\"2021-06-04T19:57:20+00:00\",\"description\":\"O maior portal de Economia da Bahia DESTAQUE DO DIA, ECONOMIA \/ POL\u00cdTICA Bahia Economica\",\"breadcrumb\":{\"@id\":\"https:\/\/bahiaeconomica.com.br\/wp\/2021\/06\/04\/franca-abre-fronteira-para-turistas-brasil-fica-na-lista-vermelha\/#breadcrumb\"},\"inLanguage\":\"pt-BR\",\"potentialAction\":[{\"@type\":\"ReadAction\",\"target\":[\"https:\/\/bahiaeconomica.com.br\/wp\/2021\/06\/04\/franca-abre-fronteira-para-turistas-brasil-fica-na-lista-vermelha\/\"]}]},{\"@type\":\"BreadcrumbList\",\"@id\":\"https:\/\/bahiaeconomica.com.br\/wp\/2021\/06\/04\/franca-abre-fronteira-para-turistas-brasil-fica-na-lista-vermelha\/#breadcrumb\",\"itemListElement\":[{\"@type\":\"ListItem\",\"position\":1,\"name\":\"In\u00edcio\",\"item\":\"https:\/\/bahiaeconomica.com.br\/wp\/\"},{\"@type\":\"ListItem\",\"position\":2,\"name\":\"FRAN\u00c7A ABRE FRONTEIRA; BRASIL FICA NA \u2018LISTA VERMELHA\u2019\"}]},{\"@type\":\"WebSite\",\"@id\":\"https:\/\/bahiaeconomica.com.br\/wp\/#website\",\"url\":\"https:\/\/bahiaeconomica.com.br\/wp\/\",\"name\":\"Bahia Economica\",\"description\":\"O maior portal de Economia da Bahia\",\"publisher\":{\"@id\":\"https:\/\/bahiaeconomica.com.br\/wp\/#organization\"},\"potentialAction\":[{\"@type\":\"SearchAction\",\"target\":{\"@type\":\"EntryPoint\",\"urlTemplate\":\"https:\/\/bahiaeconomica.com.br\/wp\/?s={search_term_string}\"},\"query-input\":\"required name=search_term_string\"}],\"inLanguage\":\"pt-BR\"},{\"@type\":\"Organization\",\"@id\":\"https:\/\/bahiaeconomica.com.br\/wp\/#organization\",\"name\":\"Bahia Econ\u00f4mica\",\"url\":\"https:\/\/bahiaeconomica.com.br\/wp\/\",\"logo\":{\"@type\":\"ImageObject\",\"inLanguage\":\"pt-BR\",\"@id\":\"https:\/\/bahiaeconomica.com.br\/wp\/#\/schema\/logo\/image\/\",\"url\":\"https:\/\/bahiaeconomica.com.br\/wp\/wp-content\/uploads\/2020\/12\/cropped-BE.png\",\"contentUrl\":\"https:\/\/bahiaeconomica.com.br\/wp\/wp-content\/uploads\/2020\/12\/cropped-BE.png\",\"width\":512,\"height\":512,\"caption\":\"Bahia Econ\u00f4mica\"},\"image\":{\"@id\":\"https:\/\/bahiaeconomica.com.br\/wp\/#\/schema\/logo\/image\/\"},\"sameAs\":[\"https:\/\/www.facebook.com\/bahiaeconomica\"]},{\"@type\":\"Person\",\"@id\":\"https:\/\/bahiaeconomica.com.br\/wp\/#\/schema\/person\/cb1ab5ba96ad3d9390805381c76284ec\",\"name\":\"admin\",\"url\":\"https:\/\/bahiaeconomica.com.br\/wp\/author\/admin\/\"}]}<\/script>\n<!-- \/ Yoast SEO plugin. -->","yoast_head_json":{"title":"FRAN\u00c7A ABRE FRONTEIRA; BRASIL FICA NA \u2018LISTA VERMELHA\u2019 - Bahia Economica","description":"O maior portal de Economia da Bahia DESTAQUE DO DIA, ECONOMIA \/ POL\u00cdTICA Bahia Economica","robots":{"index":"index","follow":"follow","max-snippet":"max-snippet:-1","max-image-preview":"max-image-preview:large","max-video-preview":"max-video-preview:-1"},"canonical":"https:\/\/bahiaeconomica.com.br\/wp\/2021\/06\/04\/franca-abre-fronteira-para-turistas-brasil-fica-na-lista-vermelha\/","og_locale":"pt_BR","og_type":"article","og_title":"FRAN\u00c7A ABRE FRONTEIRA; BRASIL FICA NA \u2018LISTA VERMELHA\u2019 - Bahia Economica","og_description":"O maior portal de Economia da Bahia DESTAQUE DO DIA, ECONOMIA \/ POL\u00cdTICA Bahia Economica","og_url":"https:\/\/bahiaeconomica.com.br\/wp\/2021\/06\/04\/franca-abre-fronteira-para-turistas-brasil-fica-na-lista-vermelha\/","og_site_name":"Bahia Economica","article_publisher":"https:\/\/www.facebook.com\/bahiaeconomica","article_published_time":"2021-06-04T19:55:05+00:00","article_modified_time":"2021-06-04T19:57:20+00:00","og_image":[{"width":500,"height":333,"url":"https:\/\/bahiaeconomica.com.br\/wp\/wp-content\/uploads\/2019\/11\/voo-e1574886639421.jpeg","type":"image\/jpeg"}],"author":"admin","twitter_card":"summary_large_image","twitter_misc":{"Escrito por":"admin","Est. tempo de leitura":"1 minuto"},"schema":{"@context":"https:\/\/schema.org","@graph":[{"@type":"Article","@id":"https:\/\/bahiaeconomica.com.br\/wp\/2021\/06\/04\/franca-abre-fronteira-para-turistas-brasil-fica-na-lista-vermelha\/#article","isPartOf":{"@id":"https:\/\/bahiaeconomica.com.br\/wp\/2021\/06\/04\/franca-abre-fronteira-para-turistas-brasil-fica-na-lista-vermelha\/"},"author":{"name":"admin","@id":"https:\/\/bahiaeconomica.com.br\/wp\/#\/schema\/person\/cb1ab5ba96ad3d9390805381c76284ec"},"headline":"FRAN\u00c7A ABRE FRONTEIRA; BRASIL FICA NA \u2018LISTA VERMELHA\u2019","datePublished":"2021-06-04T19:55:05+00:00","dateModified":"2021-06-04T19:57:20+00:00","mainEntityOfPage":{"@id":"https:\/\/bahiaeconomica.com.br\/wp\/2021\/06\/04\/franca-abre-fronteira-para-turistas-brasil-fica-na-lista-vermelha\/"},"wordCount":248,"publisher":{"@id":"https:\/\/bahiaeconomica.com.br\/wp\/#organization"},"articleSection":["DESTAQUE DO DIA","ECONOMIA \/ POL\u00cdTICA"],"inLanguage":"pt-BR"},{"@type":"WebPage","@id":"https:\/\/bahiaeconomica.com.br\/wp\/2021\/06\/04\/franca-abre-fronteira-para-turistas-brasil-fica-na-lista-vermelha\/","url":"https:\/\/bahiaeconomica.com.br\/wp\/2021\/06\/04\/franca-abre-fronteira-para-turistas-brasil-fica-na-lista-vermelha\/","name":"FRAN\u00c7A ABRE FRONTEIRA; BRASIL FICA NA \u2018LISTA VERMELHA\u2019 - Bahia Economica","isPartOf":{"@id":"https:\/\/bahiaeconomica.com.br\/wp\/#website"},"datePublished":"2021-06-04T19:55:05+00:00","dateModified":"2021-06-04T19:57:20+00:00","description":"O maior portal de Economia da Bahia DESTAQUE DO DIA, ECONOMIA \/ POL\u00cdTICA Bahia Economica","breadcrumb":{"@id":"https:\/\/bahiaeconomica.com.br\/wp\/2021\/06\/04\/franca-abre-fronteira-para-turistas-brasil-fica-na-lista-vermelha\/#breadcrumb"},"inLanguage":"pt-BR","potentialAction":[{"@type":"ReadAction","target":["https:\/\/bahiaeconomica.com.br\/wp\/2021\/06\/04\/franca-abre-fronteira-para-turistas-brasil-fica-na-lista-vermelha\/"]}]},{"@type":"BreadcrumbList","@id":"https:\/\/bahiaeconomica.com.br\/wp\/2021\/06\/04\/franca-abre-fronteira-para-turistas-brasil-fica-na-lista-vermelha\/#breadcrumb","itemListElement":[{"@type":"ListItem","position":1,"name":"In\u00edcio","item":"https:\/\/bahiaeconomica.com.br\/wp\/"},{"@type":"ListItem","position":2,"name":"FRAN\u00c7A ABRE FRONTEIRA; BRASIL FICA NA \u2018LISTA VERMELHA\u2019"}]},{"@type":"WebSite","@id":"https:\/\/bahiaeconomica.com.br\/wp\/#website","url":"https:\/\/bahiaeconomica.com.br\/wp\/","name":"Bahia Economica","description":"O maior portal de Economia da Bahia","publisher":{"@id":"https:\/\/bahiaeconomica.com.br\/wp\/#organization"},"potentialAction":[{"@type":"SearchAction","target":{"@type":"EntryPoint","urlTemplate":"https:\/\/bahiaeconomica.com.br\/wp\/?s={search_term_string}"},"query-input":"required name=search_term_string"}],"inLanguage":"pt-BR"},{"@type":"Organization","@id":"https:\/\/bahiaeconomica.com.br\/wp\/#organization","name":"Bahia Econ\u00f4mica","url":"https:\/\/bahiaeconomica.com.br\/wp\/","logo":{"@type":"ImageObject","inLanguage":"pt-BR","@id":"https:\/\/bahiaeconomica.com.br\/wp\/#\/schema\/logo\/image\/","url":"https:\/\/bahiaeconomica.com.br\/wp\/wp-content\/uploads\/2020\/12\/cropped-BE.png","contentUrl":"https:\/\/bahiaeconomica.com.br\/wp\/wp-content\/uploads\/2020\/12\/cropped-BE.png","width":512,"height":512,"caption":"Bahia Econ\u00f4mica"},"image":{"@id":"https:\/\/bahiaeconomica.com.br\/wp\/#\/schema\/logo\/image\/"},"sameAs":["https:\/\/www.facebook.com\/bahiaeconomica"]},{"@type":"Person","@id":"https:\/\/bahiaeconomica.com.br\/wp\/#\/schema\/person\/cb1ab5ba96ad3d9390805381c76284ec","name":"admin","url":"https:\/\/bahiaeconomica.com.br\/wp\/author\/admin\/"}]}},"views":4,"_links":{"self":[{"href":"https:\/\/bahiaeconomica.com.br\/wp\/wp-json\/wp\/v2\/posts\/571715"}],"collection":[{"href":"https:\/\/bahiaeconomica.com.br\/wp\/wp-json\/wp\/v2\/posts"}],"about":[{"href":"https:\/\/bahiaeconomica.com.br\/wp\/wp-json\/wp\/v2\/types\/post"}],"author":[{"embeddable":true,"href":"https:\/\/bahiaeconomica.com.br\/wp\/wp-json\/wp\/v2\/users\/1"}],"replies":[{"embeddable":true,"href":"https:\/\/bahiaeconomica.com.br\/wp\/wp-json\/wp\/v2\/comments?post=571715"}],"version-history":[{"count":2,"href":"https:\/\/bahiaeconomica.com.br\/wp\/wp-json\/wp\/v2\/posts\/571715\/revisions"}],"predecessor-version":[{"id":571718,"href":"https:\/\/bahiaeconomica.com.br\/wp\/wp-json\/wp\/v2\/posts\/571715\/revisions\/571718"}],"wp:featuredmedia":[{"embeddable":true,"href":"https:\/\/bahiaeconomica.com.br\/wp\/wp-json\/wp\/v2\/media\/420636"}],"wp:attachment":[{"href":"https:\/\/bahiaeconomica.com.br\/wp\/wp-json\/wp\/v2\/media?parent=571715"}],"wp:term":[{"taxonomy":"category","embeddable":true,"href":"https:\/\/bahiaeconomica.com.br\/wp\/wp-json\/wp\/v2\/categories?post=571715"},{"taxonomy":"post_tag","embeddable":true,"href":"https:\/\/bahiaeconomica.com.br\/wp\/wp-json\/wp\/v2\/tags?post=571715"}],"curies":[{"name":"wp","href":"https:\/\/api.w.org\/{rel}","templated":true}]}}