{"id":571279,"date":"2021-06-02T17:43:58","date_gmt":"2021-06-02T20:43:58","guid":{"rendered":"https:\/\/bahiaeconomica.com.br\/wp\/beta\/?p=571279"},"modified":"2021-06-02T17:43:58","modified_gmt":"2021-06-02T20:43:58","slug":"camara-aprova-mp-que-facilita-o-acesso-a-credito-na-pandemia","status":"publish","type":"post","link":"https:\/\/bahiaeconomica.com.br\/wp\/2021\/06\/02\/camara-aprova-mp-que-facilita-o-acesso-a-credito-na-pandemia\/","title":{"rendered":"C\u00c2MARA APROVA MP QUE FACILITA O ACESSO A CR\u00c9DITO NA PANDEMIA"},"content":{"rendered":"<p>A C\u00e2mara dos Deputados concluiu, na tarde de quarta-feira (2), a vota\u00e7\u00e3o da Medida Provis\u00f3ria 1028\/21, que dispensa os bancos de exigirem documentos de regularidade fiscal na hora do cliente contratar<!--more--> ou renegociar empr\u00e9stimos. O Plen\u00e1rio rejeitou todos os destaques que tentavam alterar o texto do relator, deputado Ricardo Silva (PSB-SP). Uma das principais mudan\u00e7as implementadas pelo substitutivo foi a extens\u00e3o do prazo final da regra de 30 de junho de 2021 para 31 de dezembro deste ano. A mat\u00e9ria ser\u00e1 enviada agora ao Senado.<\/p>\n<p>O presidente do Sebrae, Carlos Melles, destacou o apoio integral ao texto da MP aprovado pelos deputados. \u201cEntendemos que a extens\u00e3o das facilita\u00e7\u00f5es do cr\u00e9dito at\u00e9 31.12.2021, prevista no relat\u00f3rio do Deputado Ricardo Silva, \u00e9 fundamental. Essa medida j\u00e1 havia sido tomada em 2020. A dispensa de verifica\u00e7\u00e3o, durante a pandemia, de certid\u00f5es negativas tribut\u00e1rias e do FGTS \u00e9 uma medida essencial para a sobreviv\u00eancia das MPE nessa crise\u201d, comenta.<\/p>\n<p>Foto: Pablo Valadares\/C\u00e2mara dos Deputados<\/p>\n","protected":false},"excerpt":{"rendered":"<p>A C\u00e2mara dos Deputados concluiu, na tarde de quarta-feira (2), a vota\u00e7\u00e3o da Medida Provis\u00f3ria 1028\/21, que dispensa os bancos de exigirem documentos de regularidade fiscal na hora do cliente contratar<\/p>\n","protected":false},"author":1,"featured_media":568451,"comment_status":"closed","ping_status":"closed","sticky":false,"template":"","format":"standard","meta":[],"categories":[14,3],"tags":[],"acf":[],"yoast_head":"<!-- This site is optimized with the Yoast SEO plugin v20.8 - https:\/\/yoast.com\/wordpress\/plugins\/seo\/ -->\n<title>C\u00c2MARA APROVA MP QUE FACILITA O ACESSO A CR\u00c9DITO NA PANDEMIA - Bahia Economica<\/title>\n<meta name=\"description\" content=\"O maior portal de Economia da Bahia DESTAQUE DO DIA, ECONOMIA \/ POL\u00cdTICA Bahia Economica\" \/>\n<meta name=\"robots\" content=\"index, follow, max-snippet:-1, max-image-preview:large, max-video-preview:-1\" \/>\n<link rel=\"canonical\" href=\"https:\/\/bahiaeconomica.com.br\/wp\/2021\/06\/02\/camara-aprova-mp-que-facilita-o-acesso-a-credito-na-pandemia\/\" \/>\n<meta property=\"og:locale\" content=\"pt_BR\" \/>\n<meta property=\"og:type\" content=\"article\" \/>\n<meta property=\"og:title\" content=\"C\u00c2MARA APROVA MP QUE FACILITA O ACESSO A CR\u00c9DITO NA PANDEMIA - Bahia Economica\" \/>\n<meta property=\"og:description\" content=\"O maior portal de Economia da Bahia DESTAQUE DO DIA, ECONOMIA \/ POL\u00cdTICA Bahia Economica\" \/>\n<meta property=\"og:url\" content=\"https:\/\/bahiaeconomica.com.br\/wp\/2021\/06\/02\/camara-aprova-mp-que-facilita-o-acesso-a-credito-na-pandemia\/\" \/>\n<meta property=\"og:site_name\" content=\"Bahia Economica\" \/>\n<meta property=\"article:publisher\" content=\"https:\/\/www.facebook.com\/bahiaeconomica\" \/>\n<meta property=\"article:published_time\" content=\"2021-06-02T20:43:58+00:00\" \/>\n<meta property=\"og:image\" content=\"https:\/\/bahiaeconomica.com.br\/wp\/wp-content\/uploads\/2021\/05\/camara-1.jpg\" \/>\n\t<meta property=\"og:image:width\" content=\"500\" \/>\n\t<meta property=\"og:image:height\" content=\"333\" \/>\n\t<meta property=\"og:image:type\" content=\"image\/jpeg\" \/>\n<meta name=\"author\" content=\"admin\" \/>\n<meta name=\"twitter:card\" content=\"summary_large_image\" \/>\n<meta name=\"twitter:label1\" content=\"Escrito por\" \/>\n\t<meta name=\"twitter:data1\" content=\"admin\" \/>\n\t<meta name=\"twitter:label2\" content=\"Est. tempo de leitura\" \/>\n\t<meta name=\"twitter:data2\" content=\"1 minuto\" \/>\n<script type=\"application\/ld+json\" class=\"yoast-schema-graph\">{\"@context\":\"https:\/\/schema.org\",\"@graph\":[{\"@type\":\"Article\",\"@id\":\"https:\/\/bahiaeconomica.com.br\/wp\/2021\/06\/02\/camara-aprova-mp-que-facilita-o-acesso-a-credito-na-pandemia\/#article\",\"isPartOf\":{\"@id\":\"https:\/\/bahiaeconomica.com.br\/wp\/2021\/06\/02\/camara-aprova-mp-que-facilita-o-acesso-a-credito-na-pandemia\/\"},\"author\":{\"name\":\"admin\",\"@id\":\"https:\/\/bahiaeconomica.com.br\/wp\/#\/schema\/person\/cb1ab5ba96ad3d9390805381c76284ec\"},\"headline\":\"C\u00c2MARA APROVA MP QUE FACILITA O ACESSO A CR\u00c9DITO NA PANDEMIA\",\"datePublished\":\"2021-06-02T20:43:58+00:00\",\"dateModified\":\"2021-06-02T20:43:58+00:00\",\"mainEntityOfPage\":{\"@id\":\"https:\/\/bahiaeconomica.com.br\/wp\/2021\/06\/02\/camara-aprova-mp-que-facilita-o-acesso-a-credito-na-pandemia\/\"},\"wordCount\":182,\"publisher\":{\"@id\":\"https:\/\/bahiaeconomica.com.br\/wp\/#organization\"},\"articleSection\":[\"DESTAQUE DO DIA\",\"ECONOMIA \/ POL\u00cdTICA\"],\"inLanguage\":\"pt-BR\"},{\"@type\":\"WebPage\",\"@id\":\"https:\/\/bahiaeconomica.com.br\/wp\/2021\/06\/02\/camara-aprova-mp-que-facilita-o-acesso-a-credito-na-pandemia\/\",\"url\":\"https:\/\/bahiaeconomica.com.br\/wp\/2021\/06\/02\/camara-aprova-mp-que-facilita-o-acesso-a-credito-na-pandemia\/\",\"name\":\"C\u00c2MARA APROVA MP QUE FACILITA O ACESSO A CR\u00c9DITO NA PANDEMIA - Bahia Economica\",\"isPartOf\":{\"@id\":\"https:\/\/bahiaeconomica.com.br\/wp\/#website\"},\"datePublished\":\"2021-06-02T20:43:58+00:00\",\"dateModified\":\"2021-06-02T20:43:58+00:00\",\"description\":\"O maior portal de Economia da Bahia DESTAQUE DO DIA, ECONOMIA \/ POL\u00cdTICA Bahia Economica\",\"breadcrumb\":{\"@id\":\"https:\/\/bahiaeconomica.com.br\/wp\/2021\/06\/02\/camara-aprova-mp-que-facilita-o-acesso-a-credito-na-pandemia\/#breadcrumb\"},\"inLanguage\":\"pt-BR\",\"potentialAction\":[{\"@type\":\"ReadAction\",\"target\":[\"https:\/\/bahiaeconomica.com.br\/wp\/2021\/06\/02\/camara-aprova-mp-que-facilita-o-acesso-a-credito-na-pandemia\/\"]}]},{\"@type\":\"BreadcrumbList\",\"@id\":\"https:\/\/bahiaeconomica.com.br\/wp\/2021\/06\/02\/camara-aprova-mp-que-facilita-o-acesso-a-credito-na-pandemia\/#breadcrumb\",\"itemListElement\":[{\"@type\":\"ListItem\",\"position\":1,\"name\":\"In\u00edcio\",\"item\":\"https:\/\/bahiaeconomica.com.br\/wp\/\"},{\"@type\":\"ListItem\",\"position\":2,\"name\":\"C\u00c2MARA APROVA MP QUE FACILITA O ACESSO A CR\u00c9DITO NA PANDEMIA\"}]},{\"@type\":\"WebSite\",\"@id\":\"https:\/\/bahiaeconomica.com.br\/wp\/#website\",\"url\":\"https:\/\/bahiaeconomica.com.br\/wp\/\",\"name\":\"Bahia Economica\",\"description\":\"O maior portal de Economia da Bahia\",\"publisher\":{\"@id\":\"https:\/\/bahiaeconomica.com.br\/wp\/#organization\"},\"potentialAction\":[{\"@type\":\"SearchAction\",\"target\":{\"@type\":\"EntryPoint\",\"urlTemplate\":\"https:\/\/bahiaeconomica.com.br\/wp\/?s={search_term_string}\"},\"query-input\":\"required name=search_term_string\"}],\"inLanguage\":\"pt-BR\"},{\"@type\":\"Organization\",\"@id\":\"https:\/\/bahiaeconomica.com.br\/wp\/#organization\",\"name\":\"Bahia Econ\u00f4mica\",\"url\":\"https:\/\/bahiaeconomica.com.br\/wp\/\",\"logo\":{\"@type\":\"ImageObject\",\"inLanguage\":\"pt-BR\",\"@id\":\"https:\/\/bahiaeconomica.com.br\/wp\/#\/schema\/logo\/image\/\",\"url\":\"https:\/\/bahiaeconomica.com.br\/wp\/wp-content\/uploads\/2020\/12\/cropped-BE.png\",\"contentUrl\":\"https:\/\/bahiaeconomica.com.br\/wp\/wp-content\/uploads\/2020\/12\/cropped-BE.png\",\"width\":512,\"height\":512,\"caption\":\"Bahia Econ\u00f4mica\"},\"image\":{\"@id\":\"https:\/\/bahiaeconomica.com.br\/wp\/#\/schema\/logo\/image\/\"},\"sameAs\":[\"https:\/\/www.facebook.com\/bahiaeconomica\"]},{\"@type\":\"Person\",\"@id\":\"https:\/\/bahiaeconomica.com.br\/wp\/#\/schema\/person\/cb1ab5ba96ad3d9390805381c76284ec\",\"name\":\"admin\",\"url\":\"https:\/\/bahiaeconomica.com.br\/wp\/author\/admin\/\"}]}<\/script>\n<!-- \/ Yoast SEO plugin. -->","yoast_head_json":{"title":"C\u00c2MARA APROVA MP QUE FACILITA O ACESSO A CR\u00c9DITO NA PANDEMIA - Bahia Economica","description":"O maior portal de Economia da Bahia DESTAQUE DO DIA, ECONOMIA \/ POL\u00cdTICA Bahia Economica","robots":{"index":"index","follow":"follow","max-snippet":"max-snippet:-1","max-image-preview":"max-image-preview:large","max-video-preview":"max-video-preview:-1"},"canonical":"https:\/\/bahiaeconomica.com.br\/wp\/2021\/06\/02\/camara-aprova-mp-que-facilita-o-acesso-a-credito-na-pandemia\/","og_locale":"pt_BR","og_type":"article","og_title":"C\u00c2MARA APROVA MP QUE FACILITA O ACESSO A CR\u00c9DITO NA PANDEMIA - Bahia Economica","og_description":"O maior portal de Economia da Bahia DESTAQUE DO DIA, ECONOMIA \/ POL\u00cdTICA Bahia Economica","og_url":"https:\/\/bahiaeconomica.com.br\/wp\/2021\/06\/02\/camara-aprova-mp-que-facilita-o-acesso-a-credito-na-pandemia\/","og_site_name":"Bahia Economica","article_publisher":"https:\/\/www.facebook.com\/bahiaeconomica","article_published_time":"2021-06-02T20:43:58+00:00","og_image":[{"width":500,"height":333,"url":"https:\/\/bahiaeconomica.com.br\/wp\/wp-content\/uploads\/2021\/05\/camara-1.jpg","type":"image\/jpeg"}],"author":"admin","twitter_card":"summary_large_image","twitter_misc":{"Escrito por":"admin","Est. tempo de leitura":"1 minuto"},"schema":{"@context":"https:\/\/schema.org","@graph":[{"@type":"Article","@id":"https:\/\/bahiaeconomica.com.br\/wp\/2021\/06\/02\/camara-aprova-mp-que-facilita-o-acesso-a-credito-na-pandemia\/#article","isPartOf":{"@id":"https:\/\/bahiaeconomica.com.br\/wp\/2021\/06\/02\/camara-aprova-mp-que-facilita-o-acesso-a-credito-na-pandemia\/"},"author":{"name":"admin","@id":"https:\/\/bahiaeconomica.com.br\/wp\/#\/schema\/person\/cb1ab5ba96ad3d9390805381c76284ec"},"headline":"C\u00c2MARA APROVA MP QUE FACILITA O ACESSO A CR\u00c9DITO NA PANDEMIA","datePublished":"2021-06-02T20:43:58+00:00","dateModified":"2021-06-02T20:43:58+00:00","mainEntityOfPage":{"@id":"https:\/\/bahiaeconomica.com.br\/wp\/2021\/06\/02\/camara-aprova-mp-que-facilita-o-acesso-a-credito-na-pandemia\/"},"wordCount":182,"publisher":{"@id":"https:\/\/bahiaeconomica.com.br\/wp\/#organization"},"articleSection":["DESTAQUE DO DIA","ECONOMIA \/ POL\u00cdTICA"],"inLanguage":"pt-BR"},{"@type":"WebPage","@id":"https:\/\/bahiaeconomica.com.br\/wp\/2021\/06\/02\/camara-aprova-mp-que-facilita-o-acesso-a-credito-na-pandemia\/","url":"https:\/\/bahiaeconomica.com.br\/wp\/2021\/06\/02\/camara-aprova-mp-que-facilita-o-acesso-a-credito-na-pandemia\/","name":"C\u00c2MARA APROVA MP QUE FACILITA O ACESSO A CR\u00c9DITO NA PANDEMIA - Bahia Economica","isPartOf":{"@id":"https:\/\/bahiaeconomica.com.br\/wp\/#website"},"datePublished":"2021-06-02T20:43:58+00:00","dateModified":"2021-06-02T20:43:58+00:00","description":"O maior portal de Economia da Bahia DESTAQUE DO DIA, ECONOMIA \/ POL\u00cdTICA Bahia Economica","breadcrumb":{"@id":"https:\/\/bahiaeconomica.com.br\/wp\/2021\/06\/02\/camara-aprova-mp-que-facilita-o-acesso-a-credito-na-pandemia\/#breadcrumb"},"inLanguage":"pt-BR","potentialAction":[{"@type":"ReadAction","target":["https:\/\/bahiaeconomica.com.br\/wp\/2021\/06\/02\/camara-aprova-mp-que-facilita-o-acesso-a-credito-na-pandemia\/"]}]},{"@type":"BreadcrumbList","@id":"https:\/\/bahiaeconomica.com.br\/wp\/2021\/06\/02\/camara-aprova-mp-que-facilita-o-acesso-a-credito-na-pandemia\/#breadcrumb","itemListElement":[{"@type":"ListItem","position":1,"name":"In\u00edcio","item":"https:\/\/bahiaeconomica.com.br\/wp\/"},{"@type":"ListItem","position":2,"name":"C\u00c2MARA APROVA MP QUE FACILITA O ACESSO A CR\u00c9DITO NA PANDEMIA"}]},{"@type":"WebSite","@id":"https:\/\/bahiaeconomica.com.br\/wp\/#website","url":"https:\/\/bahiaeconomica.com.br\/wp\/","name":"Bahia Economica","description":"O maior portal de Economia da Bahia","publisher":{"@id":"https:\/\/bahiaeconomica.com.br\/wp\/#organization"},"potentialAction":[{"@type":"SearchAction","target":{"@type":"EntryPoint","urlTemplate":"https:\/\/bahiaeconomica.com.br\/wp\/?s={search_term_string}"},"query-input":"required name=search_term_string"}],"inLanguage":"pt-BR"},{"@type":"Organization","@id":"https:\/\/bahiaeconomica.com.br\/wp\/#organization","name":"Bahia Econ\u00f4mica","url":"https:\/\/bahiaeconomica.com.br\/wp\/","logo":{"@type":"ImageObject","inLanguage":"pt-BR","@id":"https:\/\/bahiaeconomica.com.br\/wp\/#\/schema\/logo\/image\/","url":"https:\/\/bahiaeconomica.com.br\/wp\/wp-content\/uploads\/2020\/12\/cropped-BE.png","contentUrl":"https:\/\/bahiaeconomica.com.br\/wp\/wp-content\/uploads\/2020\/12\/cropped-BE.png","width":512,"height":512,"caption":"Bahia Econ\u00f4mica"},"image":{"@id":"https:\/\/bahiaeconomica.com.br\/wp\/#\/schema\/logo\/image\/"},"sameAs":["https:\/\/www.facebook.com\/bahiaeconomica"]},{"@type":"Person","@id":"https:\/\/bahiaeconomica.com.br\/wp\/#\/schema\/person\/cb1ab5ba96ad3d9390805381c76284ec","name":"admin","url":"https:\/\/bahiaeconomica.com.br\/wp\/author\/admin\/"}]}},"views":1,"_links":{"self":[{"href":"https:\/\/bahiaeconomica.com.br\/wp\/wp-json\/wp\/v2\/posts\/571279"}],"collection":[{"href":"https:\/\/bahiaeconomica.com.br\/wp\/wp-json\/wp\/v2\/posts"}],"about":[{"href":"https:\/\/bahiaeconomica.com.br\/wp\/wp-json\/wp\/v2\/types\/post"}],"author":[{"embeddable":true,"href":"https:\/\/bahiaeconomica.com.br\/wp\/wp-json\/wp\/v2\/users\/1"}],"replies":[{"embeddable":true,"href":"https:\/\/bahiaeconomica.com.br\/wp\/wp-json\/wp\/v2\/comments?post=571279"}],"version-history":[{"count":1,"href":"https:\/\/bahiaeconomica.com.br\/wp\/wp-json\/wp\/v2\/posts\/571279\/revisions"}],"predecessor-version":[{"id":571283,"href":"https:\/\/bahiaeconomica.com.br\/wp\/wp-json\/wp\/v2\/posts\/571279\/revisions\/571283"}],"wp:featuredmedia":[{"embeddable":true,"href":"https:\/\/bahiaeconomica.com.br\/wp\/wp-json\/wp\/v2\/media\/568451"}],"wp:attachment":[{"href":"https:\/\/bahiaeconomica.com.br\/wp\/wp-json\/wp\/v2\/media?parent=571279"}],"wp:term":[{"taxonomy":"category","embeddable":true,"href":"https:\/\/bahiaeconomica.com.br\/wp\/wp-json\/wp\/v2\/categories?post=571279"},{"taxonomy":"post_tag","embeddable":true,"href":"https:\/\/bahiaeconomica.com.br\/wp\/wp-json\/wp\/v2\/tags?post=571279"}],"curies":[{"name":"wp","href":"https:\/\/api.w.org\/{rel}","templated":true}]}}