{"id":570346,"date":"2021-05-31T17:00:22","date_gmt":"2021-05-31T20:00:22","guid":{"rendered":"https:\/\/bahiaeconomica.com.br\/wp\/beta\/?p=570346"},"modified":"2021-05-31T17:04:03","modified_gmt":"2021-05-31T20:04:03","slug":"com-emendas-camara-aprova-projeto-que-aliena-22-terrenos-em-salvador","status":"publish","type":"post","link":"https:\/\/bahiaeconomica.com.br\/wp\/2021\/05\/31\/com-emendas-camara-aprova-projeto-que-aliena-22-terrenos-em-salvador\/","title":{"rendered":"C\u00c2MARA APROVA PROJETO QUE ALIENA 22 TERRENOS EM SALVADOR; OPOSI\u00c7\u00c3O DIZ QUE FALTOU DI\u00c1LOGO"},"content":{"rendered":"<p>A C\u00e2mara aprovou o Projeto de Lei n\u00ba 136\/21, de autoria do Executivo, que trata da desafeta\u00e7\u00e3o e aliena\u00e7\u00e3o de 22 terrenos pertencentes \u00e0 Prefeitura<!--more-->. Ainda na 19\u00aa Sess\u00e3o Ordin\u00e1ria da 19\u00aa Legislatura, na tarde desta segunda-feira (31), os vereadores aprovaram o Projeto de Lei n\u00ba 161\/20, da Mesa Executiva, que trata do enquadramento de 10 servidores da Prefeitura no quadro de servidores da Casa. A sess\u00e3o semipresencial a partir do Plen\u00e1rio Cosme de Farias foi conduzida pelo presidente Geraldo J\u00fanior (MDB).<\/p>\n<p>O PL n\u00ba 136\/21 ganhou quatro emendas, sendo tr\u00eas de autoria do vereador e jurista Edvaldo Brito (PSD) e uma de Luiz Carlos Su\u00edca (PT). As emendas visam aprimorar o texto do Executivo. N\u00e3o concordaram com a aprova\u00e7\u00e3o da mat\u00e9ria os vereadores do PT Tiago Ferreira, Maria Marighella e Marta Rodrigues, os vereadores do PCdoB H\u00e9lio Ferreira e Augusto Vasconcelos e, ainda, os vereadores S\u00edlvio Humberto (PSB) e Laina Pretas por Salvador (PSOL).<\/p>\n<p>Na declara\u00e7\u00e3o de voto, Marta Rodrigues considerou que \u201cfaltou dialogar com a popula\u00e7\u00e3o\u201d. Para Maria Marighella, \u00e9 inadmiss\u00edvel \u201caceitar a perda de patrim\u00f4nio p\u00fablico\u201d. Laina Pretas por Salvador observou a \u201cn\u00e3o realiza\u00e7\u00e3o de audi\u00eancia p\u00fablica\u201d e Augusto Vasconcelos destacou que \u201ca Prefeitura rasgou a Lei Org\u00e2nica do Munic\u00edpio\u201d.<\/p>\n<p>Na declara\u00e7\u00e3o de voto em defesa do projeto, o vereador Henrique Carballal (PDT) contestou argumentos da oposi\u00e7\u00e3o e trouxe para o debate a aliena\u00e7\u00e3o e desafeta\u00e7\u00e3o de \u00e1reas pertencentes ao Estado da Bahia e que foram aprovadas pela Assembleia durante o processo de implanta\u00e7\u00e3o do metr\u00f4 de Salvador. Por sua vez, o vereador Edvaldo Brito afirmou que ficou por mais de 15 dias debru\u00e7ado sobre o projeto, estudando e aprimorando dentro do campo jur\u00eddico.<\/p>\n<p><strong>Desafeta\u00e7\u00e3o e aliena\u00e7\u00e3o<\/strong><\/p>\n<p>O Projeto de Lei n\u00ba 136\/21 pede autoriza\u00e7\u00e3o da C\u00e2mara Municipal de Salvador para o Poder Executivo desafetar e alienar 22 terrenos pertencentes \u00e0 Prefeitura Municipal de Salvador, \u201cpermitindo o desenvolvimento do potencial urban\u00edstico e econ\u00f4mico de lotes hoje subutilizados\u201d.<\/p>\n<p>Conforme o Executivo, a proposta visa aumentar o dinamismo da cidade, com resultados positivos para a sociedade e a capta\u00e7\u00e3o desses recursos para investimentos, permitindo uma maior utiliza\u00e7\u00e3o das receitas tribut\u00e1rias e de transfer\u00eancias para a amplia\u00e7\u00e3o das a\u00e7\u00f5es nas \u00e1reas sociais, tais como educa\u00e7\u00e3o, sa\u00fade e promo\u00e7\u00e3o social, principalmente neste momento em que a pandemia da Covid-19 vem provocando graves consequ\u00eancias sobre as vidas dos soteropolitanos.<\/p>\n<p>Conforme a mensagem, as \u00e1reas alien\u00e1veis s\u00e3o as seguintes, por localiza\u00e7\u00e3o e quantidade: Ondina (4), Itapu\u00e3 (3), Stella Maria (3), Piat\u00e3 (3), Piraj\u00e1 (2), Pernambu\u00e9s (1), Pituba (1), Cabula (1), Mata Escura (1), Itaigara (1), Barra (1) e Federa\u00e7\u00e3o (1).<\/p>\n<p>Foto: Assessoria<\/p>\n","protected":false},"excerpt":{"rendered":"<p>A C\u00e2mara aprovou o Projeto de Lei n\u00ba 136\/21, de autoria do Executivo, que trata da desafeta\u00e7\u00e3o e aliena\u00e7\u00e3o de 22 terrenos pertencentes \u00e0 Prefeitura<\/p>\n","protected":false},"author":1,"featured_media":570352,"comment_status":"closed","ping_status":"closed","sticky":false,"template":"","format":"standard","meta":[],"categories":[3],"tags":[],"acf":[],"yoast_head":"<!-- This site is optimized with the Yoast SEO plugin v20.8 - https:\/\/yoast.com\/wordpress\/plugins\/seo\/ -->\n<title>C\u00c2MARA APROVA PROJETO QUE ALIENA 22 TERRENOS EM SALVADOR; OPOSI\u00c7\u00c3O DIZ QUE FALTOU DI\u00c1LOGO - Bahia Economica<\/title>\n<meta name=\"description\" content=\"O maior portal de Economia da Bahia ECONOMIA \/ POL\u00cdTICA Bahia Economica\" \/>\n<meta name=\"robots\" content=\"index, follow, max-snippet:-1, max-image-preview:large, max-video-preview:-1\" \/>\n<link rel=\"canonical\" href=\"https:\/\/bahiaeconomica.com.br\/wp\/2021\/05\/31\/com-emendas-camara-aprova-projeto-que-aliena-22-terrenos-em-salvador\/\" \/>\n<meta property=\"og:locale\" content=\"pt_BR\" \/>\n<meta property=\"og:type\" content=\"article\" \/>\n<meta property=\"og:title\" content=\"C\u00c2MARA APROVA PROJETO QUE ALIENA 22 TERRENOS EM SALVADOR; OPOSI\u00c7\u00c3O DIZ QUE FALTOU DI\u00c1LOGO - Bahia Economica\" \/>\n<meta property=\"og:description\" content=\"O maior portal de Economia da Bahia ECONOMIA \/ POL\u00cdTICA Bahia Economica\" \/>\n<meta property=\"og:url\" content=\"https:\/\/bahiaeconomica.com.br\/wp\/2021\/05\/31\/com-emendas-camara-aprova-projeto-que-aliena-22-terrenos-em-salvador\/\" \/>\n<meta property=\"og:site_name\" content=\"Bahia Economica\" \/>\n<meta property=\"article:publisher\" content=\"https:\/\/www.facebook.com\/bahiaeconomica\" \/>\n<meta property=\"article:published_time\" content=\"2021-05-31T20:00:22+00:00\" \/>\n<meta property=\"article:modified_time\" content=\"2021-05-31T20:04:03+00:00\" \/>\n<meta property=\"og:image\" content=\"https:\/\/bahiaeconomica.com.br\/wp\/wp-content\/uploads\/2021\/05\/Sem-titulo-6.jpg\" \/>\n\t<meta property=\"og:image:width\" content=\"658\" \/>\n\t<meta property=\"og:image:height\" content=\"465\" \/>\n\t<meta property=\"og:image:type\" content=\"image\/jpeg\" \/>\n<meta name=\"author\" content=\"admin\" \/>\n<meta name=\"twitter:card\" content=\"summary_large_image\" \/>\n<meta name=\"twitter:label1\" content=\"Escrito por\" \/>\n\t<meta name=\"twitter:data1\" content=\"admin\" \/>\n\t<meta name=\"twitter:label2\" content=\"Est. tempo de leitura\" \/>\n\t<meta name=\"twitter:data2\" content=\"2 minutos\" \/>\n<script type=\"application\/ld+json\" class=\"yoast-schema-graph\">{\"@context\":\"https:\/\/schema.org\",\"@graph\":[{\"@type\":\"Article\",\"@id\":\"https:\/\/bahiaeconomica.com.br\/wp\/2021\/05\/31\/com-emendas-camara-aprova-projeto-que-aliena-22-terrenos-em-salvador\/#article\",\"isPartOf\":{\"@id\":\"https:\/\/bahiaeconomica.com.br\/wp\/2021\/05\/31\/com-emendas-camara-aprova-projeto-que-aliena-22-terrenos-em-salvador\/\"},\"author\":{\"name\":\"admin\",\"@id\":\"https:\/\/bahiaeconomica.com.br\/wp\/#\/schema\/person\/cb1ab5ba96ad3d9390805381c76284ec\"},\"headline\":\"C\u00c2MARA APROVA PROJETO QUE ALIENA 22 TERRENOS EM SALVADOR; OPOSI\u00c7\u00c3O DIZ QUE FALTOU DI\u00c1LOGO\",\"datePublished\":\"2021-05-31T20:00:22+00:00\",\"dateModified\":\"2021-05-31T20:04:03+00:00\",\"mainEntityOfPage\":{\"@id\":\"https:\/\/bahiaeconomica.com.br\/wp\/2021\/05\/31\/com-emendas-camara-aprova-projeto-que-aliena-22-terrenos-em-salvador\/\"},\"wordCount\":473,\"publisher\":{\"@id\":\"https:\/\/bahiaeconomica.com.br\/wp\/#organization\"},\"articleSection\":[\"ECONOMIA \/ POL\u00cdTICA\"],\"inLanguage\":\"pt-BR\"},{\"@type\":\"WebPage\",\"@id\":\"https:\/\/bahiaeconomica.com.br\/wp\/2021\/05\/31\/com-emendas-camara-aprova-projeto-que-aliena-22-terrenos-em-salvador\/\",\"url\":\"https:\/\/bahiaeconomica.com.br\/wp\/2021\/05\/31\/com-emendas-camara-aprova-projeto-que-aliena-22-terrenos-em-salvador\/\",\"name\":\"C\u00c2MARA APROVA PROJETO QUE ALIENA 22 TERRENOS EM SALVADOR; OPOSI\u00c7\u00c3O DIZ QUE FALTOU DI\u00c1LOGO - Bahia Economica\",\"isPartOf\":{\"@id\":\"https:\/\/bahiaeconomica.com.br\/wp\/#website\"},\"datePublished\":\"2021-05-31T20:00:22+00:00\",\"dateModified\":\"2021-05-31T20:04:03+00:00\",\"description\":\"O maior portal de Economia da Bahia ECONOMIA \/ POL\u00cdTICA Bahia Economica\",\"breadcrumb\":{\"@id\":\"https:\/\/bahiaeconomica.com.br\/wp\/2021\/05\/31\/com-emendas-camara-aprova-projeto-que-aliena-22-terrenos-em-salvador\/#breadcrumb\"},\"inLanguage\":\"pt-BR\",\"potentialAction\":[{\"@type\":\"ReadAction\",\"target\":[\"https:\/\/bahiaeconomica.com.br\/wp\/2021\/05\/31\/com-emendas-camara-aprova-projeto-que-aliena-22-terrenos-em-salvador\/\"]}]},{\"@type\":\"BreadcrumbList\",\"@id\":\"https:\/\/bahiaeconomica.com.br\/wp\/2021\/05\/31\/com-emendas-camara-aprova-projeto-que-aliena-22-terrenos-em-salvador\/#breadcrumb\",\"itemListElement\":[{\"@type\":\"ListItem\",\"position\":1,\"name\":\"In\u00edcio\",\"item\":\"https:\/\/bahiaeconomica.com.br\/wp\/\"},{\"@type\":\"ListItem\",\"position\":2,\"name\":\"C\u00c2MARA APROVA PROJETO QUE ALIENA 22 TERRENOS EM SALVADOR; OPOSI\u00c7\u00c3O DIZ QUE FALTOU DI\u00c1LOGO\"}]},{\"@type\":\"WebSite\",\"@id\":\"https:\/\/bahiaeconomica.com.br\/wp\/#website\",\"url\":\"https:\/\/bahiaeconomica.com.br\/wp\/\",\"name\":\"Bahia Economica\",\"description\":\"O maior portal de Economia da Bahia\",\"publisher\":{\"@id\":\"https:\/\/bahiaeconomica.com.br\/wp\/#organization\"},\"potentialAction\":[{\"@type\":\"SearchAction\",\"target\":{\"@type\":\"EntryPoint\",\"urlTemplate\":\"https:\/\/bahiaeconomica.com.br\/wp\/?s={search_term_string}\"},\"query-input\":\"required name=search_term_string\"}],\"inLanguage\":\"pt-BR\"},{\"@type\":\"Organization\",\"@id\":\"https:\/\/bahiaeconomica.com.br\/wp\/#organization\",\"name\":\"Bahia Econ\u00f4mica\",\"url\":\"https:\/\/bahiaeconomica.com.br\/wp\/\",\"logo\":{\"@type\":\"ImageObject\",\"inLanguage\":\"pt-BR\",\"@id\":\"https:\/\/bahiaeconomica.com.br\/wp\/#\/schema\/logo\/image\/\",\"url\":\"https:\/\/bahiaeconomica.com.br\/wp\/wp-content\/uploads\/2020\/12\/cropped-BE.png\",\"contentUrl\":\"https:\/\/bahiaeconomica.com.br\/wp\/wp-content\/uploads\/2020\/12\/cropped-BE.png\",\"width\":512,\"height\":512,\"caption\":\"Bahia Econ\u00f4mica\"},\"image\":{\"@id\":\"https:\/\/bahiaeconomica.com.br\/wp\/#\/schema\/logo\/image\/\"},\"sameAs\":[\"https:\/\/www.facebook.com\/bahiaeconomica\"]},{\"@type\":\"Person\",\"@id\":\"https:\/\/bahiaeconomica.com.br\/wp\/#\/schema\/person\/cb1ab5ba96ad3d9390805381c76284ec\",\"name\":\"admin\",\"url\":\"https:\/\/bahiaeconomica.com.br\/wp\/author\/admin\/\"}]}<\/script>\n<!-- \/ Yoast SEO plugin. -->","yoast_head_json":{"title":"C\u00c2MARA APROVA PROJETO QUE ALIENA 22 TERRENOS EM SALVADOR; OPOSI\u00c7\u00c3O DIZ QUE FALTOU DI\u00c1LOGO - Bahia Economica","description":"O maior portal de Economia da Bahia ECONOMIA \/ POL\u00cdTICA Bahia Economica","robots":{"index":"index","follow":"follow","max-snippet":"max-snippet:-1","max-image-preview":"max-image-preview:large","max-video-preview":"max-video-preview:-1"},"canonical":"https:\/\/bahiaeconomica.com.br\/wp\/2021\/05\/31\/com-emendas-camara-aprova-projeto-que-aliena-22-terrenos-em-salvador\/","og_locale":"pt_BR","og_type":"article","og_title":"C\u00c2MARA APROVA PROJETO QUE ALIENA 22 TERRENOS EM SALVADOR; OPOSI\u00c7\u00c3O DIZ QUE FALTOU DI\u00c1LOGO - Bahia Economica","og_description":"O maior portal de Economia da Bahia ECONOMIA \/ POL\u00cdTICA Bahia Economica","og_url":"https:\/\/bahiaeconomica.com.br\/wp\/2021\/05\/31\/com-emendas-camara-aprova-projeto-que-aliena-22-terrenos-em-salvador\/","og_site_name":"Bahia Economica","article_publisher":"https:\/\/www.facebook.com\/bahiaeconomica","article_published_time":"2021-05-31T20:00:22+00:00","article_modified_time":"2021-05-31T20:04:03+00:00","og_image":[{"width":658,"height":465,"url":"https:\/\/bahiaeconomica.com.br\/wp\/wp-content\/uploads\/2021\/05\/Sem-titulo-6.jpg","type":"image\/jpeg"}],"author":"admin","twitter_card":"summary_large_image","twitter_misc":{"Escrito por":"admin","Est. tempo de leitura":"2 minutos"},"schema":{"@context":"https:\/\/schema.org","@graph":[{"@type":"Article","@id":"https:\/\/bahiaeconomica.com.br\/wp\/2021\/05\/31\/com-emendas-camara-aprova-projeto-que-aliena-22-terrenos-em-salvador\/#article","isPartOf":{"@id":"https:\/\/bahiaeconomica.com.br\/wp\/2021\/05\/31\/com-emendas-camara-aprova-projeto-que-aliena-22-terrenos-em-salvador\/"},"author":{"name":"admin","@id":"https:\/\/bahiaeconomica.com.br\/wp\/#\/schema\/person\/cb1ab5ba96ad3d9390805381c76284ec"},"headline":"C\u00c2MARA APROVA PROJETO QUE ALIENA 22 TERRENOS EM SALVADOR; OPOSI\u00c7\u00c3O DIZ QUE FALTOU DI\u00c1LOGO","datePublished":"2021-05-31T20:00:22+00:00","dateModified":"2021-05-31T20:04:03+00:00","mainEntityOfPage":{"@id":"https:\/\/bahiaeconomica.com.br\/wp\/2021\/05\/31\/com-emendas-camara-aprova-projeto-que-aliena-22-terrenos-em-salvador\/"},"wordCount":473,"publisher":{"@id":"https:\/\/bahiaeconomica.com.br\/wp\/#organization"},"articleSection":["ECONOMIA \/ POL\u00cdTICA"],"inLanguage":"pt-BR"},{"@type":"WebPage","@id":"https:\/\/bahiaeconomica.com.br\/wp\/2021\/05\/31\/com-emendas-camara-aprova-projeto-que-aliena-22-terrenos-em-salvador\/","url":"https:\/\/bahiaeconomica.com.br\/wp\/2021\/05\/31\/com-emendas-camara-aprova-projeto-que-aliena-22-terrenos-em-salvador\/","name":"C\u00c2MARA APROVA PROJETO QUE ALIENA 22 TERRENOS EM SALVADOR; OPOSI\u00c7\u00c3O DIZ QUE FALTOU DI\u00c1LOGO - Bahia Economica","isPartOf":{"@id":"https:\/\/bahiaeconomica.com.br\/wp\/#website"},"datePublished":"2021-05-31T20:00:22+00:00","dateModified":"2021-05-31T20:04:03+00:00","description":"O maior portal de Economia da Bahia ECONOMIA \/ POL\u00cdTICA Bahia Economica","breadcrumb":{"@id":"https:\/\/bahiaeconomica.com.br\/wp\/2021\/05\/31\/com-emendas-camara-aprova-projeto-que-aliena-22-terrenos-em-salvador\/#breadcrumb"},"inLanguage":"pt-BR","potentialAction":[{"@type":"ReadAction","target":["https:\/\/bahiaeconomica.com.br\/wp\/2021\/05\/31\/com-emendas-camara-aprova-projeto-que-aliena-22-terrenos-em-salvador\/"]}]},{"@type":"BreadcrumbList","@id":"https:\/\/bahiaeconomica.com.br\/wp\/2021\/05\/31\/com-emendas-camara-aprova-projeto-que-aliena-22-terrenos-em-salvador\/#breadcrumb","itemListElement":[{"@type":"ListItem","position":1,"name":"In\u00edcio","item":"https:\/\/bahiaeconomica.com.br\/wp\/"},{"@type":"ListItem","position":2,"name":"C\u00c2MARA APROVA PROJETO QUE ALIENA 22 TERRENOS EM SALVADOR; OPOSI\u00c7\u00c3O DIZ QUE FALTOU DI\u00c1LOGO"}]},{"@type":"WebSite","@id":"https:\/\/bahiaeconomica.com.br\/wp\/#website","url":"https:\/\/bahiaeconomica.com.br\/wp\/","name":"Bahia Economica","description":"O maior portal de Economia da Bahia","publisher":{"@id":"https:\/\/bahiaeconomica.com.br\/wp\/#organization"},"potentialAction":[{"@type":"SearchAction","target":{"@type":"EntryPoint","urlTemplate":"https:\/\/bahiaeconomica.com.br\/wp\/?s={search_term_string}"},"query-input":"required name=search_term_string"}],"inLanguage":"pt-BR"},{"@type":"Organization","@id":"https:\/\/bahiaeconomica.com.br\/wp\/#organization","name":"Bahia Econ\u00f4mica","url":"https:\/\/bahiaeconomica.com.br\/wp\/","logo":{"@type":"ImageObject","inLanguage":"pt-BR","@id":"https:\/\/bahiaeconomica.com.br\/wp\/#\/schema\/logo\/image\/","url":"https:\/\/bahiaeconomica.com.br\/wp\/wp-content\/uploads\/2020\/12\/cropped-BE.png","contentUrl":"https:\/\/bahiaeconomica.com.br\/wp\/wp-content\/uploads\/2020\/12\/cropped-BE.png","width":512,"height":512,"caption":"Bahia Econ\u00f4mica"},"image":{"@id":"https:\/\/bahiaeconomica.com.br\/wp\/#\/schema\/logo\/image\/"},"sameAs":["https:\/\/www.facebook.com\/bahiaeconomica"]},{"@type":"Person","@id":"https:\/\/bahiaeconomica.com.br\/wp\/#\/schema\/person\/cb1ab5ba96ad3d9390805381c76284ec","name":"admin","url":"https:\/\/bahiaeconomica.com.br\/wp\/author\/admin\/"}]}},"views":7,"_links":{"self":[{"href":"https:\/\/bahiaeconomica.com.br\/wp\/wp-json\/wp\/v2\/posts\/570346"}],"collection":[{"href":"https:\/\/bahiaeconomica.com.br\/wp\/wp-json\/wp\/v2\/posts"}],"about":[{"href":"https:\/\/bahiaeconomica.com.br\/wp\/wp-json\/wp\/v2\/types\/post"}],"author":[{"embeddable":true,"href":"https:\/\/bahiaeconomica.com.br\/wp\/wp-json\/wp\/v2\/users\/1"}],"replies":[{"embeddable":true,"href":"https:\/\/bahiaeconomica.com.br\/wp\/wp-json\/wp\/v2\/comments?post=570346"}],"version-history":[{"count":3,"href":"https:\/\/bahiaeconomica.com.br\/wp\/wp-json\/wp\/v2\/posts\/570346\/revisions"}],"predecessor-version":[{"id":570358,"href":"https:\/\/bahiaeconomica.com.br\/wp\/wp-json\/wp\/v2\/posts\/570346\/revisions\/570358"}],"wp:featuredmedia":[{"embeddable":true,"href":"https:\/\/bahiaeconomica.com.br\/wp\/wp-json\/wp\/v2\/media\/570352"}],"wp:attachment":[{"href":"https:\/\/bahiaeconomica.com.br\/wp\/wp-json\/wp\/v2\/media?parent=570346"}],"wp:term":[{"taxonomy":"category","embeddable":true,"href":"https:\/\/bahiaeconomica.com.br\/wp\/wp-json\/wp\/v2\/categories?post=570346"},{"taxonomy":"post_tag","embeddable":true,"href":"https:\/\/bahiaeconomica.com.br\/wp\/wp-json\/wp\/v2\/tags?post=570346"}],"curies":[{"name":"wp","href":"https:\/\/api.w.org\/{rel}","templated":true}]}}