{"id":570197,"date":"2021-05-31T11:44:32","date_gmt":"2021-05-31T14:44:32","guid":{"rendered":"https:\/\/bahiaeconomica.com.br\/wp\/beta\/?p=570197"},"modified":"2021-05-31T11:44:32","modified_gmt":"2021-05-31T14:44:32","slug":"em-reviravolta-polemica-brasil-e-anunciado-como-sede-da-copa-america-e-salvador-pode-receber-jogos","status":"publish","type":"post","link":"https:\/\/bahiaeconomica.com.br\/wp\/2021\/05\/31\/em-reviravolta-polemica-brasil-e-anunciado-como-sede-da-copa-america-e-salvador-pode-receber-jogos\/","title":{"rendered":"EM REVIRAVOLTA POL\u00caMICA BRASIL \u00c9 ANUNCIADO COMO SEDE DA COPA AM\u00c9RICA E SALVADOR PODE RECEBER JOGOS"},"content":{"rendered":"<p>O Brasil \u00e9 o novo pa\u00eds-sede da Copa Am\u00e9rica. Ap\u00f3s reuni\u00e3o emergencial nesta segunda-feira, a Conmebol decidiu por transferir para c\u00e1 a realiza\u00e7\u00e3o do torneio, <!--more-->que seria inicialmente na Col\u00f4mbia e na Argentina. Pesou a favor do Brasil a expertise da organiza\u00e7\u00e3o da \u00faltima Copa Am\u00e9rica, em 2019 (vencida pela Sele\u00e7\u00e3o). Al\u00e9m disso, outro argumento utilizado foi o fato do pa\u00eds ter mais est\u00e1dios em boas condi\u00e7\u00f5es para os jogos das equipes nacionais sul-americanas.<\/p>\n<p>De acordo com a confedera\u00e7\u00e3o, as datas de in\u00edcio e t\u00e9rmino do torneio est\u00e3o confirmadas \u2014 11 de junho e 10 de julho. As cidades-sedes e a tabela de jogos ser\u00e3o confirmadas &#8220;nas pr\u00f3ximas horas&#8221;. A Conmebol estuda a possibilidade de fazer a final no Rio de Janeiro. Houve uma consulta nesta segunda-feira ao governo federal, que deu sinal verde para o torneio. A entidade agradeceu ao presidente Jair Bolsonaro e \u00e0 CBF por &#8220;abrir as portas desse pa\u00eds&#8221; para o &#8220;evento esportivo mais seguro do mundo&#8221;.<\/p>\n<p>At\u00e9 o in\u00edcio da reuni\u00e3o, a possibilidade de o Brasil organizar o torneio era descartada tanto pela CBF quanto pela Conmebol. Mas ao longo do encontro mencionou-se que o pa\u00eds tem est\u00e1dios de Copa do Mundo que est\u00e3o ociosos, como Man\u00e9 Garrincha em Bras\u00edlia, Arena da Amaz\u00f4nia, Arena Pernambuco e Arena das Dunas em Natal. A ideia \u00e9 colocar um grupo para jogar em Manaus e Bras\u00edlia, o outro nos dois est\u00e1dios do Nordeste. O Campeonato Brasileiro n\u00e3o ser\u00e1 interrompido.<\/p>\n<p>A Conmebol havia anunciado no domingo que outros pa\u00edses tinham mostrado interesse em abrigar a competi\u00e7\u00e3o de sele\u00e7\u00f5es sul-americanas. Os governos do Equador e da Venezuela enviaram propostas oficiais \u00e0 Conmebol para receberem os jogos que seriam na Col\u00f4mbia. J\u00e1 o Chile tamb\u00e9m tinha surgido como candidato informal para compartilhar o torneio com a Argentina. Mas como s\u00f3 poderia receber um grupo, a Conmebol achou melhor fazer tudo num s\u00f3 pa\u00eds, para evitar deslocamentos.<\/p>\n<p>A Argentina deixou de ser sede da Copa Am\u00e9rica devido \u00e0 piora da pandemia de Covid-19 no pa\u00eds. O ministro do Interior, Wado de Pedro, disse no domingo que organizar o torneio seria invi\u00e1vel, principalmente em Mendoza, C\u00f3rdoba, Buenos Aires, Tucum\u00e1n e Santa F\u00e9. A Argentina tem cerca de 45 milh\u00f5es de habitantes, e registrou at\u00e9 agora mais de 3,6 milh\u00f5es de casos, com mais de 76 mil mortes.<\/p>\n<p>A Col\u00f4mbia, por sua vez, abriu m\u00e3o da Copa Am\u00e9rica devido aos protestos populares vividos pelo pa\u00eds nas \u00faltimas semanas. A Conmebol estimava que, sem p\u00fablico e sem a participa\u00e7\u00e3o das convidadas Austr\u00e1lia e Catar, o torneio daria um preju\u00edzo de US$ 30 milh\u00f5es. No m\u00eas passado, a Conmebol havia anunciado um aumento na premia\u00e7\u00e3o da Copa Am\u00e9rica, com o campe\u00e3o passando a faturar US$ 10 milh\u00f5es (cerca de R$ 57 milh\u00f5es), al\u00e9m dos US$ 4 milh\u00f5es (quase R$ 23 milh\u00f5es) que cada sele\u00e7\u00e3o recebe por participar do torneio. Na edi\u00e7\u00e3o anterior, disputada em 2019 no Brasil, o campe\u00e3o levou US$ 7,5 milh\u00f5es.<\/p>\n<p>Enquanto isso, as equipes participantes do torneio come\u00e7aram a se reunir na semana passada, em prepara\u00e7\u00e3o para jogos das eliminat\u00f3rias da Am\u00e9rica do Sul. \u00c9 o caso da sele\u00e7\u00e3o brasileira, que vem trabalhando na Granja Comary desde a \u00faltima quinta-feira.<\/p>\n<p>Foto: divulga\u00e7\u00e3o<\/p>\n","protected":false},"excerpt":{"rendered":"<p>O Brasil \u00e9 o novo pa\u00eds-sede da Copa Am\u00e9rica. Ap\u00f3s reuni\u00e3o emergencial nesta segunda-feira, a Conmebol decidiu por transferir para c\u00e1 a realiza\u00e7\u00e3o do torneio,<\/p>\n","protected":false},"author":1,"featured_media":570200,"comment_status":"closed","ping_status":"closed","sticky":false,"template":"","format":"standard","meta":[],"categories":[3],"tags":[],"acf":[],"yoast_head":"<!-- This site is optimized with the Yoast SEO plugin v20.8 - https:\/\/yoast.com\/wordpress\/plugins\/seo\/ -->\n<title>EM REVIRAVOLTA POL\u00caMICA BRASIL \u00c9 ANUNCIADO COMO SEDE DA COPA AM\u00c9RICA E SALVADOR PODE RECEBER JOGOS - Bahia Economica<\/title>\n<meta name=\"description\" content=\"O maior portal de Economia da Bahia ECONOMIA \/ POL\u00cdTICA Bahia Economica\" \/>\n<meta name=\"robots\" content=\"index, follow, max-snippet:-1, max-image-preview:large, max-video-preview:-1\" \/>\n<link rel=\"canonical\" href=\"https:\/\/bahiaeconomica.com.br\/wp\/2021\/05\/31\/em-reviravolta-polemica-brasil-e-anunciado-como-sede-da-copa-america-e-salvador-pode-receber-jogos\/\" \/>\n<meta property=\"og:locale\" content=\"pt_BR\" \/>\n<meta property=\"og:type\" content=\"article\" \/>\n<meta property=\"og:title\" content=\"EM REVIRAVOLTA POL\u00caMICA BRASIL \u00c9 ANUNCIADO COMO SEDE DA COPA AM\u00c9RICA E SALVADOR PODE RECEBER JOGOS - Bahia Economica\" \/>\n<meta property=\"og:description\" content=\"O maior portal de Economia da Bahia ECONOMIA \/ POL\u00cdTICA Bahia Economica\" \/>\n<meta property=\"og:url\" content=\"https:\/\/bahiaeconomica.com.br\/wp\/2021\/05\/31\/em-reviravolta-polemica-brasil-e-anunciado-como-sede-da-copa-america-e-salvador-pode-receber-jogos\/\" \/>\n<meta property=\"og:site_name\" content=\"Bahia Economica\" \/>\n<meta property=\"article:publisher\" content=\"https:\/\/www.facebook.com\/bahiaeconomica\" \/>\n<meta property=\"article:published_time\" content=\"2021-05-31T14:44:32+00:00\" \/>\n<meta property=\"og:image\" content=\"https:\/\/bahiaeconomica.com.br\/wp\/wp-content\/uploads\/2021\/05\/copaamerica770.jpg\" \/>\n\t<meta property=\"og:image:width\" content=\"770\" \/>\n\t<meta property=\"og:image:height\" content=\"474\" \/>\n\t<meta property=\"og:image:type\" content=\"image\/jpeg\" \/>\n<meta name=\"author\" content=\"admin\" \/>\n<meta name=\"twitter:card\" content=\"summary_large_image\" \/>\n<meta name=\"twitter:label1\" content=\"Escrito por\" \/>\n\t<meta name=\"twitter:data1\" content=\"admin\" \/>\n\t<meta name=\"twitter:label2\" content=\"Est. tempo de leitura\" \/>\n\t<meta name=\"twitter:data2\" content=\"3 minutos\" \/>\n<script type=\"application\/ld+json\" class=\"yoast-schema-graph\">{\"@context\":\"https:\/\/schema.org\",\"@graph\":[{\"@type\":\"Article\",\"@id\":\"https:\/\/bahiaeconomica.com.br\/wp\/2021\/05\/31\/em-reviravolta-polemica-brasil-e-anunciado-como-sede-da-copa-america-e-salvador-pode-receber-jogos\/#article\",\"isPartOf\":{\"@id\":\"https:\/\/bahiaeconomica.com.br\/wp\/2021\/05\/31\/em-reviravolta-polemica-brasil-e-anunciado-como-sede-da-copa-america-e-salvador-pode-receber-jogos\/\"},\"author\":{\"name\":\"admin\",\"@id\":\"https:\/\/bahiaeconomica.com.br\/wp\/#\/schema\/person\/cb1ab5ba96ad3d9390805381c76284ec\"},\"headline\":\"EM REVIRAVOLTA POL\u00caMICA BRASIL \u00c9 ANUNCIADO COMO SEDE DA COPA AM\u00c9RICA E SALVADOR PODE RECEBER JOGOS\",\"datePublished\":\"2021-05-31T14:44:32+00:00\",\"dateModified\":\"2021-05-31T14:44:32+00:00\",\"mainEntityOfPage\":{\"@id\":\"https:\/\/bahiaeconomica.com.br\/wp\/2021\/05\/31\/em-reviravolta-polemica-brasil-e-anunciado-como-sede-da-copa-america-e-salvador-pode-receber-jogos\/\"},\"wordCount\":597,\"publisher\":{\"@id\":\"https:\/\/bahiaeconomica.com.br\/wp\/#organization\"},\"articleSection\":[\"ECONOMIA \/ POL\u00cdTICA\"],\"inLanguage\":\"pt-BR\"},{\"@type\":\"WebPage\",\"@id\":\"https:\/\/bahiaeconomica.com.br\/wp\/2021\/05\/31\/em-reviravolta-polemica-brasil-e-anunciado-como-sede-da-copa-america-e-salvador-pode-receber-jogos\/\",\"url\":\"https:\/\/bahiaeconomica.com.br\/wp\/2021\/05\/31\/em-reviravolta-polemica-brasil-e-anunciado-como-sede-da-copa-america-e-salvador-pode-receber-jogos\/\",\"name\":\"EM REVIRAVOLTA POL\u00caMICA BRASIL \u00c9 ANUNCIADO COMO SEDE DA COPA AM\u00c9RICA E SALVADOR PODE RECEBER JOGOS - Bahia Economica\",\"isPartOf\":{\"@id\":\"https:\/\/bahiaeconomica.com.br\/wp\/#website\"},\"datePublished\":\"2021-05-31T14:44:32+00:00\",\"dateModified\":\"2021-05-31T14:44:32+00:00\",\"description\":\"O maior portal de Economia da Bahia ECONOMIA \/ POL\u00cdTICA Bahia Economica\",\"breadcrumb\":{\"@id\":\"https:\/\/bahiaeconomica.com.br\/wp\/2021\/05\/31\/em-reviravolta-polemica-brasil-e-anunciado-como-sede-da-copa-america-e-salvador-pode-receber-jogos\/#breadcrumb\"},\"inLanguage\":\"pt-BR\",\"potentialAction\":[{\"@type\":\"ReadAction\",\"target\":[\"https:\/\/bahiaeconomica.com.br\/wp\/2021\/05\/31\/em-reviravolta-polemica-brasil-e-anunciado-como-sede-da-copa-america-e-salvador-pode-receber-jogos\/\"]}]},{\"@type\":\"BreadcrumbList\",\"@id\":\"https:\/\/bahiaeconomica.com.br\/wp\/2021\/05\/31\/em-reviravolta-polemica-brasil-e-anunciado-como-sede-da-copa-america-e-salvador-pode-receber-jogos\/#breadcrumb\",\"itemListElement\":[{\"@type\":\"ListItem\",\"position\":1,\"name\":\"In\u00edcio\",\"item\":\"https:\/\/bahiaeconomica.com.br\/wp\/\"},{\"@type\":\"ListItem\",\"position\":2,\"name\":\"EM REVIRAVOLTA POL\u00caMICA BRASIL \u00c9 ANUNCIADO COMO SEDE DA COPA AM\u00c9RICA E SALVADOR PODE RECEBER JOGOS\"}]},{\"@type\":\"WebSite\",\"@id\":\"https:\/\/bahiaeconomica.com.br\/wp\/#website\",\"url\":\"https:\/\/bahiaeconomica.com.br\/wp\/\",\"name\":\"Bahia Economica\",\"description\":\"O maior portal de Economia da Bahia\",\"publisher\":{\"@id\":\"https:\/\/bahiaeconomica.com.br\/wp\/#organization\"},\"potentialAction\":[{\"@type\":\"SearchAction\",\"target\":{\"@type\":\"EntryPoint\",\"urlTemplate\":\"https:\/\/bahiaeconomica.com.br\/wp\/?s={search_term_string}\"},\"query-input\":\"required name=search_term_string\"}],\"inLanguage\":\"pt-BR\"},{\"@type\":\"Organization\",\"@id\":\"https:\/\/bahiaeconomica.com.br\/wp\/#organization\",\"name\":\"Bahia Econ\u00f4mica\",\"url\":\"https:\/\/bahiaeconomica.com.br\/wp\/\",\"logo\":{\"@type\":\"ImageObject\",\"inLanguage\":\"pt-BR\",\"@id\":\"https:\/\/bahiaeconomica.com.br\/wp\/#\/schema\/logo\/image\/\",\"url\":\"https:\/\/bahiaeconomica.com.br\/wp\/wp-content\/uploads\/2020\/12\/cropped-BE.png\",\"contentUrl\":\"https:\/\/bahiaeconomica.com.br\/wp\/wp-content\/uploads\/2020\/12\/cropped-BE.png\",\"width\":512,\"height\":512,\"caption\":\"Bahia Econ\u00f4mica\"},\"image\":{\"@id\":\"https:\/\/bahiaeconomica.com.br\/wp\/#\/schema\/logo\/image\/\"},\"sameAs\":[\"https:\/\/www.facebook.com\/bahiaeconomica\"]},{\"@type\":\"Person\",\"@id\":\"https:\/\/bahiaeconomica.com.br\/wp\/#\/schema\/person\/cb1ab5ba96ad3d9390805381c76284ec\",\"name\":\"admin\",\"url\":\"https:\/\/bahiaeconomica.com.br\/wp\/author\/admin\/\"}]}<\/script>\n<!-- \/ Yoast SEO plugin. -->","yoast_head_json":{"title":"EM REVIRAVOLTA POL\u00caMICA BRASIL \u00c9 ANUNCIADO COMO SEDE DA COPA AM\u00c9RICA E SALVADOR PODE RECEBER JOGOS - Bahia Economica","description":"O maior portal de Economia da Bahia ECONOMIA \/ POL\u00cdTICA Bahia Economica","robots":{"index":"index","follow":"follow","max-snippet":"max-snippet:-1","max-image-preview":"max-image-preview:large","max-video-preview":"max-video-preview:-1"},"canonical":"https:\/\/bahiaeconomica.com.br\/wp\/2021\/05\/31\/em-reviravolta-polemica-brasil-e-anunciado-como-sede-da-copa-america-e-salvador-pode-receber-jogos\/","og_locale":"pt_BR","og_type":"article","og_title":"EM REVIRAVOLTA POL\u00caMICA BRASIL \u00c9 ANUNCIADO COMO SEDE DA COPA AM\u00c9RICA E SALVADOR PODE RECEBER JOGOS - Bahia Economica","og_description":"O maior portal de Economia da Bahia ECONOMIA \/ POL\u00cdTICA Bahia Economica","og_url":"https:\/\/bahiaeconomica.com.br\/wp\/2021\/05\/31\/em-reviravolta-polemica-brasil-e-anunciado-como-sede-da-copa-america-e-salvador-pode-receber-jogos\/","og_site_name":"Bahia Economica","article_publisher":"https:\/\/www.facebook.com\/bahiaeconomica","article_published_time":"2021-05-31T14:44:32+00:00","og_image":[{"width":770,"height":474,"url":"https:\/\/bahiaeconomica.com.br\/wp\/wp-content\/uploads\/2021\/05\/copaamerica770.jpg","type":"image\/jpeg"}],"author":"admin","twitter_card":"summary_large_image","twitter_misc":{"Escrito por":"admin","Est. tempo de leitura":"3 minutos"},"schema":{"@context":"https:\/\/schema.org","@graph":[{"@type":"Article","@id":"https:\/\/bahiaeconomica.com.br\/wp\/2021\/05\/31\/em-reviravolta-polemica-brasil-e-anunciado-como-sede-da-copa-america-e-salvador-pode-receber-jogos\/#article","isPartOf":{"@id":"https:\/\/bahiaeconomica.com.br\/wp\/2021\/05\/31\/em-reviravolta-polemica-brasil-e-anunciado-como-sede-da-copa-america-e-salvador-pode-receber-jogos\/"},"author":{"name":"admin","@id":"https:\/\/bahiaeconomica.com.br\/wp\/#\/schema\/person\/cb1ab5ba96ad3d9390805381c76284ec"},"headline":"EM REVIRAVOLTA POL\u00caMICA BRASIL \u00c9 ANUNCIADO COMO SEDE DA COPA AM\u00c9RICA E SALVADOR PODE RECEBER JOGOS","datePublished":"2021-05-31T14:44:32+00:00","dateModified":"2021-05-31T14:44:32+00:00","mainEntityOfPage":{"@id":"https:\/\/bahiaeconomica.com.br\/wp\/2021\/05\/31\/em-reviravolta-polemica-brasil-e-anunciado-como-sede-da-copa-america-e-salvador-pode-receber-jogos\/"},"wordCount":597,"publisher":{"@id":"https:\/\/bahiaeconomica.com.br\/wp\/#organization"},"articleSection":["ECONOMIA \/ POL\u00cdTICA"],"inLanguage":"pt-BR"},{"@type":"WebPage","@id":"https:\/\/bahiaeconomica.com.br\/wp\/2021\/05\/31\/em-reviravolta-polemica-brasil-e-anunciado-como-sede-da-copa-america-e-salvador-pode-receber-jogos\/","url":"https:\/\/bahiaeconomica.com.br\/wp\/2021\/05\/31\/em-reviravolta-polemica-brasil-e-anunciado-como-sede-da-copa-america-e-salvador-pode-receber-jogos\/","name":"EM REVIRAVOLTA POL\u00caMICA BRASIL \u00c9 ANUNCIADO COMO SEDE DA COPA AM\u00c9RICA E SALVADOR PODE RECEBER JOGOS - Bahia Economica","isPartOf":{"@id":"https:\/\/bahiaeconomica.com.br\/wp\/#website"},"datePublished":"2021-05-31T14:44:32+00:00","dateModified":"2021-05-31T14:44:32+00:00","description":"O maior portal de Economia da Bahia ECONOMIA \/ POL\u00cdTICA Bahia Economica","breadcrumb":{"@id":"https:\/\/bahiaeconomica.com.br\/wp\/2021\/05\/31\/em-reviravolta-polemica-brasil-e-anunciado-como-sede-da-copa-america-e-salvador-pode-receber-jogos\/#breadcrumb"},"inLanguage":"pt-BR","potentialAction":[{"@type":"ReadAction","target":["https:\/\/bahiaeconomica.com.br\/wp\/2021\/05\/31\/em-reviravolta-polemica-brasil-e-anunciado-como-sede-da-copa-america-e-salvador-pode-receber-jogos\/"]}]},{"@type":"BreadcrumbList","@id":"https:\/\/bahiaeconomica.com.br\/wp\/2021\/05\/31\/em-reviravolta-polemica-brasil-e-anunciado-como-sede-da-copa-america-e-salvador-pode-receber-jogos\/#breadcrumb","itemListElement":[{"@type":"ListItem","position":1,"name":"In\u00edcio","item":"https:\/\/bahiaeconomica.com.br\/wp\/"},{"@type":"ListItem","position":2,"name":"EM REVIRAVOLTA POL\u00caMICA BRASIL \u00c9 ANUNCIADO COMO SEDE DA COPA AM\u00c9RICA E SALVADOR PODE RECEBER JOGOS"}]},{"@type":"WebSite","@id":"https:\/\/bahiaeconomica.com.br\/wp\/#website","url":"https:\/\/bahiaeconomica.com.br\/wp\/","name":"Bahia Economica","description":"O maior portal de Economia da Bahia","publisher":{"@id":"https:\/\/bahiaeconomica.com.br\/wp\/#organization"},"potentialAction":[{"@type":"SearchAction","target":{"@type":"EntryPoint","urlTemplate":"https:\/\/bahiaeconomica.com.br\/wp\/?s={search_term_string}"},"query-input":"required name=search_term_string"}],"inLanguage":"pt-BR"},{"@type":"Organization","@id":"https:\/\/bahiaeconomica.com.br\/wp\/#organization","name":"Bahia Econ\u00f4mica","url":"https:\/\/bahiaeconomica.com.br\/wp\/","logo":{"@type":"ImageObject","inLanguage":"pt-BR","@id":"https:\/\/bahiaeconomica.com.br\/wp\/#\/schema\/logo\/image\/","url":"https:\/\/bahiaeconomica.com.br\/wp\/wp-content\/uploads\/2020\/12\/cropped-BE.png","contentUrl":"https:\/\/bahiaeconomica.com.br\/wp\/wp-content\/uploads\/2020\/12\/cropped-BE.png","width":512,"height":512,"caption":"Bahia Econ\u00f4mica"},"image":{"@id":"https:\/\/bahiaeconomica.com.br\/wp\/#\/schema\/logo\/image\/"},"sameAs":["https:\/\/www.facebook.com\/bahiaeconomica"]},{"@type":"Person","@id":"https:\/\/bahiaeconomica.com.br\/wp\/#\/schema\/person\/cb1ab5ba96ad3d9390805381c76284ec","name":"admin","url":"https:\/\/bahiaeconomica.com.br\/wp\/author\/admin\/"}]}},"views":0,"_links":{"self":[{"href":"https:\/\/bahiaeconomica.com.br\/wp\/wp-json\/wp\/v2\/posts\/570197"}],"collection":[{"href":"https:\/\/bahiaeconomica.com.br\/wp\/wp-json\/wp\/v2\/posts"}],"about":[{"href":"https:\/\/bahiaeconomica.com.br\/wp\/wp-json\/wp\/v2\/types\/post"}],"author":[{"embeddable":true,"href":"https:\/\/bahiaeconomica.com.br\/wp\/wp-json\/wp\/v2\/users\/1"}],"replies":[{"embeddable":true,"href":"https:\/\/bahiaeconomica.com.br\/wp\/wp-json\/wp\/v2\/comments?post=570197"}],"version-history":[{"count":1,"href":"https:\/\/bahiaeconomica.com.br\/wp\/wp-json\/wp\/v2\/posts\/570197\/revisions"}],"predecessor-version":[{"id":570202,"href":"https:\/\/bahiaeconomica.com.br\/wp\/wp-json\/wp\/v2\/posts\/570197\/revisions\/570202"}],"wp:featuredmedia":[{"embeddable":true,"href":"https:\/\/bahiaeconomica.com.br\/wp\/wp-json\/wp\/v2\/media\/570200"}],"wp:attachment":[{"href":"https:\/\/bahiaeconomica.com.br\/wp\/wp-json\/wp\/v2\/media?parent=570197"}],"wp:term":[{"taxonomy":"category","embeddable":true,"href":"https:\/\/bahiaeconomica.com.br\/wp\/wp-json\/wp\/v2\/categories?post=570197"},{"taxonomy":"post_tag","embeddable":true,"href":"https:\/\/bahiaeconomica.com.br\/wp\/wp-json\/wp\/v2\/tags?post=570197"}],"curies":[{"name":"wp","href":"https:\/\/api.w.org\/{rel}","templated":true}]}}