{"id":567555,"date":"2021-05-24T09:51:57","date_gmt":"2021-05-24T12:51:57","guid":{"rendered":"https:\/\/bahiaeconomica.com.br\/wp\/beta\/?p=567555"},"modified":"2021-05-24T10:08:24","modified_gmt":"2021-05-24T13:08:24","slug":"ciro-gomes-bater-em-lula-e-bolsonaro-so-vai-atrair-o-odio-de-todos","status":"publish","type":"post","link":"https:\/\/bahiaeconomica.com.br\/wp\/2021\/05\/24\/ciro-gomes-bater-em-lula-e-bolsonaro-so-vai-atrair-o-odio-de-todos\/","title":{"rendered":"CIRO GOMES: BATER EM LULA E BOLSONARO \u00c9 IN\u00daTIL E S\u00d3 VAI ATRAIR O \u00d3DIO DE TODOS"},"content":{"rendered":"<p style=\"text-align: justify;\">O ex-governador Ciro Gomes \u00e9, neste momento, o \u00fanico pol\u00edtico brasileiro com possibilidades de assumir o posto de terceira via<!--more--> no embate que se avizinha entre Lula e Bolsonaro, mas, ao que tudo indica, sua estrat\u00e9gia de posicionamento \u00e9 um suic\u00eddio anunciado.<\/p>\n<p style=\"text-align: justify;\">A estrat\u00e9gia adequada para Ciro Gomes, sob o ponto de vista da popula\u00e7\u00e3o, deve ser aquela que j\u00e1 vem sendo tocada corretamente pela intui\u00e7\u00e3o do marqueteiro Jo\u00e3o Santana. As pe\u00e7as publicit\u00e1rias j\u00e1 est\u00e3o apresentando ao pa\u00eds um Ciro mais amadurecido, menos impulsivo ou temperamental e disposto a dialogar. Em poucas palavras: um Ciro paz e amor.<\/p>\n<p style=\"text-align: justify;\">\u00c9 exatamente isso que a maioria dos eleitores deseja, um candidato que fuja da briga de Tit\u00e3s entre Bolsonaro e Lula, que se mostre como alternativa tanto para aqueles que permanecem antipetistas, como para os que est\u00e3o arrependidos de ter votada no governo atual. Ciro precisa encarnar o que a maior parte da popula\u00e7\u00e3o quer, ou seja, a pax pol\u00edtica para que seja poss\u00edvel ao pa\u00eds retomar o seu caminho e assim possa trabalhar em paz, sem a extrema polariza\u00e7\u00e3o entre esquerda e direita que est\u00e1 polarizando o pa\u00eds, com reflexos nas fam\u00edlias, nas empresas e nos neg\u00f3cios.<\/p>\n<p style=\"text-align: justify;\">Ciro, no entanto, parece novamente disposto a seguir o caminho do confronto, batendo tanto em Lula quanto em Bolsonaro. Ora, isso pode desidratar sua posi\u00e7\u00e3o como terceira via, j\u00e1 que vai entrar no ringue da luta dos Tit\u00e3s e a\u00ed vai ser nocauteado facilmente. O caminho \u00f3bvio para Ciro \u00e9 deixar que Bolsonaro e Lula se ataquem mutuamente, enquanto ele, acima do conflito, apresenta um projeto para o Brasil. S\u00f3 para lembrar: Biden n\u00e3o atacava Trump diretamente e nos debates at\u00e9 ria da agressividade dele. Que cara \u00e9 este?, dizia respondendo \u00e0s mentiras de Trump.<\/p>\n<p style=\"text-align: justify;\">Al\u00e9m da estrat\u00e9gia pol\u00edtica \u00e9 preciso uma estrat\u00e9gia econ\u00f4mica. A proposta econ\u00f4mica de Ciro \u00e9 boa, mas tem Estado demais. N\u00e3o h\u00e1 d\u00favida de que o papel regulador, indutor e desenvolvimentista do Estado \u00e9, ao contr\u00e1rio do que pregam os liberais ortodoxos, important\u00edssimo no cen\u00e1rio econ\u00f4mico mundial e a pandemia mostrou isso e a proposta de Ciro passa por a\u00ed. Mas ele precisa suavizar essa proposta, aderindo a algumas teses liberais fundamentais, como a privatiza\u00e7\u00e3o de algumas estatais, a reforma administrativa e tribut\u00e1ria e o compromisso com a austeridade fiscal. E Ciro j\u00e1 deu um passo nessa dire\u00e7\u00e3o ao colocar em sua equipe o economista Paulo Rabello de Castro, um craque da economia que sabe dosar um pouco de liberalismo com um pouco de Estado.<\/p>\n<p style=\"text-align: justify;\">Essa estrat\u00e9gia \u00e9 fundamental para atrair o centro do espectro pol\u00edtico, o empresariado brasileiro, a classe m\u00e9dia e grande parte do eleitorado. Mas, se ao inv\u00e9s disso, Ciro, que \u00e9 neste momento o quadro mais preparado para assumir o papel da terceira via no processo eleitoral, \u00a0continuar trocando tapas com Lula e Bolsonaro vai chamar para si apenas o \u00f3dio de todos e dificultar a constru\u00e7\u00e3o das pontes necess\u00e1rias para chegar ao Pal\u00e1cio do Planalto. (A.A &#8211; 23\/05\/2021)<\/p>\n","protected":false},"excerpt":{"rendered":"<p>O ex-governador Ciro Gomes \u00e9, neste momento, o \u00fanico pol\u00edtico brasileiro com possibilidades de assumir o posto de terceira via<\/p>\n","protected":false},"author":1,"featured_media":436746,"comment_status":"closed","ping_status":"closed","sticky":false,"template":"","format":"standard","meta":[],"categories":[3],"tags":[],"acf":[],"yoast_head":"<!-- This site is optimized with the Yoast SEO plugin v20.8 - https:\/\/yoast.com\/wordpress\/plugins\/seo\/ -->\n<title>CIRO GOMES: BATER EM LULA E BOLSONARO \u00c9 IN\u00daTIL E S\u00d3 VAI ATRAIR O \u00d3DIO DE TODOS - Bahia Economica<\/title>\n<meta name=\"description\" content=\"O maior portal de Economia da Bahia ECONOMIA \/ POL\u00cdTICA Bahia Economica\" \/>\n<meta name=\"robots\" content=\"index, follow, max-snippet:-1, max-image-preview:large, max-video-preview:-1\" \/>\n<link rel=\"canonical\" href=\"https:\/\/bahiaeconomica.com.br\/wp\/2021\/05\/24\/ciro-gomes-bater-em-lula-e-bolsonaro-so-vai-atrair-o-odio-de-todos\/\" \/>\n<meta property=\"og:locale\" content=\"pt_BR\" \/>\n<meta property=\"og:type\" content=\"article\" \/>\n<meta property=\"og:title\" content=\"CIRO GOMES: BATER EM LULA E BOLSONARO \u00c9 IN\u00daTIL E S\u00d3 VAI ATRAIR O \u00d3DIO DE TODOS - Bahia Economica\" \/>\n<meta property=\"og:description\" content=\"O maior portal de Economia da Bahia ECONOMIA \/ POL\u00cdTICA Bahia Economica\" \/>\n<meta property=\"og:url\" content=\"https:\/\/bahiaeconomica.com.br\/wp\/2021\/05\/24\/ciro-gomes-bater-em-lula-e-bolsonaro-so-vai-atrair-o-odio-de-todos\/\" \/>\n<meta property=\"og:site_name\" content=\"Bahia Economica\" \/>\n<meta property=\"article:publisher\" content=\"https:\/\/www.facebook.com\/bahiaeconomica\" \/>\n<meta property=\"article:published_time\" content=\"2021-05-24T12:51:57+00:00\" \/>\n<meta property=\"article:modified_time\" content=\"2021-05-24T13:08:24+00:00\" \/>\n<meta property=\"og:image\" content=\"https:\/\/bahiaeconomica.com.br\/wp\/wp-content\/uploads\/2020\/01\/ciro-gomes.jpg\" \/>\n\t<meta property=\"og:image:width\" content=\"500\" \/>\n\t<meta property=\"og:image:height\" content=\"300\" \/>\n\t<meta property=\"og:image:type\" content=\"image\/jpeg\" \/>\n<meta name=\"author\" content=\"admin\" \/>\n<meta name=\"twitter:card\" content=\"summary_large_image\" \/>\n<meta name=\"twitter:label1\" content=\"Escrito por\" \/>\n\t<meta name=\"twitter:data1\" content=\"admin\" \/>\n\t<meta name=\"twitter:label2\" content=\"Est. tempo de leitura\" \/>\n\t<meta name=\"twitter:data2\" content=\"3 minutos\" \/>\n<script type=\"application\/ld+json\" class=\"yoast-schema-graph\">{\"@context\":\"https:\/\/schema.org\",\"@graph\":[{\"@type\":\"Article\",\"@id\":\"https:\/\/bahiaeconomica.com.br\/wp\/2021\/05\/24\/ciro-gomes-bater-em-lula-e-bolsonaro-so-vai-atrair-o-odio-de-todos\/#article\",\"isPartOf\":{\"@id\":\"https:\/\/bahiaeconomica.com.br\/wp\/2021\/05\/24\/ciro-gomes-bater-em-lula-e-bolsonaro-so-vai-atrair-o-odio-de-todos\/\"},\"author\":{\"name\":\"admin\",\"@id\":\"https:\/\/bahiaeconomica.com.br\/wp\/#\/schema\/person\/cb1ab5ba96ad3d9390805381c76284ec\"},\"headline\":\"CIRO GOMES: BATER EM LULA E BOLSONARO \u00c9 IN\u00daTIL E S\u00d3 VAI ATRAIR O \u00d3DIO DE TODOS\",\"datePublished\":\"2021-05-24T12:51:57+00:00\",\"dateModified\":\"2021-05-24T13:08:24+00:00\",\"mainEntityOfPage\":{\"@id\":\"https:\/\/bahiaeconomica.com.br\/wp\/2021\/05\/24\/ciro-gomes-bater-em-lula-e-bolsonaro-so-vai-atrair-o-odio-de-todos\/\"},\"wordCount\":547,\"publisher\":{\"@id\":\"https:\/\/bahiaeconomica.com.br\/wp\/#organization\"},\"articleSection\":[\"ECONOMIA \/ POL\u00cdTICA\"],\"inLanguage\":\"pt-BR\"},{\"@type\":\"WebPage\",\"@id\":\"https:\/\/bahiaeconomica.com.br\/wp\/2021\/05\/24\/ciro-gomes-bater-em-lula-e-bolsonaro-so-vai-atrair-o-odio-de-todos\/\",\"url\":\"https:\/\/bahiaeconomica.com.br\/wp\/2021\/05\/24\/ciro-gomes-bater-em-lula-e-bolsonaro-so-vai-atrair-o-odio-de-todos\/\",\"name\":\"CIRO GOMES: BATER EM LULA E BOLSONARO \u00c9 IN\u00daTIL E S\u00d3 VAI ATRAIR O \u00d3DIO DE TODOS - Bahia Economica\",\"isPartOf\":{\"@id\":\"https:\/\/bahiaeconomica.com.br\/wp\/#website\"},\"datePublished\":\"2021-05-24T12:51:57+00:00\",\"dateModified\":\"2021-05-24T13:08:24+00:00\",\"description\":\"O maior portal de Economia da Bahia ECONOMIA \/ POL\u00cdTICA Bahia Economica\",\"breadcrumb\":{\"@id\":\"https:\/\/bahiaeconomica.com.br\/wp\/2021\/05\/24\/ciro-gomes-bater-em-lula-e-bolsonaro-so-vai-atrair-o-odio-de-todos\/#breadcrumb\"},\"inLanguage\":\"pt-BR\",\"potentialAction\":[{\"@type\":\"ReadAction\",\"target\":[\"https:\/\/bahiaeconomica.com.br\/wp\/2021\/05\/24\/ciro-gomes-bater-em-lula-e-bolsonaro-so-vai-atrair-o-odio-de-todos\/\"]}]},{\"@type\":\"BreadcrumbList\",\"@id\":\"https:\/\/bahiaeconomica.com.br\/wp\/2021\/05\/24\/ciro-gomes-bater-em-lula-e-bolsonaro-so-vai-atrair-o-odio-de-todos\/#breadcrumb\",\"itemListElement\":[{\"@type\":\"ListItem\",\"position\":1,\"name\":\"In\u00edcio\",\"item\":\"https:\/\/bahiaeconomica.com.br\/wp\/\"},{\"@type\":\"ListItem\",\"position\":2,\"name\":\"CIRO GOMES: BATER EM LULA E BOLSONARO \u00c9 IN\u00daTIL E S\u00d3 VAI ATRAIR O \u00d3DIO DE TODOS\"}]},{\"@type\":\"WebSite\",\"@id\":\"https:\/\/bahiaeconomica.com.br\/wp\/#website\",\"url\":\"https:\/\/bahiaeconomica.com.br\/wp\/\",\"name\":\"Bahia Economica\",\"description\":\"O maior portal de Economia da Bahia\",\"publisher\":{\"@id\":\"https:\/\/bahiaeconomica.com.br\/wp\/#organization\"},\"potentialAction\":[{\"@type\":\"SearchAction\",\"target\":{\"@type\":\"EntryPoint\",\"urlTemplate\":\"https:\/\/bahiaeconomica.com.br\/wp\/?s={search_term_string}\"},\"query-input\":\"required name=search_term_string\"}],\"inLanguage\":\"pt-BR\"},{\"@type\":\"Organization\",\"@id\":\"https:\/\/bahiaeconomica.com.br\/wp\/#organization\",\"name\":\"Bahia Econ\u00f4mica\",\"url\":\"https:\/\/bahiaeconomica.com.br\/wp\/\",\"logo\":{\"@type\":\"ImageObject\",\"inLanguage\":\"pt-BR\",\"@id\":\"https:\/\/bahiaeconomica.com.br\/wp\/#\/schema\/logo\/image\/\",\"url\":\"https:\/\/bahiaeconomica.com.br\/wp\/wp-content\/uploads\/2020\/12\/cropped-BE.png\",\"contentUrl\":\"https:\/\/bahiaeconomica.com.br\/wp\/wp-content\/uploads\/2020\/12\/cropped-BE.png\",\"width\":512,\"height\":512,\"caption\":\"Bahia Econ\u00f4mica\"},\"image\":{\"@id\":\"https:\/\/bahiaeconomica.com.br\/wp\/#\/schema\/logo\/image\/\"},\"sameAs\":[\"https:\/\/www.facebook.com\/bahiaeconomica\"]},{\"@type\":\"Person\",\"@id\":\"https:\/\/bahiaeconomica.com.br\/wp\/#\/schema\/person\/cb1ab5ba96ad3d9390805381c76284ec\",\"name\":\"admin\",\"url\":\"https:\/\/bahiaeconomica.com.br\/wp\/author\/admin\/\"}]}<\/script>\n<!-- \/ Yoast SEO plugin. -->","yoast_head_json":{"title":"CIRO GOMES: BATER EM LULA E BOLSONARO \u00c9 IN\u00daTIL E S\u00d3 VAI ATRAIR O \u00d3DIO DE TODOS - Bahia Economica","description":"O maior portal de Economia da Bahia ECONOMIA \/ POL\u00cdTICA Bahia Economica","robots":{"index":"index","follow":"follow","max-snippet":"max-snippet:-1","max-image-preview":"max-image-preview:large","max-video-preview":"max-video-preview:-1"},"canonical":"https:\/\/bahiaeconomica.com.br\/wp\/2021\/05\/24\/ciro-gomes-bater-em-lula-e-bolsonaro-so-vai-atrair-o-odio-de-todos\/","og_locale":"pt_BR","og_type":"article","og_title":"CIRO GOMES: BATER EM LULA E BOLSONARO \u00c9 IN\u00daTIL E S\u00d3 VAI ATRAIR O \u00d3DIO DE TODOS - Bahia Economica","og_description":"O maior portal de Economia da Bahia ECONOMIA \/ POL\u00cdTICA Bahia Economica","og_url":"https:\/\/bahiaeconomica.com.br\/wp\/2021\/05\/24\/ciro-gomes-bater-em-lula-e-bolsonaro-so-vai-atrair-o-odio-de-todos\/","og_site_name":"Bahia Economica","article_publisher":"https:\/\/www.facebook.com\/bahiaeconomica","article_published_time":"2021-05-24T12:51:57+00:00","article_modified_time":"2021-05-24T13:08:24+00:00","og_image":[{"width":500,"height":300,"url":"https:\/\/bahiaeconomica.com.br\/wp\/wp-content\/uploads\/2020\/01\/ciro-gomes.jpg","type":"image\/jpeg"}],"author":"admin","twitter_card":"summary_large_image","twitter_misc":{"Escrito por":"admin","Est. tempo de leitura":"3 minutos"},"schema":{"@context":"https:\/\/schema.org","@graph":[{"@type":"Article","@id":"https:\/\/bahiaeconomica.com.br\/wp\/2021\/05\/24\/ciro-gomes-bater-em-lula-e-bolsonaro-so-vai-atrair-o-odio-de-todos\/#article","isPartOf":{"@id":"https:\/\/bahiaeconomica.com.br\/wp\/2021\/05\/24\/ciro-gomes-bater-em-lula-e-bolsonaro-so-vai-atrair-o-odio-de-todos\/"},"author":{"name":"admin","@id":"https:\/\/bahiaeconomica.com.br\/wp\/#\/schema\/person\/cb1ab5ba96ad3d9390805381c76284ec"},"headline":"CIRO GOMES: BATER EM LULA E BOLSONARO \u00c9 IN\u00daTIL E S\u00d3 VAI ATRAIR O \u00d3DIO DE TODOS","datePublished":"2021-05-24T12:51:57+00:00","dateModified":"2021-05-24T13:08:24+00:00","mainEntityOfPage":{"@id":"https:\/\/bahiaeconomica.com.br\/wp\/2021\/05\/24\/ciro-gomes-bater-em-lula-e-bolsonaro-so-vai-atrair-o-odio-de-todos\/"},"wordCount":547,"publisher":{"@id":"https:\/\/bahiaeconomica.com.br\/wp\/#organization"},"articleSection":["ECONOMIA \/ POL\u00cdTICA"],"inLanguage":"pt-BR"},{"@type":"WebPage","@id":"https:\/\/bahiaeconomica.com.br\/wp\/2021\/05\/24\/ciro-gomes-bater-em-lula-e-bolsonaro-so-vai-atrair-o-odio-de-todos\/","url":"https:\/\/bahiaeconomica.com.br\/wp\/2021\/05\/24\/ciro-gomes-bater-em-lula-e-bolsonaro-so-vai-atrair-o-odio-de-todos\/","name":"CIRO GOMES: BATER EM LULA E BOLSONARO \u00c9 IN\u00daTIL E S\u00d3 VAI ATRAIR O \u00d3DIO DE TODOS - Bahia Economica","isPartOf":{"@id":"https:\/\/bahiaeconomica.com.br\/wp\/#website"},"datePublished":"2021-05-24T12:51:57+00:00","dateModified":"2021-05-24T13:08:24+00:00","description":"O maior portal de Economia da Bahia ECONOMIA \/ POL\u00cdTICA Bahia Economica","breadcrumb":{"@id":"https:\/\/bahiaeconomica.com.br\/wp\/2021\/05\/24\/ciro-gomes-bater-em-lula-e-bolsonaro-so-vai-atrair-o-odio-de-todos\/#breadcrumb"},"inLanguage":"pt-BR","potentialAction":[{"@type":"ReadAction","target":["https:\/\/bahiaeconomica.com.br\/wp\/2021\/05\/24\/ciro-gomes-bater-em-lula-e-bolsonaro-so-vai-atrair-o-odio-de-todos\/"]}]},{"@type":"BreadcrumbList","@id":"https:\/\/bahiaeconomica.com.br\/wp\/2021\/05\/24\/ciro-gomes-bater-em-lula-e-bolsonaro-so-vai-atrair-o-odio-de-todos\/#breadcrumb","itemListElement":[{"@type":"ListItem","position":1,"name":"In\u00edcio","item":"https:\/\/bahiaeconomica.com.br\/wp\/"},{"@type":"ListItem","position":2,"name":"CIRO GOMES: BATER EM LULA E BOLSONARO \u00c9 IN\u00daTIL E S\u00d3 VAI ATRAIR O \u00d3DIO DE TODOS"}]},{"@type":"WebSite","@id":"https:\/\/bahiaeconomica.com.br\/wp\/#website","url":"https:\/\/bahiaeconomica.com.br\/wp\/","name":"Bahia Economica","description":"O maior portal de Economia da Bahia","publisher":{"@id":"https:\/\/bahiaeconomica.com.br\/wp\/#organization"},"potentialAction":[{"@type":"SearchAction","target":{"@type":"EntryPoint","urlTemplate":"https:\/\/bahiaeconomica.com.br\/wp\/?s={search_term_string}"},"query-input":"required name=search_term_string"}],"inLanguage":"pt-BR"},{"@type":"Organization","@id":"https:\/\/bahiaeconomica.com.br\/wp\/#organization","name":"Bahia Econ\u00f4mica","url":"https:\/\/bahiaeconomica.com.br\/wp\/","logo":{"@type":"ImageObject","inLanguage":"pt-BR","@id":"https:\/\/bahiaeconomica.com.br\/wp\/#\/schema\/logo\/image\/","url":"https:\/\/bahiaeconomica.com.br\/wp\/wp-content\/uploads\/2020\/12\/cropped-BE.png","contentUrl":"https:\/\/bahiaeconomica.com.br\/wp\/wp-content\/uploads\/2020\/12\/cropped-BE.png","width":512,"height":512,"caption":"Bahia Econ\u00f4mica"},"image":{"@id":"https:\/\/bahiaeconomica.com.br\/wp\/#\/schema\/logo\/image\/"},"sameAs":["https:\/\/www.facebook.com\/bahiaeconomica"]},{"@type":"Person","@id":"https:\/\/bahiaeconomica.com.br\/wp\/#\/schema\/person\/cb1ab5ba96ad3d9390805381c76284ec","name":"admin","url":"https:\/\/bahiaeconomica.com.br\/wp\/author\/admin\/"}]}},"views":4,"_links":{"self":[{"href":"https:\/\/bahiaeconomica.com.br\/wp\/wp-json\/wp\/v2\/posts\/567555"}],"collection":[{"href":"https:\/\/bahiaeconomica.com.br\/wp\/wp-json\/wp\/v2\/posts"}],"about":[{"href":"https:\/\/bahiaeconomica.com.br\/wp\/wp-json\/wp\/v2\/types\/post"}],"author":[{"embeddable":true,"href":"https:\/\/bahiaeconomica.com.br\/wp\/wp-json\/wp\/v2\/users\/1"}],"replies":[{"embeddable":true,"href":"https:\/\/bahiaeconomica.com.br\/wp\/wp-json\/wp\/v2\/comments?post=567555"}],"version-history":[{"count":8,"href":"https:\/\/bahiaeconomica.com.br\/wp\/wp-json\/wp\/v2\/posts\/567555\/revisions"}],"predecessor-version":[{"id":567587,"href":"https:\/\/bahiaeconomica.com.br\/wp\/wp-json\/wp\/v2\/posts\/567555\/revisions\/567587"}],"wp:featuredmedia":[{"embeddable":true,"href":"https:\/\/bahiaeconomica.com.br\/wp\/wp-json\/wp\/v2\/media\/436746"}],"wp:attachment":[{"href":"https:\/\/bahiaeconomica.com.br\/wp\/wp-json\/wp\/v2\/media?parent=567555"}],"wp:term":[{"taxonomy":"category","embeddable":true,"href":"https:\/\/bahiaeconomica.com.br\/wp\/wp-json\/wp\/v2\/categories?post=567555"},{"taxonomy":"post_tag","embeddable":true,"href":"https:\/\/bahiaeconomica.com.br\/wp\/wp-json\/wp\/v2\/tags?post=567555"}],"curies":[{"name":"wp","href":"https:\/\/api.w.org\/{rel}","templated":true}]}}