{"id":567488,"date":"2021-05-24T13:15:45","date_gmt":"2021-05-24T16:15:45","guid":{"rendered":"https:\/\/bahiaeconomica.com.br\/wp\/beta\/?p=567488"},"modified":"2021-05-24T13:17:16","modified_gmt":"2021-05-24T16:17:16","slug":"quitar-dividas-e-passo-inicial-para-organizar-financas","status":"publish","type":"post","link":"https:\/\/bahiaeconomica.com.br\/wp\/2021\/05\/24\/quitar-dividas-e-passo-inicial-para-organizar-financas\/","title":{"rendered":"QUITAR D\u00cdVIDAS \u00c9 PASSO INICIAL PARA ORGANIZAR FINAN\u00c7AS"},"content":{"rendered":"<p>O interesse dos brasileiros pela educa\u00e7\u00e3o financeira est\u00e1 se tornando cada vez maior. N\u00e3o \u00e0 toa, o setor de finan\u00e7as foi o que mais gerou engajamento no <!--more-->Instagram em 2020, de acordo com a plataforma de gerenciamento de redes sociais mLabs. Por\u00e9m, em meio ao mar de conte\u00fado, educadores destacam a import\u00e2ncia de duas a\u00e7\u00f5es b\u00e1sicas para uma vida tranquila: quita\u00e7\u00e3o de d\u00edvidas e montagem de reserva de emerg\u00eancia.<\/p>\n<p>Os benef\u00edcios s\u00e3o \u00f3bvios. Ter o nome sujo cria restri\u00e7\u00f5es para sua vida financeira, enquanto a falta de uma reserva de emerg\u00eancia pode pesar caso haja imprevistos. As vantagens tornaram-se ainda mais evidentes com a pandemia, que afetou as finan\u00e7as de milh\u00f5es de fam\u00edlias, principalmente aquelas que n\u00e3o possu\u00edam recursos guardados. Por isso, profissionais d\u00e3o dicas de como se organizar para cumprir essas duas metas fundamentais.<\/p>\n<p>Para limpar o nome, o primeiro passo \u00e9 identificar todas as d\u00edvidas, como recomenda o educador financeiro Marcelo Ferreira. \u201cReconhecer que est\u00e1 endividado e ter vontade de mudar essa situa\u00e7\u00e3o j\u00e1 \u00e9 um avan\u00e7o. Agora, \u00e9 preciso listar as d\u00edvidas, de prefer\u00eancia ordenando-as da mais cara para a mais barata, para conhecer sua real situa\u00e7\u00e3o\u201d, diz ele.<\/p>\n<p>Em seguida, \u00e9 preciso fazer um \u201craio-x\u201d de sua situa\u00e7\u00e3o financeira. Anote quais s\u00e3o seus ganhos e seus gastos recorrentes, o que pode ser cortado do or\u00e7amento e quanto \u00e9 poss\u00edvel separar mensalmente para quitar o d\u00e9bito. \u201cColocando no papel item por item, voc\u00ea ter\u00e1 clareza do que pode ser feito. \u00c9 preciso identificar o seu limite para saber quais compromissos voc\u00ea pode cumprir\u201d, afirma Roger Oliveira, vice-presidente da Associa\u00e7\u00e3o Brasileira de Educadores Financeiros (Abefin) na Bahia.<\/p>\n<p>Ter um limite \u00e9 fundamental para o pr\u00f3ximo passo: a negocia\u00e7\u00e3o. A gerente da Serasa, Haila Ismerin, cita a import\u00e2ncia de saber quais acordos voc\u00ea pode cumprir ao negociar uma d\u00edvida. \u201cN\u00e3o existe d\u00edvida imposs\u00edvel de ser negociada, mas \u00e9 preciso saber exatamente quantas voc\u00ea pode pagar e qual valor mensal pode ser destinado para quit\u00e1-las. N\u00e3o adianta assumir um compromisso e cumprir apenas um m\u00eas\u201d.<\/p>\n<p>\u00c9 importante, ainda, pensar em quais argumentos os credores podem trazer e mostrar a eles sua real situa\u00e7\u00e3o. \u201cAs propostas dos credores est\u00e3o dentro dos objetivos deles e nem sempre s\u00e3o as melhores para nossa realidade. \u00c0s vezes as pessoas aceitam um acordo sem saber se as parcelas cabem no bolso, e \u00e9 nessa hora que acabam se enrolando\u201d, explica Roger Oliveira.<\/p>\n<p>Lembre-se que, apesar de parecerem grandes demais para serem pagas, as d\u00edvidas podem ser reduzidas e caber no bolso ap\u00f3s a negocia\u00e7\u00e3o. Haila cita que o Serasa Limpa Nome, servi\u00e7o de negocia\u00e7\u00e3o do Serasa, oferece acordos com at\u00e9 90% de desconto nas d\u00edvidas e pode ser acessado digitalmente. Al\u00e9m disso, a empresa oferece conte\u00fados de educa\u00e7\u00e3o financeira no portal Serasa Ensina. Marcelo lembra, ainda, da import\u00e2ncia de confirmar que os credores retiraram o seu nome do servi\u00e7o de restri\u00e7\u00e3o ao cr\u00e9dito ap\u00f3s a quita\u00e7\u00e3o da d\u00edvida. Para isso, \u00e9 poss\u00edvel consultar diretamente a empresa com a qual o acordo foi fechado ou os \u00f3rg\u00e3os de prote\u00e7\u00e3o ao cr\u00e9dito, como o SPC e a&nbsp; Serasa.<\/p>\n<p>Hora de emerg\u00eancia<\/p>\n<p>Ap\u00f3s quitar as d\u00edvidas, montar uma reserva de emerg\u00eancia \u00e9 o pr\u00f3ximo passo para a tranquilidade nas finan\u00e7as. \u201cComo o pr\u00f3prio nome indica, \u00e9 uma reserva financeira totalmente destinada a um momento emergencial, como um acidente de carro, perda de emprego e poss\u00edveis necessidades de sa\u00fade. Esse recurso \u00e9 o que garante que a pessoa ter\u00e1 seguran\u00e7a e tranquilidade para quitar suas necessidades urgentes\u201d, explica Vinicius Assis, s\u00f3cio do escrit\u00f3rio de investimentos Onix Capital.<\/p>\n<p>O isolamento social, por exemplo, pegou de surpresa milhares de trabalhadores que precisaram suspender suas atividades de uma hora para outra. Aqueles que contavam com um fundo para seguran\u00e7a conseguiram passar alguns meses com mais tranquilidade para planejar o futuro, o que deixou claro o peso da reserva de emerg\u00eancia na vida financeira.<\/p>\n<p>O valor da reserva deve levar em conta seu custo de vida. Por isso, \u00e9 preciso conhecer todos os seus gastos, levando em conta o or\u00e7amento de pelo menos 90 dias. O c\u00e1lculo s\u00f3 depende do n\u00edvel de estabilidade que voc\u00ea deseja, sendo recomend\u00e1vel que a reserva seja de pelo menos 3 vezes o seu gasto mensal m\u00e9dio, para garantir um trimestre de respiro.<\/p>\n<p>\u201cPara pessoas com estabilidade financeira, que tenham um sal\u00e1rio definido, tr\u00eas vezes o gasto mensal j\u00e1 \u00e9 o suficiente. J\u00e1 para pessoas no outro extremo, como profissionais aut\u00f4nomos que n\u00e3o possuem um sal\u00e1rio fixo, o ideal \u00e9 ter pelo menos o valor de 12 meses, para ter garantia caso ocorra uma situa\u00e7\u00e3o mais s\u00e9ria\u201d, afirma Marcelo Ferreira.<\/p>\n<p>Definida a meta, \u00e9 preciso encontrar um espa\u00e7o no or\u00e7amento mensal para montar sua reserva. Roger Oliveira destaca a import\u00e2ncia de n\u00e3o deixar seu custo de vida consumir todos os ganhos, separando pelo menos 10% da renda para uma reserva de emerg\u00eancia e outros investimentos. Sobre aplica\u00e7\u00f5es financeiras para a reserva, Vinicius Assis destaca que o foco deve ser a estabilidade, com prioridade para aquelas com baixo risco e que possam ser sacadas o mais r\u00e1pido poss\u00edvel. \u201cDeve-se buscar ativos de maior seguran\u00e7a e liquidez (capacidade de sacar). Tesouro Selic, CDB\u2019s de grandes bancos com liquidez imediata e fundos de renda fixa p\u00f3s-fixados s\u00e3o bons exemplos\u201d, diz ele. Contas digitais que rendam pelo menos 100% do CDI tamb\u00e9m s\u00e3o boas op\u00e7\u00f5es.<\/p>\n<p>Roger Oliveira lembra, ainda, da educa\u00e7\u00e3o financeira como ponto-chave para a vida tranquila, e destaca a import\u00e2ncia de manter h\u00e1bitos de organiza\u00e7\u00e3o de seu dinheiro. \u201cAs finan\u00e7as interferem em todos os aspectos de nossa rotina, e educar-se sobre elas \u00e9 uma forma de ter uma vida sustent\u00e1vel\u201d.<\/p>\n<p>Foto: divulga\u00e7\u00e3o<\/p>\n","protected":false},"excerpt":{"rendered":"<p>O interesse dos brasileiros pela educa\u00e7\u00e3o financeira est\u00e1 se tornando cada vez maior. N\u00e3o \u00e0 toa, o setor de finan\u00e7as foi o que mais gerou engajamento no<\/p>\n","protected":false},"author":1,"featured_media":399633,"comment_status":"closed","ping_status":"closed","sticky":false,"template":"","format":"standard","meta":[],"categories":[14,3],"tags":[],"acf":[],"yoast_head":"<!-- This site is optimized with the Yoast SEO plugin v20.8 - https:\/\/yoast.com\/wordpress\/plugins\/seo\/ -->\n<title>QUITAR D\u00cdVIDAS \u00c9 PASSO INICIAL PARA ORGANIZAR FINAN\u00c7AS - Bahia Economica<\/title>\n<meta name=\"description\" content=\"O maior portal de Economia da Bahia DESTAQUE DO DIA, ECONOMIA \/ POL\u00cdTICA Bahia Economica\" \/>\n<meta name=\"robots\" content=\"index, follow, max-snippet:-1, max-image-preview:large, max-video-preview:-1\" \/>\n<link rel=\"canonical\" href=\"https:\/\/bahiaeconomica.com.br\/wp\/2021\/05\/24\/quitar-dividas-e-passo-inicial-para-organizar-financas\/\" \/>\n<meta property=\"og:locale\" content=\"pt_BR\" \/>\n<meta property=\"og:type\" content=\"article\" \/>\n<meta property=\"og:title\" content=\"QUITAR D\u00cdVIDAS \u00c9 PASSO INICIAL PARA ORGANIZAR FINAN\u00c7AS - Bahia Economica\" \/>\n<meta property=\"og:description\" content=\"O maior portal de Economia da Bahia DESTAQUE DO DIA, ECONOMIA \/ POL\u00cdTICA Bahia Economica\" \/>\n<meta property=\"og:url\" content=\"https:\/\/bahiaeconomica.com.br\/wp\/2021\/05\/24\/quitar-dividas-e-passo-inicial-para-organizar-financas\/\" \/>\n<meta property=\"og:site_name\" content=\"Bahia Economica\" \/>\n<meta property=\"article:publisher\" content=\"https:\/\/www.facebook.com\/bahiaeconomica\" \/>\n<meta property=\"article:published_time\" content=\"2021-05-24T16:15:45+00:00\" \/>\n<meta property=\"article:modified_time\" content=\"2021-05-24T16:17:16+00:00\" \/>\n<meta property=\"og:image\" content=\"https:\/\/bahiaeconomica.com.br\/wp\/wp-content\/uploads\/2019\/09\/D\u00edvidasTTTTTTTTT.jpg\" \/>\n\t<meta property=\"og:image:width\" content=\"500\" \/>\n\t<meta property=\"og:image:height\" content=\"300\" \/>\n\t<meta property=\"og:image:type\" content=\"image\/jpeg\" \/>\n<meta name=\"author\" content=\"admin\" \/>\n<meta name=\"twitter:card\" content=\"summary_large_image\" \/>\n<meta name=\"twitter:label1\" content=\"Escrito por\" \/>\n\t<meta name=\"twitter:data1\" content=\"admin\" \/>\n\t<meta name=\"twitter:label2\" content=\"Est. tempo de leitura\" \/>\n\t<meta name=\"twitter:data2\" content=\"5 minutos\" \/>\n<script type=\"application\/ld+json\" class=\"yoast-schema-graph\">{\"@context\":\"https:\/\/schema.org\",\"@graph\":[{\"@type\":\"Article\",\"@id\":\"https:\/\/bahiaeconomica.com.br\/wp\/2021\/05\/24\/quitar-dividas-e-passo-inicial-para-organizar-financas\/#article\",\"isPartOf\":{\"@id\":\"https:\/\/bahiaeconomica.com.br\/wp\/2021\/05\/24\/quitar-dividas-e-passo-inicial-para-organizar-financas\/\"},\"author\":{\"name\":\"admin\",\"@id\":\"https:\/\/bahiaeconomica.com.br\/wp\/#\/schema\/person\/cb1ab5ba96ad3d9390805381c76284ec\"},\"headline\":\"QUITAR D\u00cdVIDAS \u00c9 PASSO INICIAL PARA ORGANIZAR FINAN\u00c7AS\",\"datePublished\":\"2021-05-24T16:15:45+00:00\",\"dateModified\":\"2021-05-24T16:17:16+00:00\",\"mainEntityOfPage\":{\"@id\":\"https:\/\/bahiaeconomica.com.br\/wp\/2021\/05\/24\/quitar-dividas-e-passo-inicial-para-organizar-financas\/\"},\"wordCount\":1029,\"publisher\":{\"@id\":\"https:\/\/bahiaeconomica.com.br\/wp\/#organization\"},\"articleSection\":[\"DESTAQUE DO DIA\",\"ECONOMIA \/ POL\u00cdTICA\"],\"inLanguage\":\"pt-BR\"},{\"@type\":\"WebPage\",\"@id\":\"https:\/\/bahiaeconomica.com.br\/wp\/2021\/05\/24\/quitar-dividas-e-passo-inicial-para-organizar-financas\/\",\"url\":\"https:\/\/bahiaeconomica.com.br\/wp\/2021\/05\/24\/quitar-dividas-e-passo-inicial-para-organizar-financas\/\",\"name\":\"QUITAR D\u00cdVIDAS \u00c9 PASSO INICIAL PARA ORGANIZAR FINAN\u00c7AS - Bahia Economica\",\"isPartOf\":{\"@id\":\"https:\/\/bahiaeconomica.com.br\/wp\/#website\"},\"datePublished\":\"2021-05-24T16:15:45+00:00\",\"dateModified\":\"2021-05-24T16:17:16+00:00\",\"description\":\"O maior portal de Economia da Bahia DESTAQUE DO DIA, ECONOMIA \/ POL\u00cdTICA Bahia Economica\",\"breadcrumb\":{\"@id\":\"https:\/\/bahiaeconomica.com.br\/wp\/2021\/05\/24\/quitar-dividas-e-passo-inicial-para-organizar-financas\/#breadcrumb\"},\"inLanguage\":\"pt-BR\",\"potentialAction\":[{\"@type\":\"ReadAction\",\"target\":[\"https:\/\/bahiaeconomica.com.br\/wp\/2021\/05\/24\/quitar-dividas-e-passo-inicial-para-organizar-financas\/\"]}]},{\"@type\":\"BreadcrumbList\",\"@id\":\"https:\/\/bahiaeconomica.com.br\/wp\/2021\/05\/24\/quitar-dividas-e-passo-inicial-para-organizar-financas\/#breadcrumb\",\"itemListElement\":[{\"@type\":\"ListItem\",\"position\":1,\"name\":\"In\u00edcio\",\"item\":\"https:\/\/bahiaeconomica.com.br\/wp\/\"},{\"@type\":\"ListItem\",\"position\":2,\"name\":\"QUITAR D\u00cdVIDAS \u00c9 PASSO INICIAL PARA ORGANIZAR FINAN\u00c7AS\"}]},{\"@type\":\"WebSite\",\"@id\":\"https:\/\/bahiaeconomica.com.br\/wp\/#website\",\"url\":\"https:\/\/bahiaeconomica.com.br\/wp\/\",\"name\":\"Bahia Economica\",\"description\":\"O maior portal de Economia da Bahia\",\"publisher\":{\"@id\":\"https:\/\/bahiaeconomica.com.br\/wp\/#organization\"},\"potentialAction\":[{\"@type\":\"SearchAction\",\"target\":{\"@type\":\"EntryPoint\",\"urlTemplate\":\"https:\/\/bahiaeconomica.com.br\/wp\/?s={search_term_string}\"},\"query-input\":\"required name=search_term_string\"}],\"inLanguage\":\"pt-BR\"},{\"@type\":\"Organization\",\"@id\":\"https:\/\/bahiaeconomica.com.br\/wp\/#organization\",\"name\":\"Bahia Econ\u00f4mica\",\"url\":\"https:\/\/bahiaeconomica.com.br\/wp\/\",\"logo\":{\"@type\":\"ImageObject\",\"inLanguage\":\"pt-BR\",\"@id\":\"https:\/\/bahiaeconomica.com.br\/wp\/#\/schema\/logo\/image\/\",\"url\":\"https:\/\/bahiaeconomica.com.br\/wp\/wp-content\/uploads\/2020\/12\/cropped-BE.png\",\"contentUrl\":\"https:\/\/bahiaeconomica.com.br\/wp\/wp-content\/uploads\/2020\/12\/cropped-BE.png\",\"width\":512,\"height\":512,\"caption\":\"Bahia Econ\u00f4mica\"},\"image\":{\"@id\":\"https:\/\/bahiaeconomica.com.br\/wp\/#\/schema\/logo\/image\/\"},\"sameAs\":[\"https:\/\/www.facebook.com\/bahiaeconomica\"]},{\"@type\":\"Person\",\"@id\":\"https:\/\/bahiaeconomica.com.br\/wp\/#\/schema\/person\/cb1ab5ba96ad3d9390805381c76284ec\",\"name\":\"admin\",\"url\":\"https:\/\/bahiaeconomica.com.br\/wp\/author\/admin\/\"}]}<\/script>\n<!-- \/ Yoast SEO plugin. -->","yoast_head_json":{"title":"QUITAR D\u00cdVIDAS \u00c9 PASSO INICIAL PARA ORGANIZAR FINAN\u00c7AS - Bahia Economica","description":"O maior portal de Economia da Bahia DESTAQUE DO DIA, ECONOMIA \/ POL\u00cdTICA Bahia Economica","robots":{"index":"index","follow":"follow","max-snippet":"max-snippet:-1","max-image-preview":"max-image-preview:large","max-video-preview":"max-video-preview:-1"},"canonical":"https:\/\/bahiaeconomica.com.br\/wp\/2021\/05\/24\/quitar-dividas-e-passo-inicial-para-organizar-financas\/","og_locale":"pt_BR","og_type":"article","og_title":"QUITAR D\u00cdVIDAS \u00c9 PASSO INICIAL PARA ORGANIZAR FINAN\u00c7AS - Bahia Economica","og_description":"O maior portal de Economia da Bahia DESTAQUE DO DIA, ECONOMIA \/ POL\u00cdTICA Bahia Economica","og_url":"https:\/\/bahiaeconomica.com.br\/wp\/2021\/05\/24\/quitar-dividas-e-passo-inicial-para-organizar-financas\/","og_site_name":"Bahia Economica","article_publisher":"https:\/\/www.facebook.com\/bahiaeconomica","article_published_time":"2021-05-24T16:15:45+00:00","article_modified_time":"2021-05-24T16:17:16+00:00","og_image":[{"width":500,"height":300,"url":"https:\/\/bahiaeconomica.com.br\/wp\/wp-content\/uploads\/2019\/09\/D\u00edvidasTTTTTTTTT.jpg","type":"image\/jpeg"}],"author":"admin","twitter_card":"summary_large_image","twitter_misc":{"Escrito por":"admin","Est. tempo de leitura":"5 minutos"},"schema":{"@context":"https:\/\/schema.org","@graph":[{"@type":"Article","@id":"https:\/\/bahiaeconomica.com.br\/wp\/2021\/05\/24\/quitar-dividas-e-passo-inicial-para-organizar-financas\/#article","isPartOf":{"@id":"https:\/\/bahiaeconomica.com.br\/wp\/2021\/05\/24\/quitar-dividas-e-passo-inicial-para-organizar-financas\/"},"author":{"name":"admin","@id":"https:\/\/bahiaeconomica.com.br\/wp\/#\/schema\/person\/cb1ab5ba96ad3d9390805381c76284ec"},"headline":"QUITAR D\u00cdVIDAS \u00c9 PASSO INICIAL PARA ORGANIZAR FINAN\u00c7AS","datePublished":"2021-05-24T16:15:45+00:00","dateModified":"2021-05-24T16:17:16+00:00","mainEntityOfPage":{"@id":"https:\/\/bahiaeconomica.com.br\/wp\/2021\/05\/24\/quitar-dividas-e-passo-inicial-para-organizar-financas\/"},"wordCount":1029,"publisher":{"@id":"https:\/\/bahiaeconomica.com.br\/wp\/#organization"},"articleSection":["DESTAQUE DO DIA","ECONOMIA \/ POL\u00cdTICA"],"inLanguage":"pt-BR"},{"@type":"WebPage","@id":"https:\/\/bahiaeconomica.com.br\/wp\/2021\/05\/24\/quitar-dividas-e-passo-inicial-para-organizar-financas\/","url":"https:\/\/bahiaeconomica.com.br\/wp\/2021\/05\/24\/quitar-dividas-e-passo-inicial-para-organizar-financas\/","name":"QUITAR D\u00cdVIDAS \u00c9 PASSO INICIAL PARA ORGANIZAR FINAN\u00c7AS - Bahia Economica","isPartOf":{"@id":"https:\/\/bahiaeconomica.com.br\/wp\/#website"},"datePublished":"2021-05-24T16:15:45+00:00","dateModified":"2021-05-24T16:17:16+00:00","description":"O maior portal de Economia da Bahia DESTAQUE DO DIA, ECONOMIA \/ POL\u00cdTICA Bahia Economica","breadcrumb":{"@id":"https:\/\/bahiaeconomica.com.br\/wp\/2021\/05\/24\/quitar-dividas-e-passo-inicial-para-organizar-financas\/#breadcrumb"},"inLanguage":"pt-BR","potentialAction":[{"@type":"ReadAction","target":["https:\/\/bahiaeconomica.com.br\/wp\/2021\/05\/24\/quitar-dividas-e-passo-inicial-para-organizar-financas\/"]}]},{"@type":"BreadcrumbList","@id":"https:\/\/bahiaeconomica.com.br\/wp\/2021\/05\/24\/quitar-dividas-e-passo-inicial-para-organizar-financas\/#breadcrumb","itemListElement":[{"@type":"ListItem","position":1,"name":"In\u00edcio","item":"https:\/\/bahiaeconomica.com.br\/wp\/"},{"@type":"ListItem","position":2,"name":"QUITAR D\u00cdVIDAS \u00c9 PASSO INICIAL PARA ORGANIZAR FINAN\u00c7AS"}]},{"@type":"WebSite","@id":"https:\/\/bahiaeconomica.com.br\/wp\/#website","url":"https:\/\/bahiaeconomica.com.br\/wp\/","name":"Bahia Economica","description":"O maior portal de Economia da Bahia","publisher":{"@id":"https:\/\/bahiaeconomica.com.br\/wp\/#organization"},"potentialAction":[{"@type":"SearchAction","target":{"@type":"EntryPoint","urlTemplate":"https:\/\/bahiaeconomica.com.br\/wp\/?s={search_term_string}"},"query-input":"required name=search_term_string"}],"inLanguage":"pt-BR"},{"@type":"Organization","@id":"https:\/\/bahiaeconomica.com.br\/wp\/#organization","name":"Bahia Econ\u00f4mica","url":"https:\/\/bahiaeconomica.com.br\/wp\/","logo":{"@type":"ImageObject","inLanguage":"pt-BR","@id":"https:\/\/bahiaeconomica.com.br\/wp\/#\/schema\/logo\/image\/","url":"https:\/\/bahiaeconomica.com.br\/wp\/wp-content\/uploads\/2020\/12\/cropped-BE.png","contentUrl":"https:\/\/bahiaeconomica.com.br\/wp\/wp-content\/uploads\/2020\/12\/cropped-BE.png","width":512,"height":512,"caption":"Bahia Econ\u00f4mica"},"image":{"@id":"https:\/\/bahiaeconomica.com.br\/wp\/#\/schema\/logo\/image\/"},"sameAs":["https:\/\/www.facebook.com\/bahiaeconomica"]},{"@type":"Person","@id":"https:\/\/bahiaeconomica.com.br\/wp\/#\/schema\/person\/cb1ab5ba96ad3d9390805381c76284ec","name":"admin","url":"https:\/\/bahiaeconomica.com.br\/wp\/author\/admin\/"}]}},"views":0,"_links":{"self":[{"href":"https:\/\/bahiaeconomica.com.br\/wp\/wp-json\/wp\/v2\/posts\/567488"}],"collection":[{"href":"https:\/\/bahiaeconomica.com.br\/wp\/wp-json\/wp\/v2\/posts"}],"about":[{"href":"https:\/\/bahiaeconomica.com.br\/wp\/wp-json\/wp\/v2\/types\/post"}],"author":[{"embeddable":true,"href":"https:\/\/bahiaeconomica.com.br\/wp\/wp-json\/wp\/v2\/users\/1"}],"replies":[{"embeddable":true,"href":"https:\/\/bahiaeconomica.com.br\/wp\/wp-json\/wp\/v2\/comments?post=567488"}],"version-history":[{"count":2,"href":"https:\/\/bahiaeconomica.com.br\/wp\/wp-json\/wp\/v2\/posts\/567488\/revisions"}],"predecessor-version":[{"id":567491,"href":"https:\/\/bahiaeconomica.com.br\/wp\/wp-json\/wp\/v2\/posts\/567488\/revisions\/567491"}],"wp:featuredmedia":[{"embeddable":true,"href":"https:\/\/bahiaeconomica.com.br\/wp\/wp-json\/wp\/v2\/media\/399633"}],"wp:attachment":[{"href":"https:\/\/bahiaeconomica.com.br\/wp\/wp-json\/wp\/v2\/media?parent=567488"}],"wp:term":[{"taxonomy":"category","embeddable":true,"href":"https:\/\/bahiaeconomica.com.br\/wp\/wp-json\/wp\/v2\/categories?post=567488"},{"taxonomy":"post_tag","embeddable":true,"href":"https:\/\/bahiaeconomica.com.br\/wp\/wp-json\/wp\/v2\/tags?post=567488"}],"curies":[{"name":"wp","href":"https:\/\/api.w.org\/{rel}","templated":true}]}}