{"id":564513,"date":"2021-05-15T07:50:46","date_gmt":"2021-05-15T10:50:46","guid":{"rendered":"https:\/\/bahiaeconomica.com.br\/wp\/beta\/?p=564513"},"modified":"2021-05-15T08:58:47","modified_gmt":"2021-05-15T11:58:47","slug":"novos-nomes-da-reforma-administrativa-estadual-serao-divulgados-amanha-15","status":"publish","type":"post","link":"https:\/\/bahiaeconomica.com.br\/wp\/2021\/05\/15\/novos-nomes-da-reforma-administrativa-estadual-serao-divulgados-amanha-15\/","title":{"rendered":"RUI ANUNCIA HOJE NOMES DOS NOVOS SECRET\u00c1RIOS DA REFORMA ADMINISTRATIVA"},"content":{"rendered":"<p>O governador da Bahia, Rui Costa (PT) afirmou hoje (14), durante visita a Lauro de Freitas, que novos nomes <!--more-->do 1\u00ba e 2\u00ba escal\u00f5es ser\u00e3o publicados na edi\u00e7\u00e3o deste s\u00e1bado (15) do Di\u00e1rio Oficial do Estado (DOE). \u201cAmanh\u00e3 voc\u00eas ver\u00e3o novos nomes\u201d, afirmou ao ser questionado por jornalistas.<\/p>\n<p>A Casa Civil e as Secretarias de Rela\u00e7\u00f5es Institucionais (Serin), Desenvolvimento Regional (SDR), Agricultura (Seagri), Turismo (Setur) e Meio Ambiente (Sema) est\u00e3o como poss\u00edveis mudan\u00e7as no governo de Rui. Nesta \u00faltima, o atual secret\u00e1rio Jo\u00e3o Carlos Oliveira dever\u00e1 assumir a Seagri na cota do PSB. A troca j\u00e1 foi confirmada pela deputada federal L\u00eddice da Mata (PSB), presidente do PSB na Bahia, de acordo com o A Tarde.<\/p>\n<p>J\u00e1 a Setur dever\u00e1 ser comandada pelo atual diretor-geral da Companhia de Desenvolvimento e A\u00e7\u00e3o Regional (CAR), Maur\u00edcio Bacelar, irm\u00e3o do deputado federal Jo\u00e3o Carlos Bacelar. Com a ida de Bacelar, o Podemos passa a integrar o primeiro escal\u00e3o da gest\u00e3o petista.<\/p>\n<p>&nbsp;<\/p>\n<p>&nbsp;<\/p>\n<p>&nbsp;<\/p>\n<figure id=\"attachment_252321\" class=\"wp-caption aligncenter\"><figcaption class=\"wp-caption-text\">Foto: Adab\/divulga\u00e7\u00e3o<\/figcaption><\/figure>\n","protected":false},"excerpt":{"rendered":"<p>O governador da Bahia, Rui Costa (PT) afirmou hoje (14), durante visita a Lauro de Freitas, que novos nomes<\/p>\n","protected":false},"author":1,"featured_media":564518,"comment_status":"closed","ping_status":"closed","sticky":false,"template":"","format":"standard","meta":[],"categories":[3],"tags":[],"acf":[],"yoast_head":"<!-- This site is optimized with the Yoast SEO plugin v20.8 - https:\/\/yoast.com\/wordpress\/plugins\/seo\/ -->\n<title>RUI ANUNCIA HOJE NOMES DOS NOVOS SECRET\u00c1RIOS DA REFORMA ADMINISTRATIVA - Bahia Economica<\/title>\n<meta name=\"description\" content=\"O maior portal de Economia da Bahia ECONOMIA \/ POL\u00cdTICA Bahia Economica\" \/>\n<meta name=\"robots\" content=\"index, follow, max-snippet:-1, max-image-preview:large, max-video-preview:-1\" \/>\n<link rel=\"canonical\" href=\"https:\/\/bahiaeconomica.com.br\/wp\/2021\/05\/15\/novos-nomes-da-reforma-administrativa-estadual-serao-divulgados-amanha-15\/\" \/>\n<meta property=\"og:locale\" content=\"pt_BR\" \/>\n<meta property=\"og:type\" content=\"article\" \/>\n<meta property=\"og:title\" content=\"RUI ANUNCIA HOJE NOMES DOS NOVOS SECRET\u00c1RIOS DA REFORMA ADMINISTRATIVA - Bahia Economica\" \/>\n<meta property=\"og:description\" content=\"O maior portal de Economia da Bahia ECONOMIA \/ POL\u00cdTICA Bahia Economica\" \/>\n<meta property=\"og:url\" content=\"https:\/\/bahiaeconomica.com.br\/wp\/2021\/05\/15\/novos-nomes-da-reforma-administrativa-estadual-serao-divulgados-amanha-15\/\" \/>\n<meta property=\"og:site_name\" content=\"Bahia Economica\" \/>\n<meta property=\"article:publisher\" content=\"https:\/\/www.facebook.com\/bahiaeconomica\" \/>\n<meta property=\"article:published_time\" content=\"2021-05-15T10:50:46+00:00\" \/>\n<meta property=\"article:modified_time\" content=\"2021-05-15T11:58:47+00:00\" \/>\n<meta property=\"og:image\" content=\"https:\/\/bahiaeconomica.com.br\/wp\/wp-content\/uploads\/2021\/05\/Mauricio-Bacelar1-Foto-Adab-divulgacao.jpg\" \/>\n\t<meta property=\"og:image:width\" content=\"500\" \/>\n\t<meta property=\"og:image:height\" content=\"300\" \/>\n\t<meta property=\"og:image:type\" content=\"image\/jpeg\" \/>\n<meta name=\"author\" content=\"admin\" \/>\n<meta name=\"twitter:card\" content=\"summary_large_image\" \/>\n<meta name=\"twitter:label1\" content=\"Escrito por\" \/>\n\t<meta name=\"twitter:data1\" content=\"admin\" \/>\n\t<meta name=\"twitter:label2\" content=\"Est. tempo de leitura\" \/>\n\t<meta name=\"twitter:data2\" content=\"1 minuto\" \/>\n<script type=\"application\/ld+json\" class=\"yoast-schema-graph\">{\"@context\":\"https:\/\/schema.org\",\"@graph\":[{\"@type\":\"Article\",\"@id\":\"https:\/\/bahiaeconomica.com.br\/wp\/2021\/05\/15\/novos-nomes-da-reforma-administrativa-estadual-serao-divulgados-amanha-15\/#article\",\"isPartOf\":{\"@id\":\"https:\/\/bahiaeconomica.com.br\/wp\/2021\/05\/15\/novos-nomes-da-reforma-administrativa-estadual-serao-divulgados-amanha-15\/\"},\"author\":{\"name\":\"admin\",\"@id\":\"https:\/\/bahiaeconomica.com.br\/wp\/#\/schema\/person\/cb1ab5ba96ad3d9390805381c76284ec\"},\"headline\":\"RUI ANUNCIA HOJE NOMES DOS NOVOS SECRET\u00c1RIOS DA REFORMA ADMINISTRATIVA\",\"datePublished\":\"2021-05-15T10:50:46+00:00\",\"dateModified\":\"2021-05-15T11:58:47+00:00\",\"mainEntityOfPage\":{\"@id\":\"https:\/\/bahiaeconomica.com.br\/wp\/2021\/05\/15\/novos-nomes-da-reforma-administrativa-estadual-serao-divulgados-amanha-15\/\"},\"wordCount\":192,\"publisher\":{\"@id\":\"https:\/\/bahiaeconomica.com.br\/wp\/#organization\"},\"articleSection\":[\"ECONOMIA \/ POL\u00cdTICA\"],\"inLanguage\":\"pt-BR\"},{\"@type\":\"WebPage\",\"@id\":\"https:\/\/bahiaeconomica.com.br\/wp\/2021\/05\/15\/novos-nomes-da-reforma-administrativa-estadual-serao-divulgados-amanha-15\/\",\"url\":\"https:\/\/bahiaeconomica.com.br\/wp\/2021\/05\/15\/novos-nomes-da-reforma-administrativa-estadual-serao-divulgados-amanha-15\/\",\"name\":\"RUI ANUNCIA HOJE NOMES DOS NOVOS SECRET\u00c1RIOS DA REFORMA ADMINISTRATIVA - Bahia Economica\",\"isPartOf\":{\"@id\":\"https:\/\/bahiaeconomica.com.br\/wp\/#website\"},\"datePublished\":\"2021-05-15T10:50:46+00:00\",\"dateModified\":\"2021-05-15T11:58:47+00:00\",\"description\":\"O maior portal de Economia da Bahia ECONOMIA \/ POL\u00cdTICA Bahia Economica\",\"breadcrumb\":{\"@id\":\"https:\/\/bahiaeconomica.com.br\/wp\/2021\/05\/15\/novos-nomes-da-reforma-administrativa-estadual-serao-divulgados-amanha-15\/#breadcrumb\"},\"inLanguage\":\"pt-BR\",\"potentialAction\":[{\"@type\":\"ReadAction\",\"target\":[\"https:\/\/bahiaeconomica.com.br\/wp\/2021\/05\/15\/novos-nomes-da-reforma-administrativa-estadual-serao-divulgados-amanha-15\/\"]}]},{\"@type\":\"BreadcrumbList\",\"@id\":\"https:\/\/bahiaeconomica.com.br\/wp\/2021\/05\/15\/novos-nomes-da-reforma-administrativa-estadual-serao-divulgados-amanha-15\/#breadcrumb\",\"itemListElement\":[{\"@type\":\"ListItem\",\"position\":1,\"name\":\"In\u00edcio\",\"item\":\"https:\/\/bahiaeconomica.com.br\/wp\/\"},{\"@type\":\"ListItem\",\"position\":2,\"name\":\"RUI ANUNCIA HOJE NOMES DOS NOVOS SECRET\u00c1RIOS DA REFORMA ADMINISTRATIVA\"}]},{\"@type\":\"WebSite\",\"@id\":\"https:\/\/bahiaeconomica.com.br\/wp\/#website\",\"url\":\"https:\/\/bahiaeconomica.com.br\/wp\/\",\"name\":\"Bahia Economica\",\"description\":\"O maior portal de Economia da Bahia\",\"publisher\":{\"@id\":\"https:\/\/bahiaeconomica.com.br\/wp\/#organization\"},\"potentialAction\":[{\"@type\":\"SearchAction\",\"target\":{\"@type\":\"EntryPoint\",\"urlTemplate\":\"https:\/\/bahiaeconomica.com.br\/wp\/?s={search_term_string}\"},\"query-input\":\"required name=search_term_string\"}],\"inLanguage\":\"pt-BR\"},{\"@type\":\"Organization\",\"@id\":\"https:\/\/bahiaeconomica.com.br\/wp\/#organization\",\"name\":\"Bahia Econ\u00f4mica\",\"url\":\"https:\/\/bahiaeconomica.com.br\/wp\/\",\"logo\":{\"@type\":\"ImageObject\",\"inLanguage\":\"pt-BR\",\"@id\":\"https:\/\/bahiaeconomica.com.br\/wp\/#\/schema\/logo\/image\/\",\"url\":\"https:\/\/bahiaeconomica.com.br\/wp\/wp-content\/uploads\/2020\/12\/cropped-BE.png\",\"contentUrl\":\"https:\/\/bahiaeconomica.com.br\/wp\/wp-content\/uploads\/2020\/12\/cropped-BE.png\",\"width\":512,\"height\":512,\"caption\":\"Bahia Econ\u00f4mica\"},\"image\":{\"@id\":\"https:\/\/bahiaeconomica.com.br\/wp\/#\/schema\/logo\/image\/\"},\"sameAs\":[\"https:\/\/www.facebook.com\/bahiaeconomica\"]},{\"@type\":\"Person\",\"@id\":\"https:\/\/bahiaeconomica.com.br\/wp\/#\/schema\/person\/cb1ab5ba96ad3d9390805381c76284ec\",\"name\":\"admin\",\"url\":\"https:\/\/bahiaeconomica.com.br\/wp\/author\/admin\/\"}]}<\/script>\n<!-- \/ Yoast SEO plugin. -->","yoast_head_json":{"title":"RUI ANUNCIA HOJE NOMES DOS NOVOS SECRET\u00c1RIOS DA REFORMA ADMINISTRATIVA - Bahia Economica","description":"O maior portal de Economia da Bahia ECONOMIA \/ POL\u00cdTICA Bahia Economica","robots":{"index":"index","follow":"follow","max-snippet":"max-snippet:-1","max-image-preview":"max-image-preview:large","max-video-preview":"max-video-preview:-1"},"canonical":"https:\/\/bahiaeconomica.com.br\/wp\/2021\/05\/15\/novos-nomes-da-reforma-administrativa-estadual-serao-divulgados-amanha-15\/","og_locale":"pt_BR","og_type":"article","og_title":"RUI ANUNCIA HOJE NOMES DOS NOVOS SECRET\u00c1RIOS DA REFORMA ADMINISTRATIVA - Bahia Economica","og_description":"O maior portal de Economia da Bahia ECONOMIA \/ POL\u00cdTICA Bahia Economica","og_url":"https:\/\/bahiaeconomica.com.br\/wp\/2021\/05\/15\/novos-nomes-da-reforma-administrativa-estadual-serao-divulgados-amanha-15\/","og_site_name":"Bahia Economica","article_publisher":"https:\/\/www.facebook.com\/bahiaeconomica","article_published_time":"2021-05-15T10:50:46+00:00","article_modified_time":"2021-05-15T11:58:47+00:00","og_image":[{"width":500,"height":300,"url":"https:\/\/bahiaeconomica.com.br\/wp\/wp-content\/uploads\/2021\/05\/Mauricio-Bacelar1-Foto-Adab-divulgacao.jpg","type":"image\/jpeg"}],"author":"admin","twitter_card":"summary_large_image","twitter_misc":{"Escrito por":"admin","Est. tempo de leitura":"1 minuto"},"schema":{"@context":"https:\/\/schema.org","@graph":[{"@type":"Article","@id":"https:\/\/bahiaeconomica.com.br\/wp\/2021\/05\/15\/novos-nomes-da-reforma-administrativa-estadual-serao-divulgados-amanha-15\/#article","isPartOf":{"@id":"https:\/\/bahiaeconomica.com.br\/wp\/2021\/05\/15\/novos-nomes-da-reforma-administrativa-estadual-serao-divulgados-amanha-15\/"},"author":{"name":"admin","@id":"https:\/\/bahiaeconomica.com.br\/wp\/#\/schema\/person\/cb1ab5ba96ad3d9390805381c76284ec"},"headline":"RUI ANUNCIA HOJE NOMES DOS NOVOS SECRET\u00c1RIOS DA REFORMA ADMINISTRATIVA","datePublished":"2021-05-15T10:50:46+00:00","dateModified":"2021-05-15T11:58:47+00:00","mainEntityOfPage":{"@id":"https:\/\/bahiaeconomica.com.br\/wp\/2021\/05\/15\/novos-nomes-da-reforma-administrativa-estadual-serao-divulgados-amanha-15\/"},"wordCount":192,"publisher":{"@id":"https:\/\/bahiaeconomica.com.br\/wp\/#organization"},"articleSection":["ECONOMIA \/ POL\u00cdTICA"],"inLanguage":"pt-BR"},{"@type":"WebPage","@id":"https:\/\/bahiaeconomica.com.br\/wp\/2021\/05\/15\/novos-nomes-da-reforma-administrativa-estadual-serao-divulgados-amanha-15\/","url":"https:\/\/bahiaeconomica.com.br\/wp\/2021\/05\/15\/novos-nomes-da-reforma-administrativa-estadual-serao-divulgados-amanha-15\/","name":"RUI ANUNCIA HOJE NOMES DOS NOVOS SECRET\u00c1RIOS DA REFORMA ADMINISTRATIVA - Bahia Economica","isPartOf":{"@id":"https:\/\/bahiaeconomica.com.br\/wp\/#website"},"datePublished":"2021-05-15T10:50:46+00:00","dateModified":"2021-05-15T11:58:47+00:00","description":"O maior portal de Economia da Bahia ECONOMIA \/ POL\u00cdTICA Bahia Economica","breadcrumb":{"@id":"https:\/\/bahiaeconomica.com.br\/wp\/2021\/05\/15\/novos-nomes-da-reforma-administrativa-estadual-serao-divulgados-amanha-15\/#breadcrumb"},"inLanguage":"pt-BR","potentialAction":[{"@type":"ReadAction","target":["https:\/\/bahiaeconomica.com.br\/wp\/2021\/05\/15\/novos-nomes-da-reforma-administrativa-estadual-serao-divulgados-amanha-15\/"]}]},{"@type":"BreadcrumbList","@id":"https:\/\/bahiaeconomica.com.br\/wp\/2021\/05\/15\/novos-nomes-da-reforma-administrativa-estadual-serao-divulgados-amanha-15\/#breadcrumb","itemListElement":[{"@type":"ListItem","position":1,"name":"In\u00edcio","item":"https:\/\/bahiaeconomica.com.br\/wp\/"},{"@type":"ListItem","position":2,"name":"RUI ANUNCIA HOJE NOMES DOS NOVOS SECRET\u00c1RIOS DA REFORMA ADMINISTRATIVA"}]},{"@type":"WebSite","@id":"https:\/\/bahiaeconomica.com.br\/wp\/#website","url":"https:\/\/bahiaeconomica.com.br\/wp\/","name":"Bahia Economica","description":"O maior portal de Economia da Bahia","publisher":{"@id":"https:\/\/bahiaeconomica.com.br\/wp\/#organization"},"potentialAction":[{"@type":"SearchAction","target":{"@type":"EntryPoint","urlTemplate":"https:\/\/bahiaeconomica.com.br\/wp\/?s={search_term_string}"},"query-input":"required name=search_term_string"}],"inLanguage":"pt-BR"},{"@type":"Organization","@id":"https:\/\/bahiaeconomica.com.br\/wp\/#organization","name":"Bahia Econ\u00f4mica","url":"https:\/\/bahiaeconomica.com.br\/wp\/","logo":{"@type":"ImageObject","inLanguage":"pt-BR","@id":"https:\/\/bahiaeconomica.com.br\/wp\/#\/schema\/logo\/image\/","url":"https:\/\/bahiaeconomica.com.br\/wp\/wp-content\/uploads\/2020\/12\/cropped-BE.png","contentUrl":"https:\/\/bahiaeconomica.com.br\/wp\/wp-content\/uploads\/2020\/12\/cropped-BE.png","width":512,"height":512,"caption":"Bahia Econ\u00f4mica"},"image":{"@id":"https:\/\/bahiaeconomica.com.br\/wp\/#\/schema\/logo\/image\/"},"sameAs":["https:\/\/www.facebook.com\/bahiaeconomica"]},{"@type":"Person","@id":"https:\/\/bahiaeconomica.com.br\/wp\/#\/schema\/person\/cb1ab5ba96ad3d9390805381c76284ec","name":"admin","url":"https:\/\/bahiaeconomica.com.br\/wp\/author\/admin\/"}]}},"views":2,"_links":{"self":[{"href":"https:\/\/bahiaeconomica.com.br\/wp\/wp-json\/wp\/v2\/posts\/564513"}],"collection":[{"href":"https:\/\/bahiaeconomica.com.br\/wp\/wp-json\/wp\/v2\/posts"}],"about":[{"href":"https:\/\/bahiaeconomica.com.br\/wp\/wp-json\/wp\/v2\/types\/post"}],"author":[{"embeddable":true,"href":"https:\/\/bahiaeconomica.com.br\/wp\/wp-json\/wp\/v2\/users\/1"}],"replies":[{"embeddable":true,"href":"https:\/\/bahiaeconomica.com.br\/wp\/wp-json\/wp\/v2\/comments?post=564513"}],"version-history":[{"count":3,"href":"https:\/\/bahiaeconomica.com.br\/wp\/wp-json\/wp\/v2\/posts\/564513\/revisions"}],"predecessor-version":[{"id":564703,"href":"https:\/\/bahiaeconomica.com.br\/wp\/wp-json\/wp\/v2\/posts\/564513\/revisions\/564703"}],"wp:featuredmedia":[{"embeddable":true,"href":"https:\/\/bahiaeconomica.com.br\/wp\/wp-json\/wp\/v2\/media\/564518"}],"wp:attachment":[{"href":"https:\/\/bahiaeconomica.com.br\/wp\/wp-json\/wp\/v2\/media?parent=564513"}],"wp:term":[{"taxonomy":"category","embeddable":true,"href":"https:\/\/bahiaeconomica.com.br\/wp\/wp-json\/wp\/v2\/categories?post=564513"},{"taxonomy":"post_tag","embeddable":true,"href":"https:\/\/bahiaeconomica.com.br\/wp\/wp-json\/wp\/v2\/tags?post=564513"}],"curies":[{"name":"wp","href":"https:\/\/api.w.org\/{rel}","templated":true}]}}