{"id":560802,"date":"2021-05-04T17:17:40","date_gmt":"2021-05-04T20:17:40","guid":{"rendered":"https:\/\/bahiaeconomica.com.br\/wp\/beta\/?p=560802"},"modified":"2021-05-04T17:49:41","modified_gmt":"2021-05-04T20:49:41","slug":"bahia-tem-mais-de-3-mil-novos-casos-de-covid-19-e-82-obitos-em-24h","status":"publish","type":"post","link":"https:\/\/bahiaeconomica.com.br\/wp\/2021\/05\/04\/bahia-tem-mais-de-3-mil-novos-casos-de-covid-19-e-82-obitos-em-24h\/","title":{"rendered":"BAHIA TEM MAIS DE 3 MIL CASOS DE COVID-19 E 82 \u00d3BITOS EM 24H"},"content":{"rendered":"<p>Na Bahia, nas \u00faltimas 24 horas, foram registrados 3.108 casos de Covid-19 (taxa de crescimento de +0,3%) <!--more-->e 3.470 recuperados (+0,4%). O boletim epidemiol\u00f3gico desta ter\u00e7a-feira (4) tamb\u00e9m registra 82 \u00f3bitos. Apesar de as mortes terem ocorrido em diversas datas, a confirma\u00e7\u00e3o e registro foram realizados hoje. Dos 913.020 casos confirmados desde o in\u00edcio da pandemia, 878.399 j\u00e1 s\u00e3o considerados recuperados, 15.809 encontram-se ativos e 18.812 tiveram \u00f3bito confirmado.<\/p>\n<p>O&nbsp;boletim epidemiol\u00f3gico contabiliza ainda 1.208.492 casos descartados e 198.505 em investiga\u00e7\u00e3o. Estes dados representam notifica\u00e7\u00f5es oficiais compiladas pela Diretoria de Vigil\u00e2ncia Epidemiol\u00f3gica em Sa\u00fade da Bahia (Divep-BA), em conjunto com as vigil\u00e2ncias municipais e as bases de dados do Minist\u00e9rio da Sa\u00fade at\u00e9 as 17 horas desta segunda-feira. Na Bahia, 47.499 profissionais da sa\u00fade foram confirmados para Covid-19.<\/p>\n<p>O n\u00famero total de \u00f3bitos por Covid-19 na Bahia desde o in\u00edcio da pandemia \u00e9 de 18.812, representando uma letalidade de 2,06%. Dentre os \u00f3bitos, 55,53% ocorreram no sexo masculino e 44,47% no sexo feminino. Em rela\u00e7\u00e3o ao quesito ra\u00e7a e cor, 54,61% corresponderam a parda, seguidos por branca com 21,98%, preta com 15,42%, amarela com 0,45%, ind\u00edgena com 0,12% e n\u00e3o h\u00e1 informa\u00e7\u00e3o em 7,42% dos \u00f3bitos. O percentual de casos com comorbidade foi de 64,30%, com maior percentual de doen\u00e7as card\u00edacas e cr\u00f4nicas (73,56%).<\/p>\n<p>&nbsp;<\/p>\n<p>&nbsp;<\/p>\n<p>&nbsp;<\/p>\n<p>&nbsp;<\/p>\n<p>Foto: Jefferson Peixoto\/Secom<\/p>\n","protected":false},"excerpt":{"rendered":"<p>Na Bahia, nas \u00faltimas 24 horas, foram registrados 3.108 casos de Covid-19 (taxa de crescimento de +0,3%)<\/p>\n","protected":false},"author":1,"featured_media":481641,"comment_status":"closed","ping_status":"closed","sticky":false,"template":"","format":"standard","meta":[],"categories":[14,3],"tags":[],"acf":[],"yoast_head":"<!-- This site is optimized with the Yoast SEO plugin v20.8 - https:\/\/yoast.com\/wordpress\/plugins\/seo\/ -->\n<title>BAHIA TEM MAIS DE 3 MIL CASOS DE COVID-19 E 82 \u00d3BITOS EM 24H - Bahia Economica<\/title>\n<meta name=\"description\" content=\"O maior portal de Economia da Bahia DESTAQUE DO DIA, ECONOMIA \/ POL\u00cdTICA Bahia Economica\" \/>\n<meta name=\"robots\" content=\"index, follow, max-snippet:-1, max-image-preview:large, max-video-preview:-1\" \/>\n<link rel=\"canonical\" href=\"https:\/\/bahiaeconomica.com.br\/wp\/2021\/05\/04\/bahia-tem-mais-de-3-mil-novos-casos-de-covid-19-e-82-obitos-em-24h\/\" \/>\n<meta property=\"og:locale\" content=\"pt_BR\" \/>\n<meta property=\"og:type\" content=\"article\" \/>\n<meta property=\"og:title\" content=\"BAHIA TEM MAIS DE 3 MIL CASOS DE COVID-19 E 82 \u00d3BITOS EM 24H - Bahia Economica\" \/>\n<meta property=\"og:description\" content=\"O maior portal de Economia da Bahia DESTAQUE DO DIA, ECONOMIA \/ POL\u00cdTICA Bahia Economica\" \/>\n<meta property=\"og:url\" content=\"https:\/\/bahiaeconomica.com.br\/wp\/2021\/05\/04\/bahia-tem-mais-de-3-mil-novos-casos-de-covid-19-e-82-obitos-em-24h\/\" \/>\n<meta property=\"og:site_name\" content=\"Bahia Economica\" \/>\n<meta property=\"article:publisher\" content=\"https:\/\/www.facebook.com\/bahiaeconomica\" \/>\n<meta property=\"article:published_time\" content=\"2021-05-04T20:17:40+00:00\" \/>\n<meta property=\"article:modified_time\" content=\"2021-05-04T20:49:41+00:00\" \/>\n<meta property=\"og:image\" content=\"https:\/\/bahiaeconomica.com.br\/wp\/wp-content\/uploads\/2020\/07\/temperatura_coronavirus_teste_teste-r\u00e1pido.jpg500.jpg\" \/>\n\t<meta property=\"og:image:width\" content=\"500\" \/>\n\t<meta property=\"og:image:height\" content=\"300\" \/>\n\t<meta property=\"og:image:type\" content=\"image\/jpeg\" \/>\n<meta name=\"author\" content=\"admin\" \/>\n<meta name=\"twitter:card\" content=\"summary_large_image\" \/>\n<meta name=\"twitter:label1\" content=\"Escrito por\" \/>\n\t<meta name=\"twitter:data1\" content=\"admin\" \/>\n\t<meta name=\"twitter:label2\" content=\"Est. tempo de leitura\" \/>\n\t<meta name=\"twitter:data2\" content=\"1 minuto\" \/>\n<script type=\"application\/ld+json\" class=\"yoast-schema-graph\">{\"@context\":\"https:\/\/schema.org\",\"@graph\":[{\"@type\":\"Article\",\"@id\":\"https:\/\/bahiaeconomica.com.br\/wp\/2021\/05\/04\/bahia-tem-mais-de-3-mil-novos-casos-de-covid-19-e-82-obitos-em-24h\/#article\",\"isPartOf\":{\"@id\":\"https:\/\/bahiaeconomica.com.br\/wp\/2021\/05\/04\/bahia-tem-mais-de-3-mil-novos-casos-de-covid-19-e-82-obitos-em-24h\/\"},\"author\":{\"name\":\"admin\",\"@id\":\"https:\/\/bahiaeconomica.com.br\/wp\/#\/schema\/person\/cb1ab5ba96ad3d9390805381c76284ec\"},\"headline\":\"BAHIA TEM MAIS DE 3 MIL CASOS DE COVID-19 E 82 \u00d3BITOS EM 24H\",\"datePublished\":\"2021-05-04T20:17:40+00:00\",\"dateModified\":\"2021-05-04T20:49:41+00:00\",\"mainEntityOfPage\":{\"@id\":\"https:\/\/bahiaeconomica.com.br\/wp\/2021\/05\/04\/bahia-tem-mais-de-3-mil-novos-casos-de-covid-19-e-82-obitos-em-24h\/\"},\"wordCount\":233,\"publisher\":{\"@id\":\"https:\/\/bahiaeconomica.com.br\/wp\/#organization\"},\"articleSection\":[\"DESTAQUE DO DIA\",\"ECONOMIA \/ POL\u00cdTICA\"],\"inLanguage\":\"pt-BR\"},{\"@type\":\"WebPage\",\"@id\":\"https:\/\/bahiaeconomica.com.br\/wp\/2021\/05\/04\/bahia-tem-mais-de-3-mil-novos-casos-de-covid-19-e-82-obitos-em-24h\/\",\"url\":\"https:\/\/bahiaeconomica.com.br\/wp\/2021\/05\/04\/bahia-tem-mais-de-3-mil-novos-casos-de-covid-19-e-82-obitos-em-24h\/\",\"name\":\"BAHIA TEM MAIS DE 3 MIL CASOS DE COVID-19 E 82 \u00d3BITOS EM 24H - Bahia Economica\",\"isPartOf\":{\"@id\":\"https:\/\/bahiaeconomica.com.br\/wp\/#website\"},\"datePublished\":\"2021-05-04T20:17:40+00:00\",\"dateModified\":\"2021-05-04T20:49:41+00:00\",\"description\":\"O maior portal de Economia da Bahia DESTAQUE DO DIA, ECONOMIA \/ POL\u00cdTICA Bahia Economica\",\"breadcrumb\":{\"@id\":\"https:\/\/bahiaeconomica.com.br\/wp\/2021\/05\/04\/bahia-tem-mais-de-3-mil-novos-casos-de-covid-19-e-82-obitos-em-24h\/#breadcrumb\"},\"inLanguage\":\"pt-BR\",\"potentialAction\":[{\"@type\":\"ReadAction\",\"target\":[\"https:\/\/bahiaeconomica.com.br\/wp\/2021\/05\/04\/bahia-tem-mais-de-3-mil-novos-casos-de-covid-19-e-82-obitos-em-24h\/\"]}]},{\"@type\":\"BreadcrumbList\",\"@id\":\"https:\/\/bahiaeconomica.com.br\/wp\/2021\/05\/04\/bahia-tem-mais-de-3-mil-novos-casos-de-covid-19-e-82-obitos-em-24h\/#breadcrumb\",\"itemListElement\":[{\"@type\":\"ListItem\",\"position\":1,\"name\":\"In\u00edcio\",\"item\":\"https:\/\/bahiaeconomica.com.br\/wp\/\"},{\"@type\":\"ListItem\",\"position\":2,\"name\":\"BAHIA TEM MAIS DE 3 MIL CASOS DE COVID-19 E 82 \u00d3BITOS EM 24H\"}]},{\"@type\":\"WebSite\",\"@id\":\"https:\/\/bahiaeconomica.com.br\/wp\/#website\",\"url\":\"https:\/\/bahiaeconomica.com.br\/wp\/\",\"name\":\"Bahia Economica\",\"description\":\"O maior portal de Economia da Bahia\",\"publisher\":{\"@id\":\"https:\/\/bahiaeconomica.com.br\/wp\/#organization\"},\"potentialAction\":[{\"@type\":\"SearchAction\",\"target\":{\"@type\":\"EntryPoint\",\"urlTemplate\":\"https:\/\/bahiaeconomica.com.br\/wp\/?s={search_term_string}\"},\"query-input\":\"required name=search_term_string\"}],\"inLanguage\":\"pt-BR\"},{\"@type\":\"Organization\",\"@id\":\"https:\/\/bahiaeconomica.com.br\/wp\/#organization\",\"name\":\"Bahia Econ\u00f4mica\",\"url\":\"https:\/\/bahiaeconomica.com.br\/wp\/\",\"logo\":{\"@type\":\"ImageObject\",\"inLanguage\":\"pt-BR\",\"@id\":\"https:\/\/bahiaeconomica.com.br\/wp\/#\/schema\/logo\/image\/\",\"url\":\"https:\/\/bahiaeconomica.com.br\/wp\/wp-content\/uploads\/2020\/12\/cropped-BE.png\",\"contentUrl\":\"https:\/\/bahiaeconomica.com.br\/wp\/wp-content\/uploads\/2020\/12\/cropped-BE.png\",\"width\":512,\"height\":512,\"caption\":\"Bahia Econ\u00f4mica\"},\"image\":{\"@id\":\"https:\/\/bahiaeconomica.com.br\/wp\/#\/schema\/logo\/image\/\"},\"sameAs\":[\"https:\/\/www.facebook.com\/bahiaeconomica\"]},{\"@type\":\"Person\",\"@id\":\"https:\/\/bahiaeconomica.com.br\/wp\/#\/schema\/person\/cb1ab5ba96ad3d9390805381c76284ec\",\"name\":\"admin\",\"url\":\"https:\/\/bahiaeconomica.com.br\/wp\/author\/admin\/\"}]}<\/script>\n<!-- \/ Yoast SEO plugin. -->","yoast_head_json":{"title":"BAHIA TEM MAIS DE 3 MIL CASOS DE COVID-19 E 82 \u00d3BITOS EM 24H - Bahia Economica","description":"O maior portal de Economia da Bahia DESTAQUE DO DIA, ECONOMIA \/ POL\u00cdTICA Bahia Economica","robots":{"index":"index","follow":"follow","max-snippet":"max-snippet:-1","max-image-preview":"max-image-preview:large","max-video-preview":"max-video-preview:-1"},"canonical":"https:\/\/bahiaeconomica.com.br\/wp\/2021\/05\/04\/bahia-tem-mais-de-3-mil-novos-casos-de-covid-19-e-82-obitos-em-24h\/","og_locale":"pt_BR","og_type":"article","og_title":"BAHIA TEM MAIS DE 3 MIL CASOS DE COVID-19 E 82 \u00d3BITOS EM 24H - Bahia Economica","og_description":"O maior portal de Economia da Bahia DESTAQUE DO DIA, ECONOMIA \/ POL\u00cdTICA Bahia Economica","og_url":"https:\/\/bahiaeconomica.com.br\/wp\/2021\/05\/04\/bahia-tem-mais-de-3-mil-novos-casos-de-covid-19-e-82-obitos-em-24h\/","og_site_name":"Bahia Economica","article_publisher":"https:\/\/www.facebook.com\/bahiaeconomica","article_published_time":"2021-05-04T20:17:40+00:00","article_modified_time":"2021-05-04T20:49:41+00:00","og_image":[{"width":500,"height":300,"url":"https:\/\/bahiaeconomica.com.br\/wp\/wp-content\/uploads\/2020\/07\/temperatura_coronavirus_teste_teste-r\u00e1pido.jpg500.jpg","type":"image\/jpeg"}],"author":"admin","twitter_card":"summary_large_image","twitter_misc":{"Escrito por":"admin","Est. tempo de leitura":"1 minuto"},"schema":{"@context":"https:\/\/schema.org","@graph":[{"@type":"Article","@id":"https:\/\/bahiaeconomica.com.br\/wp\/2021\/05\/04\/bahia-tem-mais-de-3-mil-novos-casos-de-covid-19-e-82-obitos-em-24h\/#article","isPartOf":{"@id":"https:\/\/bahiaeconomica.com.br\/wp\/2021\/05\/04\/bahia-tem-mais-de-3-mil-novos-casos-de-covid-19-e-82-obitos-em-24h\/"},"author":{"name":"admin","@id":"https:\/\/bahiaeconomica.com.br\/wp\/#\/schema\/person\/cb1ab5ba96ad3d9390805381c76284ec"},"headline":"BAHIA TEM MAIS DE 3 MIL CASOS DE COVID-19 E 82 \u00d3BITOS EM 24H","datePublished":"2021-05-04T20:17:40+00:00","dateModified":"2021-05-04T20:49:41+00:00","mainEntityOfPage":{"@id":"https:\/\/bahiaeconomica.com.br\/wp\/2021\/05\/04\/bahia-tem-mais-de-3-mil-novos-casos-de-covid-19-e-82-obitos-em-24h\/"},"wordCount":233,"publisher":{"@id":"https:\/\/bahiaeconomica.com.br\/wp\/#organization"},"articleSection":["DESTAQUE DO DIA","ECONOMIA \/ POL\u00cdTICA"],"inLanguage":"pt-BR"},{"@type":"WebPage","@id":"https:\/\/bahiaeconomica.com.br\/wp\/2021\/05\/04\/bahia-tem-mais-de-3-mil-novos-casos-de-covid-19-e-82-obitos-em-24h\/","url":"https:\/\/bahiaeconomica.com.br\/wp\/2021\/05\/04\/bahia-tem-mais-de-3-mil-novos-casos-de-covid-19-e-82-obitos-em-24h\/","name":"BAHIA TEM MAIS DE 3 MIL CASOS DE COVID-19 E 82 \u00d3BITOS EM 24H - Bahia Economica","isPartOf":{"@id":"https:\/\/bahiaeconomica.com.br\/wp\/#website"},"datePublished":"2021-05-04T20:17:40+00:00","dateModified":"2021-05-04T20:49:41+00:00","description":"O maior portal de Economia da Bahia DESTAQUE DO DIA, ECONOMIA \/ POL\u00cdTICA Bahia Economica","breadcrumb":{"@id":"https:\/\/bahiaeconomica.com.br\/wp\/2021\/05\/04\/bahia-tem-mais-de-3-mil-novos-casos-de-covid-19-e-82-obitos-em-24h\/#breadcrumb"},"inLanguage":"pt-BR","potentialAction":[{"@type":"ReadAction","target":["https:\/\/bahiaeconomica.com.br\/wp\/2021\/05\/04\/bahia-tem-mais-de-3-mil-novos-casos-de-covid-19-e-82-obitos-em-24h\/"]}]},{"@type":"BreadcrumbList","@id":"https:\/\/bahiaeconomica.com.br\/wp\/2021\/05\/04\/bahia-tem-mais-de-3-mil-novos-casos-de-covid-19-e-82-obitos-em-24h\/#breadcrumb","itemListElement":[{"@type":"ListItem","position":1,"name":"In\u00edcio","item":"https:\/\/bahiaeconomica.com.br\/wp\/"},{"@type":"ListItem","position":2,"name":"BAHIA TEM MAIS DE 3 MIL CASOS DE COVID-19 E 82 \u00d3BITOS EM 24H"}]},{"@type":"WebSite","@id":"https:\/\/bahiaeconomica.com.br\/wp\/#website","url":"https:\/\/bahiaeconomica.com.br\/wp\/","name":"Bahia Economica","description":"O maior portal de Economia da Bahia","publisher":{"@id":"https:\/\/bahiaeconomica.com.br\/wp\/#organization"},"potentialAction":[{"@type":"SearchAction","target":{"@type":"EntryPoint","urlTemplate":"https:\/\/bahiaeconomica.com.br\/wp\/?s={search_term_string}"},"query-input":"required name=search_term_string"}],"inLanguage":"pt-BR"},{"@type":"Organization","@id":"https:\/\/bahiaeconomica.com.br\/wp\/#organization","name":"Bahia Econ\u00f4mica","url":"https:\/\/bahiaeconomica.com.br\/wp\/","logo":{"@type":"ImageObject","inLanguage":"pt-BR","@id":"https:\/\/bahiaeconomica.com.br\/wp\/#\/schema\/logo\/image\/","url":"https:\/\/bahiaeconomica.com.br\/wp\/wp-content\/uploads\/2020\/12\/cropped-BE.png","contentUrl":"https:\/\/bahiaeconomica.com.br\/wp\/wp-content\/uploads\/2020\/12\/cropped-BE.png","width":512,"height":512,"caption":"Bahia Econ\u00f4mica"},"image":{"@id":"https:\/\/bahiaeconomica.com.br\/wp\/#\/schema\/logo\/image\/"},"sameAs":["https:\/\/www.facebook.com\/bahiaeconomica"]},{"@type":"Person","@id":"https:\/\/bahiaeconomica.com.br\/wp\/#\/schema\/person\/cb1ab5ba96ad3d9390805381c76284ec","name":"admin","url":"https:\/\/bahiaeconomica.com.br\/wp\/author\/admin\/"}]}},"views":2,"_links":{"self":[{"href":"https:\/\/bahiaeconomica.com.br\/wp\/wp-json\/wp\/v2\/posts\/560802"}],"collection":[{"href":"https:\/\/bahiaeconomica.com.br\/wp\/wp-json\/wp\/v2\/posts"}],"about":[{"href":"https:\/\/bahiaeconomica.com.br\/wp\/wp-json\/wp\/v2\/types\/post"}],"author":[{"embeddable":true,"href":"https:\/\/bahiaeconomica.com.br\/wp\/wp-json\/wp\/v2\/users\/1"}],"replies":[{"embeddable":true,"href":"https:\/\/bahiaeconomica.com.br\/wp\/wp-json\/wp\/v2\/comments?post=560802"}],"version-history":[{"count":3,"href":"https:\/\/bahiaeconomica.com.br\/wp\/wp-json\/wp\/v2\/posts\/560802\/revisions"}],"predecessor-version":[{"id":560806,"href":"https:\/\/bahiaeconomica.com.br\/wp\/wp-json\/wp\/v2\/posts\/560802\/revisions\/560806"}],"wp:featuredmedia":[{"embeddable":true,"href":"https:\/\/bahiaeconomica.com.br\/wp\/wp-json\/wp\/v2\/media\/481641"}],"wp:attachment":[{"href":"https:\/\/bahiaeconomica.com.br\/wp\/wp-json\/wp\/v2\/media?parent=560802"}],"wp:term":[{"taxonomy":"category","embeddable":true,"href":"https:\/\/bahiaeconomica.com.br\/wp\/wp-json\/wp\/v2\/categories?post=560802"},{"taxonomy":"post_tag","embeddable":true,"href":"https:\/\/bahiaeconomica.com.br\/wp\/wp-json\/wp\/v2\/tags?post=560802"}],"curies":[{"name":"wp","href":"https:\/\/api.w.org\/{rel}","templated":true}]}}