{"id":559581,"date":"2021-04-30T09:38:12","date_gmt":"2021-04-30T12:38:12","guid":{"rendered":"https:\/\/bahiaeconomica.com.br\/wp\/beta\/?p=559581"},"modified":"2021-04-30T09:38:33","modified_gmt":"2021-04-30T12:38:33","slug":"inventor-da-bahia-dorival-caymmi-faria-107-anos-nesta-sexta","status":"publish","type":"post","link":"https:\/\/bahiaeconomica.com.br\/wp\/2021\/04\/30\/inventor-da-bahia-dorival-caymmi-faria-107-anos-nesta-sexta\/","title":{"rendered":"&#8216;INVENTOR&#8217; DA BAHIA, DORIVAL CAYMMI FARIA 107 ANOS NESTA SEXTA (30)"},"content":{"rendered":"<p class=\"bodytext\" style=\"text-align: justify;\">&#8220;A Bahia est\u00e1 viva, ainda l\u00e1, cada dia mais bonita, o firmamento azul, esse mar t\u00e3o verde e o povar\u00e9u&#8221;. A frase \u00e9 da carta escrita por Dorival Caymmi em 1976 para o amigo Jorge Amado, na \u00e9poca em que o escritor morava na Inglaterra. O documento \u00e9 um dos mais belos registros com not\u00edcias de&nbsp;terras baianas.<\/p>\n<p class=\"bodytext\" style=\"text-align: justify;\">Na carta, Caymmi retrata, com seu j\u00e1 reconhecido talento, cheiros e cores de uma Salvador viva e efervescente. Cita as &#8216;lorotas&#8217; do parceiro Caryb\u00e9, as andan\u00e7as pelas ruas e atualiza o amigo sobre as not\u00edciais da primeira capital do Brasil. No dia em que o autor do registro completa 107 anos, lembramos que a Bahia de Caymmi segue como ele mesmo descreveu, apesar de percal\u00e7os: viva, ainda l\u00e1 (ou aqui), e cada dia mais bonita.<\/p>\n<p class=\"bodytext\" style=\"text-align: justify;\">Dorival Caymmi \u00e9 considerado por muitos artistas e pesquisadores como pe\u00e7a fundamental em um conceito de Bahia que se tornou popular em todo mundo: a&nbsp;baianidade criada por nosso Buda Nag\u00f4. Mais do que cantor e compositor, Caymmi \u00e9 uma esp\u00e9cie de inventor da Bahia.<\/p>\n<p class=\"bodytext\" style=\"text-align: justify;\">\u201c\u00c9 justo atribuir a ele essa autoria, de uma Bahia esparramada no pa\u00eds inteiro. Primeiro porque juntou todos os aspectos mais importantes, a come\u00e7ar pelo povo\u201d, disse Gilberto Gil, na ocasi\u00e3o dos 10 anos da morte de Caymmi, em 2018.<\/p>\n<p class=\"bodytext\" style=\"text-align: justify;\">&#8220;Caymmi sabia de tudo. Jo\u00e3o Gilberto me disse que eu olhasse sempre para ele, que ele era o g\u00eanio da ra\u00e7a, uma li\u00e7\u00e3o permanente&#8221;, disse Caetano Veloso, em agosto do ano passado, em suas redes sociais. Mais recentemente, no filme &#8220;Dorival Caymmi \u2013 Um Homem de Afetos&#8221;, Caetano vai al\u00e9m:&nbsp;&#8220;\u00c9 a&nbsp;maior figura da m\u00fasica popular brasileira de todos os tempos&#8221;, afirma.<\/p>\n<p class=\"bodytext\" style=\"text-align: justify;\">\nNascido em 30 de abril de 1914, na capital baiana, Caymmi teve liberdade e intimidade para criar sobre sua terra. Nasceu na Capelinha de S\u00e3o Caetano, mas ainda crian\u00e7a, se mudou com a fam\u00edlia para o bairro da&nbsp;Sa\u00fade e depois para a Ladeira do Carmo, antes de seguir para o Rio de Janeiro. Quando voltou \u00e0 Bahia, no final dos anos 60 por &#8220;press\u00e3o&#8221; de Jorge Amado, morou na Pedra da Sereia, no Rio Vermelho, e em Itapu\u00e3, antes de voltar ao Rio, onde viveu at\u00e9 2008, quando morreu.<\/p>\n<p>Ele cantou a &#8220;cidade da Bahia&#8221; da Ribeira \u00e0 Itapu\u00e3, e percorreu parte do estado. Foi de Olhos D&#8217;\u00c1gua at\u00e9 Alagoinhas e fez de Maracangalha destino popular, como ou sem An\u00e1lia.<\/p>\n<p>foto: divulga\u00e7\u00e3o<\/p>\n","protected":false},"excerpt":{"rendered":"<p>&#8220;A Bahia est\u00e1 viva, ainda l\u00e1, cada dia mais bonita, o firmamento azul, esse mar t\u00e3o verde e o povar\u00e9u&#8221;. A frase \u00e9 da carta escrita por Dorival Caymmi em 1976 para o amigo Jorge Amado, na \u00e9poca em que o escritor morava na Inglaterra. O documento \u00e9 um dos mais belos registros com not\u00edcias [&hellip;]<\/p>\n","protected":false},"author":1,"featured_media":559585,"comment_status":"closed","ping_status":"closed","sticky":false,"template":"","format":"standard","meta":[],"categories":[689],"tags":[],"acf":[],"yoast_head":"<!-- This site is optimized with the Yoast SEO plugin v20.8 - https:\/\/yoast.com\/wordpress\/plugins\/seo\/ -->\n<title>&#039;INVENTOR&#039; DA BAHIA, DORIVAL CAYMMI FARIA 107 ANOS NESTA SEXTA (30) - Bahia Economica<\/title>\n<meta name=\"description\" content=\"O maior portal de Economia da Bahia CULTURA E ARTE Bahia Economica\" \/>\n<meta name=\"robots\" content=\"index, follow, max-snippet:-1, max-image-preview:large, max-video-preview:-1\" \/>\n<link rel=\"canonical\" href=\"https:\/\/bahiaeconomica.com.br\/wp\/2021\/04\/30\/inventor-da-bahia-dorival-caymmi-faria-107-anos-nesta-sexta\/\" \/>\n<meta property=\"og:locale\" content=\"pt_BR\" \/>\n<meta property=\"og:type\" content=\"article\" \/>\n<meta property=\"og:title\" content=\"&#039;INVENTOR&#039; DA BAHIA, DORIVAL CAYMMI FARIA 107 ANOS NESTA SEXTA (30) - Bahia Economica\" \/>\n<meta property=\"og:description\" content=\"O maior portal de Economia da Bahia CULTURA E ARTE Bahia Economica\" \/>\n<meta property=\"og:url\" content=\"https:\/\/bahiaeconomica.com.br\/wp\/2021\/04\/30\/inventor-da-bahia-dorival-caymmi-faria-107-anos-nesta-sexta\/\" \/>\n<meta property=\"og:site_name\" content=\"Bahia Economica\" \/>\n<meta property=\"article:publisher\" content=\"https:\/\/www.facebook.com\/bahiaeconomica\" \/>\n<meta property=\"article:published_time\" content=\"2021-04-30T12:38:12+00:00\" \/>\n<meta property=\"article:modified_time\" content=\"2021-04-30T12:38:33+00:00\" \/>\n<meta property=\"og:image\" content=\"https:\/\/bahiaeconomica.com.br\/wp\/wp-content\/uploads\/2021\/04\/caymmi-divulgacao.png\" \/>\n\t<meta property=\"og:image:width\" content=\"464\" \/>\n\t<meta property=\"og:image:height\" content=\"315\" \/>\n\t<meta property=\"og:image:type\" content=\"image\/png\" \/>\n<meta name=\"author\" content=\"admin\" \/>\n<meta name=\"twitter:card\" content=\"summary_large_image\" \/>\n<meta name=\"twitter:label1\" content=\"Escrito por\" \/>\n\t<meta name=\"twitter:data1\" content=\"admin\" \/>\n\t<meta name=\"twitter:label2\" content=\"Est. tempo de leitura\" \/>\n\t<meta name=\"twitter:data2\" content=\"2 minutos\" \/>\n<script type=\"application\/ld+json\" class=\"yoast-schema-graph\">{\"@context\":\"https:\/\/schema.org\",\"@graph\":[{\"@type\":\"Article\",\"@id\":\"https:\/\/bahiaeconomica.com.br\/wp\/2021\/04\/30\/inventor-da-bahia-dorival-caymmi-faria-107-anos-nesta-sexta\/#article\",\"isPartOf\":{\"@id\":\"https:\/\/bahiaeconomica.com.br\/wp\/2021\/04\/30\/inventor-da-bahia-dorival-caymmi-faria-107-anos-nesta-sexta\/\"},\"author\":{\"name\":\"admin\",\"@id\":\"https:\/\/bahiaeconomica.com.br\/wp\/#\/schema\/person\/cb1ab5ba96ad3d9390805381c76284ec\"},\"headline\":\"&#8216;INVENTOR&#8217; DA BAHIA, DORIVAL CAYMMI FARIA 107 ANOS NESTA SEXTA (30)\",\"datePublished\":\"2021-04-30T12:38:12+00:00\",\"dateModified\":\"2021-04-30T12:38:33+00:00\",\"mainEntityOfPage\":{\"@id\":\"https:\/\/bahiaeconomica.com.br\/wp\/2021\/04\/30\/inventor-da-bahia-dorival-caymmi-faria-107-anos-nesta-sexta\/\"},\"wordCount\":426,\"publisher\":{\"@id\":\"https:\/\/bahiaeconomica.com.br\/wp\/#organization\"},\"articleSection\":[\"CULTURA E ARTE\"],\"inLanguage\":\"pt-BR\"},{\"@type\":\"WebPage\",\"@id\":\"https:\/\/bahiaeconomica.com.br\/wp\/2021\/04\/30\/inventor-da-bahia-dorival-caymmi-faria-107-anos-nesta-sexta\/\",\"url\":\"https:\/\/bahiaeconomica.com.br\/wp\/2021\/04\/30\/inventor-da-bahia-dorival-caymmi-faria-107-anos-nesta-sexta\/\",\"name\":\"'INVENTOR' DA BAHIA, DORIVAL CAYMMI FARIA 107 ANOS NESTA SEXTA (30) - Bahia Economica\",\"isPartOf\":{\"@id\":\"https:\/\/bahiaeconomica.com.br\/wp\/#website\"},\"datePublished\":\"2021-04-30T12:38:12+00:00\",\"dateModified\":\"2021-04-30T12:38:33+00:00\",\"description\":\"O maior portal de Economia da Bahia CULTURA E ARTE Bahia Economica\",\"breadcrumb\":{\"@id\":\"https:\/\/bahiaeconomica.com.br\/wp\/2021\/04\/30\/inventor-da-bahia-dorival-caymmi-faria-107-anos-nesta-sexta\/#breadcrumb\"},\"inLanguage\":\"pt-BR\",\"potentialAction\":[{\"@type\":\"ReadAction\",\"target\":[\"https:\/\/bahiaeconomica.com.br\/wp\/2021\/04\/30\/inventor-da-bahia-dorival-caymmi-faria-107-anos-nesta-sexta\/\"]}]},{\"@type\":\"BreadcrumbList\",\"@id\":\"https:\/\/bahiaeconomica.com.br\/wp\/2021\/04\/30\/inventor-da-bahia-dorival-caymmi-faria-107-anos-nesta-sexta\/#breadcrumb\",\"itemListElement\":[{\"@type\":\"ListItem\",\"position\":1,\"name\":\"In\u00edcio\",\"item\":\"https:\/\/bahiaeconomica.com.br\/wp\/\"},{\"@type\":\"ListItem\",\"position\":2,\"name\":\"&#8216;INVENTOR&#8217; DA BAHIA, DORIVAL CAYMMI FARIA 107 ANOS NESTA SEXTA (30)\"}]},{\"@type\":\"WebSite\",\"@id\":\"https:\/\/bahiaeconomica.com.br\/wp\/#website\",\"url\":\"https:\/\/bahiaeconomica.com.br\/wp\/\",\"name\":\"Bahia Economica\",\"description\":\"O maior portal de Economia da Bahia\",\"publisher\":{\"@id\":\"https:\/\/bahiaeconomica.com.br\/wp\/#organization\"},\"potentialAction\":[{\"@type\":\"SearchAction\",\"target\":{\"@type\":\"EntryPoint\",\"urlTemplate\":\"https:\/\/bahiaeconomica.com.br\/wp\/?s={search_term_string}\"},\"query-input\":\"required name=search_term_string\"}],\"inLanguage\":\"pt-BR\"},{\"@type\":\"Organization\",\"@id\":\"https:\/\/bahiaeconomica.com.br\/wp\/#organization\",\"name\":\"Bahia Econ\u00f4mica\",\"url\":\"https:\/\/bahiaeconomica.com.br\/wp\/\",\"logo\":{\"@type\":\"ImageObject\",\"inLanguage\":\"pt-BR\",\"@id\":\"https:\/\/bahiaeconomica.com.br\/wp\/#\/schema\/logo\/image\/\",\"url\":\"https:\/\/bahiaeconomica.com.br\/wp\/wp-content\/uploads\/2020\/12\/cropped-BE.png\",\"contentUrl\":\"https:\/\/bahiaeconomica.com.br\/wp\/wp-content\/uploads\/2020\/12\/cropped-BE.png\",\"width\":512,\"height\":512,\"caption\":\"Bahia Econ\u00f4mica\"},\"image\":{\"@id\":\"https:\/\/bahiaeconomica.com.br\/wp\/#\/schema\/logo\/image\/\"},\"sameAs\":[\"https:\/\/www.facebook.com\/bahiaeconomica\"]},{\"@type\":\"Person\",\"@id\":\"https:\/\/bahiaeconomica.com.br\/wp\/#\/schema\/person\/cb1ab5ba96ad3d9390805381c76284ec\",\"name\":\"admin\",\"url\":\"https:\/\/bahiaeconomica.com.br\/wp\/author\/admin\/\"}]}<\/script>\n<!-- \/ Yoast SEO plugin. -->","yoast_head_json":{"title":"'INVENTOR' DA BAHIA, DORIVAL CAYMMI FARIA 107 ANOS NESTA SEXTA (30) - Bahia Economica","description":"O maior portal de Economia da Bahia CULTURA E ARTE Bahia Economica","robots":{"index":"index","follow":"follow","max-snippet":"max-snippet:-1","max-image-preview":"max-image-preview:large","max-video-preview":"max-video-preview:-1"},"canonical":"https:\/\/bahiaeconomica.com.br\/wp\/2021\/04\/30\/inventor-da-bahia-dorival-caymmi-faria-107-anos-nesta-sexta\/","og_locale":"pt_BR","og_type":"article","og_title":"'INVENTOR' DA BAHIA, DORIVAL CAYMMI FARIA 107 ANOS NESTA SEXTA (30) - Bahia Economica","og_description":"O maior portal de Economia da Bahia CULTURA E ARTE Bahia Economica","og_url":"https:\/\/bahiaeconomica.com.br\/wp\/2021\/04\/30\/inventor-da-bahia-dorival-caymmi-faria-107-anos-nesta-sexta\/","og_site_name":"Bahia Economica","article_publisher":"https:\/\/www.facebook.com\/bahiaeconomica","article_published_time":"2021-04-30T12:38:12+00:00","article_modified_time":"2021-04-30T12:38:33+00:00","og_image":[{"width":464,"height":315,"url":"https:\/\/bahiaeconomica.com.br\/wp\/wp-content\/uploads\/2021\/04\/caymmi-divulgacao.png","type":"image\/png"}],"author":"admin","twitter_card":"summary_large_image","twitter_misc":{"Escrito por":"admin","Est. tempo de leitura":"2 minutos"},"schema":{"@context":"https:\/\/schema.org","@graph":[{"@type":"Article","@id":"https:\/\/bahiaeconomica.com.br\/wp\/2021\/04\/30\/inventor-da-bahia-dorival-caymmi-faria-107-anos-nesta-sexta\/#article","isPartOf":{"@id":"https:\/\/bahiaeconomica.com.br\/wp\/2021\/04\/30\/inventor-da-bahia-dorival-caymmi-faria-107-anos-nesta-sexta\/"},"author":{"name":"admin","@id":"https:\/\/bahiaeconomica.com.br\/wp\/#\/schema\/person\/cb1ab5ba96ad3d9390805381c76284ec"},"headline":"&#8216;INVENTOR&#8217; DA BAHIA, DORIVAL CAYMMI FARIA 107 ANOS NESTA SEXTA (30)","datePublished":"2021-04-30T12:38:12+00:00","dateModified":"2021-04-30T12:38:33+00:00","mainEntityOfPage":{"@id":"https:\/\/bahiaeconomica.com.br\/wp\/2021\/04\/30\/inventor-da-bahia-dorival-caymmi-faria-107-anos-nesta-sexta\/"},"wordCount":426,"publisher":{"@id":"https:\/\/bahiaeconomica.com.br\/wp\/#organization"},"articleSection":["CULTURA E ARTE"],"inLanguage":"pt-BR"},{"@type":"WebPage","@id":"https:\/\/bahiaeconomica.com.br\/wp\/2021\/04\/30\/inventor-da-bahia-dorival-caymmi-faria-107-anos-nesta-sexta\/","url":"https:\/\/bahiaeconomica.com.br\/wp\/2021\/04\/30\/inventor-da-bahia-dorival-caymmi-faria-107-anos-nesta-sexta\/","name":"'INVENTOR' DA BAHIA, DORIVAL CAYMMI FARIA 107 ANOS NESTA SEXTA (30) - Bahia Economica","isPartOf":{"@id":"https:\/\/bahiaeconomica.com.br\/wp\/#website"},"datePublished":"2021-04-30T12:38:12+00:00","dateModified":"2021-04-30T12:38:33+00:00","description":"O maior portal de Economia da Bahia CULTURA E ARTE Bahia Economica","breadcrumb":{"@id":"https:\/\/bahiaeconomica.com.br\/wp\/2021\/04\/30\/inventor-da-bahia-dorival-caymmi-faria-107-anos-nesta-sexta\/#breadcrumb"},"inLanguage":"pt-BR","potentialAction":[{"@type":"ReadAction","target":["https:\/\/bahiaeconomica.com.br\/wp\/2021\/04\/30\/inventor-da-bahia-dorival-caymmi-faria-107-anos-nesta-sexta\/"]}]},{"@type":"BreadcrumbList","@id":"https:\/\/bahiaeconomica.com.br\/wp\/2021\/04\/30\/inventor-da-bahia-dorival-caymmi-faria-107-anos-nesta-sexta\/#breadcrumb","itemListElement":[{"@type":"ListItem","position":1,"name":"In\u00edcio","item":"https:\/\/bahiaeconomica.com.br\/wp\/"},{"@type":"ListItem","position":2,"name":"&#8216;INVENTOR&#8217; DA BAHIA, DORIVAL CAYMMI FARIA 107 ANOS NESTA SEXTA (30)"}]},{"@type":"WebSite","@id":"https:\/\/bahiaeconomica.com.br\/wp\/#website","url":"https:\/\/bahiaeconomica.com.br\/wp\/","name":"Bahia Economica","description":"O maior portal de Economia da Bahia","publisher":{"@id":"https:\/\/bahiaeconomica.com.br\/wp\/#organization"},"potentialAction":[{"@type":"SearchAction","target":{"@type":"EntryPoint","urlTemplate":"https:\/\/bahiaeconomica.com.br\/wp\/?s={search_term_string}"},"query-input":"required name=search_term_string"}],"inLanguage":"pt-BR"},{"@type":"Organization","@id":"https:\/\/bahiaeconomica.com.br\/wp\/#organization","name":"Bahia Econ\u00f4mica","url":"https:\/\/bahiaeconomica.com.br\/wp\/","logo":{"@type":"ImageObject","inLanguage":"pt-BR","@id":"https:\/\/bahiaeconomica.com.br\/wp\/#\/schema\/logo\/image\/","url":"https:\/\/bahiaeconomica.com.br\/wp\/wp-content\/uploads\/2020\/12\/cropped-BE.png","contentUrl":"https:\/\/bahiaeconomica.com.br\/wp\/wp-content\/uploads\/2020\/12\/cropped-BE.png","width":512,"height":512,"caption":"Bahia Econ\u00f4mica"},"image":{"@id":"https:\/\/bahiaeconomica.com.br\/wp\/#\/schema\/logo\/image\/"},"sameAs":["https:\/\/www.facebook.com\/bahiaeconomica"]},{"@type":"Person","@id":"https:\/\/bahiaeconomica.com.br\/wp\/#\/schema\/person\/cb1ab5ba96ad3d9390805381c76284ec","name":"admin","url":"https:\/\/bahiaeconomica.com.br\/wp\/author\/admin\/"}]}},"views":11,"_links":{"self":[{"href":"https:\/\/bahiaeconomica.com.br\/wp\/wp-json\/wp\/v2\/posts\/559581"}],"collection":[{"href":"https:\/\/bahiaeconomica.com.br\/wp\/wp-json\/wp\/v2\/posts"}],"about":[{"href":"https:\/\/bahiaeconomica.com.br\/wp\/wp-json\/wp\/v2\/types\/post"}],"author":[{"embeddable":true,"href":"https:\/\/bahiaeconomica.com.br\/wp\/wp-json\/wp\/v2\/users\/1"}],"replies":[{"embeddable":true,"href":"https:\/\/bahiaeconomica.com.br\/wp\/wp-json\/wp\/v2\/comments?post=559581"}],"version-history":[{"count":2,"href":"https:\/\/bahiaeconomica.com.br\/wp\/wp-json\/wp\/v2\/posts\/559581\/revisions"}],"predecessor-version":[{"id":559587,"href":"https:\/\/bahiaeconomica.com.br\/wp\/wp-json\/wp\/v2\/posts\/559581\/revisions\/559587"}],"wp:featuredmedia":[{"embeddable":true,"href":"https:\/\/bahiaeconomica.com.br\/wp\/wp-json\/wp\/v2\/media\/559585"}],"wp:attachment":[{"href":"https:\/\/bahiaeconomica.com.br\/wp\/wp-json\/wp\/v2\/media?parent=559581"}],"wp:term":[{"taxonomy":"category","embeddable":true,"href":"https:\/\/bahiaeconomica.com.br\/wp\/wp-json\/wp\/v2\/categories?post=559581"},{"taxonomy":"post_tag","embeddable":true,"href":"https:\/\/bahiaeconomica.com.br\/wp\/wp-json\/wp\/v2\/tags?post=559581"}],"curies":[{"name":"wp","href":"https:\/\/api.w.org\/{rel}","templated":true}]}}