{"id":557702,"date":"2021-04-26T10:25:04","date_gmt":"2021-04-26T13:25:04","guid":{"rendered":"https:\/\/bahiaeconomica.com.br\/wp\/beta\/?p=557702"},"modified":"2021-04-26T10:25:04","modified_gmt":"2021-04-26T13:25:04","slug":"gasto-de-brasileiros-no-exterior-em-marco-e-o-menor-em-16-anos","status":"publish","type":"post","link":"https:\/\/bahiaeconomica.com.br\/wp\/2021\/04\/26\/gasto-de-brasileiros-no-exterior-em-marco-e-o-menor-em-16-anos\/","title":{"rendered":"GASTO DE BRASILEIROS NO EXTERIOR EM MAR\u00c7O \u00c9 O MENOR EM 16 ANOS"},"content":{"rendered":"<p>Os gastos de brasileiros no exterior somaram US$ 313 milh\u00f5es em mar\u00e7o, de acordo com informa\u00e7\u00f5es divulgadas nesta segunda-feira (26) pelo Banco Central. <!--more-->Na compara\u00e7\u00e3o com o mesmo per\u00edodo de 2020, quando as despesas em outros pa\u00edses totalizaram US$ 612 milh\u00f5es, a queda foi de 48,8%.<\/p>\n<p>Esse tamb\u00e9m foi o menor valor para o m\u00eas em 16 anos, ou seja, desde 2005, quando as despesas l\u00e1 fora somaram US$ 260 milh\u00f5es, informa o portal G1.\u00a0No primeiro trimestre deste ano, as despesas de brasileiros no exterior somaram US$ 860 milh\u00f5es, com queda de 70,6% frente ao mesmo per\u00edodo de 2020 (US$ 2,931 bilh\u00f5es).<\/p>\n<p>A forte queda nos gastos acontece em meio \u00e0s restri\u00e7\u00f5es provocadas pela pandemia do novo coronav\u00edrus, que resultou no fechamento de fronteiras e na suspens\u00e3o de voos. Tamb\u00e9m levou \u00e0 disparada do d\u00f3lar. Depois de registrar forte alta de 29% em 2020, a moeda norte-americana registrou novo aumento, de 0,41% em mar\u00e7o deste ano. No primeiro trimestre de 2021, a valoriza\u00e7\u00e3o foi de 8,49%.<\/p>\n<p><strong>Gasto de estrangeiros no Brasil<\/strong><\/p>\n<p>De acordo com dados do BC, em mar\u00e7o deste ano os estrangeiros gastaram US$ 213 milh\u00f5es no Brasil, com queda frente ao patamar registrado no mesmo m\u00eas de 2020 (US$ 385 milh\u00f5es). Nos tr\u00eas primeiros meses deste ano, os gastos de estrangeiros no Brasil somaram US$ 693 milh\u00f5es, com recuo de 54,9% contra o mesmo per\u00edodo de 2020 (US$ 1,538 bilh\u00e3o).<\/p>\n<p>&nbsp;<\/p>\n<p>Foto: Marcelo Camargo\/Ag\u00eancia Brasil<\/p>\n","protected":false},"excerpt":{"rendered":"<p>Os gastos de brasileiros no exterior somaram US$ 313 milh\u00f5es em mar\u00e7o, de acordo com informa\u00e7\u00f5es divulgadas nesta segunda-feira (26) pelo Banco Central.<\/p>\n","protected":false},"author":1,"featured_media":435295,"comment_status":"closed","ping_status":"closed","sticky":false,"template":"","format":"standard","meta":[],"categories":[14,3],"tags":[],"acf":[],"yoast_head":"<!-- This site is optimized with the Yoast SEO plugin v20.8 - https:\/\/yoast.com\/wordpress\/plugins\/seo\/ -->\n<title>GASTO DE BRASILEIROS NO EXTERIOR EM MAR\u00c7O \u00c9 O MENOR EM 16 ANOS - Bahia Economica<\/title>\n<meta name=\"description\" content=\"O maior portal de Economia da Bahia DESTAQUE DO DIA, ECONOMIA \/ POL\u00cdTICA Bahia Economica\" \/>\n<meta name=\"robots\" content=\"index, follow, max-snippet:-1, max-image-preview:large, max-video-preview:-1\" \/>\n<link rel=\"canonical\" href=\"https:\/\/bahiaeconomica.com.br\/wp\/2021\/04\/26\/gasto-de-brasileiros-no-exterior-em-marco-e-o-menor-em-16-anos\/\" \/>\n<meta property=\"og:locale\" content=\"pt_BR\" \/>\n<meta property=\"og:type\" content=\"article\" \/>\n<meta property=\"og:title\" content=\"GASTO DE BRASILEIROS NO EXTERIOR EM MAR\u00c7O \u00c9 O MENOR EM 16 ANOS - Bahia Economica\" \/>\n<meta property=\"og:description\" content=\"O maior portal de Economia da Bahia DESTAQUE DO DIA, ECONOMIA \/ POL\u00cdTICA Bahia Economica\" \/>\n<meta property=\"og:url\" content=\"https:\/\/bahiaeconomica.com.br\/wp\/2021\/04\/26\/gasto-de-brasileiros-no-exterior-em-marco-e-o-menor-em-16-anos\/\" \/>\n<meta property=\"og:site_name\" content=\"Bahia Economica\" \/>\n<meta property=\"article:publisher\" content=\"https:\/\/www.facebook.com\/bahiaeconomica\" \/>\n<meta property=\"article:published_time\" content=\"2021-04-26T13:25:04+00:00\" \/>\n<meta property=\"og:image\" content=\"https:\/\/bahiaeconomica.com.br\/wp\/wp-content\/uploads\/2020\/01\/marcelo_camargo-agencia_brasil_-2-e1579028278959.jpg\" \/>\n\t<meta property=\"og:image:width\" content=\"500\" \/>\n\t<meta property=\"og:image:height\" content=\"333\" \/>\n\t<meta property=\"og:image:type\" content=\"image\/jpeg\" \/>\n<meta name=\"author\" content=\"admin\" \/>\n<meta name=\"twitter:card\" content=\"summary_large_image\" \/>\n<meta name=\"twitter:label1\" content=\"Escrito por\" \/>\n\t<meta name=\"twitter:data1\" content=\"admin\" \/>\n\t<meta name=\"twitter:label2\" content=\"Est. tempo de leitura\" \/>\n\t<meta name=\"twitter:data2\" content=\"1 minuto\" \/>\n<script type=\"application\/ld+json\" class=\"yoast-schema-graph\">{\"@context\":\"https:\/\/schema.org\",\"@graph\":[{\"@type\":\"Article\",\"@id\":\"https:\/\/bahiaeconomica.com.br\/wp\/2021\/04\/26\/gasto-de-brasileiros-no-exterior-em-marco-e-o-menor-em-16-anos\/#article\",\"isPartOf\":{\"@id\":\"https:\/\/bahiaeconomica.com.br\/wp\/2021\/04\/26\/gasto-de-brasileiros-no-exterior-em-marco-e-o-menor-em-16-anos\/\"},\"author\":{\"name\":\"admin\",\"@id\":\"https:\/\/bahiaeconomica.com.br\/wp\/#\/schema\/person\/cb1ab5ba96ad3d9390805381c76284ec\"},\"headline\":\"GASTO DE BRASILEIROS NO EXTERIOR EM MAR\u00c7O \u00c9 O MENOR EM 16 ANOS\",\"datePublished\":\"2021-04-26T13:25:04+00:00\",\"dateModified\":\"2021-04-26T13:25:04+00:00\",\"mainEntityOfPage\":{\"@id\":\"https:\/\/bahiaeconomica.com.br\/wp\/2021\/04\/26\/gasto-de-brasileiros-no-exterior-em-marco-e-o-menor-em-16-anos\/\"},\"wordCount\":255,\"publisher\":{\"@id\":\"https:\/\/bahiaeconomica.com.br\/wp\/#organization\"},\"articleSection\":[\"DESTAQUE DO DIA\",\"ECONOMIA \/ POL\u00cdTICA\"],\"inLanguage\":\"pt-BR\"},{\"@type\":\"WebPage\",\"@id\":\"https:\/\/bahiaeconomica.com.br\/wp\/2021\/04\/26\/gasto-de-brasileiros-no-exterior-em-marco-e-o-menor-em-16-anos\/\",\"url\":\"https:\/\/bahiaeconomica.com.br\/wp\/2021\/04\/26\/gasto-de-brasileiros-no-exterior-em-marco-e-o-menor-em-16-anos\/\",\"name\":\"GASTO DE BRASILEIROS NO EXTERIOR EM MAR\u00c7O \u00c9 O MENOR EM 16 ANOS - Bahia Economica\",\"isPartOf\":{\"@id\":\"https:\/\/bahiaeconomica.com.br\/wp\/#website\"},\"datePublished\":\"2021-04-26T13:25:04+00:00\",\"dateModified\":\"2021-04-26T13:25:04+00:00\",\"description\":\"O maior portal de Economia da Bahia DESTAQUE DO DIA, ECONOMIA \/ POL\u00cdTICA Bahia Economica\",\"breadcrumb\":{\"@id\":\"https:\/\/bahiaeconomica.com.br\/wp\/2021\/04\/26\/gasto-de-brasileiros-no-exterior-em-marco-e-o-menor-em-16-anos\/#breadcrumb\"},\"inLanguage\":\"pt-BR\",\"potentialAction\":[{\"@type\":\"ReadAction\",\"target\":[\"https:\/\/bahiaeconomica.com.br\/wp\/2021\/04\/26\/gasto-de-brasileiros-no-exterior-em-marco-e-o-menor-em-16-anos\/\"]}]},{\"@type\":\"BreadcrumbList\",\"@id\":\"https:\/\/bahiaeconomica.com.br\/wp\/2021\/04\/26\/gasto-de-brasileiros-no-exterior-em-marco-e-o-menor-em-16-anos\/#breadcrumb\",\"itemListElement\":[{\"@type\":\"ListItem\",\"position\":1,\"name\":\"In\u00edcio\",\"item\":\"https:\/\/bahiaeconomica.com.br\/wp\/\"},{\"@type\":\"ListItem\",\"position\":2,\"name\":\"GASTO DE BRASILEIROS NO EXTERIOR EM MAR\u00c7O \u00c9 O MENOR EM 16 ANOS\"}]},{\"@type\":\"WebSite\",\"@id\":\"https:\/\/bahiaeconomica.com.br\/wp\/#website\",\"url\":\"https:\/\/bahiaeconomica.com.br\/wp\/\",\"name\":\"Bahia Economica\",\"description\":\"O maior portal de Economia da Bahia\",\"publisher\":{\"@id\":\"https:\/\/bahiaeconomica.com.br\/wp\/#organization\"},\"potentialAction\":[{\"@type\":\"SearchAction\",\"target\":{\"@type\":\"EntryPoint\",\"urlTemplate\":\"https:\/\/bahiaeconomica.com.br\/wp\/?s={search_term_string}\"},\"query-input\":\"required name=search_term_string\"}],\"inLanguage\":\"pt-BR\"},{\"@type\":\"Organization\",\"@id\":\"https:\/\/bahiaeconomica.com.br\/wp\/#organization\",\"name\":\"Bahia Econ\u00f4mica\",\"url\":\"https:\/\/bahiaeconomica.com.br\/wp\/\",\"logo\":{\"@type\":\"ImageObject\",\"inLanguage\":\"pt-BR\",\"@id\":\"https:\/\/bahiaeconomica.com.br\/wp\/#\/schema\/logo\/image\/\",\"url\":\"https:\/\/bahiaeconomica.com.br\/wp\/wp-content\/uploads\/2020\/12\/cropped-BE.png\",\"contentUrl\":\"https:\/\/bahiaeconomica.com.br\/wp\/wp-content\/uploads\/2020\/12\/cropped-BE.png\",\"width\":512,\"height\":512,\"caption\":\"Bahia Econ\u00f4mica\"},\"image\":{\"@id\":\"https:\/\/bahiaeconomica.com.br\/wp\/#\/schema\/logo\/image\/\"},\"sameAs\":[\"https:\/\/www.facebook.com\/bahiaeconomica\"]},{\"@type\":\"Person\",\"@id\":\"https:\/\/bahiaeconomica.com.br\/wp\/#\/schema\/person\/cb1ab5ba96ad3d9390805381c76284ec\",\"name\":\"admin\",\"url\":\"https:\/\/bahiaeconomica.com.br\/wp\/author\/admin\/\"}]}<\/script>\n<!-- \/ Yoast SEO plugin. -->","yoast_head_json":{"title":"GASTO DE BRASILEIROS NO EXTERIOR EM MAR\u00c7O \u00c9 O MENOR EM 16 ANOS - Bahia Economica","description":"O maior portal de Economia da Bahia DESTAQUE DO DIA, ECONOMIA \/ POL\u00cdTICA Bahia Economica","robots":{"index":"index","follow":"follow","max-snippet":"max-snippet:-1","max-image-preview":"max-image-preview:large","max-video-preview":"max-video-preview:-1"},"canonical":"https:\/\/bahiaeconomica.com.br\/wp\/2021\/04\/26\/gasto-de-brasileiros-no-exterior-em-marco-e-o-menor-em-16-anos\/","og_locale":"pt_BR","og_type":"article","og_title":"GASTO DE BRASILEIROS NO EXTERIOR EM MAR\u00c7O \u00c9 O MENOR EM 16 ANOS - Bahia Economica","og_description":"O maior portal de Economia da Bahia DESTAQUE DO DIA, ECONOMIA \/ POL\u00cdTICA Bahia Economica","og_url":"https:\/\/bahiaeconomica.com.br\/wp\/2021\/04\/26\/gasto-de-brasileiros-no-exterior-em-marco-e-o-menor-em-16-anos\/","og_site_name":"Bahia Economica","article_publisher":"https:\/\/www.facebook.com\/bahiaeconomica","article_published_time":"2021-04-26T13:25:04+00:00","og_image":[{"width":500,"height":333,"url":"https:\/\/bahiaeconomica.com.br\/wp\/wp-content\/uploads\/2020\/01\/marcelo_camargo-agencia_brasil_-2-e1579028278959.jpg","type":"image\/jpeg"}],"author":"admin","twitter_card":"summary_large_image","twitter_misc":{"Escrito por":"admin","Est. tempo de leitura":"1 minuto"},"schema":{"@context":"https:\/\/schema.org","@graph":[{"@type":"Article","@id":"https:\/\/bahiaeconomica.com.br\/wp\/2021\/04\/26\/gasto-de-brasileiros-no-exterior-em-marco-e-o-menor-em-16-anos\/#article","isPartOf":{"@id":"https:\/\/bahiaeconomica.com.br\/wp\/2021\/04\/26\/gasto-de-brasileiros-no-exterior-em-marco-e-o-menor-em-16-anos\/"},"author":{"name":"admin","@id":"https:\/\/bahiaeconomica.com.br\/wp\/#\/schema\/person\/cb1ab5ba96ad3d9390805381c76284ec"},"headline":"GASTO DE BRASILEIROS NO EXTERIOR EM MAR\u00c7O \u00c9 O MENOR EM 16 ANOS","datePublished":"2021-04-26T13:25:04+00:00","dateModified":"2021-04-26T13:25:04+00:00","mainEntityOfPage":{"@id":"https:\/\/bahiaeconomica.com.br\/wp\/2021\/04\/26\/gasto-de-brasileiros-no-exterior-em-marco-e-o-menor-em-16-anos\/"},"wordCount":255,"publisher":{"@id":"https:\/\/bahiaeconomica.com.br\/wp\/#organization"},"articleSection":["DESTAQUE DO DIA","ECONOMIA \/ POL\u00cdTICA"],"inLanguage":"pt-BR"},{"@type":"WebPage","@id":"https:\/\/bahiaeconomica.com.br\/wp\/2021\/04\/26\/gasto-de-brasileiros-no-exterior-em-marco-e-o-menor-em-16-anos\/","url":"https:\/\/bahiaeconomica.com.br\/wp\/2021\/04\/26\/gasto-de-brasileiros-no-exterior-em-marco-e-o-menor-em-16-anos\/","name":"GASTO DE BRASILEIROS NO EXTERIOR EM MAR\u00c7O \u00c9 O MENOR EM 16 ANOS - Bahia Economica","isPartOf":{"@id":"https:\/\/bahiaeconomica.com.br\/wp\/#website"},"datePublished":"2021-04-26T13:25:04+00:00","dateModified":"2021-04-26T13:25:04+00:00","description":"O maior portal de Economia da Bahia DESTAQUE DO DIA, ECONOMIA \/ POL\u00cdTICA Bahia Economica","breadcrumb":{"@id":"https:\/\/bahiaeconomica.com.br\/wp\/2021\/04\/26\/gasto-de-brasileiros-no-exterior-em-marco-e-o-menor-em-16-anos\/#breadcrumb"},"inLanguage":"pt-BR","potentialAction":[{"@type":"ReadAction","target":["https:\/\/bahiaeconomica.com.br\/wp\/2021\/04\/26\/gasto-de-brasileiros-no-exterior-em-marco-e-o-menor-em-16-anos\/"]}]},{"@type":"BreadcrumbList","@id":"https:\/\/bahiaeconomica.com.br\/wp\/2021\/04\/26\/gasto-de-brasileiros-no-exterior-em-marco-e-o-menor-em-16-anos\/#breadcrumb","itemListElement":[{"@type":"ListItem","position":1,"name":"In\u00edcio","item":"https:\/\/bahiaeconomica.com.br\/wp\/"},{"@type":"ListItem","position":2,"name":"GASTO DE BRASILEIROS NO EXTERIOR EM MAR\u00c7O \u00c9 O MENOR EM 16 ANOS"}]},{"@type":"WebSite","@id":"https:\/\/bahiaeconomica.com.br\/wp\/#website","url":"https:\/\/bahiaeconomica.com.br\/wp\/","name":"Bahia Economica","description":"O maior portal de Economia da Bahia","publisher":{"@id":"https:\/\/bahiaeconomica.com.br\/wp\/#organization"},"potentialAction":[{"@type":"SearchAction","target":{"@type":"EntryPoint","urlTemplate":"https:\/\/bahiaeconomica.com.br\/wp\/?s={search_term_string}"},"query-input":"required name=search_term_string"}],"inLanguage":"pt-BR"},{"@type":"Organization","@id":"https:\/\/bahiaeconomica.com.br\/wp\/#organization","name":"Bahia Econ\u00f4mica","url":"https:\/\/bahiaeconomica.com.br\/wp\/","logo":{"@type":"ImageObject","inLanguage":"pt-BR","@id":"https:\/\/bahiaeconomica.com.br\/wp\/#\/schema\/logo\/image\/","url":"https:\/\/bahiaeconomica.com.br\/wp\/wp-content\/uploads\/2020\/12\/cropped-BE.png","contentUrl":"https:\/\/bahiaeconomica.com.br\/wp\/wp-content\/uploads\/2020\/12\/cropped-BE.png","width":512,"height":512,"caption":"Bahia Econ\u00f4mica"},"image":{"@id":"https:\/\/bahiaeconomica.com.br\/wp\/#\/schema\/logo\/image\/"},"sameAs":["https:\/\/www.facebook.com\/bahiaeconomica"]},{"@type":"Person","@id":"https:\/\/bahiaeconomica.com.br\/wp\/#\/schema\/person\/cb1ab5ba96ad3d9390805381c76284ec","name":"admin","url":"https:\/\/bahiaeconomica.com.br\/wp\/author\/admin\/"}]}},"views":1,"_links":{"self":[{"href":"https:\/\/bahiaeconomica.com.br\/wp\/wp-json\/wp\/v2\/posts\/557702"}],"collection":[{"href":"https:\/\/bahiaeconomica.com.br\/wp\/wp-json\/wp\/v2\/posts"}],"about":[{"href":"https:\/\/bahiaeconomica.com.br\/wp\/wp-json\/wp\/v2\/types\/post"}],"author":[{"embeddable":true,"href":"https:\/\/bahiaeconomica.com.br\/wp\/wp-json\/wp\/v2\/users\/1"}],"replies":[{"embeddable":true,"href":"https:\/\/bahiaeconomica.com.br\/wp\/wp-json\/wp\/v2\/comments?post=557702"}],"version-history":[{"count":1,"href":"https:\/\/bahiaeconomica.com.br\/wp\/wp-json\/wp\/v2\/posts\/557702\/revisions"}],"predecessor-version":[{"id":557705,"href":"https:\/\/bahiaeconomica.com.br\/wp\/wp-json\/wp\/v2\/posts\/557702\/revisions\/557705"}],"wp:featuredmedia":[{"embeddable":true,"href":"https:\/\/bahiaeconomica.com.br\/wp\/wp-json\/wp\/v2\/media\/435295"}],"wp:attachment":[{"href":"https:\/\/bahiaeconomica.com.br\/wp\/wp-json\/wp\/v2\/media?parent=557702"}],"wp:term":[{"taxonomy":"category","embeddable":true,"href":"https:\/\/bahiaeconomica.com.br\/wp\/wp-json\/wp\/v2\/categories?post=557702"},{"taxonomy":"post_tag","embeddable":true,"href":"https:\/\/bahiaeconomica.com.br\/wp\/wp-json\/wp\/v2\/tags?post=557702"}],"curies":[{"name":"wp","href":"https:\/\/api.w.org\/{rel}","templated":true}]}}