{"id":557029,"date":"2021-04-23T07:24:52","date_gmt":"2021-04-23T10:24:52","guid":{"rendered":"https:\/\/bahiaeconomica.com.br\/wp\/beta\/?p=557029"},"modified":"2021-04-23T07:27:23","modified_gmt":"2021-04-23T10:27:23","slug":"sindrome-pos-covid-pacientes-relatam-dificuldade-de-raciocinio","status":"publish","type":"post","link":"https:\/\/bahiaeconomica.com.br\/wp\/2021\/04\/23\/sindrome-pos-covid-pacientes-relatam-dificuldade-de-raciocinio\/","title":{"rendered":"S\u00cdNDROME P\u00d3S-COVID: PACIENTES RELATAM DIFICULDADES. VEJA QUAIS"},"content":{"rendered":"<p>H\u00e1 profissionais liberais com dificuldade de responder \u00e0 pergunta de quanto \u00e9 dois mais dois. Cozinheiros que n\u00e3o podem mais trabalhar porque n\u00e3o sentem o cheiro e o gosto dos<!--more--> alimentos e pacientes que, de t\u00e3o deprimidos, decidiram acabar com a pr\u00f3pria vida. Casos assim est\u00e3o entre os observados por m\u00e9dicos que tratam da s\u00edndrome p\u00f3s-Covid e, em comum, t\u00eam o acometimento do c\u00e9rebro.<\/p>\n<p>\u00c0 frente de um grupo de estudo sobre o impacto neurol\u00f3gico da Covid-19 e da p\u00f3s-Covid, o neuropsiquiatra Fl\u00e1vio Kapczinski, diretor do Centro para Neuroci\u00eancia Cl\u00ednica da Universidade McMaster, no Canad\u00e1, explica que o c\u00e9rebro \u00e9 particularmente vulner\u00e1vel por ser muito sens\u00edvel e demorar mais para se recuperar de inflama\u00e7\u00f5es.<\/p>\n<p>E a Covid-19 \u00e9 basicamente uma doen\u00e7a inflamat\u00f3ria capaz de afetar o corpo todo. \u2014 Quando o c\u00e9rebro \u00e9 afetado, pode levar de seis meses a um ano, talvez mais, para se recuperar. E cerca de 30% dos pacientes com Covid-19 sofrem acometimento neurol\u00f3gico. Estes s\u00e3o os mais suscet\u00edveis a ter p\u00f3s-Covid neurol\u00f3gica \u2014 diz Kapczinski.<\/p>\n<p>Esses pacientes s\u00e3o mais suscet\u00edveis, mas n\u00e3o os \u00fanicos, pois a p\u00f3s-Covid pode acometer at\u00e9 pessoas assintom\u00e1ticas na infec\u00e7\u00e3o aguda, observa Kapczinski. \u2014 Estamos desmontando mitos. Os riscos s\u00e3o maiores, mas n\u00e3o s\u00e3o limitados aos casos graves \u2014 acrescenta ele. Sinais de alerta para os m\u00e9dicos s\u00e3o pacientes que chegam o d\u00edmero D, um marcador de inflama\u00e7\u00e3o elevado, e ou les\u00f5es na subst\u00e2ncia branca do c\u00e9rebro. A inflama\u00e7\u00e3o gerada pela Covid-19 pode fazer com que pessoas que n\u00e3o tinham depress\u00e3o apresentem quadros graves dessa doen\u00e7a. E que as anteriormente deprimidas adquiram tend\u00eancia suicida, diz o cientista.<\/p>\n<p>O c\u00e9rebro sofre porque \u00e9 v\u00edtima de uma rea\u00e7\u00e3o em cadeia, cuja origem est\u00e1 na chamada tempestade de citocinas, a hiperinflama\u00e7\u00e3o do organismo gerada por uma resposta inadequada do sistema imunol\u00f3gico \u00e0 infec\u00e7\u00e3o pelo coronav\u00edrus. Ele pode, em alguns casos, ter danos devido \u00e0 falta de oxig\u00eanio decorrente das les\u00f5es nos pulm\u00f5es.<\/p>\n<p>Mas \u00e9 a cascata de inflama\u00e7\u00e3o que tem sido associada pelos cientistas pela s\u00edndrome p\u00f3s-Covid neurol\u00f3gica. Tudo come\u00e7a quando a barreira hematoencef\u00e1lica, que protege o c\u00e9rebro de agress\u00f5es, \u00e9 rompida pela inflama\u00e7\u00e3o. A partir da\u00ed, legi\u00f5es de c\u00e9lulas encarregadas da defesa come\u00e7am a cair e a produzir mais inflama\u00e7\u00e3o, em vez de cont\u00ea-la. Os danos se estendem \u00e0s c\u00e9lulas ligadas \u00e0 transmiss\u00e3o de sinais nervosos chamadas oligodendr\u00f3citos. A consequ\u00eancia da tempestade no c\u00e9rebro se manifesta em lentid\u00e3o de racioc\u00ednio, dificuldade de concentra\u00e7\u00e3o, por exemplo.<\/p>\n<p>Os danos tamb\u00e9m acometem o bulbo cerebral, respons\u00e1vel pelo controle aut\u00f4nomo do c\u00e9rebro. Em consequ\u00eancia, a pessoa pode sentir frios e calores sem explica\u00e7\u00e3o, batimentos card\u00edacos anormais. \u2014 O c\u00e9rebro fica cheio de c\u00e9lulas ativadas pela inflama\u00e7\u00e3o e detritos celulares. Pode levar um tempo consider\u00e1vel para que se recupere. Seis meses ou mais, \u00e9 uma longa jornada \u2014 frisa Kapczinski.<\/p>\n<p>Danos causados diretamente pelo v\u00edrus ao c\u00e9rebro ainda est\u00e3o \u00e0 espera de confirma\u00e7\u00e3o. Mas os danos da infec\u00e7\u00e3o aguda nos vasos sangu\u00edneos, um dos alvos preferidos do coronav\u00edrus, podem levar a AVCs na p\u00f3s-Covid. \u2014 A pessoa fica negativa, tem alta hospitalar, mas seus vasos sangu\u00edneos podem estar danificados. Isso pode levar a microtrombos cujas consequ\u00eancias v\u00e3o de perda de concentra\u00e7\u00e3o e tonteiras a AVCs. H\u00e1 uma variedade muito grande de quadros cl\u00ednicos. E estamos vendo s\u00f3 o come\u00e7o de um problema que vai impactar muito a sa\u00fade p\u00fablica \u2014 diz o cientista.<\/p>\n<p>Foto: divulga\u00e7\u00e3o<\/p>\n","protected":false},"excerpt":{"rendered":"<p>H\u00e1 profissionais liberais com dificuldade de responder \u00e0 pergunta de quanto \u00e9 dois mais dois. Cozinheiros que n\u00e3o podem mais trabalhar porque n\u00e3o sentem o cheiro e o gosto dos<\/p>\n","protected":false},"author":1,"featured_media":531891,"comment_status":"closed","ping_status":"closed","sticky":false,"template":"","format":"standard","meta":[],"categories":[14,3],"tags":[],"acf":[],"yoast_head":"<!-- This site is optimized with the Yoast SEO plugin v20.8 - https:\/\/yoast.com\/wordpress\/plugins\/seo\/ -->\n<title>S\u00cdNDROME P\u00d3S-COVID: PACIENTES RELATAM DIFICULDADES. VEJA QUAIS - Bahia Economica<\/title>\n<meta name=\"description\" content=\"O maior portal de Economia da Bahia DESTAQUE DO DIA, ECONOMIA \/ POL\u00cdTICA Bahia Economica\" \/>\n<meta name=\"robots\" content=\"index, follow, max-snippet:-1, max-image-preview:large, max-video-preview:-1\" \/>\n<link rel=\"canonical\" href=\"https:\/\/bahiaeconomica.com.br\/wp\/2021\/04\/23\/sindrome-pos-covid-pacientes-relatam-dificuldade-de-raciocinio\/\" \/>\n<meta property=\"og:locale\" content=\"pt_BR\" \/>\n<meta property=\"og:type\" content=\"article\" \/>\n<meta property=\"og:title\" content=\"S\u00cdNDROME P\u00d3S-COVID: PACIENTES RELATAM DIFICULDADES. VEJA QUAIS - Bahia Economica\" \/>\n<meta property=\"og:description\" content=\"O maior portal de Economia da Bahia DESTAQUE DO DIA, ECONOMIA \/ POL\u00cdTICA Bahia Economica\" \/>\n<meta property=\"og:url\" content=\"https:\/\/bahiaeconomica.com.br\/wp\/2021\/04\/23\/sindrome-pos-covid-pacientes-relatam-dificuldade-de-raciocinio\/\" \/>\n<meta property=\"og:site_name\" content=\"Bahia Economica\" \/>\n<meta property=\"article:publisher\" content=\"https:\/\/www.facebook.com\/bahiaeconomica\" \/>\n<meta property=\"article:published_time\" content=\"2021-04-23T10:24:52+00:00\" \/>\n<meta property=\"article:modified_time\" content=\"2021-04-23T10:27:23+00:00\" \/>\n<meta property=\"og:image\" content=\"https:\/\/bahiaeconomica.com.br\/wp\/wp-content\/uploads\/2021\/01\/x91191099_A-health-worker-reacts-at-Getulio-Vargas-hospital-amid-the-coronavirus-disease-COVID-19-out.jpg.pagespeed.ic_._aePbdte3I.jpg\" \/>\n\t<meta property=\"og:image:width\" content=\"500\" \/>\n\t<meta property=\"og:image:height\" content=\"300\" \/>\n\t<meta property=\"og:image:type\" content=\"image\/jpeg\" \/>\n<meta name=\"author\" content=\"admin\" \/>\n<meta name=\"twitter:card\" content=\"summary_large_image\" \/>\n<meta name=\"twitter:label1\" content=\"Escrito por\" \/>\n\t<meta name=\"twitter:data1\" content=\"admin\" \/>\n\t<meta name=\"twitter:label2\" content=\"Est. tempo de leitura\" \/>\n\t<meta name=\"twitter:data2\" content=\"3 minutos\" \/>\n<script type=\"application\/ld+json\" class=\"yoast-schema-graph\">{\"@context\":\"https:\/\/schema.org\",\"@graph\":[{\"@type\":\"Article\",\"@id\":\"https:\/\/bahiaeconomica.com.br\/wp\/2021\/04\/23\/sindrome-pos-covid-pacientes-relatam-dificuldade-de-raciocinio\/#article\",\"isPartOf\":{\"@id\":\"https:\/\/bahiaeconomica.com.br\/wp\/2021\/04\/23\/sindrome-pos-covid-pacientes-relatam-dificuldade-de-raciocinio\/\"},\"author\":{\"name\":\"admin\",\"@id\":\"https:\/\/bahiaeconomica.com.br\/wp\/#\/schema\/person\/cb1ab5ba96ad3d9390805381c76284ec\"},\"headline\":\"S\u00cdNDROME P\u00d3S-COVID: PACIENTES RELATAM DIFICULDADES. VEJA QUAIS\",\"datePublished\":\"2021-04-23T10:24:52+00:00\",\"dateModified\":\"2021-04-23T10:27:23+00:00\",\"mainEntityOfPage\":{\"@id\":\"https:\/\/bahiaeconomica.com.br\/wp\/2021\/04\/23\/sindrome-pos-covid-pacientes-relatam-dificuldade-de-raciocinio\/\"},\"wordCount\":651,\"publisher\":{\"@id\":\"https:\/\/bahiaeconomica.com.br\/wp\/#organization\"},\"articleSection\":[\"DESTAQUE DO DIA\",\"ECONOMIA \/ POL\u00cdTICA\"],\"inLanguage\":\"pt-BR\"},{\"@type\":\"WebPage\",\"@id\":\"https:\/\/bahiaeconomica.com.br\/wp\/2021\/04\/23\/sindrome-pos-covid-pacientes-relatam-dificuldade-de-raciocinio\/\",\"url\":\"https:\/\/bahiaeconomica.com.br\/wp\/2021\/04\/23\/sindrome-pos-covid-pacientes-relatam-dificuldade-de-raciocinio\/\",\"name\":\"S\u00cdNDROME P\u00d3S-COVID: PACIENTES RELATAM DIFICULDADES. VEJA QUAIS - Bahia Economica\",\"isPartOf\":{\"@id\":\"https:\/\/bahiaeconomica.com.br\/wp\/#website\"},\"datePublished\":\"2021-04-23T10:24:52+00:00\",\"dateModified\":\"2021-04-23T10:27:23+00:00\",\"description\":\"O maior portal de Economia da Bahia DESTAQUE DO DIA, ECONOMIA \/ POL\u00cdTICA Bahia Economica\",\"breadcrumb\":{\"@id\":\"https:\/\/bahiaeconomica.com.br\/wp\/2021\/04\/23\/sindrome-pos-covid-pacientes-relatam-dificuldade-de-raciocinio\/#breadcrumb\"},\"inLanguage\":\"pt-BR\",\"potentialAction\":[{\"@type\":\"ReadAction\",\"target\":[\"https:\/\/bahiaeconomica.com.br\/wp\/2021\/04\/23\/sindrome-pos-covid-pacientes-relatam-dificuldade-de-raciocinio\/\"]}]},{\"@type\":\"BreadcrumbList\",\"@id\":\"https:\/\/bahiaeconomica.com.br\/wp\/2021\/04\/23\/sindrome-pos-covid-pacientes-relatam-dificuldade-de-raciocinio\/#breadcrumb\",\"itemListElement\":[{\"@type\":\"ListItem\",\"position\":1,\"name\":\"In\u00edcio\",\"item\":\"https:\/\/bahiaeconomica.com.br\/wp\/\"},{\"@type\":\"ListItem\",\"position\":2,\"name\":\"S\u00cdNDROME P\u00d3S-COVID: PACIENTES RELATAM DIFICULDADES. VEJA QUAIS\"}]},{\"@type\":\"WebSite\",\"@id\":\"https:\/\/bahiaeconomica.com.br\/wp\/#website\",\"url\":\"https:\/\/bahiaeconomica.com.br\/wp\/\",\"name\":\"Bahia Economica\",\"description\":\"O maior portal de Economia da Bahia\",\"publisher\":{\"@id\":\"https:\/\/bahiaeconomica.com.br\/wp\/#organization\"},\"potentialAction\":[{\"@type\":\"SearchAction\",\"target\":{\"@type\":\"EntryPoint\",\"urlTemplate\":\"https:\/\/bahiaeconomica.com.br\/wp\/?s={search_term_string}\"},\"query-input\":\"required name=search_term_string\"}],\"inLanguage\":\"pt-BR\"},{\"@type\":\"Organization\",\"@id\":\"https:\/\/bahiaeconomica.com.br\/wp\/#organization\",\"name\":\"Bahia Econ\u00f4mica\",\"url\":\"https:\/\/bahiaeconomica.com.br\/wp\/\",\"logo\":{\"@type\":\"ImageObject\",\"inLanguage\":\"pt-BR\",\"@id\":\"https:\/\/bahiaeconomica.com.br\/wp\/#\/schema\/logo\/image\/\",\"url\":\"https:\/\/bahiaeconomica.com.br\/wp\/wp-content\/uploads\/2020\/12\/cropped-BE.png\",\"contentUrl\":\"https:\/\/bahiaeconomica.com.br\/wp\/wp-content\/uploads\/2020\/12\/cropped-BE.png\",\"width\":512,\"height\":512,\"caption\":\"Bahia Econ\u00f4mica\"},\"image\":{\"@id\":\"https:\/\/bahiaeconomica.com.br\/wp\/#\/schema\/logo\/image\/\"},\"sameAs\":[\"https:\/\/www.facebook.com\/bahiaeconomica\"]},{\"@type\":\"Person\",\"@id\":\"https:\/\/bahiaeconomica.com.br\/wp\/#\/schema\/person\/cb1ab5ba96ad3d9390805381c76284ec\",\"name\":\"admin\",\"url\":\"https:\/\/bahiaeconomica.com.br\/wp\/author\/admin\/\"}]}<\/script>\n<!-- \/ Yoast SEO plugin. -->","yoast_head_json":{"title":"S\u00cdNDROME P\u00d3S-COVID: PACIENTES RELATAM DIFICULDADES. VEJA QUAIS - Bahia Economica","description":"O maior portal de Economia da Bahia DESTAQUE DO DIA, ECONOMIA \/ POL\u00cdTICA Bahia Economica","robots":{"index":"index","follow":"follow","max-snippet":"max-snippet:-1","max-image-preview":"max-image-preview:large","max-video-preview":"max-video-preview:-1"},"canonical":"https:\/\/bahiaeconomica.com.br\/wp\/2021\/04\/23\/sindrome-pos-covid-pacientes-relatam-dificuldade-de-raciocinio\/","og_locale":"pt_BR","og_type":"article","og_title":"S\u00cdNDROME P\u00d3S-COVID: PACIENTES RELATAM DIFICULDADES. VEJA QUAIS - Bahia Economica","og_description":"O maior portal de Economia da Bahia DESTAQUE DO DIA, ECONOMIA \/ POL\u00cdTICA Bahia Economica","og_url":"https:\/\/bahiaeconomica.com.br\/wp\/2021\/04\/23\/sindrome-pos-covid-pacientes-relatam-dificuldade-de-raciocinio\/","og_site_name":"Bahia Economica","article_publisher":"https:\/\/www.facebook.com\/bahiaeconomica","article_published_time":"2021-04-23T10:24:52+00:00","article_modified_time":"2021-04-23T10:27:23+00:00","og_image":[{"width":500,"height":300,"url":"https:\/\/bahiaeconomica.com.br\/wp\/wp-content\/uploads\/2021\/01\/x91191099_A-health-worker-reacts-at-Getulio-Vargas-hospital-amid-the-coronavirus-disease-COVID-19-out.jpg.pagespeed.ic_._aePbdte3I.jpg","type":"image\/jpeg"}],"author":"admin","twitter_card":"summary_large_image","twitter_misc":{"Escrito por":"admin","Est. tempo de leitura":"3 minutos"},"schema":{"@context":"https:\/\/schema.org","@graph":[{"@type":"Article","@id":"https:\/\/bahiaeconomica.com.br\/wp\/2021\/04\/23\/sindrome-pos-covid-pacientes-relatam-dificuldade-de-raciocinio\/#article","isPartOf":{"@id":"https:\/\/bahiaeconomica.com.br\/wp\/2021\/04\/23\/sindrome-pos-covid-pacientes-relatam-dificuldade-de-raciocinio\/"},"author":{"name":"admin","@id":"https:\/\/bahiaeconomica.com.br\/wp\/#\/schema\/person\/cb1ab5ba96ad3d9390805381c76284ec"},"headline":"S\u00cdNDROME P\u00d3S-COVID: PACIENTES RELATAM DIFICULDADES. VEJA QUAIS","datePublished":"2021-04-23T10:24:52+00:00","dateModified":"2021-04-23T10:27:23+00:00","mainEntityOfPage":{"@id":"https:\/\/bahiaeconomica.com.br\/wp\/2021\/04\/23\/sindrome-pos-covid-pacientes-relatam-dificuldade-de-raciocinio\/"},"wordCount":651,"publisher":{"@id":"https:\/\/bahiaeconomica.com.br\/wp\/#organization"},"articleSection":["DESTAQUE DO DIA","ECONOMIA \/ POL\u00cdTICA"],"inLanguage":"pt-BR"},{"@type":"WebPage","@id":"https:\/\/bahiaeconomica.com.br\/wp\/2021\/04\/23\/sindrome-pos-covid-pacientes-relatam-dificuldade-de-raciocinio\/","url":"https:\/\/bahiaeconomica.com.br\/wp\/2021\/04\/23\/sindrome-pos-covid-pacientes-relatam-dificuldade-de-raciocinio\/","name":"S\u00cdNDROME P\u00d3S-COVID: PACIENTES RELATAM DIFICULDADES. VEJA QUAIS - Bahia Economica","isPartOf":{"@id":"https:\/\/bahiaeconomica.com.br\/wp\/#website"},"datePublished":"2021-04-23T10:24:52+00:00","dateModified":"2021-04-23T10:27:23+00:00","description":"O maior portal de Economia da Bahia DESTAQUE DO DIA, ECONOMIA \/ POL\u00cdTICA Bahia Economica","breadcrumb":{"@id":"https:\/\/bahiaeconomica.com.br\/wp\/2021\/04\/23\/sindrome-pos-covid-pacientes-relatam-dificuldade-de-raciocinio\/#breadcrumb"},"inLanguage":"pt-BR","potentialAction":[{"@type":"ReadAction","target":["https:\/\/bahiaeconomica.com.br\/wp\/2021\/04\/23\/sindrome-pos-covid-pacientes-relatam-dificuldade-de-raciocinio\/"]}]},{"@type":"BreadcrumbList","@id":"https:\/\/bahiaeconomica.com.br\/wp\/2021\/04\/23\/sindrome-pos-covid-pacientes-relatam-dificuldade-de-raciocinio\/#breadcrumb","itemListElement":[{"@type":"ListItem","position":1,"name":"In\u00edcio","item":"https:\/\/bahiaeconomica.com.br\/wp\/"},{"@type":"ListItem","position":2,"name":"S\u00cdNDROME P\u00d3S-COVID: PACIENTES RELATAM DIFICULDADES. VEJA QUAIS"}]},{"@type":"WebSite","@id":"https:\/\/bahiaeconomica.com.br\/wp\/#website","url":"https:\/\/bahiaeconomica.com.br\/wp\/","name":"Bahia Economica","description":"O maior portal de Economia da Bahia","publisher":{"@id":"https:\/\/bahiaeconomica.com.br\/wp\/#organization"},"potentialAction":[{"@type":"SearchAction","target":{"@type":"EntryPoint","urlTemplate":"https:\/\/bahiaeconomica.com.br\/wp\/?s={search_term_string}"},"query-input":"required name=search_term_string"}],"inLanguage":"pt-BR"},{"@type":"Organization","@id":"https:\/\/bahiaeconomica.com.br\/wp\/#organization","name":"Bahia Econ\u00f4mica","url":"https:\/\/bahiaeconomica.com.br\/wp\/","logo":{"@type":"ImageObject","inLanguage":"pt-BR","@id":"https:\/\/bahiaeconomica.com.br\/wp\/#\/schema\/logo\/image\/","url":"https:\/\/bahiaeconomica.com.br\/wp\/wp-content\/uploads\/2020\/12\/cropped-BE.png","contentUrl":"https:\/\/bahiaeconomica.com.br\/wp\/wp-content\/uploads\/2020\/12\/cropped-BE.png","width":512,"height":512,"caption":"Bahia Econ\u00f4mica"},"image":{"@id":"https:\/\/bahiaeconomica.com.br\/wp\/#\/schema\/logo\/image\/"},"sameAs":["https:\/\/www.facebook.com\/bahiaeconomica"]},{"@type":"Person","@id":"https:\/\/bahiaeconomica.com.br\/wp\/#\/schema\/person\/cb1ab5ba96ad3d9390805381c76284ec","name":"admin","url":"https:\/\/bahiaeconomica.com.br\/wp\/author\/admin\/"}]}},"views":2,"_links":{"self":[{"href":"https:\/\/bahiaeconomica.com.br\/wp\/wp-json\/wp\/v2\/posts\/557029"}],"collection":[{"href":"https:\/\/bahiaeconomica.com.br\/wp\/wp-json\/wp\/v2\/posts"}],"about":[{"href":"https:\/\/bahiaeconomica.com.br\/wp\/wp-json\/wp\/v2\/types\/post"}],"author":[{"embeddable":true,"href":"https:\/\/bahiaeconomica.com.br\/wp\/wp-json\/wp\/v2\/users\/1"}],"replies":[{"embeddable":true,"href":"https:\/\/bahiaeconomica.com.br\/wp\/wp-json\/wp\/v2\/comments?post=557029"}],"version-history":[{"count":3,"href":"https:\/\/bahiaeconomica.com.br\/wp\/wp-json\/wp\/v2\/posts\/557029\/revisions"}],"predecessor-version":[{"id":557036,"href":"https:\/\/bahiaeconomica.com.br\/wp\/wp-json\/wp\/v2\/posts\/557029\/revisions\/557036"}],"wp:featuredmedia":[{"embeddable":true,"href":"https:\/\/bahiaeconomica.com.br\/wp\/wp-json\/wp\/v2\/media\/531891"}],"wp:attachment":[{"href":"https:\/\/bahiaeconomica.com.br\/wp\/wp-json\/wp\/v2\/media?parent=557029"}],"wp:term":[{"taxonomy":"category","embeddable":true,"href":"https:\/\/bahiaeconomica.com.br\/wp\/wp-json\/wp\/v2\/categories?post=557029"},{"taxonomy":"post_tag","embeddable":true,"href":"https:\/\/bahiaeconomica.com.br\/wp\/wp-json\/wp\/v2\/tags?post=557029"}],"curies":[{"name":"wp","href":"https:\/\/api.w.org\/{rel}","templated":true}]}}