{"id":555927,"date":"2021-04-19T18:55:47","date_gmt":"2021-04-19T21:55:47","guid":{"rendered":"https:\/\/bahiaeconomica.com.br\/wp\/beta\/?p=555927"},"modified":"2021-04-19T18:55:47","modified_gmt":"2021-04-19T21:55:47","slug":"salvador-e-a-1a-capital-do-pais-a-concluir-vacinacao-dos-idosos","status":"publish","type":"post","link":"https:\/\/bahiaeconomica.com.br\/wp\/2021\/04\/19\/salvador-e-a-1a-capital-do-pais-a-concluir-vacinacao-dos-idosos\/","title":{"rendered":"SALVADOR \u00c9 A 1\u00aa CAPITAL DO PA\u00cdS A CONCLUIR VACINA\u00c7\u00c3O DOS IDOSOS"},"content":{"rendered":"<p>Salvador ser\u00e1 a primeira capital do pa\u00eds a concluir a vacina\u00e7\u00e3o dos idosos. O an\u00fancio foi feito pelo prefeito Bruno Reis, na tarde desta segunda<!--more-->-feira (19), ao informar a continuidade da imuniza\u00e7\u00e3o para pessoas com 60 anos ou mais, que acontece amanh\u00e3 (20).<\/p>\n<p>\u201cVamos conquistar esse marco importante. Amanh\u00e3, a cidade conclui a vacina\u00e7\u00e3o, com a primeira dose, de todos os idosos. Um trabalho s\u00e9rio e dedicado leva a esse resultado\u201d, declarou Bruno Reis.<\/p>\n<p>Ser\u00e3o vacinados os cidad\u00e3os nascidos de 20 de janeiro a 20 de abril de 1961, das 8h \u00e0s 16h. Tamb\u00e9m poder\u00e3o receber a primeira dose os idosos acima de 60 anos que ainda n\u00e3o compareceram aos postos. \u201cOlhem o fil\u00f4metro, veja o ponto de vacina\u00e7\u00e3o mais pr\u00f3ximo de sua casa, pode deixar para ir no meio da manh\u00e3. Temos doses suficientes para todo este p\u00fablico\u201d, orientou o prefeito.<\/p>\n","protected":false},"excerpt":{"rendered":"<p>Salvador ser\u00e1 a primeira capital do pa\u00eds a concluir a vacina\u00e7\u00e3o dos idosos. O an\u00fancio foi feito pelo prefeito Bruno Reis, na tarde desta segunda<\/p>\n","protected":false},"author":1,"featured_media":540219,"comment_status":"closed","ping_status":"closed","sticky":false,"template":"","format":"standard","meta":[],"categories":[3],"tags":[],"acf":[],"yoast_head":"<!-- This site is optimized with the Yoast SEO plugin v20.8 - https:\/\/yoast.com\/wordpress\/plugins\/seo\/ -->\n<title>SALVADOR \u00c9 A 1\u00aa CAPITAL DO PA\u00cdS A CONCLUIR VACINA\u00c7\u00c3O DOS IDOSOS - Bahia Economica<\/title>\n<meta name=\"description\" content=\"O maior portal de Economia da Bahia ECONOMIA \/ POL\u00cdTICA Bahia Economica\" \/>\n<meta name=\"robots\" content=\"index, follow, max-snippet:-1, max-image-preview:large, max-video-preview:-1\" \/>\n<link rel=\"canonical\" href=\"https:\/\/bahiaeconomica.com.br\/wp\/2021\/04\/19\/salvador-e-a-1a-capital-do-pais-a-concluir-vacinacao-dos-idosos\/\" \/>\n<meta property=\"og:locale\" content=\"pt_BR\" \/>\n<meta property=\"og:type\" content=\"article\" \/>\n<meta property=\"og:title\" content=\"SALVADOR \u00c9 A 1\u00aa CAPITAL DO PA\u00cdS A CONCLUIR VACINA\u00c7\u00c3O DOS IDOSOS - Bahia Economica\" \/>\n<meta property=\"og:description\" content=\"O maior portal de Economia da Bahia ECONOMIA \/ POL\u00cdTICA Bahia Economica\" \/>\n<meta property=\"og:url\" content=\"https:\/\/bahiaeconomica.com.br\/wp\/2021\/04\/19\/salvador-e-a-1a-capital-do-pais-a-concluir-vacinacao-dos-idosos\/\" \/>\n<meta property=\"og:site_name\" content=\"Bahia Economica\" \/>\n<meta property=\"article:publisher\" content=\"https:\/\/www.facebook.com\/bahiaeconomica\" \/>\n<meta property=\"article:published_time\" content=\"2021-04-19T21:55:47+00:00\" \/>\n<meta property=\"og:image\" content=\"https:\/\/bahiaeconomica.com.br\/wp\/wp-content\/uploads\/2021\/02\/750_leitos-bruno-reis_2021226181719843.jpg\" \/>\n\t<meta property=\"og:image:width\" content=\"500\" \/>\n\t<meta property=\"og:image:height\" content=\"300\" \/>\n\t<meta property=\"og:image:type\" content=\"image\/jpeg\" \/>\n<meta name=\"author\" content=\"admin\" \/>\n<meta name=\"twitter:card\" content=\"summary_large_image\" \/>\n<meta name=\"twitter:label1\" content=\"Escrito por\" \/>\n\t<meta name=\"twitter:data1\" content=\"admin\" \/>\n\t<meta name=\"twitter:label2\" content=\"Est. tempo de leitura\" \/>\n\t<meta name=\"twitter:data2\" content=\"1 minuto\" \/>\n<script type=\"application\/ld+json\" class=\"yoast-schema-graph\">{\"@context\":\"https:\/\/schema.org\",\"@graph\":[{\"@type\":\"Article\",\"@id\":\"https:\/\/bahiaeconomica.com.br\/wp\/2021\/04\/19\/salvador-e-a-1a-capital-do-pais-a-concluir-vacinacao-dos-idosos\/#article\",\"isPartOf\":{\"@id\":\"https:\/\/bahiaeconomica.com.br\/wp\/2021\/04\/19\/salvador-e-a-1a-capital-do-pais-a-concluir-vacinacao-dos-idosos\/\"},\"author\":{\"name\":\"admin\",\"@id\":\"https:\/\/bahiaeconomica.com.br\/wp\/#\/schema\/person\/cb1ab5ba96ad3d9390805381c76284ec\"},\"headline\":\"SALVADOR \u00c9 A 1\u00aa CAPITAL DO PA\u00cdS A CONCLUIR VACINA\u00c7\u00c3O DOS IDOSOS\",\"datePublished\":\"2021-04-19T21:55:47+00:00\",\"dateModified\":\"2021-04-19T21:55:47+00:00\",\"mainEntityOfPage\":{\"@id\":\"https:\/\/bahiaeconomica.com.br\/wp\/2021\/04\/19\/salvador-e-a-1a-capital-do-pais-a-concluir-vacinacao-dos-idosos\/\"},\"wordCount\":162,\"publisher\":{\"@id\":\"https:\/\/bahiaeconomica.com.br\/wp\/#organization\"},\"articleSection\":[\"ECONOMIA \/ POL\u00cdTICA\"],\"inLanguage\":\"pt-BR\"},{\"@type\":\"WebPage\",\"@id\":\"https:\/\/bahiaeconomica.com.br\/wp\/2021\/04\/19\/salvador-e-a-1a-capital-do-pais-a-concluir-vacinacao-dos-idosos\/\",\"url\":\"https:\/\/bahiaeconomica.com.br\/wp\/2021\/04\/19\/salvador-e-a-1a-capital-do-pais-a-concluir-vacinacao-dos-idosos\/\",\"name\":\"SALVADOR \u00c9 A 1\u00aa CAPITAL DO PA\u00cdS A CONCLUIR VACINA\u00c7\u00c3O DOS IDOSOS - Bahia Economica\",\"isPartOf\":{\"@id\":\"https:\/\/bahiaeconomica.com.br\/wp\/#website\"},\"datePublished\":\"2021-04-19T21:55:47+00:00\",\"dateModified\":\"2021-04-19T21:55:47+00:00\",\"description\":\"O maior portal de Economia da Bahia ECONOMIA \/ POL\u00cdTICA Bahia Economica\",\"breadcrumb\":{\"@id\":\"https:\/\/bahiaeconomica.com.br\/wp\/2021\/04\/19\/salvador-e-a-1a-capital-do-pais-a-concluir-vacinacao-dos-idosos\/#breadcrumb\"},\"inLanguage\":\"pt-BR\",\"potentialAction\":[{\"@type\":\"ReadAction\",\"target\":[\"https:\/\/bahiaeconomica.com.br\/wp\/2021\/04\/19\/salvador-e-a-1a-capital-do-pais-a-concluir-vacinacao-dos-idosos\/\"]}]},{\"@type\":\"BreadcrumbList\",\"@id\":\"https:\/\/bahiaeconomica.com.br\/wp\/2021\/04\/19\/salvador-e-a-1a-capital-do-pais-a-concluir-vacinacao-dos-idosos\/#breadcrumb\",\"itemListElement\":[{\"@type\":\"ListItem\",\"position\":1,\"name\":\"In\u00edcio\",\"item\":\"https:\/\/bahiaeconomica.com.br\/wp\/\"},{\"@type\":\"ListItem\",\"position\":2,\"name\":\"SALVADOR \u00c9 A 1\u00aa CAPITAL DO PA\u00cdS A CONCLUIR VACINA\u00c7\u00c3O DOS IDOSOS\"}]},{\"@type\":\"WebSite\",\"@id\":\"https:\/\/bahiaeconomica.com.br\/wp\/#website\",\"url\":\"https:\/\/bahiaeconomica.com.br\/wp\/\",\"name\":\"Bahia Economica\",\"description\":\"O maior portal de Economia da Bahia\",\"publisher\":{\"@id\":\"https:\/\/bahiaeconomica.com.br\/wp\/#organization\"},\"potentialAction\":[{\"@type\":\"SearchAction\",\"target\":{\"@type\":\"EntryPoint\",\"urlTemplate\":\"https:\/\/bahiaeconomica.com.br\/wp\/?s={search_term_string}\"},\"query-input\":\"required name=search_term_string\"}],\"inLanguage\":\"pt-BR\"},{\"@type\":\"Organization\",\"@id\":\"https:\/\/bahiaeconomica.com.br\/wp\/#organization\",\"name\":\"Bahia Econ\u00f4mica\",\"url\":\"https:\/\/bahiaeconomica.com.br\/wp\/\",\"logo\":{\"@type\":\"ImageObject\",\"inLanguage\":\"pt-BR\",\"@id\":\"https:\/\/bahiaeconomica.com.br\/wp\/#\/schema\/logo\/image\/\",\"url\":\"https:\/\/bahiaeconomica.com.br\/wp\/wp-content\/uploads\/2020\/12\/cropped-BE.png\",\"contentUrl\":\"https:\/\/bahiaeconomica.com.br\/wp\/wp-content\/uploads\/2020\/12\/cropped-BE.png\",\"width\":512,\"height\":512,\"caption\":\"Bahia Econ\u00f4mica\"},\"image\":{\"@id\":\"https:\/\/bahiaeconomica.com.br\/wp\/#\/schema\/logo\/image\/\"},\"sameAs\":[\"https:\/\/www.facebook.com\/bahiaeconomica\"]},{\"@type\":\"Person\",\"@id\":\"https:\/\/bahiaeconomica.com.br\/wp\/#\/schema\/person\/cb1ab5ba96ad3d9390805381c76284ec\",\"name\":\"admin\",\"url\":\"https:\/\/bahiaeconomica.com.br\/wp\/author\/admin\/\"}]}<\/script>\n<!-- \/ Yoast SEO plugin. -->","yoast_head_json":{"title":"SALVADOR \u00c9 A 1\u00aa CAPITAL DO PA\u00cdS A CONCLUIR VACINA\u00c7\u00c3O DOS IDOSOS - Bahia Economica","description":"O maior portal de Economia da Bahia ECONOMIA \/ POL\u00cdTICA Bahia Economica","robots":{"index":"index","follow":"follow","max-snippet":"max-snippet:-1","max-image-preview":"max-image-preview:large","max-video-preview":"max-video-preview:-1"},"canonical":"https:\/\/bahiaeconomica.com.br\/wp\/2021\/04\/19\/salvador-e-a-1a-capital-do-pais-a-concluir-vacinacao-dos-idosos\/","og_locale":"pt_BR","og_type":"article","og_title":"SALVADOR \u00c9 A 1\u00aa CAPITAL DO PA\u00cdS A CONCLUIR VACINA\u00c7\u00c3O DOS IDOSOS - Bahia Economica","og_description":"O maior portal de Economia da Bahia ECONOMIA \/ POL\u00cdTICA Bahia Economica","og_url":"https:\/\/bahiaeconomica.com.br\/wp\/2021\/04\/19\/salvador-e-a-1a-capital-do-pais-a-concluir-vacinacao-dos-idosos\/","og_site_name":"Bahia Economica","article_publisher":"https:\/\/www.facebook.com\/bahiaeconomica","article_published_time":"2021-04-19T21:55:47+00:00","og_image":[{"width":500,"height":300,"url":"https:\/\/bahiaeconomica.com.br\/wp\/wp-content\/uploads\/2021\/02\/750_leitos-bruno-reis_2021226181719843.jpg","type":"image\/jpeg"}],"author":"admin","twitter_card":"summary_large_image","twitter_misc":{"Escrito por":"admin","Est. tempo de leitura":"1 minuto"},"schema":{"@context":"https:\/\/schema.org","@graph":[{"@type":"Article","@id":"https:\/\/bahiaeconomica.com.br\/wp\/2021\/04\/19\/salvador-e-a-1a-capital-do-pais-a-concluir-vacinacao-dos-idosos\/#article","isPartOf":{"@id":"https:\/\/bahiaeconomica.com.br\/wp\/2021\/04\/19\/salvador-e-a-1a-capital-do-pais-a-concluir-vacinacao-dos-idosos\/"},"author":{"name":"admin","@id":"https:\/\/bahiaeconomica.com.br\/wp\/#\/schema\/person\/cb1ab5ba96ad3d9390805381c76284ec"},"headline":"SALVADOR \u00c9 A 1\u00aa CAPITAL DO PA\u00cdS A CONCLUIR VACINA\u00c7\u00c3O DOS IDOSOS","datePublished":"2021-04-19T21:55:47+00:00","dateModified":"2021-04-19T21:55:47+00:00","mainEntityOfPage":{"@id":"https:\/\/bahiaeconomica.com.br\/wp\/2021\/04\/19\/salvador-e-a-1a-capital-do-pais-a-concluir-vacinacao-dos-idosos\/"},"wordCount":162,"publisher":{"@id":"https:\/\/bahiaeconomica.com.br\/wp\/#organization"},"articleSection":["ECONOMIA \/ POL\u00cdTICA"],"inLanguage":"pt-BR"},{"@type":"WebPage","@id":"https:\/\/bahiaeconomica.com.br\/wp\/2021\/04\/19\/salvador-e-a-1a-capital-do-pais-a-concluir-vacinacao-dos-idosos\/","url":"https:\/\/bahiaeconomica.com.br\/wp\/2021\/04\/19\/salvador-e-a-1a-capital-do-pais-a-concluir-vacinacao-dos-idosos\/","name":"SALVADOR \u00c9 A 1\u00aa CAPITAL DO PA\u00cdS A CONCLUIR VACINA\u00c7\u00c3O DOS IDOSOS - Bahia Economica","isPartOf":{"@id":"https:\/\/bahiaeconomica.com.br\/wp\/#website"},"datePublished":"2021-04-19T21:55:47+00:00","dateModified":"2021-04-19T21:55:47+00:00","description":"O maior portal de Economia da Bahia ECONOMIA \/ POL\u00cdTICA Bahia Economica","breadcrumb":{"@id":"https:\/\/bahiaeconomica.com.br\/wp\/2021\/04\/19\/salvador-e-a-1a-capital-do-pais-a-concluir-vacinacao-dos-idosos\/#breadcrumb"},"inLanguage":"pt-BR","potentialAction":[{"@type":"ReadAction","target":["https:\/\/bahiaeconomica.com.br\/wp\/2021\/04\/19\/salvador-e-a-1a-capital-do-pais-a-concluir-vacinacao-dos-idosos\/"]}]},{"@type":"BreadcrumbList","@id":"https:\/\/bahiaeconomica.com.br\/wp\/2021\/04\/19\/salvador-e-a-1a-capital-do-pais-a-concluir-vacinacao-dos-idosos\/#breadcrumb","itemListElement":[{"@type":"ListItem","position":1,"name":"In\u00edcio","item":"https:\/\/bahiaeconomica.com.br\/wp\/"},{"@type":"ListItem","position":2,"name":"SALVADOR \u00c9 A 1\u00aa CAPITAL DO PA\u00cdS A CONCLUIR VACINA\u00c7\u00c3O DOS IDOSOS"}]},{"@type":"WebSite","@id":"https:\/\/bahiaeconomica.com.br\/wp\/#website","url":"https:\/\/bahiaeconomica.com.br\/wp\/","name":"Bahia Economica","description":"O maior portal de Economia da Bahia","publisher":{"@id":"https:\/\/bahiaeconomica.com.br\/wp\/#organization"},"potentialAction":[{"@type":"SearchAction","target":{"@type":"EntryPoint","urlTemplate":"https:\/\/bahiaeconomica.com.br\/wp\/?s={search_term_string}"},"query-input":"required name=search_term_string"}],"inLanguage":"pt-BR"},{"@type":"Organization","@id":"https:\/\/bahiaeconomica.com.br\/wp\/#organization","name":"Bahia Econ\u00f4mica","url":"https:\/\/bahiaeconomica.com.br\/wp\/","logo":{"@type":"ImageObject","inLanguage":"pt-BR","@id":"https:\/\/bahiaeconomica.com.br\/wp\/#\/schema\/logo\/image\/","url":"https:\/\/bahiaeconomica.com.br\/wp\/wp-content\/uploads\/2020\/12\/cropped-BE.png","contentUrl":"https:\/\/bahiaeconomica.com.br\/wp\/wp-content\/uploads\/2020\/12\/cropped-BE.png","width":512,"height":512,"caption":"Bahia Econ\u00f4mica"},"image":{"@id":"https:\/\/bahiaeconomica.com.br\/wp\/#\/schema\/logo\/image\/"},"sameAs":["https:\/\/www.facebook.com\/bahiaeconomica"]},{"@type":"Person","@id":"https:\/\/bahiaeconomica.com.br\/wp\/#\/schema\/person\/cb1ab5ba96ad3d9390805381c76284ec","name":"admin","url":"https:\/\/bahiaeconomica.com.br\/wp\/author\/admin\/"}]}},"views":0,"_links":{"self":[{"href":"https:\/\/bahiaeconomica.com.br\/wp\/wp-json\/wp\/v2\/posts\/555927"}],"collection":[{"href":"https:\/\/bahiaeconomica.com.br\/wp\/wp-json\/wp\/v2\/posts"}],"about":[{"href":"https:\/\/bahiaeconomica.com.br\/wp\/wp-json\/wp\/v2\/types\/post"}],"author":[{"embeddable":true,"href":"https:\/\/bahiaeconomica.com.br\/wp\/wp-json\/wp\/v2\/users\/1"}],"replies":[{"embeddable":true,"href":"https:\/\/bahiaeconomica.com.br\/wp\/wp-json\/wp\/v2\/comments?post=555927"}],"version-history":[{"count":1,"href":"https:\/\/bahiaeconomica.com.br\/wp\/wp-json\/wp\/v2\/posts\/555927\/revisions"}],"predecessor-version":[{"id":555929,"href":"https:\/\/bahiaeconomica.com.br\/wp\/wp-json\/wp\/v2\/posts\/555927\/revisions\/555929"}],"wp:featuredmedia":[{"embeddable":true,"href":"https:\/\/bahiaeconomica.com.br\/wp\/wp-json\/wp\/v2\/media\/540219"}],"wp:attachment":[{"href":"https:\/\/bahiaeconomica.com.br\/wp\/wp-json\/wp\/v2\/media?parent=555927"}],"wp:term":[{"taxonomy":"category","embeddable":true,"href":"https:\/\/bahiaeconomica.com.br\/wp\/wp-json\/wp\/v2\/categories?post=555927"},{"taxonomy":"post_tag","embeddable":true,"href":"https:\/\/bahiaeconomica.com.br\/wp\/wp-json\/wp\/v2\/tags?post=555927"}],"curies":[{"name":"wp","href":"https:\/\/api.w.org\/{rel}","templated":true}]}}