{"id":555475,"date":"2021-04-19T09:50:52","date_gmt":"2021-04-19T12:50:52","guid":{"rendered":"https:\/\/bahiaeconomica.com.br\/wp\/beta\/?p=555475"},"modified":"2021-04-19T09:47:36","modified_gmt":"2021-04-19T12:47:36","slug":"2021-mercado-de-franquias-apresenta-aumento-de-8-no-nordeste","status":"publish","type":"post","link":"https:\/\/bahiaeconomica.com.br\/wp\/2021\/04\/19\/2021-mercado-de-franquias-apresenta-aumento-de-8-no-nordeste\/","title":{"rendered":"MERCADO DE FRANQUIAS APRESENTA AUMENTO NO NORDESTE"},"content":{"rendered":"<p>Em 1989, um casal de engenheiros agr\u00f4nomos percebeu que era poss\u00edvel oferecer bem estar transformando a natureza em acess\u00f3rios de higiene e beleza. Os produtos seguiam uma cultura de prote\u00e7\u00e3o<!--more--> do meio ambiente, ac\u0327o\u0303es sustenta\u0301veis e preserva\u00e7\u00e3o do futuro do planeta. Nascia o Grupo Orga\u0302nica, que iniciou suas atividades com o plantio de buchas vegetais. Na d\u00e9cada de 90, passaram a fornecer esses produtos \u00e0s grandes redes de varejo. Hoje, eles possuem o maior portf\u00f3lio acess\u00f3rios para banho do mercado e uma linha completa de cosme\u0301ticos com base 100% Vegetal.<\/p>\n<p>Em 2016, a marca criou a Org\u00e2nica Body&amp;Spa, com quiosques, e em 2019, a marca entrou para o franchising. Em 2020, em meio \u00e0 pandemia, lan\u00e7aram o modelo Org\u00e2nica Body&amp;Spa Express, que est\u00e1 adequado ao momento que o pa\u00eds est\u00e1 vivendo, onde o neg\u00f3cio pode ser conduzido de forma h\u00edbrida, atuando home office e por meio de e-commerce com investimentos a partir de R$ 25.900.<\/p>\n<p>O Grupo Org\u00e2nica integra um dos segmentos de franquias que tiveram maior crescimento no Nordeste, segundo a Associa\u00e7\u00e3o Brasileira de Franchising(ABF). Na verdade, o \u00faltimo levantamento realizado pela ABF, a regi\u00e3o teve um crescimento de 8% no n\u00famero das unidades abertas no segundo trimestre de 2020, com 4.504 opera\u00e7\u00f5es, enquanto que, no mesmo per\u00edodo de 2019, esse n\u00famero representava 4.178 unidades na regi\u00e3o. O n\u00famero de redes tamb\u00e9m subiu, passando de 555 em 2019 para 581 marcas atuantes no Nordeste, um aumento de 5% durante o per\u00edodo analisado.<\/p>\n<p>Em alta<\/p>\n<p>Entre os segmentos que mais tiveram participa\u00e7\u00e3o no crescimento do mercado de franquias est\u00e1 o de Sa\u00fade, Beleza e Bem Estar com 27,2%, seguido por Alimenta\u00e7\u00e3o (20,8%); Moda (11,1%), e Servi\u00e7os Educacionais (9,9%). Para o diretor de expans\u00e3o Org\u00e2nica Body&amp;Spa Jo\u00e3o Galhardi, a Bahia, por exemplo, \u00e9 um mercado, apesar de avan\u00e7ado, que ainda est\u00e1 em expans\u00e3o, com car\u00eancia por diversidades de produtos e servi\u00e7os nichados.<\/p>\n<p>\u201cIsso cria a possibilidade para empreendedores que querem fazer um neg\u00f3cio prosperar. O baiano \u00e9 muito aberto \u00e0s novidades, principalmente se a proposta conversar com a realidade do estilo de vida muito ligado \u00e0 tropicalidade e isso cria uma necessidade bem espec\u00edfica, como por exemplo, no mercado de cuidados pessoais\u201d, defende. O diretor executivo da Feira Virtual de Franquia, o especialista em franchising Ricardo Branco defende que a franquia \u00e9 uma forma de se reinventar, especialmente nesse momento, onde tantos perderam seus postos de trabalho. \u201cO franqueado passa de empregado para empres\u00e1rio, mas, antes de iniciar esse tipo de empreendimento, \u00e9 preciso salientar que existem as dificuldades, pois, no final do m\u00eas, nem sempre haver\u00e1 um ganho real como o do assalariado\u201d, diz. Para ele, qualquer franquia, assim como qualquer neg\u00f3cio, exigir\u00e1 dedica\u00e7\u00e3o, persist\u00eancia e coragem.<\/p>\n<p>Futuro<\/p>\n<p>Branco chama aten\u00e7\u00e3o para as chamadas Franquias do Futuro, que s\u00e3o empreendimentos onde o trabalho \u00e9 realizado em casa, atrav\u00e9s de plataformas de e-commerce. \u201cEssa \u00e9 uma grande tend\u00eancia e marcas como Org\u00e2nica Body&amp;Spa, Mazze, Belazza e Brasil Nutri Shop tem ganhado muito espa\u00e7o e relev\u00e2ncia neste setor\u201d, ressalta. O especialista em franquias faz quest\u00e3o de destacar que antes de iniciar qualquer neg\u00f3cio, \u00e9 fundamental estudar o empreendimento, mesmo que seja uma microfranquia. \u201cO interessado precisa analisar as condi\u00e7\u00f5es e, principalmente, verificar se existe sinergia com ele, valores de investimento, capital de giro e retorno. Muito importante saber quanto tempo ter\u00e1 que se dedicar, pois em alguns segmentos exigir\u00e3o uma dedica\u00e7\u00e3o grande\u201d, esclarece.<\/p>\n<p>Para quem perdeu posto de trabalho e tem recurso para investir, a segunda dica de Branco \u00e9 n\u00e3o investir tudo o que tem. \u201cGuarde um pouco para sua tranquilidade, n\u00e3o saia se aventurando, estude bem o neg\u00f3cio que vai entrar. Cautela \u00e9 fundamental em qualquer investimento\u201d, aconselha. Ricardo Branco destaca a alta, na Bahia, de setores de alimenta\u00e7\u00e3o, sa\u00fade e beleza, servi\u00e7os automotivos, servi\u00e7os de seguro, Educa\u00e7\u00e3o a dist\u00e2ncia, internet, trabalhos de marketing, Turismo e Startups de \u00faltima gera\u00e7\u00e3o. \u201cTodas as cidades baianas s\u00e3o potenciais, inclusive cidades menores. Munic\u00edpios como Feira de Santana, Vit\u00f3ria da Conquista, Lauro de Freitas, Cama\u00e7ari e Juazeiro possuem grandes mercados a serem explorados\u201d, finaliza.<\/p>\n<p>Foto: divulga\u00e7\u00e3o<\/p>\n","protected":false},"excerpt":{"rendered":"<p>Em 1989, um casal de engenheiros agr\u00f4nomos percebeu que era poss\u00edvel oferecer bem estar transformando a natureza em acess\u00f3rios de higiene e beleza. Os produtos seguiam uma cultura de prote\u00e7\u00e3o<\/p>\n","protected":false},"author":1,"featured_media":555477,"comment_status":"closed","ping_status":"closed","sticky":false,"template":"","format":"standard","meta":[],"categories":[14,3],"tags":[],"acf":[],"yoast_head":"<!-- This site is optimized with the Yoast SEO plugin v20.8 - https:\/\/yoast.com\/wordpress\/plugins\/seo\/ -->\n<title>MERCADO DE FRANQUIAS APRESENTA AUMENTO NO NORDESTE - Bahia Economica<\/title>\n<meta name=\"description\" content=\"O maior portal de Economia da Bahia DESTAQUE DO DIA, ECONOMIA \/ POL\u00cdTICA Bahia Economica\" \/>\n<meta name=\"robots\" content=\"index, follow, max-snippet:-1, max-image-preview:large, max-video-preview:-1\" \/>\n<link rel=\"canonical\" href=\"https:\/\/bahiaeconomica.com.br\/wp\/2021\/04\/19\/2021-mercado-de-franquias-apresenta-aumento-de-8-no-nordeste\/\" \/>\n<meta property=\"og:locale\" content=\"pt_BR\" \/>\n<meta property=\"og:type\" content=\"article\" \/>\n<meta property=\"og:title\" content=\"MERCADO DE FRANQUIAS APRESENTA AUMENTO NO NORDESTE - Bahia Economica\" \/>\n<meta property=\"og:description\" content=\"O maior portal de Economia da Bahia DESTAQUE DO DIA, ECONOMIA \/ POL\u00cdTICA Bahia Economica\" \/>\n<meta property=\"og:url\" content=\"https:\/\/bahiaeconomica.com.br\/wp\/2021\/04\/19\/2021-mercado-de-franquias-apresenta-aumento-de-8-no-nordeste\/\" \/>\n<meta property=\"og:site_name\" content=\"Bahia Economica\" \/>\n<meta property=\"article:publisher\" content=\"https:\/\/www.facebook.com\/bahiaeconomica\" \/>\n<meta property=\"article:published_time\" content=\"2021-04-19T12:50:52+00:00\" \/>\n<meta property=\"article:modified_time\" content=\"2021-04-19T12:47:36+00:00\" \/>\n<meta property=\"og:image\" content=\"https:\/\/bahiaeconomica.com.br\/wp\/wp-content\/uploads\/2021\/04\/csm_franquias_carrinho_1_8efbbd1ced.jpg\" \/>\n\t<meta property=\"og:image:width\" content=\"940\" \/>\n\t<meta property=\"og:image:height\" content=\"726\" \/>\n\t<meta property=\"og:image:type\" content=\"image\/jpeg\" \/>\n<meta name=\"author\" content=\"admin\" \/>\n<meta name=\"twitter:card\" content=\"summary_large_image\" \/>\n<meta name=\"twitter:label1\" content=\"Escrito por\" \/>\n\t<meta name=\"twitter:data1\" content=\"admin\" \/>\n\t<meta name=\"twitter:label2\" content=\"Est. tempo de leitura\" \/>\n\t<meta name=\"twitter:data2\" content=\"4 minutos\" \/>\n<script type=\"application\/ld+json\" class=\"yoast-schema-graph\">{\"@context\":\"https:\/\/schema.org\",\"@graph\":[{\"@type\":\"Article\",\"@id\":\"https:\/\/bahiaeconomica.com.br\/wp\/2021\/04\/19\/2021-mercado-de-franquias-apresenta-aumento-de-8-no-nordeste\/#article\",\"isPartOf\":{\"@id\":\"https:\/\/bahiaeconomica.com.br\/wp\/2021\/04\/19\/2021-mercado-de-franquias-apresenta-aumento-de-8-no-nordeste\/\"},\"author\":{\"name\":\"admin\",\"@id\":\"https:\/\/bahiaeconomica.com.br\/wp\/#\/schema\/person\/cb1ab5ba96ad3d9390805381c76284ec\"},\"headline\":\"MERCADO DE FRANQUIAS APRESENTA AUMENTO NO NORDESTE\",\"datePublished\":\"2021-04-19T12:50:52+00:00\",\"dateModified\":\"2021-04-19T12:47:36+00:00\",\"mainEntityOfPage\":{\"@id\":\"https:\/\/bahiaeconomica.com.br\/wp\/2021\/04\/19\/2021-mercado-de-franquias-apresenta-aumento-de-8-no-nordeste\/\"},\"wordCount\":732,\"publisher\":{\"@id\":\"https:\/\/bahiaeconomica.com.br\/wp\/#organization\"},\"articleSection\":[\"DESTAQUE DO DIA\",\"ECONOMIA \/ POL\u00cdTICA\"],\"inLanguage\":\"pt-BR\"},{\"@type\":\"WebPage\",\"@id\":\"https:\/\/bahiaeconomica.com.br\/wp\/2021\/04\/19\/2021-mercado-de-franquias-apresenta-aumento-de-8-no-nordeste\/\",\"url\":\"https:\/\/bahiaeconomica.com.br\/wp\/2021\/04\/19\/2021-mercado-de-franquias-apresenta-aumento-de-8-no-nordeste\/\",\"name\":\"MERCADO DE FRANQUIAS APRESENTA AUMENTO NO NORDESTE - Bahia Economica\",\"isPartOf\":{\"@id\":\"https:\/\/bahiaeconomica.com.br\/wp\/#website\"},\"datePublished\":\"2021-04-19T12:50:52+00:00\",\"dateModified\":\"2021-04-19T12:47:36+00:00\",\"description\":\"O maior portal de Economia da Bahia DESTAQUE DO DIA, ECONOMIA \/ POL\u00cdTICA Bahia Economica\",\"breadcrumb\":{\"@id\":\"https:\/\/bahiaeconomica.com.br\/wp\/2021\/04\/19\/2021-mercado-de-franquias-apresenta-aumento-de-8-no-nordeste\/#breadcrumb\"},\"inLanguage\":\"pt-BR\",\"potentialAction\":[{\"@type\":\"ReadAction\",\"target\":[\"https:\/\/bahiaeconomica.com.br\/wp\/2021\/04\/19\/2021-mercado-de-franquias-apresenta-aumento-de-8-no-nordeste\/\"]}]},{\"@type\":\"BreadcrumbList\",\"@id\":\"https:\/\/bahiaeconomica.com.br\/wp\/2021\/04\/19\/2021-mercado-de-franquias-apresenta-aumento-de-8-no-nordeste\/#breadcrumb\",\"itemListElement\":[{\"@type\":\"ListItem\",\"position\":1,\"name\":\"In\u00edcio\",\"item\":\"https:\/\/bahiaeconomica.com.br\/wp\/\"},{\"@type\":\"ListItem\",\"position\":2,\"name\":\"MERCADO DE FRANQUIAS APRESENTA AUMENTO NO NORDESTE\"}]},{\"@type\":\"WebSite\",\"@id\":\"https:\/\/bahiaeconomica.com.br\/wp\/#website\",\"url\":\"https:\/\/bahiaeconomica.com.br\/wp\/\",\"name\":\"Bahia Economica\",\"description\":\"O maior portal de Economia da Bahia\",\"publisher\":{\"@id\":\"https:\/\/bahiaeconomica.com.br\/wp\/#organization\"},\"potentialAction\":[{\"@type\":\"SearchAction\",\"target\":{\"@type\":\"EntryPoint\",\"urlTemplate\":\"https:\/\/bahiaeconomica.com.br\/wp\/?s={search_term_string}\"},\"query-input\":\"required name=search_term_string\"}],\"inLanguage\":\"pt-BR\"},{\"@type\":\"Organization\",\"@id\":\"https:\/\/bahiaeconomica.com.br\/wp\/#organization\",\"name\":\"Bahia Econ\u00f4mica\",\"url\":\"https:\/\/bahiaeconomica.com.br\/wp\/\",\"logo\":{\"@type\":\"ImageObject\",\"inLanguage\":\"pt-BR\",\"@id\":\"https:\/\/bahiaeconomica.com.br\/wp\/#\/schema\/logo\/image\/\",\"url\":\"https:\/\/bahiaeconomica.com.br\/wp\/wp-content\/uploads\/2020\/12\/cropped-BE.png\",\"contentUrl\":\"https:\/\/bahiaeconomica.com.br\/wp\/wp-content\/uploads\/2020\/12\/cropped-BE.png\",\"width\":512,\"height\":512,\"caption\":\"Bahia Econ\u00f4mica\"},\"image\":{\"@id\":\"https:\/\/bahiaeconomica.com.br\/wp\/#\/schema\/logo\/image\/\"},\"sameAs\":[\"https:\/\/www.facebook.com\/bahiaeconomica\"]},{\"@type\":\"Person\",\"@id\":\"https:\/\/bahiaeconomica.com.br\/wp\/#\/schema\/person\/cb1ab5ba96ad3d9390805381c76284ec\",\"name\":\"admin\",\"url\":\"https:\/\/bahiaeconomica.com.br\/wp\/author\/admin\/\"}]}<\/script>\n<!-- \/ Yoast SEO plugin. -->","yoast_head_json":{"title":"MERCADO DE FRANQUIAS APRESENTA AUMENTO NO NORDESTE - Bahia Economica","description":"O maior portal de Economia da Bahia DESTAQUE DO DIA, ECONOMIA \/ POL\u00cdTICA Bahia Economica","robots":{"index":"index","follow":"follow","max-snippet":"max-snippet:-1","max-image-preview":"max-image-preview:large","max-video-preview":"max-video-preview:-1"},"canonical":"https:\/\/bahiaeconomica.com.br\/wp\/2021\/04\/19\/2021-mercado-de-franquias-apresenta-aumento-de-8-no-nordeste\/","og_locale":"pt_BR","og_type":"article","og_title":"MERCADO DE FRANQUIAS APRESENTA AUMENTO NO NORDESTE - Bahia Economica","og_description":"O maior portal de Economia da Bahia DESTAQUE DO DIA, ECONOMIA \/ POL\u00cdTICA Bahia Economica","og_url":"https:\/\/bahiaeconomica.com.br\/wp\/2021\/04\/19\/2021-mercado-de-franquias-apresenta-aumento-de-8-no-nordeste\/","og_site_name":"Bahia Economica","article_publisher":"https:\/\/www.facebook.com\/bahiaeconomica","article_published_time":"2021-04-19T12:50:52+00:00","article_modified_time":"2021-04-19T12:47:36+00:00","og_image":[{"width":940,"height":726,"url":"https:\/\/bahiaeconomica.com.br\/wp\/wp-content\/uploads\/2021\/04\/csm_franquias_carrinho_1_8efbbd1ced.jpg","type":"image\/jpeg"}],"author":"admin","twitter_card":"summary_large_image","twitter_misc":{"Escrito por":"admin","Est. tempo de leitura":"4 minutos"},"schema":{"@context":"https:\/\/schema.org","@graph":[{"@type":"Article","@id":"https:\/\/bahiaeconomica.com.br\/wp\/2021\/04\/19\/2021-mercado-de-franquias-apresenta-aumento-de-8-no-nordeste\/#article","isPartOf":{"@id":"https:\/\/bahiaeconomica.com.br\/wp\/2021\/04\/19\/2021-mercado-de-franquias-apresenta-aumento-de-8-no-nordeste\/"},"author":{"name":"admin","@id":"https:\/\/bahiaeconomica.com.br\/wp\/#\/schema\/person\/cb1ab5ba96ad3d9390805381c76284ec"},"headline":"MERCADO DE FRANQUIAS APRESENTA AUMENTO NO NORDESTE","datePublished":"2021-04-19T12:50:52+00:00","dateModified":"2021-04-19T12:47:36+00:00","mainEntityOfPage":{"@id":"https:\/\/bahiaeconomica.com.br\/wp\/2021\/04\/19\/2021-mercado-de-franquias-apresenta-aumento-de-8-no-nordeste\/"},"wordCount":732,"publisher":{"@id":"https:\/\/bahiaeconomica.com.br\/wp\/#organization"},"articleSection":["DESTAQUE DO DIA","ECONOMIA \/ POL\u00cdTICA"],"inLanguage":"pt-BR"},{"@type":"WebPage","@id":"https:\/\/bahiaeconomica.com.br\/wp\/2021\/04\/19\/2021-mercado-de-franquias-apresenta-aumento-de-8-no-nordeste\/","url":"https:\/\/bahiaeconomica.com.br\/wp\/2021\/04\/19\/2021-mercado-de-franquias-apresenta-aumento-de-8-no-nordeste\/","name":"MERCADO DE FRANQUIAS APRESENTA AUMENTO NO NORDESTE - Bahia Economica","isPartOf":{"@id":"https:\/\/bahiaeconomica.com.br\/wp\/#website"},"datePublished":"2021-04-19T12:50:52+00:00","dateModified":"2021-04-19T12:47:36+00:00","description":"O maior portal de Economia da Bahia DESTAQUE DO DIA, ECONOMIA \/ POL\u00cdTICA Bahia Economica","breadcrumb":{"@id":"https:\/\/bahiaeconomica.com.br\/wp\/2021\/04\/19\/2021-mercado-de-franquias-apresenta-aumento-de-8-no-nordeste\/#breadcrumb"},"inLanguage":"pt-BR","potentialAction":[{"@type":"ReadAction","target":["https:\/\/bahiaeconomica.com.br\/wp\/2021\/04\/19\/2021-mercado-de-franquias-apresenta-aumento-de-8-no-nordeste\/"]}]},{"@type":"BreadcrumbList","@id":"https:\/\/bahiaeconomica.com.br\/wp\/2021\/04\/19\/2021-mercado-de-franquias-apresenta-aumento-de-8-no-nordeste\/#breadcrumb","itemListElement":[{"@type":"ListItem","position":1,"name":"In\u00edcio","item":"https:\/\/bahiaeconomica.com.br\/wp\/"},{"@type":"ListItem","position":2,"name":"MERCADO DE FRANQUIAS APRESENTA AUMENTO NO NORDESTE"}]},{"@type":"WebSite","@id":"https:\/\/bahiaeconomica.com.br\/wp\/#website","url":"https:\/\/bahiaeconomica.com.br\/wp\/","name":"Bahia Economica","description":"O maior portal de Economia da Bahia","publisher":{"@id":"https:\/\/bahiaeconomica.com.br\/wp\/#organization"},"potentialAction":[{"@type":"SearchAction","target":{"@type":"EntryPoint","urlTemplate":"https:\/\/bahiaeconomica.com.br\/wp\/?s={search_term_string}"},"query-input":"required name=search_term_string"}],"inLanguage":"pt-BR"},{"@type":"Organization","@id":"https:\/\/bahiaeconomica.com.br\/wp\/#organization","name":"Bahia Econ\u00f4mica","url":"https:\/\/bahiaeconomica.com.br\/wp\/","logo":{"@type":"ImageObject","inLanguage":"pt-BR","@id":"https:\/\/bahiaeconomica.com.br\/wp\/#\/schema\/logo\/image\/","url":"https:\/\/bahiaeconomica.com.br\/wp\/wp-content\/uploads\/2020\/12\/cropped-BE.png","contentUrl":"https:\/\/bahiaeconomica.com.br\/wp\/wp-content\/uploads\/2020\/12\/cropped-BE.png","width":512,"height":512,"caption":"Bahia Econ\u00f4mica"},"image":{"@id":"https:\/\/bahiaeconomica.com.br\/wp\/#\/schema\/logo\/image\/"},"sameAs":["https:\/\/www.facebook.com\/bahiaeconomica"]},{"@type":"Person","@id":"https:\/\/bahiaeconomica.com.br\/wp\/#\/schema\/person\/cb1ab5ba96ad3d9390805381c76284ec","name":"admin","url":"https:\/\/bahiaeconomica.com.br\/wp\/author\/admin\/"}]}},"views":2,"_links":{"self":[{"href":"https:\/\/bahiaeconomica.com.br\/wp\/wp-json\/wp\/v2\/posts\/555475"}],"collection":[{"href":"https:\/\/bahiaeconomica.com.br\/wp\/wp-json\/wp\/v2\/posts"}],"about":[{"href":"https:\/\/bahiaeconomica.com.br\/wp\/wp-json\/wp\/v2\/types\/post"}],"author":[{"embeddable":true,"href":"https:\/\/bahiaeconomica.com.br\/wp\/wp-json\/wp\/v2\/users\/1"}],"replies":[{"embeddable":true,"href":"https:\/\/bahiaeconomica.com.br\/wp\/wp-json\/wp\/v2\/comments?post=555475"}],"version-history":[{"count":2,"href":"https:\/\/bahiaeconomica.com.br\/wp\/wp-json\/wp\/v2\/posts\/555475\/revisions"}],"predecessor-version":[{"id":555561,"href":"https:\/\/bahiaeconomica.com.br\/wp\/wp-json\/wp\/v2\/posts\/555475\/revisions\/555561"}],"wp:featuredmedia":[{"embeddable":true,"href":"https:\/\/bahiaeconomica.com.br\/wp\/wp-json\/wp\/v2\/media\/555477"}],"wp:attachment":[{"href":"https:\/\/bahiaeconomica.com.br\/wp\/wp-json\/wp\/v2\/media?parent=555475"}],"wp:term":[{"taxonomy":"category","embeddable":true,"href":"https:\/\/bahiaeconomica.com.br\/wp\/wp-json\/wp\/v2\/categories?post=555475"},{"taxonomy":"post_tag","embeddable":true,"href":"https:\/\/bahiaeconomica.com.br\/wp\/wp-json\/wp\/v2\/tags?post=555475"}],"curies":[{"name":"wp","href":"https:\/\/api.w.org\/{rel}","templated":true}]}}