{"id":553858,"date":"2021-04-13T17:38:31","date_gmt":"2021-04-13T20:38:31","guid":{"rendered":"https:\/\/bahiaeconomica.com.br\/wp\/beta\/?p=553858"},"modified":"2021-04-13T17:38:31","modified_gmt":"2021-04-13T20:38:31","slug":"gestores-planejam-acoes-para-fortalecer-o-turismo-de-lauro","status":"publish","type":"post","link":"https:\/\/bahiaeconomica.com.br\/wp\/2021\/04\/13\/gestores-planejam-acoes-para-fortalecer-o-turismo-de-lauro\/","title":{"rendered":"GESTORES PLANEJAM A\u00c7\u00d5ES PARA  FORTALECER O TURISMO DE LAURO"},"content":{"rendered":"<p>A\u00e7\u00f5es estrat\u00e9gicas para o desenvolvimento do turismo de Lauro de Freitas, munic\u00edpio da Regi\u00e3o Metropolitana de Salvador, e o fortalecimento do seu Turismo \u00c9tnico-afro e Cultural , estiveram em pauta durante a reuni\u00e3o na segunda-feira (12), entre os secret\u00e1rios do Turismo do Estado, Fausto Franco, e o de Cultura e Turismo de Lauro de Freitas, Andr\u00e9 Pereira.<!--more--><\/p>\n<p>Na ocasi\u00e3o, os gestores discutiram o potencial do munic\u00edpio que possui hist\u00f3ria e cultura, al\u00e9m do segmento de sol e mar encontrado nas praias de Ipitanga, Buraquinho e Vilas do Atl\u00e2ntico. O gestor municipal, Andr\u00e9 Pereira, destacou que Lauro de Freitas possui quilombo, aldeia de \u00edndio, sem contar o forte apelo das religi\u00f5es de matriz africana.<\/p>\n<p>A turism\u00f3loga Fernanda Arag\u00e3o refor\u00e7ou dizendo que o munic\u00edpio possui 384 terreiros catalogados, entre umbanda e candombl\u00e9, com festas tradicionais, que podem ser locais de visita\u00e7\u00e3o tur\u00edstica. Para isso, a ideia \u00e9 reunir todos esses espa\u00e7os em uma plataforma digital informando data e hora de funcionamento para facilitar o acesso dos turistas que t\u00eam interesse na cultura afro.<\/p>\n<p>O secret\u00e1rio Fausto Franco j\u00e1 agendou uma visita para conhecer o Centro de Cultura Afro e outros atrativos para ver como a Setur poder\u00e1 apoiar a\u00e7\u00f5es que fomentem o turismo do munic\u00edpio. Ele orientou sobre o registro dos empreendimentos no Cadastur, lembrando aos gestores que este ano \u00e9 o per\u00edodo da revalida\u00e7\u00e3o dos destinos no mapa brasileiro do turismo, que faz uma s\u00e9rie de exig\u00eancias, entre elas o registro no Cadastur.<\/p>\n<p>Foto: Setur<\/p>\n","protected":false},"excerpt":{"rendered":"<p>A\u00e7\u00f5es estrat\u00e9gicas para o desenvolvimento do turismo de Lauro de Freitas, munic\u00edpio da Regi\u00e3o Metropolitana de Salvador, e o fortalecimento do seu Turismo \u00c9tnico-afro e Cultural , estiveram em pauta durante a reuni\u00e3o na segunda-feira (12), entre os secret\u00e1rios do Turismo do Estado, Fausto Franco, e o de Cultura e Turismo de Lauro de Freitas, [&hellip;]<\/p>\n","protected":false},"author":1,"featured_media":553860,"comment_status":"closed","ping_status":"closed","sticky":false,"template":"","format":"standard","meta":[],"categories":[14,3],"tags":[],"acf":[],"yoast_head":"<!-- This site is optimized with the Yoast SEO plugin v20.8 - https:\/\/yoast.com\/wordpress\/plugins\/seo\/ -->\n<title>GESTORES PLANEJAM A\u00c7\u00d5ES PARA FORTALECER O TURISMO DE LAURO - Bahia Economica<\/title>\n<meta name=\"description\" content=\"O maior portal de Economia da Bahia DESTAQUE DO DIA, ECONOMIA \/ POL\u00cdTICA Bahia Economica\" \/>\n<meta name=\"robots\" content=\"index, follow, max-snippet:-1, max-image-preview:large, max-video-preview:-1\" \/>\n<link rel=\"canonical\" href=\"https:\/\/bahiaeconomica.com.br\/wp\/2021\/04\/13\/gestores-planejam-acoes-para-fortalecer-o-turismo-de-lauro\/\" \/>\n<meta property=\"og:locale\" content=\"pt_BR\" \/>\n<meta property=\"og:type\" content=\"article\" \/>\n<meta property=\"og:title\" content=\"GESTORES PLANEJAM A\u00c7\u00d5ES PARA FORTALECER O TURISMO DE LAURO - Bahia Economica\" \/>\n<meta property=\"og:description\" content=\"O maior portal de Economia da Bahia DESTAQUE DO DIA, ECONOMIA \/ POL\u00cdTICA Bahia Economica\" \/>\n<meta property=\"og:url\" content=\"https:\/\/bahiaeconomica.com.br\/wp\/2021\/04\/13\/gestores-planejam-acoes-para-fortalecer-o-turismo-de-lauro\/\" \/>\n<meta property=\"og:site_name\" content=\"Bahia Economica\" \/>\n<meta property=\"article:publisher\" content=\"https:\/\/www.facebook.com\/bahiaeconomica\" \/>\n<meta property=\"article:published_time\" content=\"2021-04-13T20:38:31+00:00\" \/>\n<meta property=\"og:image\" content=\"https:\/\/bahiaeconomica.com.br\/wp\/wp-content\/uploads\/2021\/04\/normal_16183369112add5ca63e9e4a3d8fa9972feae68dff.jpg\" \/>\n\t<meta property=\"og:image:width\" content=\"399\" \/>\n\t<meta property=\"og:image:height\" content=\"265\" \/>\n\t<meta property=\"og:image:type\" content=\"image\/jpeg\" \/>\n<meta name=\"author\" content=\"admin\" \/>\n<meta name=\"twitter:card\" content=\"summary_large_image\" \/>\n<meta name=\"twitter:label1\" content=\"Escrito por\" \/>\n\t<meta name=\"twitter:data1\" content=\"admin\" \/>\n\t<meta name=\"twitter:label2\" content=\"Est. tempo de leitura\" \/>\n\t<meta name=\"twitter:data2\" content=\"1 minuto\" \/>\n<script type=\"application\/ld+json\" class=\"yoast-schema-graph\">{\"@context\":\"https:\/\/schema.org\",\"@graph\":[{\"@type\":\"Article\",\"@id\":\"https:\/\/bahiaeconomica.com.br\/wp\/2021\/04\/13\/gestores-planejam-acoes-para-fortalecer-o-turismo-de-lauro\/#article\",\"isPartOf\":{\"@id\":\"https:\/\/bahiaeconomica.com.br\/wp\/2021\/04\/13\/gestores-planejam-acoes-para-fortalecer-o-turismo-de-lauro\/\"},\"author\":{\"name\":\"admin\",\"@id\":\"https:\/\/bahiaeconomica.com.br\/wp\/#\/schema\/person\/cb1ab5ba96ad3d9390805381c76284ec\"},\"headline\":\"GESTORES PLANEJAM A\u00c7\u00d5ES PARA FORTALECER O TURISMO DE LAURO\",\"datePublished\":\"2021-04-13T20:38:31+00:00\",\"dateModified\":\"2021-04-13T20:38:31+00:00\",\"mainEntityOfPage\":{\"@id\":\"https:\/\/bahiaeconomica.com.br\/wp\/2021\/04\/13\/gestores-planejam-acoes-para-fortalecer-o-turismo-de-lauro\/\"},\"wordCount\":276,\"publisher\":{\"@id\":\"https:\/\/bahiaeconomica.com.br\/wp\/#organization\"},\"articleSection\":[\"DESTAQUE DO DIA\",\"ECONOMIA \/ POL\u00cdTICA\"],\"inLanguage\":\"pt-BR\"},{\"@type\":\"WebPage\",\"@id\":\"https:\/\/bahiaeconomica.com.br\/wp\/2021\/04\/13\/gestores-planejam-acoes-para-fortalecer-o-turismo-de-lauro\/\",\"url\":\"https:\/\/bahiaeconomica.com.br\/wp\/2021\/04\/13\/gestores-planejam-acoes-para-fortalecer-o-turismo-de-lauro\/\",\"name\":\"GESTORES PLANEJAM A\u00c7\u00d5ES PARA FORTALECER O TURISMO DE LAURO - Bahia Economica\",\"isPartOf\":{\"@id\":\"https:\/\/bahiaeconomica.com.br\/wp\/#website\"},\"datePublished\":\"2021-04-13T20:38:31+00:00\",\"dateModified\":\"2021-04-13T20:38:31+00:00\",\"description\":\"O maior portal de Economia da Bahia DESTAQUE DO DIA, ECONOMIA \/ POL\u00cdTICA Bahia Economica\",\"breadcrumb\":{\"@id\":\"https:\/\/bahiaeconomica.com.br\/wp\/2021\/04\/13\/gestores-planejam-acoes-para-fortalecer-o-turismo-de-lauro\/#breadcrumb\"},\"inLanguage\":\"pt-BR\",\"potentialAction\":[{\"@type\":\"ReadAction\",\"target\":[\"https:\/\/bahiaeconomica.com.br\/wp\/2021\/04\/13\/gestores-planejam-acoes-para-fortalecer-o-turismo-de-lauro\/\"]}]},{\"@type\":\"BreadcrumbList\",\"@id\":\"https:\/\/bahiaeconomica.com.br\/wp\/2021\/04\/13\/gestores-planejam-acoes-para-fortalecer-o-turismo-de-lauro\/#breadcrumb\",\"itemListElement\":[{\"@type\":\"ListItem\",\"position\":1,\"name\":\"In\u00edcio\",\"item\":\"https:\/\/bahiaeconomica.com.br\/wp\/\"},{\"@type\":\"ListItem\",\"position\":2,\"name\":\"GESTORES PLANEJAM A\u00c7\u00d5ES PARA FORTALECER O TURISMO DE LAURO\"}]},{\"@type\":\"WebSite\",\"@id\":\"https:\/\/bahiaeconomica.com.br\/wp\/#website\",\"url\":\"https:\/\/bahiaeconomica.com.br\/wp\/\",\"name\":\"Bahia Economica\",\"description\":\"O maior portal de Economia da Bahia\",\"publisher\":{\"@id\":\"https:\/\/bahiaeconomica.com.br\/wp\/#organization\"},\"potentialAction\":[{\"@type\":\"SearchAction\",\"target\":{\"@type\":\"EntryPoint\",\"urlTemplate\":\"https:\/\/bahiaeconomica.com.br\/wp\/?s={search_term_string}\"},\"query-input\":\"required name=search_term_string\"}],\"inLanguage\":\"pt-BR\"},{\"@type\":\"Organization\",\"@id\":\"https:\/\/bahiaeconomica.com.br\/wp\/#organization\",\"name\":\"Bahia Econ\u00f4mica\",\"url\":\"https:\/\/bahiaeconomica.com.br\/wp\/\",\"logo\":{\"@type\":\"ImageObject\",\"inLanguage\":\"pt-BR\",\"@id\":\"https:\/\/bahiaeconomica.com.br\/wp\/#\/schema\/logo\/image\/\",\"url\":\"https:\/\/bahiaeconomica.com.br\/wp\/wp-content\/uploads\/2020\/12\/cropped-BE.png\",\"contentUrl\":\"https:\/\/bahiaeconomica.com.br\/wp\/wp-content\/uploads\/2020\/12\/cropped-BE.png\",\"width\":512,\"height\":512,\"caption\":\"Bahia Econ\u00f4mica\"},\"image\":{\"@id\":\"https:\/\/bahiaeconomica.com.br\/wp\/#\/schema\/logo\/image\/\"},\"sameAs\":[\"https:\/\/www.facebook.com\/bahiaeconomica\"]},{\"@type\":\"Person\",\"@id\":\"https:\/\/bahiaeconomica.com.br\/wp\/#\/schema\/person\/cb1ab5ba96ad3d9390805381c76284ec\",\"name\":\"admin\",\"url\":\"https:\/\/bahiaeconomica.com.br\/wp\/author\/admin\/\"}]}<\/script>\n<!-- \/ Yoast SEO plugin. -->","yoast_head_json":{"title":"GESTORES PLANEJAM A\u00c7\u00d5ES PARA FORTALECER O TURISMO DE LAURO - Bahia Economica","description":"O maior portal de Economia da Bahia DESTAQUE DO DIA, ECONOMIA \/ POL\u00cdTICA Bahia Economica","robots":{"index":"index","follow":"follow","max-snippet":"max-snippet:-1","max-image-preview":"max-image-preview:large","max-video-preview":"max-video-preview:-1"},"canonical":"https:\/\/bahiaeconomica.com.br\/wp\/2021\/04\/13\/gestores-planejam-acoes-para-fortalecer-o-turismo-de-lauro\/","og_locale":"pt_BR","og_type":"article","og_title":"GESTORES PLANEJAM A\u00c7\u00d5ES PARA FORTALECER O TURISMO DE LAURO - Bahia Economica","og_description":"O maior portal de Economia da Bahia DESTAQUE DO DIA, ECONOMIA \/ POL\u00cdTICA Bahia Economica","og_url":"https:\/\/bahiaeconomica.com.br\/wp\/2021\/04\/13\/gestores-planejam-acoes-para-fortalecer-o-turismo-de-lauro\/","og_site_name":"Bahia Economica","article_publisher":"https:\/\/www.facebook.com\/bahiaeconomica","article_published_time":"2021-04-13T20:38:31+00:00","og_image":[{"width":399,"height":265,"url":"https:\/\/bahiaeconomica.com.br\/wp\/wp-content\/uploads\/2021\/04\/normal_16183369112add5ca63e9e4a3d8fa9972feae68dff.jpg","type":"image\/jpeg"}],"author":"admin","twitter_card":"summary_large_image","twitter_misc":{"Escrito por":"admin","Est. tempo de leitura":"1 minuto"},"schema":{"@context":"https:\/\/schema.org","@graph":[{"@type":"Article","@id":"https:\/\/bahiaeconomica.com.br\/wp\/2021\/04\/13\/gestores-planejam-acoes-para-fortalecer-o-turismo-de-lauro\/#article","isPartOf":{"@id":"https:\/\/bahiaeconomica.com.br\/wp\/2021\/04\/13\/gestores-planejam-acoes-para-fortalecer-o-turismo-de-lauro\/"},"author":{"name":"admin","@id":"https:\/\/bahiaeconomica.com.br\/wp\/#\/schema\/person\/cb1ab5ba96ad3d9390805381c76284ec"},"headline":"GESTORES PLANEJAM A\u00c7\u00d5ES PARA FORTALECER O TURISMO DE LAURO","datePublished":"2021-04-13T20:38:31+00:00","dateModified":"2021-04-13T20:38:31+00:00","mainEntityOfPage":{"@id":"https:\/\/bahiaeconomica.com.br\/wp\/2021\/04\/13\/gestores-planejam-acoes-para-fortalecer-o-turismo-de-lauro\/"},"wordCount":276,"publisher":{"@id":"https:\/\/bahiaeconomica.com.br\/wp\/#organization"},"articleSection":["DESTAQUE DO DIA","ECONOMIA \/ POL\u00cdTICA"],"inLanguage":"pt-BR"},{"@type":"WebPage","@id":"https:\/\/bahiaeconomica.com.br\/wp\/2021\/04\/13\/gestores-planejam-acoes-para-fortalecer-o-turismo-de-lauro\/","url":"https:\/\/bahiaeconomica.com.br\/wp\/2021\/04\/13\/gestores-planejam-acoes-para-fortalecer-o-turismo-de-lauro\/","name":"GESTORES PLANEJAM A\u00c7\u00d5ES PARA FORTALECER O TURISMO DE LAURO - Bahia Economica","isPartOf":{"@id":"https:\/\/bahiaeconomica.com.br\/wp\/#website"},"datePublished":"2021-04-13T20:38:31+00:00","dateModified":"2021-04-13T20:38:31+00:00","description":"O maior portal de Economia da Bahia DESTAQUE DO DIA, ECONOMIA \/ POL\u00cdTICA Bahia Economica","breadcrumb":{"@id":"https:\/\/bahiaeconomica.com.br\/wp\/2021\/04\/13\/gestores-planejam-acoes-para-fortalecer-o-turismo-de-lauro\/#breadcrumb"},"inLanguage":"pt-BR","potentialAction":[{"@type":"ReadAction","target":["https:\/\/bahiaeconomica.com.br\/wp\/2021\/04\/13\/gestores-planejam-acoes-para-fortalecer-o-turismo-de-lauro\/"]}]},{"@type":"BreadcrumbList","@id":"https:\/\/bahiaeconomica.com.br\/wp\/2021\/04\/13\/gestores-planejam-acoes-para-fortalecer-o-turismo-de-lauro\/#breadcrumb","itemListElement":[{"@type":"ListItem","position":1,"name":"In\u00edcio","item":"https:\/\/bahiaeconomica.com.br\/wp\/"},{"@type":"ListItem","position":2,"name":"GESTORES PLANEJAM A\u00c7\u00d5ES PARA FORTALECER O TURISMO DE LAURO"}]},{"@type":"WebSite","@id":"https:\/\/bahiaeconomica.com.br\/wp\/#website","url":"https:\/\/bahiaeconomica.com.br\/wp\/","name":"Bahia Economica","description":"O maior portal de Economia da Bahia","publisher":{"@id":"https:\/\/bahiaeconomica.com.br\/wp\/#organization"},"potentialAction":[{"@type":"SearchAction","target":{"@type":"EntryPoint","urlTemplate":"https:\/\/bahiaeconomica.com.br\/wp\/?s={search_term_string}"},"query-input":"required name=search_term_string"}],"inLanguage":"pt-BR"},{"@type":"Organization","@id":"https:\/\/bahiaeconomica.com.br\/wp\/#organization","name":"Bahia Econ\u00f4mica","url":"https:\/\/bahiaeconomica.com.br\/wp\/","logo":{"@type":"ImageObject","inLanguage":"pt-BR","@id":"https:\/\/bahiaeconomica.com.br\/wp\/#\/schema\/logo\/image\/","url":"https:\/\/bahiaeconomica.com.br\/wp\/wp-content\/uploads\/2020\/12\/cropped-BE.png","contentUrl":"https:\/\/bahiaeconomica.com.br\/wp\/wp-content\/uploads\/2020\/12\/cropped-BE.png","width":512,"height":512,"caption":"Bahia Econ\u00f4mica"},"image":{"@id":"https:\/\/bahiaeconomica.com.br\/wp\/#\/schema\/logo\/image\/"},"sameAs":["https:\/\/www.facebook.com\/bahiaeconomica"]},{"@type":"Person","@id":"https:\/\/bahiaeconomica.com.br\/wp\/#\/schema\/person\/cb1ab5ba96ad3d9390805381c76284ec","name":"admin","url":"https:\/\/bahiaeconomica.com.br\/wp\/author\/admin\/"}]}},"views":1,"_links":{"self":[{"href":"https:\/\/bahiaeconomica.com.br\/wp\/wp-json\/wp\/v2\/posts\/553858"}],"collection":[{"href":"https:\/\/bahiaeconomica.com.br\/wp\/wp-json\/wp\/v2\/posts"}],"about":[{"href":"https:\/\/bahiaeconomica.com.br\/wp\/wp-json\/wp\/v2\/types\/post"}],"author":[{"embeddable":true,"href":"https:\/\/bahiaeconomica.com.br\/wp\/wp-json\/wp\/v2\/users\/1"}],"replies":[{"embeddable":true,"href":"https:\/\/bahiaeconomica.com.br\/wp\/wp-json\/wp\/v2\/comments?post=553858"}],"version-history":[{"count":1,"href":"https:\/\/bahiaeconomica.com.br\/wp\/wp-json\/wp\/v2\/posts\/553858\/revisions"}],"predecessor-version":[{"id":553861,"href":"https:\/\/bahiaeconomica.com.br\/wp\/wp-json\/wp\/v2\/posts\/553858\/revisions\/553861"}],"wp:featuredmedia":[{"embeddable":true,"href":"https:\/\/bahiaeconomica.com.br\/wp\/wp-json\/wp\/v2\/media\/553860"}],"wp:attachment":[{"href":"https:\/\/bahiaeconomica.com.br\/wp\/wp-json\/wp\/v2\/media?parent=553858"}],"wp:term":[{"taxonomy":"category","embeddable":true,"href":"https:\/\/bahiaeconomica.com.br\/wp\/wp-json\/wp\/v2\/categories?post=553858"},{"taxonomy":"post_tag","embeddable":true,"href":"https:\/\/bahiaeconomica.com.br\/wp\/wp-json\/wp\/v2\/tags?post=553858"}],"curies":[{"name":"wp","href":"https:\/\/api.w.org\/{rel}","templated":true}]}}