{"id":553570,"date":"2021-04-13T11:04:19","date_gmt":"2021-04-13T14:04:19","guid":{"rendered":"https:\/\/bahiaeconomica.com.br\/wp\/beta\/?p=553570"},"modified":"2021-04-13T11:04:19","modified_gmt":"2021-04-13T14:04:19","slug":"em-fevereiro-vendas-do-varejo-baiano-crescem-em-relacao-a-janeiro","status":"publish","type":"post","link":"https:\/\/bahiaeconomica.com.br\/wp\/2021\/04\/13\/em-fevereiro-vendas-do-varejo-baiano-crescem-em-relacao-a-janeiro\/","title":{"rendered":"EM FEVEREIRO, VENDAS DO VAREJO BAIANO CRESCEM EM RELA\u00c7\u00c3O A JANEIRO"},"content":{"rendered":"<p>Em fevereiro, as vendas do varejo na Bahia voltaram a crescer (1,6%) em rela\u00e7\u00e3o ao m\u00eas anterior, na s\u00e9rie livre de influ\u00eancias sazonais. Foi o primeiro resultado positivo ap\u00f3s <!--more-->tr\u00eas recuos consecutivos (-3,0% de outubro para novembro, -4,1% de novembro para dezembro e -2,2% de dezembro para janeiro). Os dados s\u00e3o da Pesquisa Mensal de Com\u00e9rcio (PMC), do IBGE. Com esse desempenho, o volume de vendas na Bahia j\u00e1 se encontra praticamente no patamar registrado em fevereiro de 2020, no pr\u00e9-pandemia, com uma discreta varia\u00e7\u00e3o negativa (-0,1%) no acumulando entre mar\u00e7o de 2020 e fevereiro de 2021.<\/p>\n<p>O resultado do com\u00e9rcio varejista baiano entre janeiro e fevereiro (1,6%) foi superior ao nacional (0,6%), e acompanhou o movimento de crescimento verificado em 19 das 27 unidades da Federa\u00e7\u00e3o. Amazonas (14,2%), Rond\u00f4nia (11,5%) e Piau\u00ed (8,3%) tiveram os melhores desempenhos, enquanto Acre (-12,9%), Tocantins (-4,4%) e Distrito Federal (-2,1%) tiveram os piores. Entretanto, o resultado das vendas do varejo na Bahia foi negativo na compara\u00e7\u00e3o de fevereiro\/21 com fevereiro\/20, mostrando queda de -5,0%. Foi o quarto recuo consecutivo no volume de vendas nesse confronto com o mesmo m\u00eas do ano anterior e um resultado pior que o verificado no Brasil como um todo (-3,8%).<\/p>\n<p>Foi ainda o pior fevereiro para as vendas do varejo no estado desde 2017, quando havia sido registrada uma queda de -6,4%. Frente a fevereiro de 2020, 18 das 27 unidades da Federa\u00e7\u00e3o tiveram quedas nas vendas. Os piores resultados foram registrados em Tocantins (-18,5%), Amazonas (-16,9%) e Distrito Federal (-15,1%), enquanto os melhores ocorreram em Piau\u00ed (14,1%), Amap\u00e1 (10,1%) e Par\u00e1 (4,1%). Com o desempenho de fevereiro, o varejo baiano apresenta retra\u00e7\u00e3o no acumulado do ano (-3,8%), em um resultado pior que o nacional (-2,1%).<\/p>\n<p>Tamb\u00e9m se mant\u00e9m em queda (-4,9%) no acumulado nos \u00faltimos 12 meses (frente aos 12 meses anteriores). O estado tem o terceiro pior resultado do pa\u00eds nesse confronto, acima apenas de Distrito Federal (-7,3%) e Cear\u00e1 (-6,1%). O Brasil como um todo mostra avan\u00e7o de 0,4% nas vendas do varejo, nos 12 meses encerrados em fevereiro. Par\u00e1 (9,2%), Piau\u00ed (7,9%) e Maranh\u00e3o (7,5%) lideram entre os resultados positivos, nessa compara\u00e7\u00e3o.<\/p>\n<p>Foto: divulga\u00e7\u00e3o<\/p>\n","protected":false},"excerpt":{"rendered":"<p>Em fevereiro, as vendas do varejo na Bahia voltaram a crescer (1,6%) em rela\u00e7\u00e3o ao m\u00eas anterior, na s\u00e9rie livre de influ\u00eancias sazonais. Foi o primeiro resultado positivo ap\u00f3s<\/p>\n","protected":false},"author":1,"featured_media":495141,"comment_status":"closed","ping_status":"closed","sticky":false,"template":"","format":"standard","meta":[],"categories":[3],"tags":[],"acf":[],"yoast_head":"<!-- This site is optimized with the Yoast SEO plugin v20.8 - https:\/\/yoast.com\/wordpress\/plugins\/seo\/ -->\n<title>EM FEVEREIRO, VENDAS DO VAREJO BAIANO CRESCEM EM RELA\u00c7\u00c3O A JANEIRO - Bahia Economica<\/title>\n<meta name=\"description\" content=\"O maior portal de Economia da Bahia ECONOMIA \/ POL\u00cdTICA Bahia Economica\" \/>\n<meta name=\"robots\" content=\"index, follow, max-snippet:-1, max-image-preview:large, max-video-preview:-1\" \/>\n<link rel=\"canonical\" href=\"https:\/\/bahiaeconomica.com.br\/wp\/2021\/04\/13\/em-fevereiro-vendas-do-varejo-baiano-crescem-em-relacao-a-janeiro\/\" \/>\n<meta property=\"og:locale\" content=\"pt_BR\" \/>\n<meta property=\"og:type\" content=\"article\" \/>\n<meta property=\"og:title\" content=\"EM FEVEREIRO, VENDAS DO VAREJO BAIANO CRESCEM EM RELA\u00c7\u00c3O A JANEIRO - Bahia Economica\" \/>\n<meta property=\"og:description\" content=\"O maior portal de Economia da Bahia ECONOMIA \/ POL\u00cdTICA Bahia Economica\" \/>\n<meta property=\"og:url\" content=\"https:\/\/bahiaeconomica.com.br\/wp\/2021\/04\/13\/em-fevereiro-vendas-do-varejo-baiano-crescem-em-relacao-a-janeiro\/\" \/>\n<meta property=\"og:site_name\" content=\"Bahia Economica\" \/>\n<meta property=\"article:publisher\" content=\"https:\/\/www.facebook.com\/bahiaeconomica\" \/>\n<meta property=\"article:published_time\" content=\"2021-04-13T14:04:19+00:00\" \/>\n<meta property=\"og:image\" content=\"https:\/\/bahiaeconomica.com.br\/wp\/wp-content\/uploads\/2020\/09\/Liquida-Bahia-compras-comercio.jpg\" \/>\n\t<meta property=\"og:image:width\" content=\"770\" \/>\n\t<meta property=\"og:image:height\" content=\"474\" \/>\n\t<meta property=\"og:image:type\" content=\"image\/jpeg\" \/>\n<meta name=\"author\" content=\"admin\" \/>\n<meta name=\"twitter:card\" content=\"summary_large_image\" \/>\n<meta name=\"twitter:label1\" content=\"Escrito por\" \/>\n\t<meta name=\"twitter:data1\" content=\"admin\" \/>\n\t<meta name=\"twitter:label2\" content=\"Est. tempo de leitura\" \/>\n\t<meta name=\"twitter:data2\" content=\"2 minutos\" \/>\n<script type=\"application\/ld+json\" class=\"yoast-schema-graph\">{\"@context\":\"https:\/\/schema.org\",\"@graph\":[{\"@type\":\"Article\",\"@id\":\"https:\/\/bahiaeconomica.com.br\/wp\/2021\/04\/13\/em-fevereiro-vendas-do-varejo-baiano-crescem-em-relacao-a-janeiro\/#article\",\"isPartOf\":{\"@id\":\"https:\/\/bahiaeconomica.com.br\/wp\/2021\/04\/13\/em-fevereiro-vendas-do-varejo-baiano-crescem-em-relacao-a-janeiro\/\"},\"author\":{\"name\":\"admin\",\"@id\":\"https:\/\/bahiaeconomica.com.br\/wp\/#\/schema\/person\/cb1ab5ba96ad3d9390805381c76284ec\"},\"headline\":\"EM FEVEREIRO, VENDAS DO VAREJO BAIANO CRESCEM EM RELA\u00c7\u00c3O A JANEIRO\",\"datePublished\":\"2021-04-13T14:04:19+00:00\",\"dateModified\":\"2021-04-13T14:04:19+00:00\",\"mainEntityOfPage\":{\"@id\":\"https:\/\/bahiaeconomica.com.br\/wp\/2021\/04\/13\/em-fevereiro-vendas-do-varejo-baiano-crescem-em-relacao-a-janeiro\/\"},\"wordCount\":372,\"publisher\":{\"@id\":\"https:\/\/bahiaeconomica.com.br\/wp\/#organization\"},\"articleSection\":[\"ECONOMIA \/ POL\u00cdTICA\"],\"inLanguage\":\"pt-BR\"},{\"@type\":\"WebPage\",\"@id\":\"https:\/\/bahiaeconomica.com.br\/wp\/2021\/04\/13\/em-fevereiro-vendas-do-varejo-baiano-crescem-em-relacao-a-janeiro\/\",\"url\":\"https:\/\/bahiaeconomica.com.br\/wp\/2021\/04\/13\/em-fevereiro-vendas-do-varejo-baiano-crescem-em-relacao-a-janeiro\/\",\"name\":\"EM FEVEREIRO, VENDAS DO VAREJO BAIANO CRESCEM EM RELA\u00c7\u00c3O A JANEIRO - Bahia Economica\",\"isPartOf\":{\"@id\":\"https:\/\/bahiaeconomica.com.br\/wp\/#website\"},\"datePublished\":\"2021-04-13T14:04:19+00:00\",\"dateModified\":\"2021-04-13T14:04:19+00:00\",\"description\":\"O maior portal de Economia da Bahia ECONOMIA \/ POL\u00cdTICA Bahia Economica\",\"breadcrumb\":{\"@id\":\"https:\/\/bahiaeconomica.com.br\/wp\/2021\/04\/13\/em-fevereiro-vendas-do-varejo-baiano-crescem-em-relacao-a-janeiro\/#breadcrumb\"},\"inLanguage\":\"pt-BR\",\"potentialAction\":[{\"@type\":\"ReadAction\",\"target\":[\"https:\/\/bahiaeconomica.com.br\/wp\/2021\/04\/13\/em-fevereiro-vendas-do-varejo-baiano-crescem-em-relacao-a-janeiro\/\"]}]},{\"@type\":\"BreadcrumbList\",\"@id\":\"https:\/\/bahiaeconomica.com.br\/wp\/2021\/04\/13\/em-fevereiro-vendas-do-varejo-baiano-crescem-em-relacao-a-janeiro\/#breadcrumb\",\"itemListElement\":[{\"@type\":\"ListItem\",\"position\":1,\"name\":\"In\u00edcio\",\"item\":\"https:\/\/bahiaeconomica.com.br\/wp\/\"},{\"@type\":\"ListItem\",\"position\":2,\"name\":\"EM FEVEREIRO, VENDAS DO VAREJO BAIANO CRESCEM EM RELA\u00c7\u00c3O A JANEIRO\"}]},{\"@type\":\"WebSite\",\"@id\":\"https:\/\/bahiaeconomica.com.br\/wp\/#website\",\"url\":\"https:\/\/bahiaeconomica.com.br\/wp\/\",\"name\":\"Bahia Economica\",\"description\":\"O maior portal de Economia da Bahia\",\"publisher\":{\"@id\":\"https:\/\/bahiaeconomica.com.br\/wp\/#organization\"},\"potentialAction\":[{\"@type\":\"SearchAction\",\"target\":{\"@type\":\"EntryPoint\",\"urlTemplate\":\"https:\/\/bahiaeconomica.com.br\/wp\/?s={search_term_string}\"},\"query-input\":\"required name=search_term_string\"}],\"inLanguage\":\"pt-BR\"},{\"@type\":\"Organization\",\"@id\":\"https:\/\/bahiaeconomica.com.br\/wp\/#organization\",\"name\":\"Bahia Econ\u00f4mica\",\"url\":\"https:\/\/bahiaeconomica.com.br\/wp\/\",\"logo\":{\"@type\":\"ImageObject\",\"inLanguage\":\"pt-BR\",\"@id\":\"https:\/\/bahiaeconomica.com.br\/wp\/#\/schema\/logo\/image\/\",\"url\":\"https:\/\/bahiaeconomica.com.br\/wp\/wp-content\/uploads\/2020\/12\/cropped-BE.png\",\"contentUrl\":\"https:\/\/bahiaeconomica.com.br\/wp\/wp-content\/uploads\/2020\/12\/cropped-BE.png\",\"width\":512,\"height\":512,\"caption\":\"Bahia Econ\u00f4mica\"},\"image\":{\"@id\":\"https:\/\/bahiaeconomica.com.br\/wp\/#\/schema\/logo\/image\/\"},\"sameAs\":[\"https:\/\/www.facebook.com\/bahiaeconomica\"]},{\"@type\":\"Person\",\"@id\":\"https:\/\/bahiaeconomica.com.br\/wp\/#\/schema\/person\/cb1ab5ba96ad3d9390805381c76284ec\",\"name\":\"admin\",\"url\":\"https:\/\/bahiaeconomica.com.br\/wp\/author\/admin\/\"}]}<\/script>\n<!-- \/ Yoast SEO plugin. -->","yoast_head_json":{"title":"EM FEVEREIRO, VENDAS DO VAREJO BAIANO CRESCEM EM RELA\u00c7\u00c3O A JANEIRO - Bahia Economica","description":"O maior portal de Economia da Bahia ECONOMIA \/ POL\u00cdTICA Bahia Economica","robots":{"index":"index","follow":"follow","max-snippet":"max-snippet:-1","max-image-preview":"max-image-preview:large","max-video-preview":"max-video-preview:-1"},"canonical":"https:\/\/bahiaeconomica.com.br\/wp\/2021\/04\/13\/em-fevereiro-vendas-do-varejo-baiano-crescem-em-relacao-a-janeiro\/","og_locale":"pt_BR","og_type":"article","og_title":"EM FEVEREIRO, VENDAS DO VAREJO BAIANO CRESCEM EM RELA\u00c7\u00c3O A JANEIRO - Bahia Economica","og_description":"O maior portal de Economia da Bahia ECONOMIA \/ POL\u00cdTICA Bahia Economica","og_url":"https:\/\/bahiaeconomica.com.br\/wp\/2021\/04\/13\/em-fevereiro-vendas-do-varejo-baiano-crescem-em-relacao-a-janeiro\/","og_site_name":"Bahia Economica","article_publisher":"https:\/\/www.facebook.com\/bahiaeconomica","article_published_time":"2021-04-13T14:04:19+00:00","og_image":[{"width":770,"height":474,"url":"https:\/\/bahiaeconomica.com.br\/wp\/wp-content\/uploads\/2020\/09\/Liquida-Bahia-compras-comercio.jpg","type":"image\/jpeg"}],"author":"admin","twitter_card":"summary_large_image","twitter_misc":{"Escrito por":"admin","Est. tempo de leitura":"2 minutos"},"schema":{"@context":"https:\/\/schema.org","@graph":[{"@type":"Article","@id":"https:\/\/bahiaeconomica.com.br\/wp\/2021\/04\/13\/em-fevereiro-vendas-do-varejo-baiano-crescem-em-relacao-a-janeiro\/#article","isPartOf":{"@id":"https:\/\/bahiaeconomica.com.br\/wp\/2021\/04\/13\/em-fevereiro-vendas-do-varejo-baiano-crescem-em-relacao-a-janeiro\/"},"author":{"name":"admin","@id":"https:\/\/bahiaeconomica.com.br\/wp\/#\/schema\/person\/cb1ab5ba96ad3d9390805381c76284ec"},"headline":"EM FEVEREIRO, VENDAS DO VAREJO BAIANO CRESCEM EM RELA\u00c7\u00c3O A JANEIRO","datePublished":"2021-04-13T14:04:19+00:00","dateModified":"2021-04-13T14:04:19+00:00","mainEntityOfPage":{"@id":"https:\/\/bahiaeconomica.com.br\/wp\/2021\/04\/13\/em-fevereiro-vendas-do-varejo-baiano-crescem-em-relacao-a-janeiro\/"},"wordCount":372,"publisher":{"@id":"https:\/\/bahiaeconomica.com.br\/wp\/#organization"},"articleSection":["ECONOMIA \/ POL\u00cdTICA"],"inLanguage":"pt-BR"},{"@type":"WebPage","@id":"https:\/\/bahiaeconomica.com.br\/wp\/2021\/04\/13\/em-fevereiro-vendas-do-varejo-baiano-crescem-em-relacao-a-janeiro\/","url":"https:\/\/bahiaeconomica.com.br\/wp\/2021\/04\/13\/em-fevereiro-vendas-do-varejo-baiano-crescem-em-relacao-a-janeiro\/","name":"EM FEVEREIRO, VENDAS DO VAREJO BAIANO CRESCEM EM RELA\u00c7\u00c3O A JANEIRO - Bahia Economica","isPartOf":{"@id":"https:\/\/bahiaeconomica.com.br\/wp\/#website"},"datePublished":"2021-04-13T14:04:19+00:00","dateModified":"2021-04-13T14:04:19+00:00","description":"O maior portal de Economia da Bahia ECONOMIA \/ POL\u00cdTICA Bahia Economica","breadcrumb":{"@id":"https:\/\/bahiaeconomica.com.br\/wp\/2021\/04\/13\/em-fevereiro-vendas-do-varejo-baiano-crescem-em-relacao-a-janeiro\/#breadcrumb"},"inLanguage":"pt-BR","potentialAction":[{"@type":"ReadAction","target":["https:\/\/bahiaeconomica.com.br\/wp\/2021\/04\/13\/em-fevereiro-vendas-do-varejo-baiano-crescem-em-relacao-a-janeiro\/"]}]},{"@type":"BreadcrumbList","@id":"https:\/\/bahiaeconomica.com.br\/wp\/2021\/04\/13\/em-fevereiro-vendas-do-varejo-baiano-crescem-em-relacao-a-janeiro\/#breadcrumb","itemListElement":[{"@type":"ListItem","position":1,"name":"In\u00edcio","item":"https:\/\/bahiaeconomica.com.br\/wp\/"},{"@type":"ListItem","position":2,"name":"EM FEVEREIRO, VENDAS DO VAREJO BAIANO CRESCEM EM RELA\u00c7\u00c3O A JANEIRO"}]},{"@type":"WebSite","@id":"https:\/\/bahiaeconomica.com.br\/wp\/#website","url":"https:\/\/bahiaeconomica.com.br\/wp\/","name":"Bahia Economica","description":"O maior portal de Economia da Bahia","publisher":{"@id":"https:\/\/bahiaeconomica.com.br\/wp\/#organization"},"potentialAction":[{"@type":"SearchAction","target":{"@type":"EntryPoint","urlTemplate":"https:\/\/bahiaeconomica.com.br\/wp\/?s={search_term_string}"},"query-input":"required name=search_term_string"}],"inLanguage":"pt-BR"},{"@type":"Organization","@id":"https:\/\/bahiaeconomica.com.br\/wp\/#organization","name":"Bahia Econ\u00f4mica","url":"https:\/\/bahiaeconomica.com.br\/wp\/","logo":{"@type":"ImageObject","inLanguage":"pt-BR","@id":"https:\/\/bahiaeconomica.com.br\/wp\/#\/schema\/logo\/image\/","url":"https:\/\/bahiaeconomica.com.br\/wp\/wp-content\/uploads\/2020\/12\/cropped-BE.png","contentUrl":"https:\/\/bahiaeconomica.com.br\/wp\/wp-content\/uploads\/2020\/12\/cropped-BE.png","width":512,"height":512,"caption":"Bahia Econ\u00f4mica"},"image":{"@id":"https:\/\/bahiaeconomica.com.br\/wp\/#\/schema\/logo\/image\/"},"sameAs":["https:\/\/www.facebook.com\/bahiaeconomica"]},{"@type":"Person","@id":"https:\/\/bahiaeconomica.com.br\/wp\/#\/schema\/person\/cb1ab5ba96ad3d9390805381c76284ec","name":"admin","url":"https:\/\/bahiaeconomica.com.br\/wp\/author\/admin\/"}]}},"views":0,"_links":{"self":[{"href":"https:\/\/bahiaeconomica.com.br\/wp\/wp-json\/wp\/v2\/posts\/553570"}],"collection":[{"href":"https:\/\/bahiaeconomica.com.br\/wp\/wp-json\/wp\/v2\/posts"}],"about":[{"href":"https:\/\/bahiaeconomica.com.br\/wp\/wp-json\/wp\/v2\/types\/post"}],"author":[{"embeddable":true,"href":"https:\/\/bahiaeconomica.com.br\/wp\/wp-json\/wp\/v2\/users\/1"}],"replies":[{"embeddable":true,"href":"https:\/\/bahiaeconomica.com.br\/wp\/wp-json\/wp\/v2\/comments?post=553570"}],"version-history":[{"count":1,"href":"https:\/\/bahiaeconomica.com.br\/wp\/wp-json\/wp\/v2\/posts\/553570\/revisions"}],"predecessor-version":[{"id":553572,"href":"https:\/\/bahiaeconomica.com.br\/wp\/wp-json\/wp\/v2\/posts\/553570\/revisions\/553572"}],"wp:featuredmedia":[{"embeddable":true,"href":"https:\/\/bahiaeconomica.com.br\/wp\/wp-json\/wp\/v2\/media\/495141"}],"wp:attachment":[{"href":"https:\/\/bahiaeconomica.com.br\/wp\/wp-json\/wp\/v2\/media?parent=553570"}],"wp:term":[{"taxonomy":"category","embeddable":true,"href":"https:\/\/bahiaeconomica.com.br\/wp\/wp-json\/wp\/v2\/categories?post=553570"},{"taxonomy":"post_tag","embeddable":true,"href":"https:\/\/bahiaeconomica.com.br\/wp\/wp-json\/wp\/v2\/tags?post=553570"}],"curies":[{"name":"wp","href":"https:\/\/api.w.org\/{rel}","templated":true}]}}