{"id":548963,"date":"2021-03-29T12:14:43","date_gmt":"2021-03-29T15:14:43","guid":{"rendered":"https:\/\/bahiaeconomica.com.br\/wp\/beta\/?p=548963"},"modified":"2021-03-29T12:14:43","modified_gmt":"2021-03-29T15:14:43","slug":"mercado-sobe-projecao-da-inflacao-e-reduz-pib-deste-ano","status":"publish","type":"post","link":"https:\/\/bahiaeconomica.com.br\/wp\/2021\/03\/29\/mercado-sobe-projecao-da-inflacao-e-reduz-pib-deste-ano\/","title":{"rendered":"MERCADO SOBE PROJE\u00c7\u00c3O DA INFLA\u00c7\u00c3O E REDUZ PIB DESTE ANO"},"content":{"rendered":"<p>A previs\u00e3o do mercado financeiro para o \u00cdndice Nacional de Pre\u00e7os ao Consumidor Amplo (IPCA) deste ano subiu de 4,71% para 4,81%.<!--more--> A estimativa est\u00e1 no boletim Focus de hoje (29), pesquisa divulgada semanalmente, em Bras\u00edlia, pelo Banco Central (BC), com a proje\u00e7\u00e3o para os principais indicadores econ\u00f4micos.<\/p>\n<p>Para 2022, a estimativa de infla\u00e7\u00e3o \u00e9 de 3,51%. Tanto para 2023 como para 2024 as previs\u00f5es s\u00e3o de 3,25%.<\/p>\n<p>O c\u00e1lculo para 2021 est\u00e1 acima do centro da meta de infla\u00e7\u00e3o que deve ser perseguida pelo BC. A meta, definida pelo Conselho Monet\u00e1rio Nacional, \u00e9 de 3,75% para este ano, com intervalo de toler\u00e2ncia de 1,5 ponto percentual para cima ou para baixo. Ou seja, o limite inferior \u00e9 de 2,25% e o superior de 5,25%.<\/p>\n<p><strong>Taxa de juros<\/strong><\/p>\n<p>Para alcan\u00e7ar a meta de infla\u00e7\u00e3o, o Banco Central usa como principal instrumento a taxa b\u00e1sica de juros, a Selic, estabelecida atualmente em 2,75% ao ano pelo Comit\u00ea de Pol\u00edtica Monet\u00e1ria (Copom).<\/p>\n<p>Para o mercado financeiro, a expectativa \u00e9 que a Selic encerre 2021 em 5% ao ano. Para o fim de 2022, a estimativa \u00e9 que a taxa b\u00e1sica suba para 6% ao ano. E para o fim de 2023 e 2024, a previs\u00e3o \u00e9 6,50% ao ano e 6,38% ao ano, respectivamente.<\/p>\n<p>Quando o Copom aumenta a taxa b\u00e1sica de juros, a finalidade \u00e9 conter a demanda aquecida, e isso causa reflexos nos pre\u00e7os porque os juros mais altos encarecem o cr\u00e9dito e estimulam a poupan\u00e7a. Desse modo, taxas mais altas podem dificultar a recupera\u00e7\u00e3o da economia. Al\u00e9m disso, os bancos consideram outros fatores na hora de definir os juros cobrados dos consumidores, como risco de inadimpl\u00eancia, lucro e despesas administrativas.<\/p>\n<p>Quando o Copom reduz a Selic, a tend\u00eancia \u00e9 que o cr\u00e9dito fique mais barato, com incentivo \u00e0 produ\u00e7\u00e3o e ao consumo, reduzindo o controle da infla\u00e7\u00e3o e estimulando a atividade econ\u00f4mica.<\/p>\n<p><strong>PIB e c\u00e2mbio<\/strong><\/p>\n<p>As institui\u00e7\u00f5es financeiras consultadas pelo BC reduziram a proje\u00e7\u00e3o para o crescimento da economia brasileira este ano de 3,22% para 3,18%. Para o pr\u00f3ximo ano, a expectativa para Produto Interno Bruto (PIB) &#8211; a soma de todos os bens e servi\u00e7os produzidos no pa\u00eds &#8211; \u00e9 de crescimento de 2,34%. Em 2023 e 2024, o mercado financeiro projeta expans\u00e3o do PIB em 2,50%.<\/p>\n<p>A expectativa para a cota\u00e7\u00e3o do d\u00f3lar subiu de R$ 5,30 para R$ 5,33 ao final deste ano. Para o fim de 2022, a previs\u00e3o \u00e9 que a moeda americana fique em R$ 5,26. (Ag\u00eancia Brasil)<\/p>\n<p>&nbsp;<\/p>\n<p>Foto: Pixabay<\/p>\n","protected":false},"excerpt":{"rendered":"<p>A previs\u00e3o do mercado financeiro para o \u00cdndice Nacional de Pre\u00e7os ao Consumidor Amplo (IPCA) deste ano subiu de 4,71% para 4,81%.<\/p>\n","protected":false},"author":1,"featured_media":516111,"comment_status":"closed","ping_status":"closed","sticky":false,"template":"","format":"standard","meta":[],"categories":[14,3],"tags":[],"acf":[],"yoast_head":"<!-- This site is optimized with the Yoast SEO plugin v20.8 - https:\/\/yoast.com\/wordpress\/plugins\/seo\/ -->\n<title>MERCADO SOBE PROJE\u00c7\u00c3O DA INFLA\u00c7\u00c3O E REDUZ PIB DESTE ANO - Bahia Economica<\/title>\n<meta name=\"description\" content=\"O maior portal de Economia da Bahia DESTAQUE DO DIA, ECONOMIA \/ POL\u00cdTICA Bahia Economica\" \/>\n<meta name=\"robots\" content=\"index, follow, max-snippet:-1, max-image-preview:large, max-video-preview:-1\" \/>\n<link rel=\"canonical\" href=\"https:\/\/bahiaeconomica.com.br\/wp\/2021\/03\/29\/mercado-sobe-projecao-da-inflacao-e-reduz-pib-deste-ano\/\" \/>\n<meta property=\"og:locale\" content=\"pt_BR\" \/>\n<meta property=\"og:type\" content=\"article\" \/>\n<meta property=\"og:title\" content=\"MERCADO SOBE PROJE\u00c7\u00c3O DA INFLA\u00c7\u00c3O E REDUZ PIB DESTE ANO - Bahia Economica\" \/>\n<meta property=\"og:description\" content=\"O maior portal de Economia da Bahia DESTAQUE DO DIA, ECONOMIA \/ POL\u00cdTICA Bahia Economica\" \/>\n<meta property=\"og:url\" content=\"https:\/\/bahiaeconomica.com.br\/wp\/2021\/03\/29\/mercado-sobe-projecao-da-inflacao-e-reduz-pib-deste-ano\/\" \/>\n<meta property=\"og:site_name\" content=\"Bahia Economica\" \/>\n<meta property=\"article:publisher\" content=\"https:\/\/www.facebook.com\/bahiaeconomica\" \/>\n<meta property=\"article:published_time\" content=\"2021-03-29T15:14:43+00:00\" \/>\n<meta property=\"og:image\" content=\"https:\/\/bahiaeconomica.com.br\/wp\/wp-content\/uploads\/2020\/12\/economia-imposto-iptu-foto-pixabay.jpg\" \/>\n\t<meta property=\"og:image:width\" content=\"500\" \/>\n\t<meta property=\"og:image:height\" content=\"331\" \/>\n\t<meta property=\"og:image:type\" content=\"image\/jpeg\" \/>\n<meta name=\"author\" content=\"admin\" \/>\n<meta name=\"twitter:card\" content=\"summary_large_image\" \/>\n<meta name=\"twitter:label1\" content=\"Escrito por\" \/>\n\t<meta name=\"twitter:data1\" content=\"admin\" \/>\n\t<meta name=\"twitter:label2\" content=\"Est. tempo de leitura\" \/>\n\t<meta name=\"twitter:data2\" content=\"2 minutos\" \/>\n<script type=\"application\/ld+json\" class=\"yoast-schema-graph\">{\"@context\":\"https:\/\/schema.org\",\"@graph\":[{\"@type\":\"Article\",\"@id\":\"https:\/\/bahiaeconomica.com.br\/wp\/2021\/03\/29\/mercado-sobe-projecao-da-inflacao-e-reduz-pib-deste-ano\/#article\",\"isPartOf\":{\"@id\":\"https:\/\/bahiaeconomica.com.br\/wp\/2021\/03\/29\/mercado-sobe-projecao-da-inflacao-e-reduz-pib-deste-ano\/\"},\"author\":{\"name\":\"admin\",\"@id\":\"https:\/\/bahiaeconomica.com.br\/wp\/#\/schema\/person\/cb1ab5ba96ad3d9390805381c76284ec\"},\"headline\":\"MERCADO SOBE PROJE\u00c7\u00c3O DA INFLA\u00c7\u00c3O E REDUZ PIB DESTE ANO\",\"datePublished\":\"2021-03-29T15:14:43+00:00\",\"dateModified\":\"2021-03-29T15:14:43+00:00\",\"mainEntityOfPage\":{\"@id\":\"https:\/\/bahiaeconomica.com.br\/wp\/2021\/03\/29\/mercado-sobe-projecao-da-inflacao-e-reduz-pib-deste-ano\/\"},\"wordCount\":429,\"publisher\":{\"@id\":\"https:\/\/bahiaeconomica.com.br\/wp\/#organization\"},\"articleSection\":[\"DESTAQUE DO DIA\",\"ECONOMIA \/ POL\u00cdTICA\"],\"inLanguage\":\"pt-BR\"},{\"@type\":\"WebPage\",\"@id\":\"https:\/\/bahiaeconomica.com.br\/wp\/2021\/03\/29\/mercado-sobe-projecao-da-inflacao-e-reduz-pib-deste-ano\/\",\"url\":\"https:\/\/bahiaeconomica.com.br\/wp\/2021\/03\/29\/mercado-sobe-projecao-da-inflacao-e-reduz-pib-deste-ano\/\",\"name\":\"MERCADO SOBE PROJE\u00c7\u00c3O DA INFLA\u00c7\u00c3O E REDUZ PIB DESTE ANO - Bahia Economica\",\"isPartOf\":{\"@id\":\"https:\/\/bahiaeconomica.com.br\/wp\/#website\"},\"datePublished\":\"2021-03-29T15:14:43+00:00\",\"dateModified\":\"2021-03-29T15:14:43+00:00\",\"description\":\"O maior portal de Economia da Bahia DESTAQUE DO DIA, ECONOMIA \/ POL\u00cdTICA Bahia Economica\",\"breadcrumb\":{\"@id\":\"https:\/\/bahiaeconomica.com.br\/wp\/2021\/03\/29\/mercado-sobe-projecao-da-inflacao-e-reduz-pib-deste-ano\/#breadcrumb\"},\"inLanguage\":\"pt-BR\",\"potentialAction\":[{\"@type\":\"ReadAction\",\"target\":[\"https:\/\/bahiaeconomica.com.br\/wp\/2021\/03\/29\/mercado-sobe-projecao-da-inflacao-e-reduz-pib-deste-ano\/\"]}]},{\"@type\":\"BreadcrumbList\",\"@id\":\"https:\/\/bahiaeconomica.com.br\/wp\/2021\/03\/29\/mercado-sobe-projecao-da-inflacao-e-reduz-pib-deste-ano\/#breadcrumb\",\"itemListElement\":[{\"@type\":\"ListItem\",\"position\":1,\"name\":\"In\u00edcio\",\"item\":\"https:\/\/bahiaeconomica.com.br\/wp\/\"},{\"@type\":\"ListItem\",\"position\":2,\"name\":\"MERCADO SOBE PROJE\u00c7\u00c3O DA INFLA\u00c7\u00c3O E REDUZ PIB DESTE ANO\"}]},{\"@type\":\"WebSite\",\"@id\":\"https:\/\/bahiaeconomica.com.br\/wp\/#website\",\"url\":\"https:\/\/bahiaeconomica.com.br\/wp\/\",\"name\":\"Bahia Economica\",\"description\":\"O maior portal de Economia da Bahia\",\"publisher\":{\"@id\":\"https:\/\/bahiaeconomica.com.br\/wp\/#organization\"},\"potentialAction\":[{\"@type\":\"SearchAction\",\"target\":{\"@type\":\"EntryPoint\",\"urlTemplate\":\"https:\/\/bahiaeconomica.com.br\/wp\/?s={search_term_string}\"},\"query-input\":\"required name=search_term_string\"}],\"inLanguage\":\"pt-BR\"},{\"@type\":\"Organization\",\"@id\":\"https:\/\/bahiaeconomica.com.br\/wp\/#organization\",\"name\":\"Bahia Econ\u00f4mica\",\"url\":\"https:\/\/bahiaeconomica.com.br\/wp\/\",\"logo\":{\"@type\":\"ImageObject\",\"inLanguage\":\"pt-BR\",\"@id\":\"https:\/\/bahiaeconomica.com.br\/wp\/#\/schema\/logo\/image\/\",\"url\":\"https:\/\/bahiaeconomica.com.br\/wp\/wp-content\/uploads\/2020\/12\/cropped-BE.png\",\"contentUrl\":\"https:\/\/bahiaeconomica.com.br\/wp\/wp-content\/uploads\/2020\/12\/cropped-BE.png\",\"width\":512,\"height\":512,\"caption\":\"Bahia Econ\u00f4mica\"},\"image\":{\"@id\":\"https:\/\/bahiaeconomica.com.br\/wp\/#\/schema\/logo\/image\/\"},\"sameAs\":[\"https:\/\/www.facebook.com\/bahiaeconomica\"]},{\"@type\":\"Person\",\"@id\":\"https:\/\/bahiaeconomica.com.br\/wp\/#\/schema\/person\/cb1ab5ba96ad3d9390805381c76284ec\",\"name\":\"admin\",\"url\":\"https:\/\/bahiaeconomica.com.br\/wp\/author\/admin\/\"}]}<\/script>\n<!-- \/ Yoast SEO plugin. -->","yoast_head_json":{"title":"MERCADO SOBE PROJE\u00c7\u00c3O DA INFLA\u00c7\u00c3O E REDUZ PIB DESTE ANO - Bahia Economica","description":"O maior portal de Economia da Bahia DESTAQUE DO DIA, ECONOMIA \/ POL\u00cdTICA Bahia Economica","robots":{"index":"index","follow":"follow","max-snippet":"max-snippet:-1","max-image-preview":"max-image-preview:large","max-video-preview":"max-video-preview:-1"},"canonical":"https:\/\/bahiaeconomica.com.br\/wp\/2021\/03\/29\/mercado-sobe-projecao-da-inflacao-e-reduz-pib-deste-ano\/","og_locale":"pt_BR","og_type":"article","og_title":"MERCADO SOBE PROJE\u00c7\u00c3O DA INFLA\u00c7\u00c3O E REDUZ PIB DESTE ANO - Bahia Economica","og_description":"O maior portal de Economia da Bahia DESTAQUE DO DIA, ECONOMIA \/ POL\u00cdTICA Bahia Economica","og_url":"https:\/\/bahiaeconomica.com.br\/wp\/2021\/03\/29\/mercado-sobe-projecao-da-inflacao-e-reduz-pib-deste-ano\/","og_site_name":"Bahia Economica","article_publisher":"https:\/\/www.facebook.com\/bahiaeconomica","article_published_time":"2021-03-29T15:14:43+00:00","og_image":[{"width":500,"height":331,"url":"https:\/\/bahiaeconomica.com.br\/wp\/wp-content\/uploads\/2020\/12\/economia-imposto-iptu-foto-pixabay.jpg","type":"image\/jpeg"}],"author":"admin","twitter_card":"summary_large_image","twitter_misc":{"Escrito por":"admin","Est. tempo de leitura":"2 minutos"},"schema":{"@context":"https:\/\/schema.org","@graph":[{"@type":"Article","@id":"https:\/\/bahiaeconomica.com.br\/wp\/2021\/03\/29\/mercado-sobe-projecao-da-inflacao-e-reduz-pib-deste-ano\/#article","isPartOf":{"@id":"https:\/\/bahiaeconomica.com.br\/wp\/2021\/03\/29\/mercado-sobe-projecao-da-inflacao-e-reduz-pib-deste-ano\/"},"author":{"name":"admin","@id":"https:\/\/bahiaeconomica.com.br\/wp\/#\/schema\/person\/cb1ab5ba96ad3d9390805381c76284ec"},"headline":"MERCADO SOBE PROJE\u00c7\u00c3O DA INFLA\u00c7\u00c3O E REDUZ PIB DESTE ANO","datePublished":"2021-03-29T15:14:43+00:00","dateModified":"2021-03-29T15:14:43+00:00","mainEntityOfPage":{"@id":"https:\/\/bahiaeconomica.com.br\/wp\/2021\/03\/29\/mercado-sobe-projecao-da-inflacao-e-reduz-pib-deste-ano\/"},"wordCount":429,"publisher":{"@id":"https:\/\/bahiaeconomica.com.br\/wp\/#organization"},"articleSection":["DESTAQUE DO DIA","ECONOMIA \/ POL\u00cdTICA"],"inLanguage":"pt-BR"},{"@type":"WebPage","@id":"https:\/\/bahiaeconomica.com.br\/wp\/2021\/03\/29\/mercado-sobe-projecao-da-inflacao-e-reduz-pib-deste-ano\/","url":"https:\/\/bahiaeconomica.com.br\/wp\/2021\/03\/29\/mercado-sobe-projecao-da-inflacao-e-reduz-pib-deste-ano\/","name":"MERCADO SOBE PROJE\u00c7\u00c3O DA INFLA\u00c7\u00c3O E REDUZ PIB DESTE ANO - Bahia Economica","isPartOf":{"@id":"https:\/\/bahiaeconomica.com.br\/wp\/#website"},"datePublished":"2021-03-29T15:14:43+00:00","dateModified":"2021-03-29T15:14:43+00:00","description":"O maior portal de Economia da Bahia DESTAQUE DO DIA, ECONOMIA \/ POL\u00cdTICA Bahia Economica","breadcrumb":{"@id":"https:\/\/bahiaeconomica.com.br\/wp\/2021\/03\/29\/mercado-sobe-projecao-da-inflacao-e-reduz-pib-deste-ano\/#breadcrumb"},"inLanguage":"pt-BR","potentialAction":[{"@type":"ReadAction","target":["https:\/\/bahiaeconomica.com.br\/wp\/2021\/03\/29\/mercado-sobe-projecao-da-inflacao-e-reduz-pib-deste-ano\/"]}]},{"@type":"BreadcrumbList","@id":"https:\/\/bahiaeconomica.com.br\/wp\/2021\/03\/29\/mercado-sobe-projecao-da-inflacao-e-reduz-pib-deste-ano\/#breadcrumb","itemListElement":[{"@type":"ListItem","position":1,"name":"In\u00edcio","item":"https:\/\/bahiaeconomica.com.br\/wp\/"},{"@type":"ListItem","position":2,"name":"MERCADO SOBE PROJE\u00c7\u00c3O DA INFLA\u00c7\u00c3O E REDUZ PIB DESTE ANO"}]},{"@type":"WebSite","@id":"https:\/\/bahiaeconomica.com.br\/wp\/#website","url":"https:\/\/bahiaeconomica.com.br\/wp\/","name":"Bahia Economica","description":"O maior portal de Economia da Bahia","publisher":{"@id":"https:\/\/bahiaeconomica.com.br\/wp\/#organization"},"potentialAction":[{"@type":"SearchAction","target":{"@type":"EntryPoint","urlTemplate":"https:\/\/bahiaeconomica.com.br\/wp\/?s={search_term_string}"},"query-input":"required name=search_term_string"}],"inLanguage":"pt-BR"},{"@type":"Organization","@id":"https:\/\/bahiaeconomica.com.br\/wp\/#organization","name":"Bahia Econ\u00f4mica","url":"https:\/\/bahiaeconomica.com.br\/wp\/","logo":{"@type":"ImageObject","inLanguage":"pt-BR","@id":"https:\/\/bahiaeconomica.com.br\/wp\/#\/schema\/logo\/image\/","url":"https:\/\/bahiaeconomica.com.br\/wp\/wp-content\/uploads\/2020\/12\/cropped-BE.png","contentUrl":"https:\/\/bahiaeconomica.com.br\/wp\/wp-content\/uploads\/2020\/12\/cropped-BE.png","width":512,"height":512,"caption":"Bahia Econ\u00f4mica"},"image":{"@id":"https:\/\/bahiaeconomica.com.br\/wp\/#\/schema\/logo\/image\/"},"sameAs":["https:\/\/www.facebook.com\/bahiaeconomica"]},{"@type":"Person","@id":"https:\/\/bahiaeconomica.com.br\/wp\/#\/schema\/person\/cb1ab5ba96ad3d9390805381c76284ec","name":"admin","url":"https:\/\/bahiaeconomica.com.br\/wp\/author\/admin\/"}]}},"views":1,"_links":{"self":[{"href":"https:\/\/bahiaeconomica.com.br\/wp\/wp-json\/wp\/v2\/posts\/548963"}],"collection":[{"href":"https:\/\/bahiaeconomica.com.br\/wp\/wp-json\/wp\/v2\/posts"}],"about":[{"href":"https:\/\/bahiaeconomica.com.br\/wp\/wp-json\/wp\/v2\/types\/post"}],"author":[{"embeddable":true,"href":"https:\/\/bahiaeconomica.com.br\/wp\/wp-json\/wp\/v2\/users\/1"}],"replies":[{"embeddable":true,"href":"https:\/\/bahiaeconomica.com.br\/wp\/wp-json\/wp\/v2\/comments?post=548963"}],"version-history":[{"count":1,"href":"https:\/\/bahiaeconomica.com.br\/wp\/wp-json\/wp\/v2\/posts\/548963\/revisions"}],"predecessor-version":[{"id":548965,"href":"https:\/\/bahiaeconomica.com.br\/wp\/wp-json\/wp\/v2\/posts\/548963\/revisions\/548965"}],"wp:featuredmedia":[{"embeddable":true,"href":"https:\/\/bahiaeconomica.com.br\/wp\/wp-json\/wp\/v2\/media\/516111"}],"wp:attachment":[{"href":"https:\/\/bahiaeconomica.com.br\/wp\/wp-json\/wp\/v2\/media?parent=548963"}],"wp:term":[{"taxonomy":"category","embeddable":true,"href":"https:\/\/bahiaeconomica.com.br\/wp\/wp-json\/wp\/v2\/categories?post=548963"},{"taxonomy":"post_tag","embeddable":true,"href":"https:\/\/bahiaeconomica.com.br\/wp\/wp-json\/wp\/v2\/tags?post=548963"}],"curies":[{"name":"wp","href":"https:\/\/api.w.org\/{rel}","templated":true}]}}