{"id":548602,"date":"2021-03-26T17:15:34","date_gmt":"2021-03-26T20:15:34","guid":{"rendered":"https:\/\/bahiaeconomica.com.br\/wp\/beta\/?p=548602"},"modified":"2021-03-26T18:22:19","modified_gmt":"2021-03-26T21:22:19","slug":"arquidiocese-de-salvador-divulga-novas-orientacoes-para-a-semana-santa-2021","status":"publish","type":"post","link":"https:\/\/bahiaeconomica.com.br\/wp\/2021\/03\/26\/arquidiocese-de-salvador-divulga-novas-orientacoes-para-a-semana-santa-2021\/","title":{"rendered":"ARQUIDIOCESE DE SALVADOR DIVULGA ORIENTA\u00c7\u00d5ES PARA A SEMANA SANTA"},"content":{"rendered":"<p>Na tarde de hoje (26), o Arcebispo de Salvador e Primaz do Brasil, Cardeal Dom Sergio da Rocha, divulgou novas orienta\u00e7\u00f5es para<!--more--> a Semana Santa na Sede Primacial da Igreja no Brasil. Confira a \u00edntegra do texto:<\/p>\n<p>Considerando que a data da P\u00e1scoa n\u00e3o pode ser alterada e que o toque de recolher decretado pelo Governo da Bahia, compreendendo o hor\u00e1rio das 18h \u00e0s 5h, foi prorrogado at\u00e9 dia 05 de abril, \u00e9 preciso rever o hor\u00e1rio habitual da celebra\u00e7\u00e3o do Tr\u00edduo Pascal. N\u00e3o havendo normas diversas a serem estabelecidas pela Santa S\u00e9 ou pela Confer\u00eancia Episcopal, estar\u00e3o em vigor as seguintes orienta\u00e7\u00f5es pastorais para a Arquidiocese de S\u00e3o Salvador da Bahia.<\/p>\n<p>Na quinta-feira da Semana Santa, a celebra\u00e7\u00e3o da \u201cMissa vespertina da Ceia do Senhor\u201d, sem o Lava-p\u00e9s, com a presen\u00e7a de fi\u00e9is de acordo com a capacidade m\u00e1xima permitida, pode ocorrer a partir das 16h.<\/p>\n<p>As medidas sanit\u00e1rias em vigor n\u00e3o permitem a celebra\u00e7\u00e3o, reunindo fi\u00e9is, durante a noite. Por isso, se a celebra\u00e7\u00e3o da Vig\u00edlia Pascal for realizada no habitual hor\u00e1rio noturno, dever\u00e1 ocorrer sem a presen\u00e7a dos fi\u00e9is no templo, transmitida online.&nbsp; Se considerada mais oportuna para o bem pastoral da comunidade, a Vig\u00edlia Pascal, com a presen\u00e7a dos fi\u00e9is, segundo os protocolos sanit\u00e1rios, poder\u00e1 ser antecipada para as 16h. Os sacerdotes procurar\u00e3o celebrar com o devido zelo lit\u00fargico, evitando prolongar as celebra\u00e7\u00f5es, seguindo as Orienta\u00e7\u00f5es para a Semana Santa publicadas.<\/p>\n<p>&nbsp;<\/p>\n<p>Continuam em vigor as demais normas lit\u00fargicas e orienta\u00e7\u00f5es pastorais para a Semana Santa.<\/p>\n<p>&nbsp;<\/p>\n<p>&nbsp;<\/p>\n<p>&nbsp;<\/p>\n<p>Foto: Max Haack<\/p>\n","protected":false},"excerpt":{"rendered":"<p>Na tarde de hoje (26), o Arcebispo de Salvador e Primaz do Brasil, Cardeal Dom Sergio da Rocha, divulgou novas orienta\u00e7\u00f5es para<\/p>\n","protected":false},"author":1,"featured_media":548605,"comment_status":"closed","ping_status":"closed","sticky":false,"template":"","format":"standard","meta":[],"categories":[14,3],"tags":[],"acf":[],"yoast_head":"<!-- This site is optimized with the Yoast SEO plugin v20.8 - https:\/\/yoast.com\/wordpress\/plugins\/seo\/ -->\n<title>ARQUIDIOCESE DE SALVADOR DIVULGA ORIENTA\u00c7\u00d5ES PARA A SEMANA SANTA - Bahia Economica<\/title>\n<meta name=\"description\" content=\"O maior portal de Economia da Bahia DESTAQUE DO DIA, ECONOMIA \/ POL\u00cdTICA Bahia Economica\" \/>\n<meta name=\"robots\" content=\"index, follow, max-snippet:-1, max-image-preview:large, max-video-preview:-1\" \/>\n<link rel=\"canonical\" href=\"https:\/\/bahiaeconomica.com.br\/wp\/2021\/03\/26\/arquidiocese-de-salvador-divulga-novas-orientacoes-para-a-semana-santa-2021\/\" \/>\n<meta property=\"og:locale\" content=\"pt_BR\" \/>\n<meta property=\"og:type\" content=\"article\" \/>\n<meta property=\"og:title\" content=\"ARQUIDIOCESE DE SALVADOR DIVULGA ORIENTA\u00c7\u00d5ES PARA A SEMANA SANTA - Bahia Economica\" \/>\n<meta property=\"og:description\" content=\"O maior portal de Economia da Bahia DESTAQUE DO DIA, ECONOMIA \/ POL\u00cdTICA Bahia Economica\" \/>\n<meta property=\"og:url\" content=\"https:\/\/bahiaeconomica.com.br\/wp\/2021\/03\/26\/arquidiocese-de-salvador-divulga-novas-orientacoes-para-a-semana-santa-2021\/\" \/>\n<meta property=\"og:site_name\" content=\"Bahia Economica\" \/>\n<meta property=\"article:publisher\" content=\"https:\/\/www.facebook.com\/bahiaeconomica\" \/>\n<meta property=\"article:published_time\" content=\"2021-03-26T20:15:34+00:00\" \/>\n<meta property=\"article:modified_time\" content=\"2021-03-26T21:22:19+00:00\" \/>\n<meta property=\"og:image\" content=\"https:\/\/bahiaeconomica.com.br\/wp\/wp-content\/uploads\/2021\/03\/2014-12-08_festa_conceicao_da_praia_foto_max_haack_ag_haack_332.jpg\" \/>\n\t<meta property=\"og:image:width\" content=\"500\" \/>\n\t<meta property=\"og:image:height\" content=\"300\" \/>\n\t<meta property=\"og:image:type\" content=\"image\/jpeg\" \/>\n<meta name=\"author\" content=\"admin\" \/>\n<meta name=\"twitter:card\" content=\"summary_large_image\" \/>\n<meta name=\"twitter:label1\" content=\"Escrito por\" \/>\n\t<meta name=\"twitter:data1\" content=\"admin\" \/>\n\t<meta name=\"twitter:label2\" content=\"Est. tempo de leitura\" \/>\n\t<meta name=\"twitter:data2\" content=\"1 minuto\" \/>\n<script type=\"application\/ld+json\" class=\"yoast-schema-graph\">{\"@context\":\"https:\/\/schema.org\",\"@graph\":[{\"@type\":\"Article\",\"@id\":\"https:\/\/bahiaeconomica.com.br\/wp\/2021\/03\/26\/arquidiocese-de-salvador-divulga-novas-orientacoes-para-a-semana-santa-2021\/#article\",\"isPartOf\":{\"@id\":\"https:\/\/bahiaeconomica.com.br\/wp\/2021\/03\/26\/arquidiocese-de-salvador-divulga-novas-orientacoes-para-a-semana-santa-2021\/\"},\"author\":{\"name\":\"admin\",\"@id\":\"https:\/\/bahiaeconomica.com.br\/wp\/#\/schema\/person\/cb1ab5ba96ad3d9390805381c76284ec\"},\"headline\":\"ARQUIDIOCESE DE SALVADOR DIVULGA ORIENTA\u00c7\u00d5ES PARA A SEMANA SANTA\",\"datePublished\":\"2021-03-26T20:15:34+00:00\",\"dateModified\":\"2021-03-26T21:22:19+00:00\",\"mainEntityOfPage\":{\"@id\":\"https:\/\/bahiaeconomica.com.br\/wp\/2021\/03\/26\/arquidiocese-de-salvador-divulga-novas-orientacoes-para-a-semana-santa-2021\/\"},\"wordCount\":300,\"publisher\":{\"@id\":\"https:\/\/bahiaeconomica.com.br\/wp\/#organization\"},\"articleSection\":[\"DESTAQUE DO DIA\",\"ECONOMIA \/ POL\u00cdTICA\"],\"inLanguage\":\"pt-BR\"},{\"@type\":\"WebPage\",\"@id\":\"https:\/\/bahiaeconomica.com.br\/wp\/2021\/03\/26\/arquidiocese-de-salvador-divulga-novas-orientacoes-para-a-semana-santa-2021\/\",\"url\":\"https:\/\/bahiaeconomica.com.br\/wp\/2021\/03\/26\/arquidiocese-de-salvador-divulga-novas-orientacoes-para-a-semana-santa-2021\/\",\"name\":\"ARQUIDIOCESE DE SALVADOR DIVULGA ORIENTA\u00c7\u00d5ES PARA A SEMANA SANTA - Bahia Economica\",\"isPartOf\":{\"@id\":\"https:\/\/bahiaeconomica.com.br\/wp\/#website\"},\"datePublished\":\"2021-03-26T20:15:34+00:00\",\"dateModified\":\"2021-03-26T21:22:19+00:00\",\"description\":\"O maior portal de Economia da Bahia DESTAQUE DO DIA, ECONOMIA \/ POL\u00cdTICA Bahia Economica\",\"breadcrumb\":{\"@id\":\"https:\/\/bahiaeconomica.com.br\/wp\/2021\/03\/26\/arquidiocese-de-salvador-divulga-novas-orientacoes-para-a-semana-santa-2021\/#breadcrumb\"},\"inLanguage\":\"pt-BR\",\"potentialAction\":[{\"@type\":\"ReadAction\",\"target\":[\"https:\/\/bahiaeconomica.com.br\/wp\/2021\/03\/26\/arquidiocese-de-salvador-divulga-novas-orientacoes-para-a-semana-santa-2021\/\"]}]},{\"@type\":\"BreadcrumbList\",\"@id\":\"https:\/\/bahiaeconomica.com.br\/wp\/2021\/03\/26\/arquidiocese-de-salvador-divulga-novas-orientacoes-para-a-semana-santa-2021\/#breadcrumb\",\"itemListElement\":[{\"@type\":\"ListItem\",\"position\":1,\"name\":\"In\u00edcio\",\"item\":\"https:\/\/bahiaeconomica.com.br\/wp\/\"},{\"@type\":\"ListItem\",\"position\":2,\"name\":\"ARQUIDIOCESE DE SALVADOR DIVULGA ORIENTA\u00c7\u00d5ES PARA A SEMANA SANTA\"}]},{\"@type\":\"WebSite\",\"@id\":\"https:\/\/bahiaeconomica.com.br\/wp\/#website\",\"url\":\"https:\/\/bahiaeconomica.com.br\/wp\/\",\"name\":\"Bahia Economica\",\"description\":\"O maior portal de Economia da Bahia\",\"publisher\":{\"@id\":\"https:\/\/bahiaeconomica.com.br\/wp\/#organization\"},\"potentialAction\":[{\"@type\":\"SearchAction\",\"target\":{\"@type\":\"EntryPoint\",\"urlTemplate\":\"https:\/\/bahiaeconomica.com.br\/wp\/?s={search_term_string}\"},\"query-input\":\"required name=search_term_string\"}],\"inLanguage\":\"pt-BR\"},{\"@type\":\"Organization\",\"@id\":\"https:\/\/bahiaeconomica.com.br\/wp\/#organization\",\"name\":\"Bahia Econ\u00f4mica\",\"url\":\"https:\/\/bahiaeconomica.com.br\/wp\/\",\"logo\":{\"@type\":\"ImageObject\",\"inLanguage\":\"pt-BR\",\"@id\":\"https:\/\/bahiaeconomica.com.br\/wp\/#\/schema\/logo\/image\/\",\"url\":\"https:\/\/bahiaeconomica.com.br\/wp\/wp-content\/uploads\/2020\/12\/cropped-BE.png\",\"contentUrl\":\"https:\/\/bahiaeconomica.com.br\/wp\/wp-content\/uploads\/2020\/12\/cropped-BE.png\",\"width\":512,\"height\":512,\"caption\":\"Bahia Econ\u00f4mica\"},\"image\":{\"@id\":\"https:\/\/bahiaeconomica.com.br\/wp\/#\/schema\/logo\/image\/\"},\"sameAs\":[\"https:\/\/www.facebook.com\/bahiaeconomica\"]},{\"@type\":\"Person\",\"@id\":\"https:\/\/bahiaeconomica.com.br\/wp\/#\/schema\/person\/cb1ab5ba96ad3d9390805381c76284ec\",\"name\":\"admin\",\"url\":\"https:\/\/bahiaeconomica.com.br\/wp\/author\/admin\/\"}]}<\/script>\n<!-- \/ Yoast SEO plugin. -->","yoast_head_json":{"title":"ARQUIDIOCESE DE SALVADOR DIVULGA ORIENTA\u00c7\u00d5ES PARA A SEMANA SANTA - Bahia Economica","description":"O maior portal de Economia da Bahia DESTAQUE DO DIA, ECONOMIA \/ POL\u00cdTICA Bahia Economica","robots":{"index":"index","follow":"follow","max-snippet":"max-snippet:-1","max-image-preview":"max-image-preview:large","max-video-preview":"max-video-preview:-1"},"canonical":"https:\/\/bahiaeconomica.com.br\/wp\/2021\/03\/26\/arquidiocese-de-salvador-divulga-novas-orientacoes-para-a-semana-santa-2021\/","og_locale":"pt_BR","og_type":"article","og_title":"ARQUIDIOCESE DE SALVADOR DIVULGA ORIENTA\u00c7\u00d5ES PARA A SEMANA SANTA - Bahia Economica","og_description":"O maior portal de Economia da Bahia DESTAQUE DO DIA, ECONOMIA \/ POL\u00cdTICA Bahia Economica","og_url":"https:\/\/bahiaeconomica.com.br\/wp\/2021\/03\/26\/arquidiocese-de-salvador-divulga-novas-orientacoes-para-a-semana-santa-2021\/","og_site_name":"Bahia Economica","article_publisher":"https:\/\/www.facebook.com\/bahiaeconomica","article_published_time":"2021-03-26T20:15:34+00:00","article_modified_time":"2021-03-26T21:22:19+00:00","og_image":[{"width":500,"height":300,"url":"https:\/\/bahiaeconomica.com.br\/wp\/wp-content\/uploads\/2021\/03\/2014-12-08_festa_conceicao_da_praia_foto_max_haack_ag_haack_332.jpg","type":"image\/jpeg"}],"author":"admin","twitter_card":"summary_large_image","twitter_misc":{"Escrito por":"admin","Est. tempo de leitura":"1 minuto"},"schema":{"@context":"https:\/\/schema.org","@graph":[{"@type":"Article","@id":"https:\/\/bahiaeconomica.com.br\/wp\/2021\/03\/26\/arquidiocese-de-salvador-divulga-novas-orientacoes-para-a-semana-santa-2021\/#article","isPartOf":{"@id":"https:\/\/bahiaeconomica.com.br\/wp\/2021\/03\/26\/arquidiocese-de-salvador-divulga-novas-orientacoes-para-a-semana-santa-2021\/"},"author":{"name":"admin","@id":"https:\/\/bahiaeconomica.com.br\/wp\/#\/schema\/person\/cb1ab5ba96ad3d9390805381c76284ec"},"headline":"ARQUIDIOCESE DE SALVADOR DIVULGA ORIENTA\u00c7\u00d5ES PARA A SEMANA SANTA","datePublished":"2021-03-26T20:15:34+00:00","dateModified":"2021-03-26T21:22:19+00:00","mainEntityOfPage":{"@id":"https:\/\/bahiaeconomica.com.br\/wp\/2021\/03\/26\/arquidiocese-de-salvador-divulga-novas-orientacoes-para-a-semana-santa-2021\/"},"wordCount":300,"publisher":{"@id":"https:\/\/bahiaeconomica.com.br\/wp\/#organization"},"articleSection":["DESTAQUE DO DIA","ECONOMIA \/ POL\u00cdTICA"],"inLanguage":"pt-BR"},{"@type":"WebPage","@id":"https:\/\/bahiaeconomica.com.br\/wp\/2021\/03\/26\/arquidiocese-de-salvador-divulga-novas-orientacoes-para-a-semana-santa-2021\/","url":"https:\/\/bahiaeconomica.com.br\/wp\/2021\/03\/26\/arquidiocese-de-salvador-divulga-novas-orientacoes-para-a-semana-santa-2021\/","name":"ARQUIDIOCESE DE SALVADOR DIVULGA ORIENTA\u00c7\u00d5ES PARA A SEMANA SANTA - Bahia Economica","isPartOf":{"@id":"https:\/\/bahiaeconomica.com.br\/wp\/#website"},"datePublished":"2021-03-26T20:15:34+00:00","dateModified":"2021-03-26T21:22:19+00:00","description":"O maior portal de Economia da Bahia DESTAQUE DO DIA, ECONOMIA \/ POL\u00cdTICA Bahia Economica","breadcrumb":{"@id":"https:\/\/bahiaeconomica.com.br\/wp\/2021\/03\/26\/arquidiocese-de-salvador-divulga-novas-orientacoes-para-a-semana-santa-2021\/#breadcrumb"},"inLanguage":"pt-BR","potentialAction":[{"@type":"ReadAction","target":["https:\/\/bahiaeconomica.com.br\/wp\/2021\/03\/26\/arquidiocese-de-salvador-divulga-novas-orientacoes-para-a-semana-santa-2021\/"]}]},{"@type":"BreadcrumbList","@id":"https:\/\/bahiaeconomica.com.br\/wp\/2021\/03\/26\/arquidiocese-de-salvador-divulga-novas-orientacoes-para-a-semana-santa-2021\/#breadcrumb","itemListElement":[{"@type":"ListItem","position":1,"name":"In\u00edcio","item":"https:\/\/bahiaeconomica.com.br\/wp\/"},{"@type":"ListItem","position":2,"name":"ARQUIDIOCESE DE SALVADOR DIVULGA ORIENTA\u00c7\u00d5ES PARA A SEMANA SANTA"}]},{"@type":"WebSite","@id":"https:\/\/bahiaeconomica.com.br\/wp\/#website","url":"https:\/\/bahiaeconomica.com.br\/wp\/","name":"Bahia Economica","description":"O maior portal de Economia da Bahia","publisher":{"@id":"https:\/\/bahiaeconomica.com.br\/wp\/#organization"},"potentialAction":[{"@type":"SearchAction","target":{"@type":"EntryPoint","urlTemplate":"https:\/\/bahiaeconomica.com.br\/wp\/?s={search_term_string}"},"query-input":"required name=search_term_string"}],"inLanguage":"pt-BR"},{"@type":"Organization","@id":"https:\/\/bahiaeconomica.com.br\/wp\/#organization","name":"Bahia Econ\u00f4mica","url":"https:\/\/bahiaeconomica.com.br\/wp\/","logo":{"@type":"ImageObject","inLanguage":"pt-BR","@id":"https:\/\/bahiaeconomica.com.br\/wp\/#\/schema\/logo\/image\/","url":"https:\/\/bahiaeconomica.com.br\/wp\/wp-content\/uploads\/2020\/12\/cropped-BE.png","contentUrl":"https:\/\/bahiaeconomica.com.br\/wp\/wp-content\/uploads\/2020\/12\/cropped-BE.png","width":512,"height":512,"caption":"Bahia Econ\u00f4mica"},"image":{"@id":"https:\/\/bahiaeconomica.com.br\/wp\/#\/schema\/logo\/image\/"},"sameAs":["https:\/\/www.facebook.com\/bahiaeconomica"]},{"@type":"Person","@id":"https:\/\/bahiaeconomica.com.br\/wp\/#\/schema\/person\/cb1ab5ba96ad3d9390805381c76284ec","name":"admin","url":"https:\/\/bahiaeconomica.com.br\/wp\/author\/admin\/"}]}},"views":7,"_links":{"self":[{"href":"https:\/\/bahiaeconomica.com.br\/wp\/wp-json\/wp\/v2\/posts\/548602"}],"collection":[{"href":"https:\/\/bahiaeconomica.com.br\/wp\/wp-json\/wp\/v2\/posts"}],"about":[{"href":"https:\/\/bahiaeconomica.com.br\/wp\/wp-json\/wp\/v2\/types\/post"}],"author":[{"embeddable":true,"href":"https:\/\/bahiaeconomica.com.br\/wp\/wp-json\/wp\/v2\/users\/1"}],"replies":[{"embeddable":true,"href":"https:\/\/bahiaeconomica.com.br\/wp\/wp-json\/wp\/v2\/comments?post=548602"}],"version-history":[{"count":3,"href":"https:\/\/bahiaeconomica.com.br\/wp\/wp-json\/wp\/v2\/posts\/548602\/revisions"}],"predecessor-version":[{"id":548608,"href":"https:\/\/bahiaeconomica.com.br\/wp\/wp-json\/wp\/v2\/posts\/548602\/revisions\/548608"}],"wp:featuredmedia":[{"embeddable":true,"href":"https:\/\/bahiaeconomica.com.br\/wp\/wp-json\/wp\/v2\/media\/548605"}],"wp:attachment":[{"href":"https:\/\/bahiaeconomica.com.br\/wp\/wp-json\/wp\/v2\/media?parent=548602"}],"wp:term":[{"taxonomy":"category","embeddable":true,"href":"https:\/\/bahiaeconomica.com.br\/wp\/wp-json\/wp\/v2\/categories?post=548602"},{"taxonomy":"post_tag","embeddable":true,"href":"https:\/\/bahiaeconomica.com.br\/wp\/wp-json\/wp\/v2\/tags?post=548602"}],"curies":[{"name":"wp","href":"https:\/\/api.w.org\/{rel}","templated":true}]}}