{"id":547770,"date":"2021-03-24T18:15:56","date_gmt":"2021-03-24T21:15:56","guid":{"rendered":"https:\/\/bahiaeconomica.com.br\/wp\/beta\/?p=547770"},"modified":"2021-03-24T18:15:56","modified_gmt":"2021-03-24T21:15:56","slug":"papa-francisco-reduz-salarios-para-salvar-empregos","status":"publish","type":"post","link":"https:\/\/bahiaeconomica.com.br\/wp\/2021\/03\/24\/papa-francisco-reduz-salarios-para-salvar-empregos\/","title":{"rendered":"PAPA FRANCISCO REDUZ SAL\u00c1RIOS PARA SALVAR EMPREGOS"},"content":{"rendered":"<p>Os impactos econ\u00f4micos da pandemia de Covid-19 se refletem at\u00e9 mesmo na renda da Igreja Cat\u00f3lica. Em uma tentativa de evitar demiss\u00f5es no Vaticano, o Papa Francisco determinou que os cardeais tenham um corte de 10% em seus sal\u00e1rios e reduziu tamb\u00e9m o pagamento de outros cl\u00e9rigos que trabalham na Santa S\u00e9.<!--more--><\/p>\n<p>O Vaticano disse na quarta-feira que Francisco emitiu um decreto incluindo cortes proporcionais a partir de 1\u00ba de abril. Um porta-voz disse que os funcion\u00e1rios de n\u00edvel inferior n\u00e3o seriam afetados pela medida.<\/p>\n<p>Desde o in\u00edcio da crise sanit\u00e1ria, o Pont\u00edfice disse que n\u00e3o pretendia realizar demiss\u00f5es. Em seu decreto, ele disse que a pandemia &#8220;afetou negativamente todas as fontes de renda da Santa S\u00e9 e do Vaticano&#8221; e que, apesar da &#8220;capitaliza\u00e7\u00e3o adequada&#8221;, sentiu-se na obriga\u00e7\u00e3o de garantir o equil\u00edbrio das contas.<\/p>\n<p>Acredita-se que os cardeais que trabalham no Vaticano e l\u00e1 vivem, ou em Roma, recebem entre 4 mil e 5 mil euros por m\u00eas (entre R$ 26,2 mil e R$ 32,7 mil). Muitos deles moram em grandes apartamentos com alugu\u00e9is abaixo do mercado.<\/p>\n<p>Chefes de departamento, principalmente cl\u00e9rigos, ver\u00e3o seus sal\u00e1rios cair entre 3% e 8%. Os aumentos salariais programados tamb\u00e9m ser\u00e3o suspensos at\u00e9 mar\u00e7o de 2023, informou a Igreja. Os cortes se aplicar\u00e3o ainda a funcion\u00e1rios de alto escal\u00e3o de outras bas\u00edlicas papais, al\u00e9m da Bas\u00edlica de S\u00e3o Pedro.<\/p>\n<p>A maior parte dos padres e freiras que trabalha no Vaticano mora em comunidades religiosas como conventos, semin\u00e1rios, escolas e universidades na capital italiana. Portanto, tem menos despesas que funcion\u00e1rios que n\u00e3o fazem parte do quadro eclesi\u00e1stico da Igreja e ficaram de fora do decreto papal.<\/p>\n<p>A Santa S\u00e9, \u00f3rg\u00e3o administrativo central da Igreja Cat\u00f3lica em todo o mundo, pode ter que usar 40 milh\u00f5es de euros (R$ 262,12 milh\u00f5es) em reservas pelo segundo ano consecutivo, j\u00e1 havia informado no in\u00edcio do m\u00eas o principal representante econ\u00f4mico do Vaticano. O \u00f3rg\u00e3o espera um d\u00e9ficit de cerca de 50 milh\u00f5es de euros (R$ 327 milh\u00f5es) em 2021.<\/p>\n<p>Foto: divulga\u00e7\u00e3o<\/p>\n","protected":false},"excerpt":{"rendered":"<p>Os impactos econ\u00f4micos da pandemia de Covid-19 se refletem at\u00e9 mesmo na renda da Igreja Cat\u00f3lica. Em uma tentativa de evitar demiss\u00f5es no Vaticano, o Papa Francisco determinou que os cardeais tenham um corte de 10% em seus sal\u00e1rios e reduziu tamb\u00e9m o pagamento de outros cl\u00e9rigos que trabalham na Santa S\u00e9.<\/p>\n","protected":false},"author":1,"featured_media":429284,"comment_status":"closed","ping_status":"closed","sticky":false,"template":"","format":"standard","meta":[],"categories":[14,3],"tags":[],"acf":[],"yoast_head":"<!-- This site is optimized with the Yoast SEO plugin v20.8 - https:\/\/yoast.com\/wordpress\/plugins\/seo\/ -->\n<title>PAPA FRANCISCO REDUZ SAL\u00c1RIOS PARA SALVAR EMPREGOS - Bahia Economica<\/title>\n<meta name=\"description\" content=\"O maior portal de Economia da Bahia DESTAQUE DO DIA, ECONOMIA \/ POL\u00cdTICA Bahia Economica\" \/>\n<meta name=\"robots\" content=\"index, follow, max-snippet:-1, max-image-preview:large, max-video-preview:-1\" \/>\n<link rel=\"canonical\" href=\"https:\/\/bahiaeconomica.com.br\/wp\/2021\/03\/24\/papa-francisco-reduz-salarios-para-salvar-empregos\/\" \/>\n<meta property=\"og:locale\" content=\"pt_BR\" \/>\n<meta property=\"og:type\" content=\"article\" \/>\n<meta property=\"og:title\" content=\"PAPA FRANCISCO REDUZ SAL\u00c1RIOS PARA SALVAR EMPREGOS - Bahia Economica\" \/>\n<meta property=\"og:description\" content=\"O maior portal de Economia da Bahia DESTAQUE DO DIA, ECONOMIA \/ POL\u00cdTICA Bahia Economica\" \/>\n<meta property=\"og:url\" content=\"https:\/\/bahiaeconomica.com.br\/wp\/2021\/03\/24\/papa-francisco-reduz-salarios-para-salvar-empregos\/\" \/>\n<meta property=\"og:site_name\" content=\"Bahia Economica\" \/>\n<meta property=\"article:publisher\" content=\"https:\/\/www.facebook.com\/bahiaeconomica\" \/>\n<meta property=\"article:published_time\" content=\"2021-03-24T21:15:56+00:00\" \/>\n<meta property=\"og:image\" content=\"https:\/\/bahiaeconomica.com.br\/wp\/wp-content\/uploads\/2019\/12\/papa-e1577271762260.jpg\" \/>\n\t<meta property=\"og:image:width\" content=\"500\" \/>\n\t<meta property=\"og:image:height\" content=\"333\" \/>\n\t<meta property=\"og:image:type\" content=\"image\/jpeg\" \/>\n<meta name=\"author\" content=\"admin\" \/>\n<meta name=\"twitter:card\" content=\"summary_large_image\" \/>\n<meta name=\"twitter:label1\" content=\"Escrito por\" \/>\n\t<meta name=\"twitter:data1\" content=\"admin\" \/>\n\t<meta name=\"twitter:label2\" content=\"Est. tempo de leitura\" \/>\n\t<meta name=\"twitter:data2\" content=\"2 minutos\" \/>\n<script type=\"application\/ld+json\" class=\"yoast-schema-graph\">{\"@context\":\"https:\/\/schema.org\",\"@graph\":[{\"@type\":\"Article\",\"@id\":\"https:\/\/bahiaeconomica.com.br\/wp\/2021\/03\/24\/papa-francisco-reduz-salarios-para-salvar-empregos\/#article\",\"isPartOf\":{\"@id\":\"https:\/\/bahiaeconomica.com.br\/wp\/2021\/03\/24\/papa-francisco-reduz-salarios-para-salvar-empregos\/\"},\"author\":{\"name\":\"admin\",\"@id\":\"https:\/\/bahiaeconomica.com.br\/wp\/#\/schema\/person\/cb1ab5ba96ad3d9390805381c76284ec\"},\"headline\":\"PAPA FRANCISCO REDUZ SAL\u00c1RIOS PARA SALVAR EMPREGOS\",\"datePublished\":\"2021-03-24T21:15:56+00:00\",\"dateModified\":\"2021-03-24T21:15:56+00:00\",\"mainEntityOfPage\":{\"@id\":\"https:\/\/bahiaeconomica.com.br\/wp\/2021\/03\/24\/papa-francisco-reduz-salarios-para-salvar-empregos\/\"},\"wordCount\":375,\"publisher\":{\"@id\":\"https:\/\/bahiaeconomica.com.br\/wp\/#organization\"},\"articleSection\":[\"DESTAQUE DO DIA\",\"ECONOMIA \/ POL\u00cdTICA\"],\"inLanguage\":\"pt-BR\"},{\"@type\":\"WebPage\",\"@id\":\"https:\/\/bahiaeconomica.com.br\/wp\/2021\/03\/24\/papa-francisco-reduz-salarios-para-salvar-empregos\/\",\"url\":\"https:\/\/bahiaeconomica.com.br\/wp\/2021\/03\/24\/papa-francisco-reduz-salarios-para-salvar-empregos\/\",\"name\":\"PAPA FRANCISCO REDUZ SAL\u00c1RIOS PARA SALVAR EMPREGOS - Bahia Economica\",\"isPartOf\":{\"@id\":\"https:\/\/bahiaeconomica.com.br\/wp\/#website\"},\"datePublished\":\"2021-03-24T21:15:56+00:00\",\"dateModified\":\"2021-03-24T21:15:56+00:00\",\"description\":\"O maior portal de Economia da Bahia DESTAQUE DO DIA, ECONOMIA \/ POL\u00cdTICA Bahia Economica\",\"breadcrumb\":{\"@id\":\"https:\/\/bahiaeconomica.com.br\/wp\/2021\/03\/24\/papa-francisco-reduz-salarios-para-salvar-empregos\/#breadcrumb\"},\"inLanguage\":\"pt-BR\",\"potentialAction\":[{\"@type\":\"ReadAction\",\"target\":[\"https:\/\/bahiaeconomica.com.br\/wp\/2021\/03\/24\/papa-francisco-reduz-salarios-para-salvar-empregos\/\"]}]},{\"@type\":\"BreadcrumbList\",\"@id\":\"https:\/\/bahiaeconomica.com.br\/wp\/2021\/03\/24\/papa-francisco-reduz-salarios-para-salvar-empregos\/#breadcrumb\",\"itemListElement\":[{\"@type\":\"ListItem\",\"position\":1,\"name\":\"In\u00edcio\",\"item\":\"https:\/\/bahiaeconomica.com.br\/wp\/\"},{\"@type\":\"ListItem\",\"position\":2,\"name\":\"PAPA FRANCISCO REDUZ SAL\u00c1RIOS PARA SALVAR EMPREGOS\"}]},{\"@type\":\"WebSite\",\"@id\":\"https:\/\/bahiaeconomica.com.br\/wp\/#website\",\"url\":\"https:\/\/bahiaeconomica.com.br\/wp\/\",\"name\":\"Bahia Economica\",\"description\":\"O maior portal de Economia da Bahia\",\"publisher\":{\"@id\":\"https:\/\/bahiaeconomica.com.br\/wp\/#organization\"},\"potentialAction\":[{\"@type\":\"SearchAction\",\"target\":{\"@type\":\"EntryPoint\",\"urlTemplate\":\"https:\/\/bahiaeconomica.com.br\/wp\/?s={search_term_string}\"},\"query-input\":\"required name=search_term_string\"}],\"inLanguage\":\"pt-BR\"},{\"@type\":\"Organization\",\"@id\":\"https:\/\/bahiaeconomica.com.br\/wp\/#organization\",\"name\":\"Bahia Econ\u00f4mica\",\"url\":\"https:\/\/bahiaeconomica.com.br\/wp\/\",\"logo\":{\"@type\":\"ImageObject\",\"inLanguage\":\"pt-BR\",\"@id\":\"https:\/\/bahiaeconomica.com.br\/wp\/#\/schema\/logo\/image\/\",\"url\":\"https:\/\/bahiaeconomica.com.br\/wp\/wp-content\/uploads\/2020\/12\/cropped-BE.png\",\"contentUrl\":\"https:\/\/bahiaeconomica.com.br\/wp\/wp-content\/uploads\/2020\/12\/cropped-BE.png\",\"width\":512,\"height\":512,\"caption\":\"Bahia Econ\u00f4mica\"},\"image\":{\"@id\":\"https:\/\/bahiaeconomica.com.br\/wp\/#\/schema\/logo\/image\/\"},\"sameAs\":[\"https:\/\/www.facebook.com\/bahiaeconomica\"]},{\"@type\":\"Person\",\"@id\":\"https:\/\/bahiaeconomica.com.br\/wp\/#\/schema\/person\/cb1ab5ba96ad3d9390805381c76284ec\",\"name\":\"admin\",\"url\":\"https:\/\/bahiaeconomica.com.br\/wp\/author\/admin\/\"}]}<\/script>\n<!-- \/ Yoast SEO plugin. -->","yoast_head_json":{"title":"PAPA FRANCISCO REDUZ SAL\u00c1RIOS PARA SALVAR EMPREGOS - Bahia Economica","description":"O maior portal de Economia da Bahia DESTAQUE DO DIA, ECONOMIA \/ POL\u00cdTICA Bahia Economica","robots":{"index":"index","follow":"follow","max-snippet":"max-snippet:-1","max-image-preview":"max-image-preview:large","max-video-preview":"max-video-preview:-1"},"canonical":"https:\/\/bahiaeconomica.com.br\/wp\/2021\/03\/24\/papa-francisco-reduz-salarios-para-salvar-empregos\/","og_locale":"pt_BR","og_type":"article","og_title":"PAPA FRANCISCO REDUZ SAL\u00c1RIOS PARA SALVAR EMPREGOS - Bahia Economica","og_description":"O maior portal de Economia da Bahia DESTAQUE DO DIA, ECONOMIA \/ POL\u00cdTICA Bahia Economica","og_url":"https:\/\/bahiaeconomica.com.br\/wp\/2021\/03\/24\/papa-francisco-reduz-salarios-para-salvar-empregos\/","og_site_name":"Bahia Economica","article_publisher":"https:\/\/www.facebook.com\/bahiaeconomica","article_published_time":"2021-03-24T21:15:56+00:00","og_image":[{"width":500,"height":333,"url":"https:\/\/bahiaeconomica.com.br\/wp\/wp-content\/uploads\/2019\/12\/papa-e1577271762260.jpg","type":"image\/jpeg"}],"author":"admin","twitter_card":"summary_large_image","twitter_misc":{"Escrito por":"admin","Est. tempo de leitura":"2 minutos"},"schema":{"@context":"https:\/\/schema.org","@graph":[{"@type":"Article","@id":"https:\/\/bahiaeconomica.com.br\/wp\/2021\/03\/24\/papa-francisco-reduz-salarios-para-salvar-empregos\/#article","isPartOf":{"@id":"https:\/\/bahiaeconomica.com.br\/wp\/2021\/03\/24\/papa-francisco-reduz-salarios-para-salvar-empregos\/"},"author":{"name":"admin","@id":"https:\/\/bahiaeconomica.com.br\/wp\/#\/schema\/person\/cb1ab5ba96ad3d9390805381c76284ec"},"headline":"PAPA FRANCISCO REDUZ SAL\u00c1RIOS PARA SALVAR EMPREGOS","datePublished":"2021-03-24T21:15:56+00:00","dateModified":"2021-03-24T21:15:56+00:00","mainEntityOfPage":{"@id":"https:\/\/bahiaeconomica.com.br\/wp\/2021\/03\/24\/papa-francisco-reduz-salarios-para-salvar-empregos\/"},"wordCount":375,"publisher":{"@id":"https:\/\/bahiaeconomica.com.br\/wp\/#organization"},"articleSection":["DESTAQUE DO DIA","ECONOMIA \/ POL\u00cdTICA"],"inLanguage":"pt-BR"},{"@type":"WebPage","@id":"https:\/\/bahiaeconomica.com.br\/wp\/2021\/03\/24\/papa-francisco-reduz-salarios-para-salvar-empregos\/","url":"https:\/\/bahiaeconomica.com.br\/wp\/2021\/03\/24\/papa-francisco-reduz-salarios-para-salvar-empregos\/","name":"PAPA FRANCISCO REDUZ SAL\u00c1RIOS PARA SALVAR EMPREGOS - Bahia Economica","isPartOf":{"@id":"https:\/\/bahiaeconomica.com.br\/wp\/#website"},"datePublished":"2021-03-24T21:15:56+00:00","dateModified":"2021-03-24T21:15:56+00:00","description":"O maior portal de Economia da Bahia DESTAQUE DO DIA, ECONOMIA \/ POL\u00cdTICA Bahia Economica","breadcrumb":{"@id":"https:\/\/bahiaeconomica.com.br\/wp\/2021\/03\/24\/papa-francisco-reduz-salarios-para-salvar-empregos\/#breadcrumb"},"inLanguage":"pt-BR","potentialAction":[{"@type":"ReadAction","target":["https:\/\/bahiaeconomica.com.br\/wp\/2021\/03\/24\/papa-francisco-reduz-salarios-para-salvar-empregos\/"]}]},{"@type":"BreadcrumbList","@id":"https:\/\/bahiaeconomica.com.br\/wp\/2021\/03\/24\/papa-francisco-reduz-salarios-para-salvar-empregos\/#breadcrumb","itemListElement":[{"@type":"ListItem","position":1,"name":"In\u00edcio","item":"https:\/\/bahiaeconomica.com.br\/wp\/"},{"@type":"ListItem","position":2,"name":"PAPA FRANCISCO REDUZ SAL\u00c1RIOS PARA SALVAR EMPREGOS"}]},{"@type":"WebSite","@id":"https:\/\/bahiaeconomica.com.br\/wp\/#website","url":"https:\/\/bahiaeconomica.com.br\/wp\/","name":"Bahia Economica","description":"O maior portal de Economia da Bahia","publisher":{"@id":"https:\/\/bahiaeconomica.com.br\/wp\/#organization"},"potentialAction":[{"@type":"SearchAction","target":{"@type":"EntryPoint","urlTemplate":"https:\/\/bahiaeconomica.com.br\/wp\/?s={search_term_string}"},"query-input":"required name=search_term_string"}],"inLanguage":"pt-BR"},{"@type":"Organization","@id":"https:\/\/bahiaeconomica.com.br\/wp\/#organization","name":"Bahia Econ\u00f4mica","url":"https:\/\/bahiaeconomica.com.br\/wp\/","logo":{"@type":"ImageObject","inLanguage":"pt-BR","@id":"https:\/\/bahiaeconomica.com.br\/wp\/#\/schema\/logo\/image\/","url":"https:\/\/bahiaeconomica.com.br\/wp\/wp-content\/uploads\/2020\/12\/cropped-BE.png","contentUrl":"https:\/\/bahiaeconomica.com.br\/wp\/wp-content\/uploads\/2020\/12\/cropped-BE.png","width":512,"height":512,"caption":"Bahia Econ\u00f4mica"},"image":{"@id":"https:\/\/bahiaeconomica.com.br\/wp\/#\/schema\/logo\/image\/"},"sameAs":["https:\/\/www.facebook.com\/bahiaeconomica"]},{"@type":"Person","@id":"https:\/\/bahiaeconomica.com.br\/wp\/#\/schema\/person\/cb1ab5ba96ad3d9390805381c76284ec","name":"admin","url":"https:\/\/bahiaeconomica.com.br\/wp\/author\/admin\/"}]}},"views":12,"_links":{"self":[{"href":"https:\/\/bahiaeconomica.com.br\/wp\/wp-json\/wp\/v2\/posts\/547770"}],"collection":[{"href":"https:\/\/bahiaeconomica.com.br\/wp\/wp-json\/wp\/v2\/posts"}],"about":[{"href":"https:\/\/bahiaeconomica.com.br\/wp\/wp-json\/wp\/v2\/types\/post"}],"author":[{"embeddable":true,"href":"https:\/\/bahiaeconomica.com.br\/wp\/wp-json\/wp\/v2\/users\/1"}],"replies":[{"embeddable":true,"href":"https:\/\/bahiaeconomica.com.br\/wp\/wp-json\/wp\/v2\/comments?post=547770"}],"version-history":[{"count":1,"href":"https:\/\/bahiaeconomica.com.br\/wp\/wp-json\/wp\/v2\/posts\/547770\/revisions"}],"predecessor-version":[{"id":547782,"href":"https:\/\/bahiaeconomica.com.br\/wp\/wp-json\/wp\/v2\/posts\/547770\/revisions\/547782"}],"wp:featuredmedia":[{"embeddable":true,"href":"https:\/\/bahiaeconomica.com.br\/wp\/wp-json\/wp\/v2\/media\/429284"}],"wp:attachment":[{"href":"https:\/\/bahiaeconomica.com.br\/wp\/wp-json\/wp\/v2\/media?parent=547770"}],"wp:term":[{"taxonomy":"category","embeddable":true,"href":"https:\/\/bahiaeconomica.com.br\/wp\/wp-json\/wp\/v2\/categories?post=547770"},{"taxonomy":"post_tag","embeddable":true,"href":"https:\/\/bahiaeconomica.com.br\/wp\/wp-json\/wp\/v2\/tags?post=547770"}],"curies":[{"name":"wp","href":"https:\/\/api.w.org\/{rel}","templated":true}]}}