{"id":547032,"date":"2021-03-23T13:15:05","date_gmt":"2021-03-23T16:15:05","guid":{"rendered":"https:\/\/bahiaeconomica.com.br\/wp\/beta\/?p=547032"},"modified":"2021-03-23T13:07:26","modified_gmt":"2021-03-23T16:07:26","slug":"bancos-nao-fecharao-em-feriado-antecipado-de-sp","status":"publish","type":"post","link":"https:\/\/bahiaeconomica.com.br\/wp\/2021\/03\/23\/bancos-nao-fecharao-em-feriado-antecipado-de-sp\/","title":{"rendered":"BANCOS N\u00c3O FECHAR\u00c3O EM FERIADO ANTECIPADO DE SP"},"content":{"rendered":"<p>A Febraban recomendou nesta segunda-feira que os bancos priorizem o uso de canais digitais para atendimento ao p\u00fablico nos locais onde houver antecipa\u00e7\u00e3o de feriados, <!--more-->mas n\u00e3o haver\u00e1 mudan\u00e7a de calend\u00e1rio banc\u00e1rio. Em comunicado, a entidade afirmou que haver\u00e1 &#8220;em car\u00e1ter excepcional, atendimento presencial e contingenciado, mediante triagem, controle e ado\u00e7\u00e3o de r\u00edgidos protocolos sanit\u00e1rios, em especial para os casos de recebimento de benef\u00edcios sociais, pagamento de sal\u00e1rios, aposentadorias e pens\u00f5es \u00e0queles que n\u00e3o t\u00eam acesso a canais digitais ou remotos&#8221;.<\/p>\n<p>&#8220;Os bancos, por iniciativa pr\u00f3pria, n\u00e3o podem alterar essas datas, pois observam as condi\u00e7\u00f5es contratuais com os emissores dos boletos e as normas de liquida\u00e7\u00e3o e compensa\u00e7\u00e3o de pagamentos do Banco Central&#8221;, afirmou a Febraban. O posicionamento vem ap\u00f3s a prefeitura de S\u00e3o Paulo decidir antecipar cinco feriados municipais em uma tentativa de reduzir a circula\u00e7\u00e3o de pessoas no momento mais cr\u00edtico da pandemia de Covid-19 no Brasil e, com isso, frear a dissemina\u00e7\u00e3o do coronav\u00edrus, informou o governo paulistano na quinta-feira.<\/p>\n<p>Na \u00faltima sexta-feira, a B3 havia anunciado a manuten\u00e7\u00e3o regular das opera\u00e7\u00f5es de mercado financeiro. A prefeitura de S\u00e3o Paulo antecipou dois feriados municipais que a cidade tem ainda neste ano e outros tr\u00eas previstos para 2021 para os dias 26, 29, 30 e 31 e mar\u00e7o e para o dia 1 de abril. E o governo do Estado do Rio de Janeiro anunciou decreto para antecipar feriados e pontos facultativos para agrup\u00e1-los em um per\u00edodo de 10 dias. As medidas entrariam em vigor na sexta-feira para valer at\u00e9 o come\u00e7o de abril.<\/p>\n<p>&nbsp;<\/p>\n<p>Foto: Divulga\u00e7\u00e3o\/Tecban<\/p>\n","protected":false},"excerpt":{"rendered":"<p>A Febraban recomendou nesta segunda-feira que os bancos priorizem o uso de canais digitais para atendimento ao p\u00fablico nos locais onde houver antecipa\u00e7\u00e3o de feriados,<\/p>\n","protected":false},"author":1,"featured_media":446773,"comment_status":"closed","ping_status":"closed","sticky":false,"template":"","format":"standard","meta":[],"categories":[14,3],"tags":[],"acf":[],"yoast_head":"<!-- This site is optimized with the Yoast SEO plugin v20.8 - https:\/\/yoast.com\/wordpress\/plugins\/seo\/ -->\n<title>BANCOS N\u00c3O FECHAR\u00c3O EM FERIADO ANTECIPADO DE SP - Bahia Economica<\/title>\n<meta name=\"description\" content=\"O maior portal de Economia da Bahia DESTAQUE DO DIA, ECONOMIA \/ POL\u00cdTICA Bahia Economica\" \/>\n<meta name=\"robots\" content=\"index, follow, max-snippet:-1, max-image-preview:large, max-video-preview:-1\" \/>\n<link rel=\"canonical\" href=\"https:\/\/bahiaeconomica.com.br\/wp\/2021\/03\/23\/bancos-nao-fecharao-em-feriado-antecipado-de-sp\/\" \/>\n<meta property=\"og:locale\" content=\"pt_BR\" \/>\n<meta property=\"og:type\" content=\"article\" \/>\n<meta property=\"og:title\" content=\"BANCOS N\u00c3O FECHAR\u00c3O EM FERIADO ANTECIPADO DE SP - Bahia Economica\" \/>\n<meta property=\"og:description\" content=\"O maior portal de Economia da Bahia DESTAQUE DO DIA, ECONOMIA \/ POL\u00cdTICA Bahia Economica\" \/>\n<meta property=\"og:url\" content=\"https:\/\/bahiaeconomica.com.br\/wp\/2021\/03\/23\/bancos-nao-fecharao-em-feriado-antecipado-de-sp\/\" \/>\n<meta property=\"og:site_name\" content=\"Bahia Economica\" \/>\n<meta property=\"article:publisher\" content=\"https:\/\/www.facebook.com\/bahiaeconomica\" \/>\n<meta property=\"article:published_time\" content=\"2021-03-23T16:15:05+00:00\" \/>\n<meta property=\"article:modified_time\" content=\"2021-03-23T16:07:26+00:00\" \/>\n<meta property=\"og:image\" content=\"https:\/\/bahiaeconomica.com.br\/wp\/wp-content\/uploads\/2020\/03\/BANCOS-2.jpg\" \/>\n\t<meta property=\"og:image:width\" content=\"360\" \/>\n\t<meta property=\"og:image:height\" content=\"220\" \/>\n\t<meta property=\"og:image:type\" content=\"image\/jpeg\" \/>\n<meta name=\"author\" content=\"admin\" \/>\n<meta name=\"twitter:card\" content=\"summary_large_image\" \/>\n<meta name=\"twitter:label1\" content=\"Escrito por\" \/>\n\t<meta name=\"twitter:data1\" content=\"admin\" \/>\n\t<meta name=\"twitter:label2\" content=\"Est. tempo de leitura\" \/>\n\t<meta name=\"twitter:data2\" content=\"1 minuto\" \/>\n<script type=\"application\/ld+json\" class=\"yoast-schema-graph\">{\"@context\":\"https:\/\/schema.org\",\"@graph\":[{\"@type\":\"Article\",\"@id\":\"https:\/\/bahiaeconomica.com.br\/wp\/2021\/03\/23\/bancos-nao-fecharao-em-feriado-antecipado-de-sp\/#article\",\"isPartOf\":{\"@id\":\"https:\/\/bahiaeconomica.com.br\/wp\/2021\/03\/23\/bancos-nao-fecharao-em-feriado-antecipado-de-sp\/\"},\"author\":{\"name\":\"admin\",\"@id\":\"https:\/\/bahiaeconomica.com.br\/wp\/#\/schema\/person\/cb1ab5ba96ad3d9390805381c76284ec\"},\"headline\":\"BANCOS N\u00c3O FECHAR\u00c3O EM FERIADO ANTECIPADO DE SP\",\"datePublished\":\"2021-03-23T16:15:05+00:00\",\"dateModified\":\"2021-03-23T16:07:26+00:00\",\"mainEntityOfPage\":{\"@id\":\"https:\/\/bahiaeconomica.com.br\/wp\/2021\/03\/23\/bancos-nao-fecharao-em-feriado-antecipado-de-sp\/\"},\"wordCount\":298,\"publisher\":{\"@id\":\"https:\/\/bahiaeconomica.com.br\/wp\/#organization\"},\"articleSection\":[\"DESTAQUE DO DIA\",\"ECONOMIA \/ POL\u00cdTICA\"],\"inLanguage\":\"pt-BR\"},{\"@type\":\"WebPage\",\"@id\":\"https:\/\/bahiaeconomica.com.br\/wp\/2021\/03\/23\/bancos-nao-fecharao-em-feriado-antecipado-de-sp\/\",\"url\":\"https:\/\/bahiaeconomica.com.br\/wp\/2021\/03\/23\/bancos-nao-fecharao-em-feriado-antecipado-de-sp\/\",\"name\":\"BANCOS N\u00c3O FECHAR\u00c3O EM FERIADO ANTECIPADO DE SP - Bahia Economica\",\"isPartOf\":{\"@id\":\"https:\/\/bahiaeconomica.com.br\/wp\/#website\"},\"datePublished\":\"2021-03-23T16:15:05+00:00\",\"dateModified\":\"2021-03-23T16:07:26+00:00\",\"description\":\"O maior portal de Economia da Bahia DESTAQUE DO DIA, ECONOMIA \/ POL\u00cdTICA Bahia Economica\",\"breadcrumb\":{\"@id\":\"https:\/\/bahiaeconomica.com.br\/wp\/2021\/03\/23\/bancos-nao-fecharao-em-feriado-antecipado-de-sp\/#breadcrumb\"},\"inLanguage\":\"pt-BR\",\"potentialAction\":[{\"@type\":\"ReadAction\",\"target\":[\"https:\/\/bahiaeconomica.com.br\/wp\/2021\/03\/23\/bancos-nao-fecharao-em-feriado-antecipado-de-sp\/\"]}]},{\"@type\":\"BreadcrumbList\",\"@id\":\"https:\/\/bahiaeconomica.com.br\/wp\/2021\/03\/23\/bancos-nao-fecharao-em-feriado-antecipado-de-sp\/#breadcrumb\",\"itemListElement\":[{\"@type\":\"ListItem\",\"position\":1,\"name\":\"In\u00edcio\",\"item\":\"https:\/\/bahiaeconomica.com.br\/wp\/\"},{\"@type\":\"ListItem\",\"position\":2,\"name\":\"BANCOS N\u00c3O FECHAR\u00c3O EM FERIADO ANTECIPADO DE SP\"}]},{\"@type\":\"WebSite\",\"@id\":\"https:\/\/bahiaeconomica.com.br\/wp\/#website\",\"url\":\"https:\/\/bahiaeconomica.com.br\/wp\/\",\"name\":\"Bahia Economica\",\"description\":\"O maior portal de Economia da Bahia\",\"publisher\":{\"@id\":\"https:\/\/bahiaeconomica.com.br\/wp\/#organization\"},\"potentialAction\":[{\"@type\":\"SearchAction\",\"target\":{\"@type\":\"EntryPoint\",\"urlTemplate\":\"https:\/\/bahiaeconomica.com.br\/wp\/?s={search_term_string}\"},\"query-input\":\"required name=search_term_string\"}],\"inLanguage\":\"pt-BR\"},{\"@type\":\"Organization\",\"@id\":\"https:\/\/bahiaeconomica.com.br\/wp\/#organization\",\"name\":\"Bahia Econ\u00f4mica\",\"url\":\"https:\/\/bahiaeconomica.com.br\/wp\/\",\"logo\":{\"@type\":\"ImageObject\",\"inLanguage\":\"pt-BR\",\"@id\":\"https:\/\/bahiaeconomica.com.br\/wp\/#\/schema\/logo\/image\/\",\"url\":\"https:\/\/bahiaeconomica.com.br\/wp\/wp-content\/uploads\/2020\/12\/cropped-BE.png\",\"contentUrl\":\"https:\/\/bahiaeconomica.com.br\/wp\/wp-content\/uploads\/2020\/12\/cropped-BE.png\",\"width\":512,\"height\":512,\"caption\":\"Bahia Econ\u00f4mica\"},\"image\":{\"@id\":\"https:\/\/bahiaeconomica.com.br\/wp\/#\/schema\/logo\/image\/\"},\"sameAs\":[\"https:\/\/www.facebook.com\/bahiaeconomica\"]},{\"@type\":\"Person\",\"@id\":\"https:\/\/bahiaeconomica.com.br\/wp\/#\/schema\/person\/cb1ab5ba96ad3d9390805381c76284ec\",\"name\":\"admin\",\"url\":\"https:\/\/bahiaeconomica.com.br\/wp\/author\/admin\/\"}]}<\/script>\n<!-- \/ Yoast SEO plugin. -->","yoast_head_json":{"title":"BANCOS N\u00c3O FECHAR\u00c3O EM FERIADO ANTECIPADO DE SP - Bahia Economica","description":"O maior portal de Economia da Bahia DESTAQUE DO DIA, ECONOMIA \/ POL\u00cdTICA Bahia Economica","robots":{"index":"index","follow":"follow","max-snippet":"max-snippet:-1","max-image-preview":"max-image-preview:large","max-video-preview":"max-video-preview:-1"},"canonical":"https:\/\/bahiaeconomica.com.br\/wp\/2021\/03\/23\/bancos-nao-fecharao-em-feriado-antecipado-de-sp\/","og_locale":"pt_BR","og_type":"article","og_title":"BANCOS N\u00c3O FECHAR\u00c3O EM FERIADO ANTECIPADO DE SP - Bahia Economica","og_description":"O maior portal de Economia da Bahia DESTAQUE DO DIA, ECONOMIA \/ POL\u00cdTICA Bahia Economica","og_url":"https:\/\/bahiaeconomica.com.br\/wp\/2021\/03\/23\/bancos-nao-fecharao-em-feriado-antecipado-de-sp\/","og_site_name":"Bahia Economica","article_publisher":"https:\/\/www.facebook.com\/bahiaeconomica","article_published_time":"2021-03-23T16:15:05+00:00","article_modified_time":"2021-03-23T16:07:26+00:00","og_image":[{"width":360,"height":220,"url":"https:\/\/bahiaeconomica.com.br\/wp\/wp-content\/uploads\/2020\/03\/BANCOS-2.jpg","type":"image\/jpeg"}],"author":"admin","twitter_card":"summary_large_image","twitter_misc":{"Escrito por":"admin","Est. tempo de leitura":"1 minuto"},"schema":{"@context":"https:\/\/schema.org","@graph":[{"@type":"Article","@id":"https:\/\/bahiaeconomica.com.br\/wp\/2021\/03\/23\/bancos-nao-fecharao-em-feriado-antecipado-de-sp\/#article","isPartOf":{"@id":"https:\/\/bahiaeconomica.com.br\/wp\/2021\/03\/23\/bancos-nao-fecharao-em-feriado-antecipado-de-sp\/"},"author":{"name":"admin","@id":"https:\/\/bahiaeconomica.com.br\/wp\/#\/schema\/person\/cb1ab5ba96ad3d9390805381c76284ec"},"headline":"BANCOS N\u00c3O FECHAR\u00c3O EM FERIADO ANTECIPADO DE SP","datePublished":"2021-03-23T16:15:05+00:00","dateModified":"2021-03-23T16:07:26+00:00","mainEntityOfPage":{"@id":"https:\/\/bahiaeconomica.com.br\/wp\/2021\/03\/23\/bancos-nao-fecharao-em-feriado-antecipado-de-sp\/"},"wordCount":298,"publisher":{"@id":"https:\/\/bahiaeconomica.com.br\/wp\/#organization"},"articleSection":["DESTAQUE DO DIA","ECONOMIA \/ POL\u00cdTICA"],"inLanguage":"pt-BR"},{"@type":"WebPage","@id":"https:\/\/bahiaeconomica.com.br\/wp\/2021\/03\/23\/bancos-nao-fecharao-em-feriado-antecipado-de-sp\/","url":"https:\/\/bahiaeconomica.com.br\/wp\/2021\/03\/23\/bancos-nao-fecharao-em-feriado-antecipado-de-sp\/","name":"BANCOS N\u00c3O FECHAR\u00c3O EM FERIADO ANTECIPADO DE SP - Bahia Economica","isPartOf":{"@id":"https:\/\/bahiaeconomica.com.br\/wp\/#website"},"datePublished":"2021-03-23T16:15:05+00:00","dateModified":"2021-03-23T16:07:26+00:00","description":"O maior portal de Economia da Bahia DESTAQUE DO DIA, ECONOMIA \/ POL\u00cdTICA Bahia Economica","breadcrumb":{"@id":"https:\/\/bahiaeconomica.com.br\/wp\/2021\/03\/23\/bancos-nao-fecharao-em-feriado-antecipado-de-sp\/#breadcrumb"},"inLanguage":"pt-BR","potentialAction":[{"@type":"ReadAction","target":["https:\/\/bahiaeconomica.com.br\/wp\/2021\/03\/23\/bancos-nao-fecharao-em-feriado-antecipado-de-sp\/"]}]},{"@type":"BreadcrumbList","@id":"https:\/\/bahiaeconomica.com.br\/wp\/2021\/03\/23\/bancos-nao-fecharao-em-feriado-antecipado-de-sp\/#breadcrumb","itemListElement":[{"@type":"ListItem","position":1,"name":"In\u00edcio","item":"https:\/\/bahiaeconomica.com.br\/wp\/"},{"@type":"ListItem","position":2,"name":"BANCOS N\u00c3O FECHAR\u00c3O EM FERIADO ANTECIPADO DE SP"}]},{"@type":"WebSite","@id":"https:\/\/bahiaeconomica.com.br\/wp\/#website","url":"https:\/\/bahiaeconomica.com.br\/wp\/","name":"Bahia Economica","description":"O maior portal de Economia da Bahia","publisher":{"@id":"https:\/\/bahiaeconomica.com.br\/wp\/#organization"},"potentialAction":[{"@type":"SearchAction","target":{"@type":"EntryPoint","urlTemplate":"https:\/\/bahiaeconomica.com.br\/wp\/?s={search_term_string}"},"query-input":"required name=search_term_string"}],"inLanguage":"pt-BR"},{"@type":"Organization","@id":"https:\/\/bahiaeconomica.com.br\/wp\/#organization","name":"Bahia Econ\u00f4mica","url":"https:\/\/bahiaeconomica.com.br\/wp\/","logo":{"@type":"ImageObject","inLanguage":"pt-BR","@id":"https:\/\/bahiaeconomica.com.br\/wp\/#\/schema\/logo\/image\/","url":"https:\/\/bahiaeconomica.com.br\/wp\/wp-content\/uploads\/2020\/12\/cropped-BE.png","contentUrl":"https:\/\/bahiaeconomica.com.br\/wp\/wp-content\/uploads\/2020\/12\/cropped-BE.png","width":512,"height":512,"caption":"Bahia Econ\u00f4mica"},"image":{"@id":"https:\/\/bahiaeconomica.com.br\/wp\/#\/schema\/logo\/image\/"},"sameAs":["https:\/\/www.facebook.com\/bahiaeconomica"]},{"@type":"Person","@id":"https:\/\/bahiaeconomica.com.br\/wp\/#\/schema\/person\/cb1ab5ba96ad3d9390805381c76284ec","name":"admin","url":"https:\/\/bahiaeconomica.com.br\/wp\/author\/admin\/"}]}},"views":1,"_links":{"self":[{"href":"https:\/\/bahiaeconomica.com.br\/wp\/wp-json\/wp\/v2\/posts\/547032"}],"collection":[{"href":"https:\/\/bahiaeconomica.com.br\/wp\/wp-json\/wp\/v2\/posts"}],"about":[{"href":"https:\/\/bahiaeconomica.com.br\/wp\/wp-json\/wp\/v2\/types\/post"}],"author":[{"embeddable":true,"href":"https:\/\/bahiaeconomica.com.br\/wp\/wp-json\/wp\/v2\/users\/1"}],"replies":[{"embeddable":true,"href":"https:\/\/bahiaeconomica.com.br\/wp\/wp-json\/wp\/v2\/comments?post=547032"}],"version-history":[{"count":1,"href":"https:\/\/bahiaeconomica.com.br\/wp\/wp-json\/wp\/v2\/posts\/547032\/revisions"}],"predecessor-version":[{"id":547034,"href":"https:\/\/bahiaeconomica.com.br\/wp\/wp-json\/wp\/v2\/posts\/547032\/revisions\/547034"}],"wp:featuredmedia":[{"embeddable":true,"href":"https:\/\/bahiaeconomica.com.br\/wp\/wp-json\/wp\/v2\/media\/446773"}],"wp:attachment":[{"href":"https:\/\/bahiaeconomica.com.br\/wp\/wp-json\/wp\/v2\/media?parent=547032"}],"wp:term":[{"taxonomy":"category","embeddable":true,"href":"https:\/\/bahiaeconomica.com.br\/wp\/wp-json\/wp\/v2\/categories?post=547032"},{"taxonomy":"post_tag","embeddable":true,"href":"https:\/\/bahiaeconomica.com.br\/wp\/wp-json\/wp\/v2\/tags?post=547032"}],"curies":[{"name":"wp","href":"https:\/\/api.w.org\/{rel}","templated":true}]}}