{"id":546419,"date":"2021-03-19T17:55:10","date_gmt":"2021-03-19T20:55:10","guid":{"rendered":"https:\/\/bahiaeconomica.com.br\/wp\/beta\/?p=546419"},"modified":"2021-03-19T17:58:24","modified_gmt":"2021-03-19T20:58:24","slug":"covid-19-situacao-em-feira-ainda-pode-piorar-alerta-secretario","status":"publish","type":"post","link":"https:\/\/bahiaeconomica.com.br\/wp\/2021\/03\/19\/covid-19-situacao-em-feira-ainda-pode-piorar-alerta-secretario\/","title":{"rendered":"COVID-19: SITUA\u00c7\u00c3O EM FEIRA AINDA PODE PIORAR, ALERTA SECRET\u00c1RIO"},"content":{"rendered":"<p>Al\u00e9m dos 50 \u00f3bitos registrados ontem (18), Feira de Santana sofre com o aumento do n\u00famero de infectados, com superlota\u00e7\u00e3o de leitos<!--more-->, aquisi\u00e7\u00e3o de insumos hospitalares e o desrespeito da popula\u00e7\u00e3o em rela\u00e7\u00e3o \u00e0s medidas restritivas.<\/p>\n<p>Ainda assim, o secret\u00e1rio municipal de sa\u00fade, o m\u00e9dico Marcelo Brito, falou sobre a possibilidade de falta de medicamentos para tratar a Covid-19 e oxig\u00eanio no munic\u00edpio de Feira de Santana. Segundo Marcelo Brito, em Feira de Santana n\u00e3o h\u00e1 ainda uma falta espec\u00edfica de medicamentos, mas esta \u00e9 uma grande preocupa\u00e7\u00e3o de todos.<\/p>\n<p>\u201cS\u00e3o os efeitos colaterais que a covid est\u00e1 provocando. Com o consumo maior desses medicamentos, a possibilidade de falta come\u00e7a a se tornar real. N\u00e3o s\u00f3 medicamentos, mas tamb\u00e9m oxig\u00eanio. As policl\u00ednicas e UPAs t\u00eam um determinado consumo e a previs\u00e3o de ampliar em demasia. Estamos tentando abastecer essas unidades na maior quantidade poss\u00edvel. Mas, os pr\u00f3prios fornecedores come\u00e7am a apontar o esgotamento da produ\u00e7\u00e3o. Estamos bastante preocupados com essa situa\u00e7\u00e3o e viemos mais uma vez pedir apoio da popula\u00e7\u00e3o para adotar as medidas sanit\u00e1rias. De usar m\u00e1scara, lavar as m\u00e3os, usar \u00e1lcool em gel e principalmente n\u00e3o gerar aglomera\u00e7\u00e3o\u201d, afirmou ao Acorda Cidade.<\/p>\n<p>Marcelo Brito declarou que n\u00e3o tem a informa\u00e7\u00e3o precisa do estoque de medicamentos para intuba\u00e7\u00e3o e do oxig\u00eanio, porque esses dados s\u00e3o passados pelas empresas terceirizadas e a prefeitura tem dificuldade na informatiza\u00e7\u00e3o dos dados. \u201cA gente n\u00e3o consegue obter isso em tempo real, pede-se a informa\u00e7\u00e3o e aguarda, por email. Estamos lutando muito para informatizar e ter acesso em tempo real sobre a utiliza\u00e7\u00e3o e o estoque dos medicamentos.Temos R$2.800.000 para comprar computadores. O prefeito autorizou e estamos correndo com a licita\u00e7\u00e3o. Vivemos uma preocupa\u00e7\u00e3o nacional e n\u00e3o espec\u00edfica de Feira de Santana\u201d, declarou.<\/p>\n","protected":false},"excerpt":{"rendered":"<p>Al\u00e9m dos 50 \u00f3bitos registrados ontem (18), Feira de Santana sofre com o aumento do n\u00famero de infectados, com superlota\u00e7\u00e3o de leitos<\/p>\n","protected":false},"author":1,"featured_media":546421,"comment_status":"closed","ping_status":"closed","sticky":false,"template":"","format":"standard","meta":[],"categories":[3],"tags":[],"acf":[],"yoast_head":"<!-- This site is optimized with the Yoast SEO plugin v20.8 - https:\/\/yoast.com\/wordpress\/plugins\/seo\/ -->\n<title>COVID-19: SITUA\u00c7\u00c3O EM FEIRA AINDA PODE PIORAR, ALERTA SECRET\u00c1RIO - Bahia Economica<\/title>\n<meta name=\"description\" content=\"O maior portal de Economia da Bahia ECONOMIA \/ POL\u00cdTICA Bahia Economica\" \/>\n<meta name=\"robots\" content=\"index, follow, max-snippet:-1, max-image-preview:large, max-video-preview:-1\" \/>\n<link rel=\"canonical\" href=\"https:\/\/bahiaeconomica.com.br\/wp\/2021\/03\/19\/covid-19-situacao-em-feira-ainda-pode-piorar-alerta-secretario\/\" \/>\n<meta property=\"og:locale\" content=\"pt_BR\" \/>\n<meta property=\"og:type\" content=\"article\" \/>\n<meta property=\"og:title\" content=\"COVID-19: SITUA\u00c7\u00c3O EM FEIRA AINDA PODE PIORAR, ALERTA SECRET\u00c1RIO - Bahia Economica\" \/>\n<meta property=\"og:description\" content=\"O maior portal de Economia da Bahia ECONOMIA \/ POL\u00cdTICA Bahia Economica\" \/>\n<meta property=\"og:url\" content=\"https:\/\/bahiaeconomica.com.br\/wp\/2021\/03\/19\/covid-19-situacao-em-feira-ainda-pode-piorar-alerta-secretario\/\" \/>\n<meta property=\"og:site_name\" content=\"Bahia Economica\" \/>\n<meta property=\"article:publisher\" content=\"https:\/\/www.facebook.com\/bahiaeconomica\" \/>\n<meta property=\"article:published_time\" content=\"2021-03-19T20:55:10+00:00\" \/>\n<meta property=\"article:modified_time\" content=\"2021-03-19T20:58:24+00:00\" \/>\n<meta property=\"og:image\" content=\"https:\/\/bahiaeconomica.com.br\/wp\/wp-content\/uploads\/2021\/03\/Capitation-Reverso-entenda-a-proposta-da-CNSaude-para-a-saude-suplementar.jpg\" \/>\n\t<meta property=\"og:image:width\" content=\"600\" \/>\n\t<meta property=\"og:image:height\" content=\"400\" \/>\n\t<meta property=\"og:image:type\" content=\"image\/jpeg\" \/>\n<meta name=\"author\" content=\"admin\" \/>\n<meta name=\"twitter:card\" content=\"summary_large_image\" \/>\n<meta name=\"twitter:label1\" content=\"Escrito por\" \/>\n\t<meta name=\"twitter:data1\" content=\"admin\" \/>\n\t<meta name=\"twitter:label2\" content=\"Est. tempo de leitura\" \/>\n\t<meta name=\"twitter:data2\" content=\"2 minutos\" \/>\n<script type=\"application\/ld+json\" class=\"yoast-schema-graph\">{\"@context\":\"https:\/\/schema.org\",\"@graph\":[{\"@type\":\"Article\",\"@id\":\"https:\/\/bahiaeconomica.com.br\/wp\/2021\/03\/19\/covid-19-situacao-em-feira-ainda-pode-piorar-alerta-secretario\/#article\",\"isPartOf\":{\"@id\":\"https:\/\/bahiaeconomica.com.br\/wp\/2021\/03\/19\/covid-19-situacao-em-feira-ainda-pode-piorar-alerta-secretario\/\"},\"author\":{\"name\":\"admin\",\"@id\":\"https:\/\/bahiaeconomica.com.br\/wp\/#\/schema\/person\/cb1ab5ba96ad3d9390805381c76284ec\"},\"headline\":\"COVID-19: SITUA\u00c7\u00c3O EM FEIRA AINDA PODE PIORAR, ALERTA SECRET\u00c1RIO\",\"datePublished\":\"2021-03-19T20:55:10+00:00\",\"dateModified\":\"2021-03-19T20:58:24+00:00\",\"mainEntityOfPage\":{\"@id\":\"https:\/\/bahiaeconomica.com.br\/wp\/2021\/03\/19\/covid-19-situacao-em-feira-ainda-pode-piorar-alerta-secretario\/\"},\"wordCount\":344,\"publisher\":{\"@id\":\"https:\/\/bahiaeconomica.com.br\/wp\/#organization\"},\"articleSection\":[\"ECONOMIA \/ POL\u00cdTICA\"],\"inLanguage\":\"pt-BR\"},{\"@type\":\"WebPage\",\"@id\":\"https:\/\/bahiaeconomica.com.br\/wp\/2021\/03\/19\/covid-19-situacao-em-feira-ainda-pode-piorar-alerta-secretario\/\",\"url\":\"https:\/\/bahiaeconomica.com.br\/wp\/2021\/03\/19\/covid-19-situacao-em-feira-ainda-pode-piorar-alerta-secretario\/\",\"name\":\"COVID-19: SITUA\u00c7\u00c3O EM FEIRA AINDA PODE PIORAR, ALERTA SECRET\u00c1RIO - Bahia Economica\",\"isPartOf\":{\"@id\":\"https:\/\/bahiaeconomica.com.br\/wp\/#website\"},\"datePublished\":\"2021-03-19T20:55:10+00:00\",\"dateModified\":\"2021-03-19T20:58:24+00:00\",\"description\":\"O maior portal de Economia da Bahia ECONOMIA \/ POL\u00cdTICA Bahia Economica\",\"breadcrumb\":{\"@id\":\"https:\/\/bahiaeconomica.com.br\/wp\/2021\/03\/19\/covid-19-situacao-em-feira-ainda-pode-piorar-alerta-secretario\/#breadcrumb\"},\"inLanguage\":\"pt-BR\",\"potentialAction\":[{\"@type\":\"ReadAction\",\"target\":[\"https:\/\/bahiaeconomica.com.br\/wp\/2021\/03\/19\/covid-19-situacao-em-feira-ainda-pode-piorar-alerta-secretario\/\"]}]},{\"@type\":\"BreadcrumbList\",\"@id\":\"https:\/\/bahiaeconomica.com.br\/wp\/2021\/03\/19\/covid-19-situacao-em-feira-ainda-pode-piorar-alerta-secretario\/#breadcrumb\",\"itemListElement\":[{\"@type\":\"ListItem\",\"position\":1,\"name\":\"In\u00edcio\",\"item\":\"https:\/\/bahiaeconomica.com.br\/wp\/\"},{\"@type\":\"ListItem\",\"position\":2,\"name\":\"COVID-19: SITUA\u00c7\u00c3O EM FEIRA AINDA PODE PIORAR, ALERTA SECRET\u00c1RIO\"}]},{\"@type\":\"WebSite\",\"@id\":\"https:\/\/bahiaeconomica.com.br\/wp\/#website\",\"url\":\"https:\/\/bahiaeconomica.com.br\/wp\/\",\"name\":\"Bahia Economica\",\"description\":\"O maior portal de Economia da Bahia\",\"publisher\":{\"@id\":\"https:\/\/bahiaeconomica.com.br\/wp\/#organization\"},\"potentialAction\":[{\"@type\":\"SearchAction\",\"target\":{\"@type\":\"EntryPoint\",\"urlTemplate\":\"https:\/\/bahiaeconomica.com.br\/wp\/?s={search_term_string}\"},\"query-input\":\"required name=search_term_string\"}],\"inLanguage\":\"pt-BR\"},{\"@type\":\"Organization\",\"@id\":\"https:\/\/bahiaeconomica.com.br\/wp\/#organization\",\"name\":\"Bahia Econ\u00f4mica\",\"url\":\"https:\/\/bahiaeconomica.com.br\/wp\/\",\"logo\":{\"@type\":\"ImageObject\",\"inLanguage\":\"pt-BR\",\"@id\":\"https:\/\/bahiaeconomica.com.br\/wp\/#\/schema\/logo\/image\/\",\"url\":\"https:\/\/bahiaeconomica.com.br\/wp\/wp-content\/uploads\/2020\/12\/cropped-BE.png\",\"contentUrl\":\"https:\/\/bahiaeconomica.com.br\/wp\/wp-content\/uploads\/2020\/12\/cropped-BE.png\",\"width\":512,\"height\":512,\"caption\":\"Bahia Econ\u00f4mica\"},\"image\":{\"@id\":\"https:\/\/bahiaeconomica.com.br\/wp\/#\/schema\/logo\/image\/\"},\"sameAs\":[\"https:\/\/www.facebook.com\/bahiaeconomica\"]},{\"@type\":\"Person\",\"@id\":\"https:\/\/bahiaeconomica.com.br\/wp\/#\/schema\/person\/cb1ab5ba96ad3d9390805381c76284ec\",\"name\":\"admin\",\"url\":\"https:\/\/bahiaeconomica.com.br\/wp\/author\/admin\/\"}]}<\/script>\n<!-- \/ Yoast SEO plugin. -->","yoast_head_json":{"title":"COVID-19: SITUA\u00c7\u00c3O EM FEIRA AINDA PODE PIORAR, ALERTA SECRET\u00c1RIO - Bahia Economica","description":"O maior portal de Economia da Bahia ECONOMIA \/ POL\u00cdTICA Bahia Economica","robots":{"index":"index","follow":"follow","max-snippet":"max-snippet:-1","max-image-preview":"max-image-preview:large","max-video-preview":"max-video-preview:-1"},"canonical":"https:\/\/bahiaeconomica.com.br\/wp\/2021\/03\/19\/covid-19-situacao-em-feira-ainda-pode-piorar-alerta-secretario\/","og_locale":"pt_BR","og_type":"article","og_title":"COVID-19: SITUA\u00c7\u00c3O EM FEIRA AINDA PODE PIORAR, ALERTA SECRET\u00c1RIO - Bahia Economica","og_description":"O maior portal de Economia da Bahia ECONOMIA \/ POL\u00cdTICA Bahia Economica","og_url":"https:\/\/bahiaeconomica.com.br\/wp\/2021\/03\/19\/covid-19-situacao-em-feira-ainda-pode-piorar-alerta-secretario\/","og_site_name":"Bahia Economica","article_publisher":"https:\/\/www.facebook.com\/bahiaeconomica","article_published_time":"2021-03-19T20:55:10+00:00","article_modified_time":"2021-03-19T20:58:24+00:00","og_image":[{"width":600,"height":400,"url":"https:\/\/bahiaeconomica.com.br\/wp\/wp-content\/uploads\/2021\/03\/Capitation-Reverso-entenda-a-proposta-da-CNSaude-para-a-saude-suplementar.jpg","type":"image\/jpeg"}],"author":"admin","twitter_card":"summary_large_image","twitter_misc":{"Escrito por":"admin","Est. tempo de leitura":"2 minutos"},"schema":{"@context":"https:\/\/schema.org","@graph":[{"@type":"Article","@id":"https:\/\/bahiaeconomica.com.br\/wp\/2021\/03\/19\/covid-19-situacao-em-feira-ainda-pode-piorar-alerta-secretario\/#article","isPartOf":{"@id":"https:\/\/bahiaeconomica.com.br\/wp\/2021\/03\/19\/covid-19-situacao-em-feira-ainda-pode-piorar-alerta-secretario\/"},"author":{"name":"admin","@id":"https:\/\/bahiaeconomica.com.br\/wp\/#\/schema\/person\/cb1ab5ba96ad3d9390805381c76284ec"},"headline":"COVID-19: SITUA\u00c7\u00c3O EM FEIRA AINDA PODE PIORAR, ALERTA SECRET\u00c1RIO","datePublished":"2021-03-19T20:55:10+00:00","dateModified":"2021-03-19T20:58:24+00:00","mainEntityOfPage":{"@id":"https:\/\/bahiaeconomica.com.br\/wp\/2021\/03\/19\/covid-19-situacao-em-feira-ainda-pode-piorar-alerta-secretario\/"},"wordCount":344,"publisher":{"@id":"https:\/\/bahiaeconomica.com.br\/wp\/#organization"},"articleSection":["ECONOMIA \/ POL\u00cdTICA"],"inLanguage":"pt-BR"},{"@type":"WebPage","@id":"https:\/\/bahiaeconomica.com.br\/wp\/2021\/03\/19\/covid-19-situacao-em-feira-ainda-pode-piorar-alerta-secretario\/","url":"https:\/\/bahiaeconomica.com.br\/wp\/2021\/03\/19\/covid-19-situacao-em-feira-ainda-pode-piorar-alerta-secretario\/","name":"COVID-19: SITUA\u00c7\u00c3O EM FEIRA AINDA PODE PIORAR, ALERTA SECRET\u00c1RIO - Bahia Economica","isPartOf":{"@id":"https:\/\/bahiaeconomica.com.br\/wp\/#website"},"datePublished":"2021-03-19T20:55:10+00:00","dateModified":"2021-03-19T20:58:24+00:00","description":"O maior portal de Economia da Bahia ECONOMIA \/ POL\u00cdTICA Bahia Economica","breadcrumb":{"@id":"https:\/\/bahiaeconomica.com.br\/wp\/2021\/03\/19\/covid-19-situacao-em-feira-ainda-pode-piorar-alerta-secretario\/#breadcrumb"},"inLanguage":"pt-BR","potentialAction":[{"@type":"ReadAction","target":["https:\/\/bahiaeconomica.com.br\/wp\/2021\/03\/19\/covid-19-situacao-em-feira-ainda-pode-piorar-alerta-secretario\/"]}]},{"@type":"BreadcrumbList","@id":"https:\/\/bahiaeconomica.com.br\/wp\/2021\/03\/19\/covid-19-situacao-em-feira-ainda-pode-piorar-alerta-secretario\/#breadcrumb","itemListElement":[{"@type":"ListItem","position":1,"name":"In\u00edcio","item":"https:\/\/bahiaeconomica.com.br\/wp\/"},{"@type":"ListItem","position":2,"name":"COVID-19: SITUA\u00c7\u00c3O EM FEIRA AINDA PODE PIORAR, ALERTA SECRET\u00c1RIO"}]},{"@type":"WebSite","@id":"https:\/\/bahiaeconomica.com.br\/wp\/#website","url":"https:\/\/bahiaeconomica.com.br\/wp\/","name":"Bahia Economica","description":"O maior portal de Economia da Bahia","publisher":{"@id":"https:\/\/bahiaeconomica.com.br\/wp\/#organization"},"potentialAction":[{"@type":"SearchAction","target":{"@type":"EntryPoint","urlTemplate":"https:\/\/bahiaeconomica.com.br\/wp\/?s={search_term_string}"},"query-input":"required name=search_term_string"}],"inLanguage":"pt-BR"},{"@type":"Organization","@id":"https:\/\/bahiaeconomica.com.br\/wp\/#organization","name":"Bahia Econ\u00f4mica","url":"https:\/\/bahiaeconomica.com.br\/wp\/","logo":{"@type":"ImageObject","inLanguage":"pt-BR","@id":"https:\/\/bahiaeconomica.com.br\/wp\/#\/schema\/logo\/image\/","url":"https:\/\/bahiaeconomica.com.br\/wp\/wp-content\/uploads\/2020\/12\/cropped-BE.png","contentUrl":"https:\/\/bahiaeconomica.com.br\/wp\/wp-content\/uploads\/2020\/12\/cropped-BE.png","width":512,"height":512,"caption":"Bahia Econ\u00f4mica"},"image":{"@id":"https:\/\/bahiaeconomica.com.br\/wp\/#\/schema\/logo\/image\/"},"sameAs":["https:\/\/www.facebook.com\/bahiaeconomica"]},{"@type":"Person","@id":"https:\/\/bahiaeconomica.com.br\/wp\/#\/schema\/person\/cb1ab5ba96ad3d9390805381c76284ec","name":"admin","url":"https:\/\/bahiaeconomica.com.br\/wp\/author\/admin\/"}]}},"views":0,"_links":{"self":[{"href":"https:\/\/bahiaeconomica.com.br\/wp\/wp-json\/wp\/v2\/posts\/546419"}],"collection":[{"href":"https:\/\/bahiaeconomica.com.br\/wp\/wp-json\/wp\/v2\/posts"}],"about":[{"href":"https:\/\/bahiaeconomica.com.br\/wp\/wp-json\/wp\/v2\/types\/post"}],"author":[{"embeddable":true,"href":"https:\/\/bahiaeconomica.com.br\/wp\/wp-json\/wp\/v2\/users\/1"}],"replies":[{"embeddable":true,"href":"https:\/\/bahiaeconomica.com.br\/wp\/wp-json\/wp\/v2\/comments?post=546419"}],"version-history":[{"count":2,"href":"https:\/\/bahiaeconomica.com.br\/wp\/wp-json\/wp\/v2\/posts\/546419\/revisions"}],"predecessor-version":[{"id":546424,"href":"https:\/\/bahiaeconomica.com.br\/wp\/wp-json\/wp\/v2\/posts\/546419\/revisions\/546424"}],"wp:featuredmedia":[{"embeddable":true,"href":"https:\/\/bahiaeconomica.com.br\/wp\/wp-json\/wp\/v2\/media\/546421"}],"wp:attachment":[{"href":"https:\/\/bahiaeconomica.com.br\/wp\/wp-json\/wp\/v2\/media?parent=546419"}],"wp:term":[{"taxonomy":"category","embeddable":true,"href":"https:\/\/bahiaeconomica.com.br\/wp\/wp-json\/wp\/v2\/categories?post=546419"},{"taxonomy":"post_tag","embeddable":true,"href":"https:\/\/bahiaeconomica.com.br\/wp\/wp-json\/wp\/v2\/tags?post=546419"}],"curies":[{"name":"wp","href":"https:\/\/api.w.org\/{rel}","templated":true}]}}