{"id":545985,"date":"2021-03-18T18:39:52","date_gmt":"2021-03-18T21:39:52","guid":{"rendered":"https:\/\/bahiaeconomica.com.br\/wp\/beta\/?p=545985"},"modified":"2021-03-18T18:39:52","modified_gmt":"2021-03-18T21:39:52","slug":"corte-de-r-1-bi-em-universidades-federais-aumenta-evasao","status":"publish","type":"post","link":"https:\/\/bahiaeconomica.com.br\/wp\/2021\/03\/18\/corte-de-r-1-bi-em-universidades-federais-aumenta-evasao\/","title":{"rendered":"CORTE DE R$ 1 BI EM UNIVERSIDADES FEDERAIS AUMENTA EVAS\u00c3O"},"content":{"rendered":"<p>A Associa\u00e7\u00e3o Nacional dos Dirigentes das Institui\u00e7\u00f5es Federais de Ensino Superior (Andifes) teme que o corte de R$ 1,178 bilh\u00e3o no or\u00e7amento de universidades federais para 2021 tenha como consequ\u00eancia imediata o aumento na evas\u00e3o escolar. Presidente da entidade,<!--more--> Edward Madureira Brasil, que \u00e9 reitor da Universidade Federal de Goi\u00e1s (UFG), em entrevista coletiva nesta quinta-feira, informou que os recursos federais destinados aos programas de assist\u00eancia estudantil foram reduzidos em pouco mais de R$ 20,5 milh\u00f5es.<\/p>\n<p>\u2014 A situa\u00e7\u00e3o \u00e9 extremamente grave. \u00c9 a assist\u00eancia estudantil que permite que universit\u00e1rios de baixa renda estudem \u2014 diz Madureira Brasil.<\/p>\n<p>O reitor informa que 25% dos estudantes universit\u00e1rios do pa\u00eds v\u00eam de fam\u00edlias com renda per capita inferior a meio sal\u00e1rio m\u00ednimo e 50% de fam\u00edlias com renda inferior a um sal\u00e1rio m\u00ednimo e meio. Para esse estudante conseguir acompanhar as atividades, \u00e9 necess\u00e1rio bolsa-alimenta\u00e7\u00e3o, bolsa-moradia, assist\u00eancias diversas.<\/p>\n<p>\u2014 Os recursos que eram de R$ 1 bilh\u00e3o, em 2019, j\u00e1 ca\u00edram em 2020 e, agora, tem o corte adicional de R$ 237 milh\u00f5es, quase 20%. Ou seja, (veremos uma) consequente evas\u00e3o imediata desse estudantes \u2014 afirmou Madureira, acrescentando que muitos universit\u00e1rios utilizam recursos para alimentar suas fam\u00edlias: \u2014 Esse p\u00fablico \u00e9 o mesmo do aux\u00edlio-emergencial. Muitas vezes a alimenta\u00e7\u00e3o na casa se resolve com essa bolsa de assist\u00eancia estudantil.<\/p>\n<p>Al\u00e9m da assist\u00eancia estudantil, a redu\u00e7\u00e3o prevista atingir\u00e1 a manuten\u00e7\u00e3o e funcionamento das atividades essenciais de 69 universidades federais, al\u00e9m de seis criadas recentemente, afetando mais de 320 campi em todos os estados do pais.<\/p>\n<p>No Projeto de Lei Or\u00e7ament\u00e1ria enviado ao Congresso Nacional (PLOA) para 2021, a redu\u00e7\u00e3o para a Educa\u00e7\u00e3o \u00e9 de 18,2%, equivalente a R$ 1.056 bilh\u00f5es em rela\u00e7\u00e3o aos valores de 2020. No relat\u00f3rio setorial de Educa\u00e7\u00e3o da CMO, houve novos cortes, levando a uma redu\u00e7\u00e3o de mais R$ 121.817.870, que totaliza R$ 1.178 bilh\u00f5es.<\/p>\n<p>\u2014 Isso inviabiliza o funcionamento das universidades. Muitas delas j\u00e1 carregam d\u00edvidas do ano anterior e t\u00eam or\u00e7amento congelado h\u00e1 cinco anos. Agora teremos R$ 1,18 bilh\u00e3o a menos e num cen\u00e1rio onde o custo das universidades certamente crescer\u00e1 em fun\u00e7\u00e3o de adequa\u00e7\u00f5es para o retorno presencial, a necessidade de EPIs e de plataforma de ensino remoto (por conta da pandemia) que ter\u00e3o que ser contratadas. O or\u00e7amento que precisa crescer, diminui e levar\u00e1 ao colapso do sistema todo ao longo do ano \u2014 acrescentou o presidente da Andifes.<\/p>\n<p>Foto: Ag\u00eancia Brasil<\/p>\n","protected":false},"excerpt":{"rendered":"<p>A Associa\u00e7\u00e3o Nacional dos Dirigentes das Institui\u00e7\u00f5es Federais de Ensino Superior (Andifes) teme que o corte de R$ 1,178 bilh\u00e3o no or\u00e7amento de universidades federais para 2021 tenha como consequ\u00eancia imediata o aumento na evas\u00e3o escolar. Presidente da entidade,<\/p>\n","protected":false},"author":1,"featured_media":463809,"comment_status":"closed","ping_status":"closed","sticky":false,"template":"","format":"standard","meta":[],"categories":[14,3],"tags":[],"acf":[],"yoast_head":"<!-- This site is optimized with the Yoast SEO plugin v20.8 - https:\/\/yoast.com\/wordpress\/plugins\/seo\/ -->\n<title>CORTE DE R$ 1 BI EM UNIVERSIDADES FEDERAIS AUMENTA EVAS\u00c3O - Bahia Economica<\/title>\n<meta name=\"description\" content=\"O maior portal de Economia da Bahia DESTAQUE DO DIA, ECONOMIA \/ POL\u00cdTICA Bahia Economica\" \/>\n<meta name=\"robots\" content=\"index, follow, max-snippet:-1, max-image-preview:large, max-video-preview:-1\" \/>\n<link rel=\"canonical\" href=\"https:\/\/bahiaeconomica.com.br\/wp\/2021\/03\/18\/corte-de-r-1-bi-em-universidades-federais-aumenta-evasao\/\" \/>\n<meta property=\"og:locale\" content=\"pt_BR\" \/>\n<meta property=\"og:type\" content=\"article\" \/>\n<meta property=\"og:title\" content=\"CORTE DE R$ 1 BI EM UNIVERSIDADES FEDERAIS AUMENTA EVAS\u00c3O - Bahia Economica\" \/>\n<meta property=\"og:description\" content=\"O maior portal de Economia da Bahia DESTAQUE DO DIA, ECONOMIA \/ POL\u00cdTICA Bahia Economica\" \/>\n<meta property=\"og:url\" content=\"https:\/\/bahiaeconomica.com.br\/wp\/2021\/03\/18\/corte-de-r-1-bi-em-universidades-federais-aumenta-evasao\/\" \/>\n<meta property=\"og:site_name\" content=\"Bahia Economica\" \/>\n<meta property=\"article:publisher\" content=\"https:\/\/www.facebook.com\/bahiaeconomica\" \/>\n<meta property=\"article:published_time\" content=\"2021-03-18T21:39:52+00:00\" \/>\n<meta property=\"og:image\" content=\"https:\/\/bahiaeconomica.com.br\/wp\/wp-content\/uploads\/2020\/05\/alunos-universitarios-estudantes-enem.jpg\" \/>\n\t<meta property=\"og:image:width\" content=\"500\" \/>\n\t<meta property=\"og:image:height\" content=\"300\" \/>\n\t<meta property=\"og:image:type\" content=\"image\/jpeg\" \/>\n<meta name=\"author\" content=\"admin\" \/>\n<meta name=\"twitter:card\" content=\"summary_large_image\" \/>\n<meta name=\"twitter:label1\" content=\"Escrito por\" \/>\n\t<meta name=\"twitter:data1\" content=\"admin\" \/>\n\t<meta name=\"twitter:label2\" content=\"Est. tempo de leitura\" \/>\n\t<meta name=\"twitter:data2\" content=\"2 minutos\" \/>\n<script type=\"application\/ld+json\" class=\"yoast-schema-graph\">{\"@context\":\"https:\/\/schema.org\",\"@graph\":[{\"@type\":\"Article\",\"@id\":\"https:\/\/bahiaeconomica.com.br\/wp\/2021\/03\/18\/corte-de-r-1-bi-em-universidades-federais-aumenta-evasao\/#article\",\"isPartOf\":{\"@id\":\"https:\/\/bahiaeconomica.com.br\/wp\/2021\/03\/18\/corte-de-r-1-bi-em-universidades-federais-aumenta-evasao\/\"},\"author\":{\"name\":\"admin\",\"@id\":\"https:\/\/bahiaeconomica.com.br\/wp\/#\/schema\/person\/cb1ab5ba96ad3d9390805381c76284ec\"},\"headline\":\"CORTE DE R$ 1 BI EM UNIVERSIDADES FEDERAIS AUMENTA EVAS\u00c3O\",\"datePublished\":\"2021-03-18T21:39:52+00:00\",\"dateModified\":\"2021-03-18T21:39:52+00:00\",\"mainEntityOfPage\":{\"@id\":\"https:\/\/bahiaeconomica.com.br\/wp\/2021\/03\/18\/corte-de-r-1-bi-em-universidades-federais-aumenta-evasao\/\"},\"wordCount\":435,\"publisher\":{\"@id\":\"https:\/\/bahiaeconomica.com.br\/wp\/#organization\"},\"articleSection\":[\"DESTAQUE DO DIA\",\"ECONOMIA \/ POL\u00cdTICA\"],\"inLanguage\":\"pt-BR\"},{\"@type\":\"WebPage\",\"@id\":\"https:\/\/bahiaeconomica.com.br\/wp\/2021\/03\/18\/corte-de-r-1-bi-em-universidades-federais-aumenta-evasao\/\",\"url\":\"https:\/\/bahiaeconomica.com.br\/wp\/2021\/03\/18\/corte-de-r-1-bi-em-universidades-federais-aumenta-evasao\/\",\"name\":\"CORTE DE R$ 1 BI EM UNIVERSIDADES FEDERAIS AUMENTA EVAS\u00c3O - Bahia Economica\",\"isPartOf\":{\"@id\":\"https:\/\/bahiaeconomica.com.br\/wp\/#website\"},\"datePublished\":\"2021-03-18T21:39:52+00:00\",\"dateModified\":\"2021-03-18T21:39:52+00:00\",\"description\":\"O maior portal de Economia da Bahia DESTAQUE DO DIA, ECONOMIA \/ POL\u00cdTICA Bahia Economica\",\"breadcrumb\":{\"@id\":\"https:\/\/bahiaeconomica.com.br\/wp\/2021\/03\/18\/corte-de-r-1-bi-em-universidades-federais-aumenta-evasao\/#breadcrumb\"},\"inLanguage\":\"pt-BR\",\"potentialAction\":[{\"@type\":\"ReadAction\",\"target\":[\"https:\/\/bahiaeconomica.com.br\/wp\/2021\/03\/18\/corte-de-r-1-bi-em-universidades-federais-aumenta-evasao\/\"]}]},{\"@type\":\"BreadcrumbList\",\"@id\":\"https:\/\/bahiaeconomica.com.br\/wp\/2021\/03\/18\/corte-de-r-1-bi-em-universidades-federais-aumenta-evasao\/#breadcrumb\",\"itemListElement\":[{\"@type\":\"ListItem\",\"position\":1,\"name\":\"In\u00edcio\",\"item\":\"https:\/\/bahiaeconomica.com.br\/wp\/\"},{\"@type\":\"ListItem\",\"position\":2,\"name\":\"CORTE DE R$ 1 BI EM UNIVERSIDADES FEDERAIS AUMENTA EVAS\u00c3O\"}]},{\"@type\":\"WebSite\",\"@id\":\"https:\/\/bahiaeconomica.com.br\/wp\/#website\",\"url\":\"https:\/\/bahiaeconomica.com.br\/wp\/\",\"name\":\"Bahia Economica\",\"description\":\"O maior portal de Economia da Bahia\",\"publisher\":{\"@id\":\"https:\/\/bahiaeconomica.com.br\/wp\/#organization\"},\"potentialAction\":[{\"@type\":\"SearchAction\",\"target\":{\"@type\":\"EntryPoint\",\"urlTemplate\":\"https:\/\/bahiaeconomica.com.br\/wp\/?s={search_term_string}\"},\"query-input\":\"required name=search_term_string\"}],\"inLanguage\":\"pt-BR\"},{\"@type\":\"Organization\",\"@id\":\"https:\/\/bahiaeconomica.com.br\/wp\/#organization\",\"name\":\"Bahia Econ\u00f4mica\",\"url\":\"https:\/\/bahiaeconomica.com.br\/wp\/\",\"logo\":{\"@type\":\"ImageObject\",\"inLanguage\":\"pt-BR\",\"@id\":\"https:\/\/bahiaeconomica.com.br\/wp\/#\/schema\/logo\/image\/\",\"url\":\"https:\/\/bahiaeconomica.com.br\/wp\/wp-content\/uploads\/2020\/12\/cropped-BE.png\",\"contentUrl\":\"https:\/\/bahiaeconomica.com.br\/wp\/wp-content\/uploads\/2020\/12\/cropped-BE.png\",\"width\":512,\"height\":512,\"caption\":\"Bahia Econ\u00f4mica\"},\"image\":{\"@id\":\"https:\/\/bahiaeconomica.com.br\/wp\/#\/schema\/logo\/image\/\"},\"sameAs\":[\"https:\/\/www.facebook.com\/bahiaeconomica\"]},{\"@type\":\"Person\",\"@id\":\"https:\/\/bahiaeconomica.com.br\/wp\/#\/schema\/person\/cb1ab5ba96ad3d9390805381c76284ec\",\"name\":\"admin\",\"url\":\"https:\/\/bahiaeconomica.com.br\/wp\/author\/admin\/\"}]}<\/script>\n<!-- \/ Yoast SEO plugin. -->","yoast_head_json":{"title":"CORTE DE R$ 1 BI EM UNIVERSIDADES FEDERAIS AUMENTA EVAS\u00c3O - Bahia Economica","description":"O maior portal de Economia da Bahia DESTAQUE DO DIA, ECONOMIA \/ POL\u00cdTICA Bahia Economica","robots":{"index":"index","follow":"follow","max-snippet":"max-snippet:-1","max-image-preview":"max-image-preview:large","max-video-preview":"max-video-preview:-1"},"canonical":"https:\/\/bahiaeconomica.com.br\/wp\/2021\/03\/18\/corte-de-r-1-bi-em-universidades-federais-aumenta-evasao\/","og_locale":"pt_BR","og_type":"article","og_title":"CORTE DE R$ 1 BI EM UNIVERSIDADES FEDERAIS AUMENTA EVAS\u00c3O - Bahia Economica","og_description":"O maior portal de Economia da Bahia DESTAQUE DO DIA, ECONOMIA \/ POL\u00cdTICA Bahia Economica","og_url":"https:\/\/bahiaeconomica.com.br\/wp\/2021\/03\/18\/corte-de-r-1-bi-em-universidades-federais-aumenta-evasao\/","og_site_name":"Bahia Economica","article_publisher":"https:\/\/www.facebook.com\/bahiaeconomica","article_published_time":"2021-03-18T21:39:52+00:00","og_image":[{"width":500,"height":300,"url":"https:\/\/bahiaeconomica.com.br\/wp\/wp-content\/uploads\/2020\/05\/alunos-universitarios-estudantes-enem.jpg","type":"image\/jpeg"}],"author":"admin","twitter_card":"summary_large_image","twitter_misc":{"Escrito por":"admin","Est. tempo de leitura":"2 minutos"},"schema":{"@context":"https:\/\/schema.org","@graph":[{"@type":"Article","@id":"https:\/\/bahiaeconomica.com.br\/wp\/2021\/03\/18\/corte-de-r-1-bi-em-universidades-federais-aumenta-evasao\/#article","isPartOf":{"@id":"https:\/\/bahiaeconomica.com.br\/wp\/2021\/03\/18\/corte-de-r-1-bi-em-universidades-federais-aumenta-evasao\/"},"author":{"name":"admin","@id":"https:\/\/bahiaeconomica.com.br\/wp\/#\/schema\/person\/cb1ab5ba96ad3d9390805381c76284ec"},"headline":"CORTE DE R$ 1 BI EM UNIVERSIDADES FEDERAIS AUMENTA EVAS\u00c3O","datePublished":"2021-03-18T21:39:52+00:00","dateModified":"2021-03-18T21:39:52+00:00","mainEntityOfPage":{"@id":"https:\/\/bahiaeconomica.com.br\/wp\/2021\/03\/18\/corte-de-r-1-bi-em-universidades-federais-aumenta-evasao\/"},"wordCount":435,"publisher":{"@id":"https:\/\/bahiaeconomica.com.br\/wp\/#organization"},"articleSection":["DESTAQUE DO DIA","ECONOMIA \/ POL\u00cdTICA"],"inLanguage":"pt-BR"},{"@type":"WebPage","@id":"https:\/\/bahiaeconomica.com.br\/wp\/2021\/03\/18\/corte-de-r-1-bi-em-universidades-federais-aumenta-evasao\/","url":"https:\/\/bahiaeconomica.com.br\/wp\/2021\/03\/18\/corte-de-r-1-bi-em-universidades-federais-aumenta-evasao\/","name":"CORTE DE R$ 1 BI EM UNIVERSIDADES FEDERAIS AUMENTA EVAS\u00c3O - Bahia Economica","isPartOf":{"@id":"https:\/\/bahiaeconomica.com.br\/wp\/#website"},"datePublished":"2021-03-18T21:39:52+00:00","dateModified":"2021-03-18T21:39:52+00:00","description":"O maior portal de Economia da Bahia DESTAQUE DO DIA, ECONOMIA \/ POL\u00cdTICA Bahia Economica","breadcrumb":{"@id":"https:\/\/bahiaeconomica.com.br\/wp\/2021\/03\/18\/corte-de-r-1-bi-em-universidades-federais-aumenta-evasao\/#breadcrumb"},"inLanguage":"pt-BR","potentialAction":[{"@type":"ReadAction","target":["https:\/\/bahiaeconomica.com.br\/wp\/2021\/03\/18\/corte-de-r-1-bi-em-universidades-federais-aumenta-evasao\/"]}]},{"@type":"BreadcrumbList","@id":"https:\/\/bahiaeconomica.com.br\/wp\/2021\/03\/18\/corte-de-r-1-bi-em-universidades-federais-aumenta-evasao\/#breadcrumb","itemListElement":[{"@type":"ListItem","position":1,"name":"In\u00edcio","item":"https:\/\/bahiaeconomica.com.br\/wp\/"},{"@type":"ListItem","position":2,"name":"CORTE DE R$ 1 BI EM UNIVERSIDADES FEDERAIS AUMENTA EVAS\u00c3O"}]},{"@type":"WebSite","@id":"https:\/\/bahiaeconomica.com.br\/wp\/#website","url":"https:\/\/bahiaeconomica.com.br\/wp\/","name":"Bahia Economica","description":"O maior portal de Economia da Bahia","publisher":{"@id":"https:\/\/bahiaeconomica.com.br\/wp\/#organization"},"potentialAction":[{"@type":"SearchAction","target":{"@type":"EntryPoint","urlTemplate":"https:\/\/bahiaeconomica.com.br\/wp\/?s={search_term_string}"},"query-input":"required name=search_term_string"}],"inLanguage":"pt-BR"},{"@type":"Organization","@id":"https:\/\/bahiaeconomica.com.br\/wp\/#organization","name":"Bahia Econ\u00f4mica","url":"https:\/\/bahiaeconomica.com.br\/wp\/","logo":{"@type":"ImageObject","inLanguage":"pt-BR","@id":"https:\/\/bahiaeconomica.com.br\/wp\/#\/schema\/logo\/image\/","url":"https:\/\/bahiaeconomica.com.br\/wp\/wp-content\/uploads\/2020\/12\/cropped-BE.png","contentUrl":"https:\/\/bahiaeconomica.com.br\/wp\/wp-content\/uploads\/2020\/12\/cropped-BE.png","width":512,"height":512,"caption":"Bahia Econ\u00f4mica"},"image":{"@id":"https:\/\/bahiaeconomica.com.br\/wp\/#\/schema\/logo\/image\/"},"sameAs":["https:\/\/www.facebook.com\/bahiaeconomica"]},{"@type":"Person","@id":"https:\/\/bahiaeconomica.com.br\/wp\/#\/schema\/person\/cb1ab5ba96ad3d9390805381c76284ec","name":"admin","url":"https:\/\/bahiaeconomica.com.br\/wp\/author\/admin\/"}]}},"views":2,"_links":{"self":[{"href":"https:\/\/bahiaeconomica.com.br\/wp\/wp-json\/wp\/v2\/posts\/545985"}],"collection":[{"href":"https:\/\/bahiaeconomica.com.br\/wp\/wp-json\/wp\/v2\/posts"}],"about":[{"href":"https:\/\/bahiaeconomica.com.br\/wp\/wp-json\/wp\/v2\/types\/post"}],"author":[{"embeddable":true,"href":"https:\/\/bahiaeconomica.com.br\/wp\/wp-json\/wp\/v2\/users\/1"}],"replies":[{"embeddable":true,"href":"https:\/\/bahiaeconomica.com.br\/wp\/wp-json\/wp\/v2\/comments?post=545985"}],"version-history":[{"count":1,"href":"https:\/\/bahiaeconomica.com.br\/wp\/wp-json\/wp\/v2\/posts\/545985\/revisions"}],"predecessor-version":[{"id":545992,"href":"https:\/\/bahiaeconomica.com.br\/wp\/wp-json\/wp\/v2\/posts\/545985\/revisions\/545992"}],"wp:featuredmedia":[{"embeddable":true,"href":"https:\/\/bahiaeconomica.com.br\/wp\/wp-json\/wp\/v2\/media\/463809"}],"wp:attachment":[{"href":"https:\/\/bahiaeconomica.com.br\/wp\/wp-json\/wp\/v2\/media?parent=545985"}],"wp:term":[{"taxonomy":"category","embeddable":true,"href":"https:\/\/bahiaeconomica.com.br\/wp\/wp-json\/wp\/v2\/categories?post=545985"},{"taxonomy":"post_tag","embeddable":true,"href":"https:\/\/bahiaeconomica.com.br\/wp\/wp-json\/wp\/v2\/tags?post=545985"}],"curies":[{"name":"wp","href":"https:\/\/api.w.org\/{rel}","templated":true}]}}