{"id":545636,"date":"2021-03-18T08:45:46","date_gmt":"2021-03-18T11:45:46","guid":{"rendered":"https:\/\/bahiaeconomica.com.br\/wp\/beta\/?p=545636"},"modified":"2021-03-18T09:06:51","modified_gmt":"2021-03-18T12:06:51","slug":"congresso-anistia-divida-bilionaria-de-igrejas","status":"publish","type":"post","link":"https:\/\/bahiaeconomica.com.br\/wp\/2021\/03\/18\/congresso-anistia-divida-bilionaria-de-igrejas\/","title":{"rendered":"CONGRESSO ANISTIA D\u00cdVIDA BILION\u00c1RIA DE IGREJAS"},"content":{"rendered":"<p>Com aval do presidente da Rep\u00fablica, Jair Bolsonaro, deputados federais rejeitaram um veto do pr\u00f3prio chefe do Planalto para anular d\u00edvidas tribut\u00e1rias de igrejas<!--more--> acumuladas ap\u00f3s fiscaliza\u00e7\u00f5es e multas aplicadas pela Receita Federal. Agora, a vota\u00e7\u00e3o depende do Senado, o que deve ocorrer ainda nesta quarta-feira, (17). Conforme o Broadcast (sistema de not\u00edcias em tempo real do Grupo Estado) revelou em setembro, o valor do &#8220;perd\u00e3o&#8221; seria de quase R$ 1 bilh\u00e3o. Documento enviado pela lideran\u00e7a do governo aos parlamentares nesta semana estima a ren\u00fancia tribut\u00e1ria de R$ 1,4 bilh\u00e3o nos pr\u00f3ximos quatro anos. De estoque acumulado em anos anteriores, deixariam de ser cobrados R$ 221,94 milh\u00f5es.<\/p>\n<p>A proposta alvo do veto exclui as igrejas do rol de contribuintes da Contribui\u00e7\u00e3o Social sobre o Lucro L\u00edquido (CSLL), ampliando o alcance da imunidade prevista na Constitui\u00e7\u00e3o. Al\u00e9m disso, perdoa as d\u00edvidas acumuladas com esse tributo no passado. Bolsonaro vetou a medida com o argumento de que o dispositivo foi aprovado sem compensa\u00e7\u00e3o fiscal e a san\u00e7\u00e3o poderia ser classificada como crime de responsabilidade &#8211; dando margem para um processo de impeachment. Mas, por outro lado, se manifestou favor\u00e1vel \u00e0 n\u00e3o tributa\u00e7\u00e3o de templos e estimulou a derrubada do pr\u00f3prio veto.<\/p>\n<p>Como mostrou o Broadcast, na \u00e9poca do veto, em reuni\u00e3o com o ministro da Economia, Paulo Guedes, e o secret\u00e1rio especial da Receita Federal, Jos\u00e9 Barroso Tostes Neto, Bolsonaro demonstrou receio em cometer crime de responsabilidade, embora tenha dito que pessoalmente concordava com o perd\u00e3o e quisesse sancionar a medida.<\/p>\n<p>As igrejas t\u00eam imunidade constitucional contra a cobran\u00e7a de impostos, mas a prote\u00e7\u00e3o n\u00e3o alcan\u00e7a as contribui\u00e7\u00f5es, como a CSLL (sobre o lucro l\u00edquido) e a previdenci\u00e1ria. Nos \u00faltimos anos, a Receita identificou manobras dos templos para distribuir lucros e remunera\u00e7\u00e3o vari\u00e1vel de acordo com o n\u00famero de fi\u00e9is sem o devido pagamento desses tributos &#8211; ou seja, burlando as normas tribut\u00e1rias.<\/p>\n<p>A medida aprovada pelo Congresso Nacional pretendia, por meio de uma lei ordin\u00e1ria, estender a imunidade constitucional das igrejas \u00e0 cobran\u00e7a da CSLL e ainda anular d\u00edvidas passadas. Outro dispositivo almejava anistiar multas e outras cobran\u00e7as aplicadas sobre a prebenda, como \u00e9 chamada a remunera\u00e7\u00e3o dos pastores e l\u00edderes do minist\u00e9rio religioso.<\/p>\n<p>Ambos os artigos foram propostos pelo deputado David Soares (DEM-SP), filho do mission\u00e1rio R. R. Soares, fundador da Igreja Internacional da Gra\u00e7a de Deus, que tem milh\u00f5es em d\u00edvidas com a Uni\u00e3o. Bolsonaro vetou o primeiro dispositivo, que trata da CSLL, para afastar qualquer eventual viola\u00e7\u00e3o \u00e0 Constitui\u00e7\u00e3o. Mas o presidente sancionou o artigo sobre a prebenda, de car\u00e1ter mais interpretativo.<\/p>\n<p>Ap\u00f3s estimativas iniciais apontarem o risco de desfalque de R$ 1 bilh\u00e3o aos cofres da Uni\u00e3o caso os dois artigos fossem sancionados, c\u00e1lculos atualizados da \u00e1rea econ\u00f4mica mostraram um preju\u00edzo potencial de at\u00e9 R$ 2,9 bilh\u00f5es. Com a san\u00e7\u00e3o do artigo sobre a prebenda, o risco seria de R$ 1,1 bilh\u00e3o. Mas a avalia\u00e7\u00e3o na \u00e1rea econ\u00f4mica \u00e9 que o dispositivo foi mal redigido e d\u00e1 margem para que a Receita Federal siga na briga pela cobran\u00e7a dos d\u00e9bitos. Isso porque o projeto s\u00f3 interpretou uma norma vigente, que, segundo esses t\u00e9cnicos, j\u00e1 era seguida \u00e0 risca pelo Fisco.<\/p>\n<p>A percep\u00e7\u00e3o na \u00e1rea econ\u00f4mica \u00e9 que os templos usar\u00e3o a norma sancionada para tentar reabrir a discuss\u00e3o jur\u00eddica, que hoje j\u00e1 est\u00e1 na fase de execu\u00e7\u00e3o de bens dessas igrejas, para tentar pleitear a anula\u00e7\u00e3o, mas n\u00e3o necessariamente ter\u00e3o sucesso na disputa. Para evitar essa judicializa\u00e7\u00e3o, a equipe econ\u00f4mica havia recomendado veto total \u00e0s medidas, mas precisou ir para a mesa de negocia\u00e7\u00e3o diante do desejo do Pal\u00e1cio do Planalto em fazer um aceno \u00e0 bancada evang\u00e9lica, que \u00e9 um importante pilar de sustenta\u00e7\u00e3o do governo.<\/p>\n<p>Bolsonaro foi eleito com o apoio de diversas lideran\u00e7as evang\u00e9licas. Embora se declare cat\u00f3lico, o presidente tem uma rela\u00e7\u00e3o pr\u00f3xima a pastores e igrejas evang\u00e9licas. A primeira-dama Michelle Bolsonaro \u00e9 frequentadora da Igreja Atitude, no Rio. Tr\u00eas integrantes do primeiro escal\u00e3o do governo s\u00e3o pastores: a ministra Damares Alves (Mulher, Fam\u00edlia e Direitos Humanos) e os ministros Andr\u00e9 Mendon\u00e7a (Justi\u00e7a e Seguran\u00e7a P\u00fablica) e Milton Ribeiro (Educa\u00e7\u00e3o).<\/p>\n<p>A bancada evang\u00e9lica tem se articulado para incluir, na reforma tribut\u00e1ria, a amplia\u00e7\u00e3o do alcance de sua imunidade tribut\u00e1ria para qualquer cobran\u00e7a incidente sobre propriedade, renda, bens, servi\u00e7os, insumos, obras de arte e at\u00e9 opera\u00e7\u00f5es financeiras (como remessas ao exterior). A avalia\u00e7\u00e3o de tributaristas, no entanto, \u00e9 que a medida n\u00e3o daria \u00e0s igrejas salvo-conduto para continuar driblando a fiscaliza\u00e7\u00e3o para distribuir lucros disfar\u00e7ados de renda isenta.<\/p>\n<p>Foto: Reprodu\u00e7\u00e3o\/CNN<\/p>\n","protected":false},"excerpt":{"rendered":"<p>Com aval do presidente da Rep\u00fablica, Jair Bolsonaro, deputados federais rejeitaram um veto do pr\u00f3prio chefe do Planalto para anular d\u00edvidas tribut\u00e1rias de igrejas<\/p>\n","protected":false},"author":1,"featured_media":533392,"comment_status":"closed","ping_status":"closed","sticky":false,"template":"","format":"standard","meta":[],"categories":[14,3],"tags":[],"acf":[],"yoast_head":"<!-- This site is optimized with the Yoast SEO plugin v20.8 - https:\/\/yoast.com\/wordpress\/plugins\/seo\/ -->\n<title>CONGRESSO ANISTIA D\u00cdVIDA BILION\u00c1RIA DE IGREJAS - Bahia Economica<\/title>\n<meta name=\"description\" content=\"O maior portal de Economia da Bahia DESTAQUE DO DIA, ECONOMIA \/ POL\u00cdTICA Bahia Economica\" \/>\n<meta name=\"robots\" content=\"index, follow, max-snippet:-1, max-image-preview:large, max-video-preview:-1\" \/>\n<link rel=\"canonical\" href=\"https:\/\/bahiaeconomica.com.br\/wp\/2021\/03\/18\/congresso-anistia-divida-bilionaria-de-igrejas\/\" \/>\n<meta property=\"og:locale\" content=\"pt_BR\" \/>\n<meta property=\"og:type\" content=\"article\" \/>\n<meta property=\"og:title\" content=\"CONGRESSO ANISTIA D\u00cdVIDA BILION\u00c1RIA DE IGREJAS - Bahia Economica\" \/>\n<meta property=\"og:description\" content=\"O maior portal de Economia da Bahia DESTAQUE DO DIA, ECONOMIA \/ POL\u00cdTICA Bahia Economica\" \/>\n<meta property=\"og:url\" content=\"https:\/\/bahiaeconomica.com.br\/wp\/2021\/03\/18\/congresso-anistia-divida-bilionaria-de-igrejas\/\" \/>\n<meta property=\"og:site_name\" content=\"Bahia Economica\" \/>\n<meta property=\"article:publisher\" content=\"https:\/\/www.facebook.com\/bahiaeconomica\" \/>\n<meta property=\"article:published_time\" content=\"2021-03-18T11:45:46+00:00\" \/>\n<meta property=\"article:modified_time\" content=\"2021-03-18T12:06:51+00:00\" \/>\n<meta property=\"og:image\" content=\"https:\/\/bahiaeconomica.com.br\/wp\/wp-content\/uploads\/2021\/02\/Bolsonaro-congresso-nacional.jpg\" \/>\n\t<meta property=\"og:image:width\" content=\"770\" \/>\n\t<meta property=\"og:image:height\" content=\"474\" \/>\n\t<meta property=\"og:image:type\" content=\"image\/jpeg\" \/>\n<meta name=\"author\" content=\"admin\" \/>\n<meta name=\"twitter:card\" content=\"summary_large_image\" \/>\n<meta name=\"twitter:label1\" content=\"Escrito por\" \/>\n\t<meta name=\"twitter:data1\" content=\"admin\" \/>\n\t<meta name=\"twitter:label2\" content=\"Est. tempo de leitura\" \/>\n\t<meta name=\"twitter:data2\" content=\"4 minutos\" \/>\n<script type=\"application\/ld+json\" class=\"yoast-schema-graph\">{\"@context\":\"https:\/\/schema.org\",\"@graph\":[{\"@type\":\"Article\",\"@id\":\"https:\/\/bahiaeconomica.com.br\/wp\/2021\/03\/18\/congresso-anistia-divida-bilionaria-de-igrejas\/#article\",\"isPartOf\":{\"@id\":\"https:\/\/bahiaeconomica.com.br\/wp\/2021\/03\/18\/congresso-anistia-divida-bilionaria-de-igrejas\/\"},\"author\":{\"name\":\"admin\",\"@id\":\"https:\/\/bahiaeconomica.com.br\/wp\/#\/schema\/person\/cb1ab5ba96ad3d9390805381c76284ec\"},\"headline\":\"CONGRESSO ANISTIA D\u00cdVIDA BILION\u00c1RIA DE IGREJAS\",\"datePublished\":\"2021-03-18T11:45:46+00:00\",\"dateModified\":\"2021-03-18T12:06:51+00:00\",\"mainEntityOfPage\":{\"@id\":\"https:\/\/bahiaeconomica.com.br\/wp\/2021\/03\/18\/congresso-anistia-divida-bilionaria-de-igrejas\/\"},\"wordCount\":851,\"publisher\":{\"@id\":\"https:\/\/bahiaeconomica.com.br\/wp\/#organization\"},\"articleSection\":[\"DESTAQUE DO DIA\",\"ECONOMIA \/ POL\u00cdTICA\"],\"inLanguage\":\"pt-BR\"},{\"@type\":\"WebPage\",\"@id\":\"https:\/\/bahiaeconomica.com.br\/wp\/2021\/03\/18\/congresso-anistia-divida-bilionaria-de-igrejas\/\",\"url\":\"https:\/\/bahiaeconomica.com.br\/wp\/2021\/03\/18\/congresso-anistia-divida-bilionaria-de-igrejas\/\",\"name\":\"CONGRESSO ANISTIA D\u00cdVIDA BILION\u00c1RIA DE IGREJAS - Bahia Economica\",\"isPartOf\":{\"@id\":\"https:\/\/bahiaeconomica.com.br\/wp\/#website\"},\"datePublished\":\"2021-03-18T11:45:46+00:00\",\"dateModified\":\"2021-03-18T12:06:51+00:00\",\"description\":\"O maior portal de Economia da Bahia DESTAQUE DO DIA, ECONOMIA \/ POL\u00cdTICA Bahia Economica\",\"breadcrumb\":{\"@id\":\"https:\/\/bahiaeconomica.com.br\/wp\/2021\/03\/18\/congresso-anistia-divida-bilionaria-de-igrejas\/#breadcrumb\"},\"inLanguage\":\"pt-BR\",\"potentialAction\":[{\"@type\":\"ReadAction\",\"target\":[\"https:\/\/bahiaeconomica.com.br\/wp\/2021\/03\/18\/congresso-anistia-divida-bilionaria-de-igrejas\/\"]}]},{\"@type\":\"BreadcrumbList\",\"@id\":\"https:\/\/bahiaeconomica.com.br\/wp\/2021\/03\/18\/congresso-anistia-divida-bilionaria-de-igrejas\/#breadcrumb\",\"itemListElement\":[{\"@type\":\"ListItem\",\"position\":1,\"name\":\"In\u00edcio\",\"item\":\"https:\/\/bahiaeconomica.com.br\/wp\/\"},{\"@type\":\"ListItem\",\"position\":2,\"name\":\"CONGRESSO ANISTIA D\u00cdVIDA BILION\u00c1RIA DE IGREJAS\"}]},{\"@type\":\"WebSite\",\"@id\":\"https:\/\/bahiaeconomica.com.br\/wp\/#website\",\"url\":\"https:\/\/bahiaeconomica.com.br\/wp\/\",\"name\":\"Bahia Economica\",\"description\":\"O maior portal de Economia da Bahia\",\"publisher\":{\"@id\":\"https:\/\/bahiaeconomica.com.br\/wp\/#organization\"},\"potentialAction\":[{\"@type\":\"SearchAction\",\"target\":{\"@type\":\"EntryPoint\",\"urlTemplate\":\"https:\/\/bahiaeconomica.com.br\/wp\/?s={search_term_string}\"},\"query-input\":\"required name=search_term_string\"}],\"inLanguage\":\"pt-BR\"},{\"@type\":\"Organization\",\"@id\":\"https:\/\/bahiaeconomica.com.br\/wp\/#organization\",\"name\":\"Bahia Econ\u00f4mica\",\"url\":\"https:\/\/bahiaeconomica.com.br\/wp\/\",\"logo\":{\"@type\":\"ImageObject\",\"inLanguage\":\"pt-BR\",\"@id\":\"https:\/\/bahiaeconomica.com.br\/wp\/#\/schema\/logo\/image\/\",\"url\":\"https:\/\/bahiaeconomica.com.br\/wp\/wp-content\/uploads\/2020\/12\/cropped-BE.png\",\"contentUrl\":\"https:\/\/bahiaeconomica.com.br\/wp\/wp-content\/uploads\/2020\/12\/cropped-BE.png\",\"width\":512,\"height\":512,\"caption\":\"Bahia Econ\u00f4mica\"},\"image\":{\"@id\":\"https:\/\/bahiaeconomica.com.br\/wp\/#\/schema\/logo\/image\/\"},\"sameAs\":[\"https:\/\/www.facebook.com\/bahiaeconomica\"]},{\"@type\":\"Person\",\"@id\":\"https:\/\/bahiaeconomica.com.br\/wp\/#\/schema\/person\/cb1ab5ba96ad3d9390805381c76284ec\",\"name\":\"admin\",\"url\":\"https:\/\/bahiaeconomica.com.br\/wp\/author\/admin\/\"}]}<\/script>\n<!-- \/ Yoast SEO plugin. -->","yoast_head_json":{"title":"CONGRESSO ANISTIA D\u00cdVIDA BILION\u00c1RIA DE IGREJAS - Bahia Economica","description":"O maior portal de Economia da Bahia DESTAQUE DO DIA, ECONOMIA \/ POL\u00cdTICA Bahia Economica","robots":{"index":"index","follow":"follow","max-snippet":"max-snippet:-1","max-image-preview":"max-image-preview:large","max-video-preview":"max-video-preview:-1"},"canonical":"https:\/\/bahiaeconomica.com.br\/wp\/2021\/03\/18\/congresso-anistia-divida-bilionaria-de-igrejas\/","og_locale":"pt_BR","og_type":"article","og_title":"CONGRESSO ANISTIA D\u00cdVIDA BILION\u00c1RIA DE IGREJAS - Bahia Economica","og_description":"O maior portal de Economia da Bahia DESTAQUE DO DIA, ECONOMIA \/ POL\u00cdTICA Bahia Economica","og_url":"https:\/\/bahiaeconomica.com.br\/wp\/2021\/03\/18\/congresso-anistia-divida-bilionaria-de-igrejas\/","og_site_name":"Bahia Economica","article_publisher":"https:\/\/www.facebook.com\/bahiaeconomica","article_published_time":"2021-03-18T11:45:46+00:00","article_modified_time":"2021-03-18T12:06:51+00:00","og_image":[{"width":770,"height":474,"url":"https:\/\/bahiaeconomica.com.br\/wp\/wp-content\/uploads\/2021\/02\/Bolsonaro-congresso-nacional.jpg","type":"image\/jpeg"}],"author":"admin","twitter_card":"summary_large_image","twitter_misc":{"Escrito por":"admin","Est. tempo de leitura":"4 minutos"},"schema":{"@context":"https:\/\/schema.org","@graph":[{"@type":"Article","@id":"https:\/\/bahiaeconomica.com.br\/wp\/2021\/03\/18\/congresso-anistia-divida-bilionaria-de-igrejas\/#article","isPartOf":{"@id":"https:\/\/bahiaeconomica.com.br\/wp\/2021\/03\/18\/congresso-anistia-divida-bilionaria-de-igrejas\/"},"author":{"name":"admin","@id":"https:\/\/bahiaeconomica.com.br\/wp\/#\/schema\/person\/cb1ab5ba96ad3d9390805381c76284ec"},"headline":"CONGRESSO ANISTIA D\u00cdVIDA BILION\u00c1RIA DE IGREJAS","datePublished":"2021-03-18T11:45:46+00:00","dateModified":"2021-03-18T12:06:51+00:00","mainEntityOfPage":{"@id":"https:\/\/bahiaeconomica.com.br\/wp\/2021\/03\/18\/congresso-anistia-divida-bilionaria-de-igrejas\/"},"wordCount":851,"publisher":{"@id":"https:\/\/bahiaeconomica.com.br\/wp\/#organization"},"articleSection":["DESTAQUE DO DIA","ECONOMIA \/ POL\u00cdTICA"],"inLanguage":"pt-BR"},{"@type":"WebPage","@id":"https:\/\/bahiaeconomica.com.br\/wp\/2021\/03\/18\/congresso-anistia-divida-bilionaria-de-igrejas\/","url":"https:\/\/bahiaeconomica.com.br\/wp\/2021\/03\/18\/congresso-anistia-divida-bilionaria-de-igrejas\/","name":"CONGRESSO ANISTIA D\u00cdVIDA BILION\u00c1RIA DE IGREJAS - Bahia Economica","isPartOf":{"@id":"https:\/\/bahiaeconomica.com.br\/wp\/#website"},"datePublished":"2021-03-18T11:45:46+00:00","dateModified":"2021-03-18T12:06:51+00:00","description":"O maior portal de Economia da Bahia DESTAQUE DO DIA, ECONOMIA \/ POL\u00cdTICA Bahia Economica","breadcrumb":{"@id":"https:\/\/bahiaeconomica.com.br\/wp\/2021\/03\/18\/congresso-anistia-divida-bilionaria-de-igrejas\/#breadcrumb"},"inLanguage":"pt-BR","potentialAction":[{"@type":"ReadAction","target":["https:\/\/bahiaeconomica.com.br\/wp\/2021\/03\/18\/congresso-anistia-divida-bilionaria-de-igrejas\/"]}]},{"@type":"BreadcrumbList","@id":"https:\/\/bahiaeconomica.com.br\/wp\/2021\/03\/18\/congresso-anistia-divida-bilionaria-de-igrejas\/#breadcrumb","itemListElement":[{"@type":"ListItem","position":1,"name":"In\u00edcio","item":"https:\/\/bahiaeconomica.com.br\/wp\/"},{"@type":"ListItem","position":2,"name":"CONGRESSO ANISTIA D\u00cdVIDA BILION\u00c1RIA DE IGREJAS"}]},{"@type":"WebSite","@id":"https:\/\/bahiaeconomica.com.br\/wp\/#website","url":"https:\/\/bahiaeconomica.com.br\/wp\/","name":"Bahia Economica","description":"O maior portal de Economia da Bahia","publisher":{"@id":"https:\/\/bahiaeconomica.com.br\/wp\/#organization"},"potentialAction":[{"@type":"SearchAction","target":{"@type":"EntryPoint","urlTemplate":"https:\/\/bahiaeconomica.com.br\/wp\/?s={search_term_string}"},"query-input":"required name=search_term_string"}],"inLanguage":"pt-BR"},{"@type":"Organization","@id":"https:\/\/bahiaeconomica.com.br\/wp\/#organization","name":"Bahia Econ\u00f4mica","url":"https:\/\/bahiaeconomica.com.br\/wp\/","logo":{"@type":"ImageObject","inLanguage":"pt-BR","@id":"https:\/\/bahiaeconomica.com.br\/wp\/#\/schema\/logo\/image\/","url":"https:\/\/bahiaeconomica.com.br\/wp\/wp-content\/uploads\/2020\/12\/cropped-BE.png","contentUrl":"https:\/\/bahiaeconomica.com.br\/wp\/wp-content\/uploads\/2020\/12\/cropped-BE.png","width":512,"height":512,"caption":"Bahia Econ\u00f4mica"},"image":{"@id":"https:\/\/bahiaeconomica.com.br\/wp\/#\/schema\/logo\/image\/"},"sameAs":["https:\/\/www.facebook.com\/bahiaeconomica"]},{"@type":"Person","@id":"https:\/\/bahiaeconomica.com.br\/wp\/#\/schema\/person\/cb1ab5ba96ad3d9390805381c76284ec","name":"admin","url":"https:\/\/bahiaeconomica.com.br\/wp\/author\/admin\/"}]}},"views":4,"_links":{"self":[{"href":"https:\/\/bahiaeconomica.com.br\/wp\/wp-json\/wp\/v2\/posts\/545636"}],"collection":[{"href":"https:\/\/bahiaeconomica.com.br\/wp\/wp-json\/wp\/v2\/posts"}],"about":[{"href":"https:\/\/bahiaeconomica.com.br\/wp\/wp-json\/wp\/v2\/types\/post"}],"author":[{"embeddable":true,"href":"https:\/\/bahiaeconomica.com.br\/wp\/wp-json\/wp\/v2\/users\/1"}],"replies":[{"embeddable":true,"href":"https:\/\/bahiaeconomica.com.br\/wp\/wp-json\/wp\/v2\/comments?post=545636"}],"version-history":[{"count":1,"href":"https:\/\/bahiaeconomica.com.br\/wp\/wp-json\/wp\/v2\/posts\/545636\/revisions"}],"predecessor-version":[{"id":545638,"href":"https:\/\/bahiaeconomica.com.br\/wp\/wp-json\/wp\/v2\/posts\/545636\/revisions\/545638"}],"wp:featuredmedia":[{"embeddable":true,"href":"https:\/\/bahiaeconomica.com.br\/wp\/wp-json\/wp\/v2\/media\/533392"}],"wp:attachment":[{"href":"https:\/\/bahiaeconomica.com.br\/wp\/wp-json\/wp\/v2\/media?parent=545636"}],"wp:term":[{"taxonomy":"category","embeddable":true,"href":"https:\/\/bahiaeconomica.com.br\/wp\/wp-json\/wp\/v2\/categories?post=545636"},{"taxonomy":"post_tag","embeddable":true,"href":"https:\/\/bahiaeconomica.com.br\/wp\/wp-json\/wp\/v2\/tags?post=545636"}],"curies":[{"name":"wp","href":"https:\/\/api.w.org\/{rel}","templated":true}]}}