{"id":544794,"date":"2021-03-16T09:00:53","date_gmt":"2021-03-16T12:00:53","guid":{"rendered":"https:\/\/bahiaeconomica.com.br\/wp\/beta\/?p=544794"},"modified":"2021-03-16T09:05:26","modified_gmt":"2021-03-16T12:05:26","slug":"covid-19-estudo-mostra-falta-de-medicos-no-brasil","status":"publish","type":"post","link":"https:\/\/bahiaeconomica.com.br\/wp\/2021\/03\/16\/covid-19-estudo-mostra-falta-de-medicos-no-brasil\/","title":{"rendered":"COVID-19: ESTUDO MOSTRA FALTA DE M\u00c9DICOS NO BRASIL"},"content":{"rendered":"<p>Apenas 1,7% dos m\u00e9dicos registrados no Brasil tem o t\u00edtulo de intensivista. Isso representa cerca de 6.500 profissionais da categoria, segundo levantamento <!--more-->de 2018, o mais recente da Associa\u00e7\u00e3o de Medicina Intensiva Brasileira (AMIB). \u201cAntes da Covid-19 j\u00e1 n\u00e3o t\u00ednhamos intensivistas suficientes. Com a doen\u00e7a, piorou\u201d, diz Marcelo Moock, membro da Comiss\u00e3o de \u00c9tica e Defesa do Exerc\u00edcio Profissional da AMIB.<\/p>\n<p>Para se ter uma ideia, \u00e9 como se um munic\u00edpio com 32 mil habitantes tivesse apenas um m\u00e9dico intensivista para socorrer todas as pessoas que precisam de atendimento em uma UTI. \u201cO ideal seria que o pa\u00eds tivesse cinco a seis vezes mais a quantidade de m\u00e9dicos intensivistas do que temos hoje para atender com plena capacidade em todos os leitos de UTI\u201d, diz Moock. O especialista calcula que seriam necess\u00e1rios ao menos 40 mil novos m\u00e9dicos intensivistas.<\/p>\n<p>Com quase todas as regi\u00f5es do Brasil apresentando, segundo levantamento da CNN Brasil, taxas de ocupa\u00e7\u00e3o de leitos de UTI acima de 80%, governos estaduais e municipais se mobilizam para adaptar leitos de enfermaria e erguer estruturas para hospitais de campanha. Em um ano, segundo a AMIB, estima-se que tenham sido criados pelo menos 20 mil novos leitos de UTI em todo o pa\u00eds para atender a alta taxa de interna\u00e7\u00f5es por coronav\u00edrus, elevando o total para cerca de 60 mil.<\/p>\n<p>No entanto, o tempo necess\u00e1rio para formar profissionais qualificados para trabalhar nesses leitos n\u00e3o acompanha o mesmo ritmo. \u201cVoc\u00ea equipa UTI, mas tem que esperar mais quatro anos para formar um m\u00e9dico especialista\u201d, diz Moock.<\/p>\n<p>Falta atendimento b\u00e1sico<\/p>\n<p>Segundo o Conselho Federal de Medicina (CFM), o pa\u00eds tem 422 mil m\u00e9dicos considerados aptos ao trabalho na emerg\u00eancia epidemiol\u00f3gica por terem menos de 60 anos. Eles representam 80% de todos os registros ativos de m\u00e9dicos no Brasil. Os dados, de junho de 2020, coletados nos 27 Conselhos Regionais de Medicina, s\u00e3o os mais recentes disponibilizados e foram levantados pelo CFM com o apoio da Universidade de S\u00e3o Paulo.<\/p>\n<p>Na pr\u00e1tica, no entanto, nem todos podem trabalhar na linha de frente. Entre autoridades e especialistas \u00e9 praticamente consenso que faltam profissionais de sa\u00fade para atuar nessa fun\u00e7\u00e3o, em v\u00e1rios n\u00edveis, desde a aten\u00e7\u00e3o b\u00e1sica at\u00e9 a emerg\u00eancia.<\/p>\n<p>\u201cO ensino da Medicina no Brasil \u00e9 e sempre foi muito focado em especialidades. Os egressos das faculdades procuram um nicho e atuam apenas nele. Isso faz com que o atendimento de aten\u00e7\u00e3o prim\u00e1ria, um dos que o pa\u00eds mais precisa, fique deficit\u00e1rio\u201d, avaliou em entrevista \u00e0 CNN Brasil Arthur Chioro, m\u00e9dico sanitarista e ex-ministro do governo Dilma Rousseff.<\/p>\n<p>Segundo Chioro, os profissionais generalistas s\u00e3o essenciais para responder de forma preventiva e ajudar a filtrar e encaminhar a popula\u00e7\u00e3o com um direcionamento mais assertivo. Al\u00e9m deles, na opini\u00e3o do ex-ministro, tamb\u00e9m est\u00e3o em falta m\u00e9dicos aptos a atuar nas salas de emerg\u00eancia e terapia intensiva de Unidades de Pronto Atendimento e Pronto Socorro.<\/p>\n<p>\u201cCom esse tipo de profissionais, toda a linha de atendimento generalizado \u00e9 melhorada, o que, no caso do coronav\u00edrus, por exemplo, teria ajudado a conter a dissemina\u00e7\u00e3o da doen\u00e7a\u201d, explicou o m\u00e9dico. Mauro Junqueira tem a mesma opini\u00e3o. O secret\u00e1rio-executivo nacional do Conselho Nacional de Secret\u00e1rios Municipais de Sa\u00fade (Conasems) alega haver falta de profissionais de alta e m\u00e9dia complexidade na linha de frente. \u201cPrecisamos formar cada vez mais pessoas nos moldes do SUS para dar respostas com mais qualidade. H\u00e1 muito enfrentamos a falta de m\u00e9dicos, ent\u00e3o na ponta o pessoal acaba tendo que se virar nos 30\u201d, contou o secret\u00e1rio.<\/p>\n<p>Distribui\u00e7\u00e3o desigual<\/p>\n<p>A situa\u00e7\u00e3o \u00e9 agravada por outro fator: a concentra\u00e7\u00e3o das for\u00e7as de trabalho nos grandes polos e consequente regionaliza\u00e7\u00e3o da m\u00e3o de obra da sa\u00fade.\u00a0\u00a0\u201cNos estados do Norte, por exemplo, h\u00e1 lugares em que abrimos todos os anos o mesmo edital para contrata\u00e7\u00e3o de m\u00e9dicos, e as vagas nunca s\u00e3o preenchidas. Isso tamb\u00e9m acontece nos territ\u00f3rios de quilombolas e em outras regi\u00f5es mais distantes dos grandes centros\u201d, analisou Junqueira.<\/p>\n<p>No \u00faltimo levantamento do CFM, os dados corroboram as an\u00e1lises. Apenas os estados do Rio de Janeiro, S\u00e3o Paulo e Minas Gerais concentram 50,6% de todos os m\u00e9dicos brasileiros teoricamente aptos a trabalhar na pandemia (com idade abaixo de 60 anos), ou seja, 213.619 profissionais. No outro extremo da lista, Amap\u00e1, Roraima e Acre t\u00eam 0,8% do total, o equivalente a 4.348 m\u00e9dicos.<\/p>\n<p>No que diz respeito a m\u00e9dicos intensivistas, o cen\u00e1rio tamb\u00e9m se repete. Segunda a AMIB, h\u00e1 mais escassez de especialistas nas regi\u00f5es Norte e Nordeste, com a densidade de 1,5 e 2,0 m\u00e9dicos intensivistas para cada 10 mil habitantes, respectivamente. Por sua vez, o Distrito Federal tem 5,9 intensivistas por 10 mil habitantes, e S\u00e3o Paulo, 3,1.\u00a0Segundo o pr\u00f3prio Conselho, a aus\u00eancia de pol\u00edticas p\u00fablicas implica na m\u00e1 distribui\u00e7\u00e3o dos profissionais por estados e regi\u00f5es. Al\u00e9m disso, na maioria das vezes a iniciativa privada tamb\u00e9m leva a melhor em rela\u00e7\u00e3o ao servi\u00e7o p\u00fablico.<\/p>\n<p>\u201cA rede privada pode oferecer melhores condi\u00e7\u00f5es para os m\u00e9dicos. Nas contrata\u00e7\u00f5es emergenciais da pandemia, eles podem pagar muito mais, o que \u00e9 um atrativo para os profissionais\u201d, explicou Arthur Chioro.\u00a0De acordo com o levantamento Demografia M\u00e9dica 2020, produzido pelo CFM e pela USP, 50,2% dos m\u00e9dicos aptos a trabalhar na pandemia atuam na iniciativa privada e no servi\u00e7o p\u00fablico, 28,3% trabalham apenas na iniciativa privada, seja por meio dos planos de sa\u00fade, seja em consult\u00f3rios particulares, e 21,5% atendem apenas no servi\u00e7o p\u00fablico. Com isso, a for\u00e7a de trabalho na iniciativa privada \u00e9 de 78,5% e, no servi\u00e7o p\u00fablico, 71,7%.<\/p>\n<p>Foto: divulga\u00e7\u00e3o<\/p>\n","protected":false},"excerpt":{"rendered":"<p>Apenas 1,7% dos m\u00e9dicos registrados no Brasil tem o t\u00edtulo de intensivista. Isso representa cerca de 6.500 profissionais da categoria, segundo levantamento<\/p>\n","protected":false},"author":1,"featured_media":404840,"comment_status":"closed","ping_status":"closed","sticky":false,"template":"","format":"standard","meta":[],"categories":[3],"tags":[],"acf":[],"yoast_head":"<!-- This site is optimized with the Yoast SEO plugin v20.8 - https:\/\/yoast.com\/wordpress\/plugins\/seo\/ -->\n<title>COVID-19: ESTUDO MOSTRA FALTA DE M\u00c9DICOS NO BRASIL - Bahia Economica<\/title>\n<meta name=\"description\" content=\"O maior portal de Economia da Bahia ECONOMIA \/ POL\u00cdTICA Bahia Economica\" \/>\n<meta name=\"robots\" content=\"index, follow, max-snippet:-1, max-image-preview:large, max-video-preview:-1\" \/>\n<link rel=\"canonical\" href=\"https:\/\/bahiaeconomica.com.br\/wp\/2021\/03\/16\/covid-19-estudo-mostra-falta-de-medicos-no-brasil\/\" \/>\n<meta property=\"og:locale\" content=\"pt_BR\" \/>\n<meta property=\"og:type\" content=\"article\" \/>\n<meta property=\"og:title\" content=\"COVID-19: ESTUDO MOSTRA FALTA DE M\u00c9DICOS NO BRASIL - Bahia Economica\" \/>\n<meta property=\"og:description\" content=\"O maior portal de Economia da Bahia ECONOMIA \/ POL\u00cdTICA Bahia Economica\" \/>\n<meta property=\"og:url\" content=\"https:\/\/bahiaeconomica.com.br\/wp\/2021\/03\/16\/covid-19-estudo-mostra-falta-de-medicos-no-brasil\/\" \/>\n<meta property=\"og:site_name\" content=\"Bahia Economica\" \/>\n<meta property=\"article:publisher\" content=\"https:\/\/www.facebook.com\/bahiaeconomica\" \/>\n<meta property=\"article:published_time\" content=\"2021-03-16T12:00:53+00:00\" \/>\n<meta property=\"article:modified_time\" content=\"2021-03-16T12:05:26+00:00\" \/>\n<meta property=\"og:image\" content=\"https:\/\/bahiaeconomica.com.br\/wp\/wp-content\/uploads\/2019\/10\/divulgacao05-09-201205-39-08medicosparalisa1ffffffff.jpg\" \/>\n\t<meta property=\"og:image:width\" content=\"500\" \/>\n\t<meta property=\"og:image:height\" content=\"300\" \/>\n\t<meta property=\"og:image:type\" content=\"image\/jpeg\" \/>\n<meta name=\"author\" content=\"admin\" \/>\n<meta name=\"twitter:card\" content=\"summary_large_image\" \/>\n<meta name=\"twitter:label1\" content=\"Escrito por\" \/>\n\t<meta name=\"twitter:data1\" content=\"admin\" \/>\n\t<meta name=\"twitter:label2\" content=\"Est. tempo de leitura\" \/>\n\t<meta name=\"twitter:data2\" content=\"5 minutos\" \/>\n<script type=\"application\/ld+json\" class=\"yoast-schema-graph\">{\"@context\":\"https:\/\/schema.org\",\"@graph\":[{\"@type\":\"Article\",\"@id\":\"https:\/\/bahiaeconomica.com.br\/wp\/2021\/03\/16\/covid-19-estudo-mostra-falta-de-medicos-no-brasil\/#article\",\"isPartOf\":{\"@id\":\"https:\/\/bahiaeconomica.com.br\/wp\/2021\/03\/16\/covid-19-estudo-mostra-falta-de-medicos-no-brasil\/\"},\"author\":{\"name\":\"admin\",\"@id\":\"https:\/\/bahiaeconomica.com.br\/wp\/#\/schema\/person\/cb1ab5ba96ad3d9390805381c76284ec\"},\"headline\":\"COVID-19: ESTUDO MOSTRA FALTA DE M\u00c9DICOS NO BRASIL\",\"datePublished\":\"2021-03-16T12:00:53+00:00\",\"dateModified\":\"2021-03-16T12:05:26+00:00\",\"mainEntityOfPage\":{\"@id\":\"https:\/\/bahiaeconomica.com.br\/wp\/2021\/03\/16\/covid-19-estudo-mostra-falta-de-medicos-no-brasil\/\"},\"wordCount\":996,\"publisher\":{\"@id\":\"https:\/\/bahiaeconomica.com.br\/wp\/#organization\"},\"articleSection\":[\"ECONOMIA \/ POL\u00cdTICA\"],\"inLanguage\":\"pt-BR\"},{\"@type\":\"WebPage\",\"@id\":\"https:\/\/bahiaeconomica.com.br\/wp\/2021\/03\/16\/covid-19-estudo-mostra-falta-de-medicos-no-brasil\/\",\"url\":\"https:\/\/bahiaeconomica.com.br\/wp\/2021\/03\/16\/covid-19-estudo-mostra-falta-de-medicos-no-brasil\/\",\"name\":\"COVID-19: ESTUDO MOSTRA FALTA DE M\u00c9DICOS NO BRASIL - Bahia Economica\",\"isPartOf\":{\"@id\":\"https:\/\/bahiaeconomica.com.br\/wp\/#website\"},\"datePublished\":\"2021-03-16T12:00:53+00:00\",\"dateModified\":\"2021-03-16T12:05:26+00:00\",\"description\":\"O maior portal de Economia da Bahia ECONOMIA \/ POL\u00cdTICA Bahia Economica\",\"breadcrumb\":{\"@id\":\"https:\/\/bahiaeconomica.com.br\/wp\/2021\/03\/16\/covid-19-estudo-mostra-falta-de-medicos-no-brasil\/#breadcrumb\"},\"inLanguage\":\"pt-BR\",\"potentialAction\":[{\"@type\":\"ReadAction\",\"target\":[\"https:\/\/bahiaeconomica.com.br\/wp\/2021\/03\/16\/covid-19-estudo-mostra-falta-de-medicos-no-brasil\/\"]}]},{\"@type\":\"BreadcrumbList\",\"@id\":\"https:\/\/bahiaeconomica.com.br\/wp\/2021\/03\/16\/covid-19-estudo-mostra-falta-de-medicos-no-brasil\/#breadcrumb\",\"itemListElement\":[{\"@type\":\"ListItem\",\"position\":1,\"name\":\"In\u00edcio\",\"item\":\"https:\/\/bahiaeconomica.com.br\/wp\/\"},{\"@type\":\"ListItem\",\"position\":2,\"name\":\"COVID-19: ESTUDO MOSTRA FALTA DE M\u00c9DICOS NO BRASIL\"}]},{\"@type\":\"WebSite\",\"@id\":\"https:\/\/bahiaeconomica.com.br\/wp\/#website\",\"url\":\"https:\/\/bahiaeconomica.com.br\/wp\/\",\"name\":\"Bahia Economica\",\"description\":\"O maior portal de Economia da Bahia\",\"publisher\":{\"@id\":\"https:\/\/bahiaeconomica.com.br\/wp\/#organization\"},\"potentialAction\":[{\"@type\":\"SearchAction\",\"target\":{\"@type\":\"EntryPoint\",\"urlTemplate\":\"https:\/\/bahiaeconomica.com.br\/wp\/?s={search_term_string}\"},\"query-input\":\"required name=search_term_string\"}],\"inLanguage\":\"pt-BR\"},{\"@type\":\"Organization\",\"@id\":\"https:\/\/bahiaeconomica.com.br\/wp\/#organization\",\"name\":\"Bahia Econ\u00f4mica\",\"url\":\"https:\/\/bahiaeconomica.com.br\/wp\/\",\"logo\":{\"@type\":\"ImageObject\",\"inLanguage\":\"pt-BR\",\"@id\":\"https:\/\/bahiaeconomica.com.br\/wp\/#\/schema\/logo\/image\/\",\"url\":\"https:\/\/bahiaeconomica.com.br\/wp\/wp-content\/uploads\/2020\/12\/cropped-BE.png\",\"contentUrl\":\"https:\/\/bahiaeconomica.com.br\/wp\/wp-content\/uploads\/2020\/12\/cropped-BE.png\",\"width\":512,\"height\":512,\"caption\":\"Bahia Econ\u00f4mica\"},\"image\":{\"@id\":\"https:\/\/bahiaeconomica.com.br\/wp\/#\/schema\/logo\/image\/\"},\"sameAs\":[\"https:\/\/www.facebook.com\/bahiaeconomica\"]},{\"@type\":\"Person\",\"@id\":\"https:\/\/bahiaeconomica.com.br\/wp\/#\/schema\/person\/cb1ab5ba96ad3d9390805381c76284ec\",\"name\":\"admin\",\"url\":\"https:\/\/bahiaeconomica.com.br\/wp\/author\/admin\/\"}]}<\/script>\n<!-- \/ Yoast SEO plugin. -->","yoast_head_json":{"title":"COVID-19: ESTUDO MOSTRA FALTA DE M\u00c9DICOS NO BRASIL - Bahia Economica","description":"O maior portal de Economia da Bahia ECONOMIA \/ POL\u00cdTICA Bahia Economica","robots":{"index":"index","follow":"follow","max-snippet":"max-snippet:-1","max-image-preview":"max-image-preview:large","max-video-preview":"max-video-preview:-1"},"canonical":"https:\/\/bahiaeconomica.com.br\/wp\/2021\/03\/16\/covid-19-estudo-mostra-falta-de-medicos-no-brasil\/","og_locale":"pt_BR","og_type":"article","og_title":"COVID-19: ESTUDO MOSTRA FALTA DE M\u00c9DICOS NO BRASIL - Bahia Economica","og_description":"O maior portal de Economia da Bahia ECONOMIA \/ POL\u00cdTICA Bahia Economica","og_url":"https:\/\/bahiaeconomica.com.br\/wp\/2021\/03\/16\/covid-19-estudo-mostra-falta-de-medicos-no-brasil\/","og_site_name":"Bahia Economica","article_publisher":"https:\/\/www.facebook.com\/bahiaeconomica","article_published_time":"2021-03-16T12:00:53+00:00","article_modified_time":"2021-03-16T12:05:26+00:00","og_image":[{"width":500,"height":300,"url":"https:\/\/bahiaeconomica.com.br\/wp\/wp-content\/uploads\/2019\/10\/divulgacao05-09-201205-39-08medicosparalisa1ffffffff.jpg","type":"image\/jpeg"}],"author":"admin","twitter_card":"summary_large_image","twitter_misc":{"Escrito por":"admin","Est. tempo de leitura":"5 minutos"},"schema":{"@context":"https:\/\/schema.org","@graph":[{"@type":"Article","@id":"https:\/\/bahiaeconomica.com.br\/wp\/2021\/03\/16\/covid-19-estudo-mostra-falta-de-medicos-no-brasil\/#article","isPartOf":{"@id":"https:\/\/bahiaeconomica.com.br\/wp\/2021\/03\/16\/covid-19-estudo-mostra-falta-de-medicos-no-brasil\/"},"author":{"name":"admin","@id":"https:\/\/bahiaeconomica.com.br\/wp\/#\/schema\/person\/cb1ab5ba96ad3d9390805381c76284ec"},"headline":"COVID-19: ESTUDO MOSTRA FALTA DE M\u00c9DICOS NO BRASIL","datePublished":"2021-03-16T12:00:53+00:00","dateModified":"2021-03-16T12:05:26+00:00","mainEntityOfPage":{"@id":"https:\/\/bahiaeconomica.com.br\/wp\/2021\/03\/16\/covid-19-estudo-mostra-falta-de-medicos-no-brasil\/"},"wordCount":996,"publisher":{"@id":"https:\/\/bahiaeconomica.com.br\/wp\/#organization"},"articleSection":["ECONOMIA \/ POL\u00cdTICA"],"inLanguage":"pt-BR"},{"@type":"WebPage","@id":"https:\/\/bahiaeconomica.com.br\/wp\/2021\/03\/16\/covid-19-estudo-mostra-falta-de-medicos-no-brasil\/","url":"https:\/\/bahiaeconomica.com.br\/wp\/2021\/03\/16\/covid-19-estudo-mostra-falta-de-medicos-no-brasil\/","name":"COVID-19: ESTUDO MOSTRA FALTA DE M\u00c9DICOS NO BRASIL - Bahia Economica","isPartOf":{"@id":"https:\/\/bahiaeconomica.com.br\/wp\/#website"},"datePublished":"2021-03-16T12:00:53+00:00","dateModified":"2021-03-16T12:05:26+00:00","description":"O maior portal de Economia da Bahia ECONOMIA \/ POL\u00cdTICA Bahia Economica","breadcrumb":{"@id":"https:\/\/bahiaeconomica.com.br\/wp\/2021\/03\/16\/covid-19-estudo-mostra-falta-de-medicos-no-brasil\/#breadcrumb"},"inLanguage":"pt-BR","potentialAction":[{"@type":"ReadAction","target":["https:\/\/bahiaeconomica.com.br\/wp\/2021\/03\/16\/covid-19-estudo-mostra-falta-de-medicos-no-brasil\/"]}]},{"@type":"BreadcrumbList","@id":"https:\/\/bahiaeconomica.com.br\/wp\/2021\/03\/16\/covid-19-estudo-mostra-falta-de-medicos-no-brasil\/#breadcrumb","itemListElement":[{"@type":"ListItem","position":1,"name":"In\u00edcio","item":"https:\/\/bahiaeconomica.com.br\/wp\/"},{"@type":"ListItem","position":2,"name":"COVID-19: ESTUDO MOSTRA FALTA DE M\u00c9DICOS NO BRASIL"}]},{"@type":"WebSite","@id":"https:\/\/bahiaeconomica.com.br\/wp\/#website","url":"https:\/\/bahiaeconomica.com.br\/wp\/","name":"Bahia Economica","description":"O maior portal de Economia da Bahia","publisher":{"@id":"https:\/\/bahiaeconomica.com.br\/wp\/#organization"},"potentialAction":[{"@type":"SearchAction","target":{"@type":"EntryPoint","urlTemplate":"https:\/\/bahiaeconomica.com.br\/wp\/?s={search_term_string}"},"query-input":"required name=search_term_string"}],"inLanguage":"pt-BR"},{"@type":"Organization","@id":"https:\/\/bahiaeconomica.com.br\/wp\/#organization","name":"Bahia Econ\u00f4mica","url":"https:\/\/bahiaeconomica.com.br\/wp\/","logo":{"@type":"ImageObject","inLanguage":"pt-BR","@id":"https:\/\/bahiaeconomica.com.br\/wp\/#\/schema\/logo\/image\/","url":"https:\/\/bahiaeconomica.com.br\/wp\/wp-content\/uploads\/2020\/12\/cropped-BE.png","contentUrl":"https:\/\/bahiaeconomica.com.br\/wp\/wp-content\/uploads\/2020\/12\/cropped-BE.png","width":512,"height":512,"caption":"Bahia Econ\u00f4mica"},"image":{"@id":"https:\/\/bahiaeconomica.com.br\/wp\/#\/schema\/logo\/image\/"},"sameAs":["https:\/\/www.facebook.com\/bahiaeconomica"]},{"@type":"Person","@id":"https:\/\/bahiaeconomica.com.br\/wp\/#\/schema\/person\/cb1ab5ba96ad3d9390805381c76284ec","name":"admin","url":"https:\/\/bahiaeconomica.com.br\/wp\/author\/admin\/"}]}},"views":1,"_links":{"self":[{"href":"https:\/\/bahiaeconomica.com.br\/wp\/wp-json\/wp\/v2\/posts\/544794"}],"collection":[{"href":"https:\/\/bahiaeconomica.com.br\/wp\/wp-json\/wp\/v2\/posts"}],"about":[{"href":"https:\/\/bahiaeconomica.com.br\/wp\/wp-json\/wp\/v2\/types\/post"}],"author":[{"embeddable":true,"href":"https:\/\/bahiaeconomica.com.br\/wp\/wp-json\/wp\/v2\/users\/1"}],"replies":[{"embeddable":true,"href":"https:\/\/bahiaeconomica.com.br\/wp\/wp-json\/wp\/v2\/comments?post=544794"}],"version-history":[{"count":1,"href":"https:\/\/bahiaeconomica.com.br\/wp\/wp-json\/wp\/v2\/posts\/544794\/revisions"}],"predecessor-version":[{"id":544796,"href":"https:\/\/bahiaeconomica.com.br\/wp\/wp-json\/wp\/v2\/posts\/544794\/revisions\/544796"}],"wp:featuredmedia":[{"embeddable":true,"href":"https:\/\/bahiaeconomica.com.br\/wp\/wp-json\/wp\/v2\/media\/404840"}],"wp:attachment":[{"href":"https:\/\/bahiaeconomica.com.br\/wp\/wp-json\/wp\/v2\/media?parent=544794"}],"wp:term":[{"taxonomy":"category","embeddable":true,"href":"https:\/\/bahiaeconomica.com.br\/wp\/wp-json\/wp\/v2\/categories?post=544794"},{"taxonomy":"post_tag","embeddable":true,"href":"https:\/\/bahiaeconomica.com.br\/wp\/wp-json\/wp\/v2\/tags?post=544794"}],"curies":[{"name":"wp","href":"https:\/\/api.w.org\/{rel}","templated":true}]}}