{"id":543645,"date":"2021-03-11T13:00:53","date_gmt":"2021-03-11T16:00:53","guid":{"rendered":"https:\/\/bahiaeconomica.com.br\/wp\/beta\/?p=543645"},"modified":"2021-03-11T12:09:00","modified_gmt":"2021-03-11T15:09:00","slug":"pazuello-nega-ao-congresso-atraso-em-cronograma-de-vacinacao","status":"publish","type":"post","link":"https:\/\/bahiaeconomica.com.br\/wp\/2021\/03\/11\/pazuello-nega-ao-congresso-atraso-em-cronograma-de-vacinacao\/","title":{"rendered":"PAZUELLO NEGA AO CONGRESSO ATRASO EM CRONOGRAMA DE VACINA\u00c7\u00c3O"},"content":{"rendered":"<p>O ministro da Sa\u00fade, Eduardo Pazuello, informou que n\u00e3o h\u00e1 atraso ou modifica\u00e7\u00e3o no cronograma de entrega<!--more-->de vacinas contra covid-19 aos estados e munic\u00edpios. Em of\u00edcio encaminhado ao Congresso Nacional, Pazuello diz que a campanha de vacina\u00e7\u00e3o, iniciada em 18 de janeiro, acontece de forma escalonada, conforme disponibilidade de doses de vacinas e diretrizes apresentadas no\u00a0Plano Nacional de Operacionaliza\u00e7\u00e3o da Vacina\u00e7\u00e3o contra a Covid-19.<\/p>\n<p>Na \u00faltima ter\u00e7a-feira (9), os presidentes da C\u00e2mara dos Deputados, Arthur Lira (PP-AL), e do Senado, Rodrigo Pacheco (DEM-MG), cobraram que o ministro Pazuello informasse, em 24 horas, o cronograma de vacina\u00e7\u00e3o apresentado aos senadores em sess\u00e3o tem\u00e1tica na Casa no dia\u00a04 de mar\u00e7o.<\/p>\n<p>A previs\u00e3o era de que o Minist\u00e9rio da Sa\u00fade distribu\u00edsse, em mar\u00e7o,\u00a016,9 milh\u00f5es de doses\u00a0da vacina Oxford-AstraZeneca (ou Covishield),\u00a0produzida na Funda\u00e7\u00e3o Oswaldo Cruz (Fiocruz),\u00a0mas a quantidade caiu para 3,8 milh\u00f5es. Na segunda-feira (8), depois de uma reuni\u00e3o na sede da Fiocruz, no Rio\u00a0de Janeiro, com governadores, o ministro da Sa\u00fade atribuiu o atraso a uma falha t\u00e9cnica em uma m\u00e1quina de lacre da embalagem da vacina.<\/p>\n<p>O cronograma de entregas e quantidades previstas em contratos, atualizado em\u00a03 de mar\u00e7o,\u00a0est\u00e1 dispon\u00edvel no site do Minist\u00e9rio da Sa\u00fade. Para consulta, no site do Conselho Nacional de Secretarias Municipais de Sa\u00fade (Conasems), h\u00e1 o\u00a0cronograma atualizado em\u00a025 de fevereiro. Do total de 16,9 milh\u00f5es de doses anteriormente previstas,\u00a012,9 milh\u00f5es seriam produzidas pela Fiocruz com os insumos recebidos no fim\u00a0de fevereiro\u00a0da China\u00a0e\u00a04 milh\u00f5es seriam importadas diretamente da \u00cdndia.<\/p>\n<p>Entretanto, de acordo com o of\u00edcio encaminhado nesta quinta-feira ao Congresso, para o m\u00eas\u00a0de mar\u00e7o, a Fiocruz far\u00e1 uma \u00fanica entrega de 3,8 milh\u00f5es de doses da AstraZeneca e o Instituto Butantan far\u00e1 entregas semanais, no total de 23,3 milh\u00f5es de doses da CoronaVac.<\/p>\n<p>\u201cO Minist\u00e9rio da Sa\u00fade, com o apoio do Minist\u00e9rio das Rela\u00e7\u00f5es Exteriores e dos laborat\u00f3rios produtores e\/ou importadores, tem envidado esfor\u00e7os para o cumprimento do planejamento previsto junto aos fornecedores a fim de mitigar poss\u00edveis atrasos nas entregas e por conseguinte disponibiliza\u00e7\u00e3o do imunizante \u00e0 popula\u00e7\u00e3o brasileira\u201d, diz o of\u00edcio.<\/p>\n<p>&nbsp;<\/p>\n<p>&nbsp;<\/p>\n<p>&nbsp;<\/p>\n<p>&nbsp;<\/p>\n<p>Foto: Carolina Antunes\/PR<\/p>\n","protected":false},"excerpt":{"rendered":"<p>O ministro da Sa\u00fade, Eduardo Pazuello, informou que n\u00e3o h\u00e1 atraso ou modifica\u00e7\u00e3o no cronograma de entrega<\/p>\n","protected":false},"author":1,"featured_media":484875,"comment_status":"closed","ping_status":"closed","sticky":false,"template":"","format":"standard","meta":[],"categories":[3],"tags":[],"acf":[],"yoast_head":"<!-- This site is optimized with the Yoast SEO plugin v20.8 - https:\/\/yoast.com\/wordpress\/plugins\/seo\/ -->\n<title>PAZUELLO NEGA AO CONGRESSO ATRASO EM CRONOGRAMA DE VACINA\u00c7\u00c3O - Bahia Economica<\/title>\n<meta name=\"description\" content=\"O maior portal de Economia da Bahia ECONOMIA \/ POL\u00cdTICA Bahia Economica\" \/>\n<meta name=\"robots\" content=\"index, follow, max-snippet:-1, max-image-preview:large, max-video-preview:-1\" \/>\n<link rel=\"canonical\" href=\"https:\/\/bahiaeconomica.com.br\/wp\/2021\/03\/11\/pazuello-nega-ao-congresso-atraso-em-cronograma-de-vacinacao\/\" \/>\n<meta property=\"og:locale\" content=\"pt_BR\" \/>\n<meta property=\"og:type\" content=\"article\" \/>\n<meta property=\"og:title\" content=\"PAZUELLO NEGA AO CONGRESSO ATRASO EM CRONOGRAMA DE VACINA\u00c7\u00c3O - Bahia Economica\" \/>\n<meta property=\"og:description\" content=\"O maior portal de Economia da Bahia ECONOMIA \/ POL\u00cdTICA Bahia Economica\" \/>\n<meta property=\"og:url\" content=\"https:\/\/bahiaeconomica.com.br\/wp\/2021\/03\/11\/pazuello-nega-ao-congresso-atraso-em-cronograma-de-vacinacao\/\" \/>\n<meta property=\"og:site_name\" content=\"Bahia Economica\" \/>\n<meta property=\"article:publisher\" content=\"https:\/\/www.facebook.com\/bahiaeconomica\" \/>\n<meta property=\"article:published_time\" content=\"2021-03-11T16:00:53+00:00\" \/>\n<meta property=\"article:modified_time\" content=\"2021-03-11T15:09:00+00:00\" \/>\n<meta property=\"og:image\" content=\"https:\/\/bahiaeconomica.com.br\/wp\/wp-content\/uploads\/2020\/08\/Pazuello.jpg500.jpg\" \/>\n\t<meta property=\"og:image:width\" content=\"500\" \/>\n\t<meta property=\"og:image:height\" content=\"300\" \/>\n\t<meta property=\"og:image:type\" content=\"image\/jpeg\" \/>\n<meta name=\"author\" content=\"admin\" \/>\n<meta name=\"twitter:card\" content=\"summary_large_image\" \/>\n<meta name=\"twitter:label1\" content=\"Escrito por\" \/>\n\t<meta name=\"twitter:data1\" content=\"admin\" \/>\n\t<meta name=\"twitter:label2\" content=\"Est. tempo de leitura\" \/>\n\t<meta name=\"twitter:data2\" content=\"2 minutos\" \/>\n<script type=\"application\/ld+json\" class=\"yoast-schema-graph\">{\"@context\":\"https:\/\/schema.org\",\"@graph\":[{\"@type\":\"Article\",\"@id\":\"https:\/\/bahiaeconomica.com.br\/wp\/2021\/03\/11\/pazuello-nega-ao-congresso-atraso-em-cronograma-de-vacinacao\/#article\",\"isPartOf\":{\"@id\":\"https:\/\/bahiaeconomica.com.br\/wp\/2021\/03\/11\/pazuello-nega-ao-congresso-atraso-em-cronograma-de-vacinacao\/\"},\"author\":{\"name\":\"admin\",\"@id\":\"https:\/\/bahiaeconomica.com.br\/wp\/#\/schema\/person\/cb1ab5ba96ad3d9390805381c76284ec\"},\"headline\":\"PAZUELLO NEGA AO CONGRESSO ATRASO EM CRONOGRAMA DE VACINA\u00c7\u00c3O\",\"datePublished\":\"2021-03-11T16:00:53+00:00\",\"dateModified\":\"2021-03-11T15:09:00+00:00\",\"mainEntityOfPage\":{\"@id\":\"https:\/\/bahiaeconomica.com.br\/wp\/2021\/03\/11\/pazuello-nega-ao-congresso-atraso-em-cronograma-de-vacinacao\/\"},\"wordCount\":405,\"publisher\":{\"@id\":\"https:\/\/bahiaeconomica.com.br\/wp\/#organization\"},\"articleSection\":[\"ECONOMIA \/ POL\u00cdTICA\"],\"inLanguage\":\"pt-BR\"},{\"@type\":\"WebPage\",\"@id\":\"https:\/\/bahiaeconomica.com.br\/wp\/2021\/03\/11\/pazuello-nega-ao-congresso-atraso-em-cronograma-de-vacinacao\/\",\"url\":\"https:\/\/bahiaeconomica.com.br\/wp\/2021\/03\/11\/pazuello-nega-ao-congresso-atraso-em-cronograma-de-vacinacao\/\",\"name\":\"PAZUELLO NEGA AO CONGRESSO ATRASO EM CRONOGRAMA DE VACINA\u00c7\u00c3O - Bahia Economica\",\"isPartOf\":{\"@id\":\"https:\/\/bahiaeconomica.com.br\/wp\/#website\"},\"datePublished\":\"2021-03-11T16:00:53+00:00\",\"dateModified\":\"2021-03-11T15:09:00+00:00\",\"description\":\"O maior portal de Economia da Bahia ECONOMIA \/ POL\u00cdTICA Bahia Economica\",\"breadcrumb\":{\"@id\":\"https:\/\/bahiaeconomica.com.br\/wp\/2021\/03\/11\/pazuello-nega-ao-congresso-atraso-em-cronograma-de-vacinacao\/#breadcrumb\"},\"inLanguage\":\"pt-BR\",\"potentialAction\":[{\"@type\":\"ReadAction\",\"target\":[\"https:\/\/bahiaeconomica.com.br\/wp\/2021\/03\/11\/pazuello-nega-ao-congresso-atraso-em-cronograma-de-vacinacao\/\"]}]},{\"@type\":\"BreadcrumbList\",\"@id\":\"https:\/\/bahiaeconomica.com.br\/wp\/2021\/03\/11\/pazuello-nega-ao-congresso-atraso-em-cronograma-de-vacinacao\/#breadcrumb\",\"itemListElement\":[{\"@type\":\"ListItem\",\"position\":1,\"name\":\"In\u00edcio\",\"item\":\"https:\/\/bahiaeconomica.com.br\/wp\/\"},{\"@type\":\"ListItem\",\"position\":2,\"name\":\"PAZUELLO NEGA AO CONGRESSO ATRASO EM CRONOGRAMA DE VACINA\u00c7\u00c3O\"}]},{\"@type\":\"WebSite\",\"@id\":\"https:\/\/bahiaeconomica.com.br\/wp\/#website\",\"url\":\"https:\/\/bahiaeconomica.com.br\/wp\/\",\"name\":\"Bahia Economica\",\"description\":\"O maior portal de Economia da Bahia\",\"publisher\":{\"@id\":\"https:\/\/bahiaeconomica.com.br\/wp\/#organization\"},\"potentialAction\":[{\"@type\":\"SearchAction\",\"target\":{\"@type\":\"EntryPoint\",\"urlTemplate\":\"https:\/\/bahiaeconomica.com.br\/wp\/?s={search_term_string}\"},\"query-input\":\"required name=search_term_string\"}],\"inLanguage\":\"pt-BR\"},{\"@type\":\"Organization\",\"@id\":\"https:\/\/bahiaeconomica.com.br\/wp\/#organization\",\"name\":\"Bahia Econ\u00f4mica\",\"url\":\"https:\/\/bahiaeconomica.com.br\/wp\/\",\"logo\":{\"@type\":\"ImageObject\",\"inLanguage\":\"pt-BR\",\"@id\":\"https:\/\/bahiaeconomica.com.br\/wp\/#\/schema\/logo\/image\/\",\"url\":\"https:\/\/bahiaeconomica.com.br\/wp\/wp-content\/uploads\/2020\/12\/cropped-BE.png\",\"contentUrl\":\"https:\/\/bahiaeconomica.com.br\/wp\/wp-content\/uploads\/2020\/12\/cropped-BE.png\",\"width\":512,\"height\":512,\"caption\":\"Bahia Econ\u00f4mica\"},\"image\":{\"@id\":\"https:\/\/bahiaeconomica.com.br\/wp\/#\/schema\/logo\/image\/\"},\"sameAs\":[\"https:\/\/www.facebook.com\/bahiaeconomica\"]},{\"@type\":\"Person\",\"@id\":\"https:\/\/bahiaeconomica.com.br\/wp\/#\/schema\/person\/cb1ab5ba96ad3d9390805381c76284ec\",\"name\":\"admin\",\"url\":\"https:\/\/bahiaeconomica.com.br\/wp\/author\/admin\/\"}]}<\/script>\n<!-- \/ Yoast SEO plugin. -->","yoast_head_json":{"title":"PAZUELLO NEGA AO CONGRESSO ATRASO EM CRONOGRAMA DE VACINA\u00c7\u00c3O - Bahia Economica","description":"O maior portal de Economia da Bahia ECONOMIA \/ POL\u00cdTICA Bahia Economica","robots":{"index":"index","follow":"follow","max-snippet":"max-snippet:-1","max-image-preview":"max-image-preview:large","max-video-preview":"max-video-preview:-1"},"canonical":"https:\/\/bahiaeconomica.com.br\/wp\/2021\/03\/11\/pazuello-nega-ao-congresso-atraso-em-cronograma-de-vacinacao\/","og_locale":"pt_BR","og_type":"article","og_title":"PAZUELLO NEGA AO CONGRESSO ATRASO EM CRONOGRAMA DE VACINA\u00c7\u00c3O - Bahia Economica","og_description":"O maior portal de Economia da Bahia ECONOMIA \/ POL\u00cdTICA Bahia Economica","og_url":"https:\/\/bahiaeconomica.com.br\/wp\/2021\/03\/11\/pazuello-nega-ao-congresso-atraso-em-cronograma-de-vacinacao\/","og_site_name":"Bahia Economica","article_publisher":"https:\/\/www.facebook.com\/bahiaeconomica","article_published_time":"2021-03-11T16:00:53+00:00","article_modified_time":"2021-03-11T15:09:00+00:00","og_image":[{"width":500,"height":300,"url":"https:\/\/bahiaeconomica.com.br\/wp\/wp-content\/uploads\/2020\/08\/Pazuello.jpg500.jpg","type":"image\/jpeg"}],"author":"admin","twitter_card":"summary_large_image","twitter_misc":{"Escrito por":"admin","Est. tempo de leitura":"2 minutos"},"schema":{"@context":"https:\/\/schema.org","@graph":[{"@type":"Article","@id":"https:\/\/bahiaeconomica.com.br\/wp\/2021\/03\/11\/pazuello-nega-ao-congresso-atraso-em-cronograma-de-vacinacao\/#article","isPartOf":{"@id":"https:\/\/bahiaeconomica.com.br\/wp\/2021\/03\/11\/pazuello-nega-ao-congresso-atraso-em-cronograma-de-vacinacao\/"},"author":{"name":"admin","@id":"https:\/\/bahiaeconomica.com.br\/wp\/#\/schema\/person\/cb1ab5ba96ad3d9390805381c76284ec"},"headline":"PAZUELLO NEGA AO CONGRESSO ATRASO EM CRONOGRAMA DE VACINA\u00c7\u00c3O","datePublished":"2021-03-11T16:00:53+00:00","dateModified":"2021-03-11T15:09:00+00:00","mainEntityOfPage":{"@id":"https:\/\/bahiaeconomica.com.br\/wp\/2021\/03\/11\/pazuello-nega-ao-congresso-atraso-em-cronograma-de-vacinacao\/"},"wordCount":405,"publisher":{"@id":"https:\/\/bahiaeconomica.com.br\/wp\/#organization"},"articleSection":["ECONOMIA \/ POL\u00cdTICA"],"inLanguage":"pt-BR"},{"@type":"WebPage","@id":"https:\/\/bahiaeconomica.com.br\/wp\/2021\/03\/11\/pazuello-nega-ao-congresso-atraso-em-cronograma-de-vacinacao\/","url":"https:\/\/bahiaeconomica.com.br\/wp\/2021\/03\/11\/pazuello-nega-ao-congresso-atraso-em-cronograma-de-vacinacao\/","name":"PAZUELLO NEGA AO CONGRESSO ATRASO EM CRONOGRAMA DE VACINA\u00c7\u00c3O - Bahia Economica","isPartOf":{"@id":"https:\/\/bahiaeconomica.com.br\/wp\/#website"},"datePublished":"2021-03-11T16:00:53+00:00","dateModified":"2021-03-11T15:09:00+00:00","description":"O maior portal de Economia da Bahia ECONOMIA \/ POL\u00cdTICA Bahia Economica","breadcrumb":{"@id":"https:\/\/bahiaeconomica.com.br\/wp\/2021\/03\/11\/pazuello-nega-ao-congresso-atraso-em-cronograma-de-vacinacao\/#breadcrumb"},"inLanguage":"pt-BR","potentialAction":[{"@type":"ReadAction","target":["https:\/\/bahiaeconomica.com.br\/wp\/2021\/03\/11\/pazuello-nega-ao-congresso-atraso-em-cronograma-de-vacinacao\/"]}]},{"@type":"BreadcrumbList","@id":"https:\/\/bahiaeconomica.com.br\/wp\/2021\/03\/11\/pazuello-nega-ao-congresso-atraso-em-cronograma-de-vacinacao\/#breadcrumb","itemListElement":[{"@type":"ListItem","position":1,"name":"In\u00edcio","item":"https:\/\/bahiaeconomica.com.br\/wp\/"},{"@type":"ListItem","position":2,"name":"PAZUELLO NEGA AO CONGRESSO ATRASO EM CRONOGRAMA DE VACINA\u00c7\u00c3O"}]},{"@type":"WebSite","@id":"https:\/\/bahiaeconomica.com.br\/wp\/#website","url":"https:\/\/bahiaeconomica.com.br\/wp\/","name":"Bahia Economica","description":"O maior portal de Economia da Bahia","publisher":{"@id":"https:\/\/bahiaeconomica.com.br\/wp\/#organization"},"potentialAction":[{"@type":"SearchAction","target":{"@type":"EntryPoint","urlTemplate":"https:\/\/bahiaeconomica.com.br\/wp\/?s={search_term_string}"},"query-input":"required name=search_term_string"}],"inLanguage":"pt-BR"},{"@type":"Organization","@id":"https:\/\/bahiaeconomica.com.br\/wp\/#organization","name":"Bahia Econ\u00f4mica","url":"https:\/\/bahiaeconomica.com.br\/wp\/","logo":{"@type":"ImageObject","inLanguage":"pt-BR","@id":"https:\/\/bahiaeconomica.com.br\/wp\/#\/schema\/logo\/image\/","url":"https:\/\/bahiaeconomica.com.br\/wp\/wp-content\/uploads\/2020\/12\/cropped-BE.png","contentUrl":"https:\/\/bahiaeconomica.com.br\/wp\/wp-content\/uploads\/2020\/12\/cropped-BE.png","width":512,"height":512,"caption":"Bahia Econ\u00f4mica"},"image":{"@id":"https:\/\/bahiaeconomica.com.br\/wp\/#\/schema\/logo\/image\/"},"sameAs":["https:\/\/www.facebook.com\/bahiaeconomica"]},{"@type":"Person","@id":"https:\/\/bahiaeconomica.com.br\/wp\/#\/schema\/person\/cb1ab5ba96ad3d9390805381c76284ec","name":"admin","url":"https:\/\/bahiaeconomica.com.br\/wp\/author\/admin\/"}]}},"views":0,"_links":{"self":[{"href":"https:\/\/bahiaeconomica.com.br\/wp\/wp-json\/wp\/v2\/posts\/543645"}],"collection":[{"href":"https:\/\/bahiaeconomica.com.br\/wp\/wp-json\/wp\/v2\/posts"}],"about":[{"href":"https:\/\/bahiaeconomica.com.br\/wp\/wp-json\/wp\/v2\/types\/post"}],"author":[{"embeddable":true,"href":"https:\/\/bahiaeconomica.com.br\/wp\/wp-json\/wp\/v2\/users\/1"}],"replies":[{"embeddable":true,"href":"https:\/\/bahiaeconomica.com.br\/wp\/wp-json\/wp\/v2\/comments?post=543645"}],"version-history":[{"count":1,"href":"https:\/\/bahiaeconomica.com.br\/wp\/wp-json\/wp\/v2\/posts\/543645\/revisions"}],"predecessor-version":[{"id":543647,"href":"https:\/\/bahiaeconomica.com.br\/wp\/wp-json\/wp\/v2\/posts\/543645\/revisions\/543647"}],"wp:featuredmedia":[{"embeddable":true,"href":"https:\/\/bahiaeconomica.com.br\/wp\/wp-json\/wp\/v2\/media\/484875"}],"wp:attachment":[{"href":"https:\/\/bahiaeconomica.com.br\/wp\/wp-json\/wp\/v2\/media?parent=543645"}],"wp:term":[{"taxonomy":"category","embeddable":true,"href":"https:\/\/bahiaeconomica.com.br\/wp\/wp-json\/wp\/v2\/categories?post=543645"},{"taxonomy":"post_tag","embeddable":true,"href":"https:\/\/bahiaeconomica.com.br\/wp\/wp-json\/wp\/v2\/tags?post=543645"}],"curies":[{"name":"wp","href":"https:\/\/api.w.org\/{rel}","templated":true}]}}