{"id":542867,"date":"2021-03-09T11:00:52","date_gmt":"2021-03-09T14:00:52","guid":{"rendered":"https:\/\/bahiaeconomica.com.br\/wp\/beta\/?p=542867"},"modified":"2021-03-09T10:56:04","modified_gmt":"2021-03-09T13:56:04","slug":"anvisa-e-laboratorio-avaliam-hoje-uso-emergencial-da-covaxin","status":"publish","type":"post","link":"https:\/\/bahiaeconomica.com.br\/wp\/2021\/03\/09\/anvisa-e-laboratorio-avaliam-hoje-uso-emergencial-da-covaxin\/","title":{"rendered":"ANVISA E LABORAT\u00d3RIO AVALIAM HOJE USO EMERGENCIAL DA COVAXIN"},"content":{"rendered":"<p>O laborat\u00f3rio Precisa Medicamentos entregou \u00e0 Ag\u00eancia Nacional de Vigil\u00e2ncia Sanit\u00e1ria (Anvisa) o pedido de reuni\u00e3o de<!--more--> submiss\u00e3o pr\u00e9via, conforme previsto no Guia de Uso Emergencial, visando \u00e0\u00a0autoriza\u00e7\u00e3o de uso emergencial da vacina Covaxin. O laborat\u00f3rio \u00e9 o representante da farmac\u00eautica indiana Bharat Biotech no Brasil.<\/p>\n<p>Segundo a Anvisa, essa reuni\u00e3o serve para avaliar as condi\u00e7\u00f5es da documenta\u00e7\u00e3o para posterior pedido de uso emergencial. Ela foi agendada para\u00a0hoje\u00a0(9) \u00e0s 15h, e ser\u00e1 feita de forma virtual.<\/p>\n<p>Como, at\u00e9 o momento, n\u00e3o houve a formaliza\u00e7\u00e3o do pedido de uso emergencial da Covaxin no Brasil, n\u00e3o foi definido ainda prazo para a an\u00e1lise da vacina. \u201cA reuni\u00e3o de submiss\u00e3o pr\u00e9via est\u00e1 prevista no Guia de Uso Emergencial. \u00c9 uma reuni\u00e3o que deve ser feita antes do pedido de uso emergencial de vacinas\u201d, informou a Anvisa em nota, ao explicar que essa reuni\u00e3o \u00e9 uma das etapas de an\u00e1lise t\u00e9cnica a ser feita pela equipe da ag\u00eancia\u00a0para avaliar se j\u00e1 h\u00e1 dados suficientes para que o laborat\u00f3rio fa\u00e7o o pedido de uso emergencial.<\/p>\n<p>&nbsp;<\/p>\n<p>&nbsp;<\/p>\n<p>&nbsp;<\/p>\n<p>Foto: Reuters\/Amit Dave<\/p>\n","protected":false},"excerpt":{"rendered":"<p>O laborat\u00f3rio Precisa Medicamentos entregou \u00e0 Ag\u00eancia Nacional de Vigil\u00e2ncia Sanit\u00e1ria (Anvisa) o pedido de reuni\u00e3o de<\/p>\n","protected":false},"author":1,"featured_media":542870,"comment_status":"closed","ping_status":"closed","sticky":false,"template":"","format":"standard","meta":[],"categories":[3],"tags":[],"acf":[],"yoast_head":"<!-- This site is optimized with the Yoast SEO plugin v20.8 - https:\/\/yoast.com\/wordpress\/plugins\/seo\/ -->\n<title>ANVISA E LABORAT\u00d3RIO AVALIAM HOJE USO EMERGENCIAL DA COVAXIN - Bahia Economica<\/title>\n<meta name=\"description\" content=\"O maior portal de Economia da Bahia ECONOMIA \/ POL\u00cdTICA Bahia Economica\" \/>\n<meta name=\"robots\" content=\"index, follow, max-snippet:-1, max-image-preview:large, max-video-preview:-1\" \/>\n<link rel=\"canonical\" href=\"https:\/\/bahiaeconomica.com.br\/wp\/2021\/03\/09\/anvisa-e-laboratorio-avaliam-hoje-uso-emergencial-da-covaxin\/\" \/>\n<meta property=\"og:locale\" content=\"pt_BR\" \/>\n<meta property=\"og:type\" content=\"article\" \/>\n<meta property=\"og:title\" content=\"ANVISA E LABORAT\u00d3RIO AVALIAM HOJE USO EMERGENCIAL DA COVAXIN - Bahia Economica\" \/>\n<meta property=\"og:description\" content=\"O maior portal de Economia da Bahia ECONOMIA \/ POL\u00cdTICA Bahia Economica\" \/>\n<meta property=\"og:url\" content=\"https:\/\/bahiaeconomica.com.br\/wp\/2021\/03\/09\/anvisa-e-laboratorio-avaliam-hoje-uso-emergencial-da-covaxin\/\" \/>\n<meta property=\"og:site_name\" content=\"Bahia Economica\" \/>\n<meta property=\"article:publisher\" content=\"https:\/\/www.facebook.com\/bahiaeconomica\" \/>\n<meta property=\"article:published_time\" content=\"2021-03-09T14:00:52+00:00\" \/>\n<meta property=\"article:modified_time\" content=\"2021-03-09T13:56:04+00:00\" \/>\n<meta property=\"og:image\" content=\"https:\/\/bahiaeconomica.com.br\/wp\/wp-content\/uploads\/2021\/03\/vacina-coronavirus-india-cases500.jpg\" \/>\n\t<meta property=\"og:image:width\" content=\"500\" \/>\n\t<meta property=\"og:image:height\" content=\"300\" \/>\n\t<meta property=\"og:image:type\" content=\"image\/jpeg\" \/>\n<meta name=\"author\" content=\"admin\" \/>\n<meta name=\"twitter:card\" content=\"summary_large_image\" \/>\n<meta name=\"twitter:label1\" content=\"Escrito por\" \/>\n\t<meta name=\"twitter:data1\" content=\"admin\" \/>\n\t<meta name=\"twitter:label2\" content=\"Est. tempo de leitura\" \/>\n\t<meta name=\"twitter:data2\" content=\"1 minuto\" \/>\n<script type=\"application\/ld+json\" class=\"yoast-schema-graph\">{\"@context\":\"https:\/\/schema.org\",\"@graph\":[{\"@type\":\"Article\",\"@id\":\"https:\/\/bahiaeconomica.com.br\/wp\/2021\/03\/09\/anvisa-e-laboratorio-avaliam-hoje-uso-emergencial-da-covaxin\/#article\",\"isPartOf\":{\"@id\":\"https:\/\/bahiaeconomica.com.br\/wp\/2021\/03\/09\/anvisa-e-laboratorio-avaliam-hoje-uso-emergencial-da-covaxin\/\"},\"author\":{\"name\":\"admin\",\"@id\":\"https:\/\/bahiaeconomica.com.br\/wp\/#\/schema\/person\/cb1ab5ba96ad3d9390805381c76284ec\"},\"headline\":\"ANVISA E LABORAT\u00d3RIO AVALIAM HOJE USO EMERGENCIAL DA COVAXIN\",\"datePublished\":\"2021-03-09T14:00:52+00:00\",\"dateModified\":\"2021-03-09T13:56:04+00:00\",\"mainEntityOfPage\":{\"@id\":\"https:\/\/bahiaeconomica.com.br\/wp\/2021\/03\/09\/anvisa-e-laboratorio-avaliam-hoje-uso-emergencial-da-covaxin\/\"},\"wordCount\":212,\"publisher\":{\"@id\":\"https:\/\/bahiaeconomica.com.br\/wp\/#organization\"},\"articleSection\":[\"ECONOMIA \/ POL\u00cdTICA\"],\"inLanguage\":\"pt-BR\"},{\"@type\":\"WebPage\",\"@id\":\"https:\/\/bahiaeconomica.com.br\/wp\/2021\/03\/09\/anvisa-e-laboratorio-avaliam-hoje-uso-emergencial-da-covaxin\/\",\"url\":\"https:\/\/bahiaeconomica.com.br\/wp\/2021\/03\/09\/anvisa-e-laboratorio-avaliam-hoje-uso-emergencial-da-covaxin\/\",\"name\":\"ANVISA E LABORAT\u00d3RIO AVALIAM HOJE USO EMERGENCIAL DA COVAXIN - Bahia Economica\",\"isPartOf\":{\"@id\":\"https:\/\/bahiaeconomica.com.br\/wp\/#website\"},\"datePublished\":\"2021-03-09T14:00:52+00:00\",\"dateModified\":\"2021-03-09T13:56:04+00:00\",\"description\":\"O maior portal de Economia da Bahia ECONOMIA \/ POL\u00cdTICA Bahia Economica\",\"breadcrumb\":{\"@id\":\"https:\/\/bahiaeconomica.com.br\/wp\/2021\/03\/09\/anvisa-e-laboratorio-avaliam-hoje-uso-emergencial-da-covaxin\/#breadcrumb\"},\"inLanguage\":\"pt-BR\",\"potentialAction\":[{\"@type\":\"ReadAction\",\"target\":[\"https:\/\/bahiaeconomica.com.br\/wp\/2021\/03\/09\/anvisa-e-laboratorio-avaliam-hoje-uso-emergencial-da-covaxin\/\"]}]},{\"@type\":\"BreadcrumbList\",\"@id\":\"https:\/\/bahiaeconomica.com.br\/wp\/2021\/03\/09\/anvisa-e-laboratorio-avaliam-hoje-uso-emergencial-da-covaxin\/#breadcrumb\",\"itemListElement\":[{\"@type\":\"ListItem\",\"position\":1,\"name\":\"In\u00edcio\",\"item\":\"https:\/\/bahiaeconomica.com.br\/wp\/\"},{\"@type\":\"ListItem\",\"position\":2,\"name\":\"ANVISA E LABORAT\u00d3RIO AVALIAM HOJE USO EMERGENCIAL DA COVAXIN\"}]},{\"@type\":\"WebSite\",\"@id\":\"https:\/\/bahiaeconomica.com.br\/wp\/#website\",\"url\":\"https:\/\/bahiaeconomica.com.br\/wp\/\",\"name\":\"Bahia Economica\",\"description\":\"O maior portal de Economia da Bahia\",\"publisher\":{\"@id\":\"https:\/\/bahiaeconomica.com.br\/wp\/#organization\"},\"potentialAction\":[{\"@type\":\"SearchAction\",\"target\":{\"@type\":\"EntryPoint\",\"urlTemplate\":\"https:\/\/bahiaeconomica.com.br\/wp\/?s={search_term_string}\"},\"query-input\":\"required name=search_term_string\"}],\"inLanguage\":\"pt-BR\"},{\"@type\":\"Organization\",\"@id\":\"https:\/\/bahiaeconomica.com.br\/wp\/#organization\",\"name\":\"Bahia Econ\u00f4mica\",\"url\":\"https:\/\/bahiaeconomica.com.br\/wp\/\",\"logo\":{\"@type\":\"ImageObject\",\"inLanguage\":\"pt-BR\",\"@id\":\"https:\/\/bahiaeconomica.com.br\/wp\/#\/schema\/logo\/image\/\",\"url\":\"https:\/\/bahiaeconomica.com.br\/wp\/wp-content\/uploads\/2020\/12\/cropped-BE.png\",\"contentUrl\":\"https:\/\/bahiaeconomica.com.br\/wp\/wp-content\/uploads\/2020\/12\/cropped-BE.png\",\"width\":512,\"height\":512,\"caption\":\"Bahia Econ\u00f4mica\"},\"image\":{\"@id\":\"https:\/\/bahiaeconomica.com.br\/wp\/#\/schema\/logo\/image\/\"},\"sameAs\":[\"https:\/\/www.facebook.com\/bahiaeconomica\"]},{\"@type\":\"Person\",\"@id\":\"https:\/\/bahiaeconomica.com.br\/wp\/#\/schema\/person\/cb1ab5ba96ad3d9390805381c76284ec\",\"name\":\"admin\",\"url\":\"https:\/\/bahiaeconomica.com.br\/wp\/author\/admin\/\"}]}<\/script>\n<!-- \/ Yoast SEO plugin. -->","yoast_head_json":{"title":"ANVISA E LABORAT\u00d3RIO AVALIAM HOJE USO EMERGENCIAL DA COVAXIN - Bahia Economica","description":"O maior portal de Economia da Bahia ECONOMIA \/ POL\u00cdTICA Bahia Economica","robots":{"index":"index","follow":"follow","max-snippet":"max-snippet:-1","max-image-preview":"max-image-preview:large","max-video-preview":"max-video-preview:-1"},"canonical":"https:\/\/bahiaeconomica.com.br\/wp\/2021\/03\/09\/anvisa-e-laboratorio-avaliam-hoje-uso-emergencial-da-covaxin\/","og_locale":"pt_BR","og_type":"article","og_title":"ANVISA E LABORAT\u00d3RIO AVALIAM HOJE USO EMERGENCIAL DA COVAXIN - Bahia Economica","og_description":"O maior portal de Economia da Bahia ECONOMIA \/ POL\u00cdTICA Bahia Economica","og_url":"https:\/\/bahiaeconomica.com.br\/wp\/2021\/03\/09\/anvisa-e-laboratorio-avaliam-hoje-uso-emergencial-da-covaxin\/","og_site_name":"Bahia Economica","article_publisher":"https:\/\/www.facebook.com\/bahiaeconomica","article_published_time":"2021-03-09T14:00:52+00:00","article_modified_time":"2021-03-09T13:56:04+00:00","og_image":[{"width":500,"height":300,"url":"https:\/\/bahiaeconomica.com.br\/wp\/wp-content\/uploads\/2021\/03\/vacina-coronavirus-india-cases500.jpg","type":"image\/jpeg"}],"author":"admin","twitter_card":"summary_large_image","twitter_misc":{"Escrito por":"admin","Est. tempo de leitura":"1 minuto"},"schema":{"@context":"https:\/\/schema.org","@graph":[{"@type":"Article","@id":"https:\/\/bahiaeconomica.com.br\/wp\/2021\/03\/09\/anvisa-e-laboratorio-avaliam-hoje-uso-emergencial-da-covaxin\/#article","isPartOf":{"@id":"https:\/\/bahiaeconomica.com.br\/wp\/2021\/03\/09\/anvisa-e-laboratorio-avaliam-hoje-uso-emergencial-da-covaxin\/"},"author":{"name":"admin","@id":"https:\/\/bahiaeconomica.com.br\/wp\/#\/schema\/person\/cb1ab5ba96ad3d9390805381c76284ec"},"headline":"ANVISA E LABORAT\u00d3RIO AVALIAM HOJE USO EMERGENCIAL DA COVAXIN","datePublished":"2021-03-09T14:00:52+00:00","dateModified":"2021-03-09T13:56:04+00:00","mainEntityOfPage":{"@id":"https:\/\/bahiaeconomica.com.br\/wp\/2021\/03\/09\/anvisa-e-laboratorio-avaliam-hoje-uso-emergencial-da-covaxin\/"},"wordCount":212,"publisher":{"@id":"https:\/\/bahiaeconomica.com.br\/wp\/#organization"},"articleSection":["ECONOMIA \/ POL\u00cdTICA"],"inLanguage":"pt-BR"},{"@type":"WebPage","@id":"https:\/\/bahiaeconomica.com.br\/wp\/2021\/03\/09\/anvisa-e-laboratorio-avaliam-hoje-uso-emergencial-da-covaxin\/","url":"https:\/\/bahiaeconomica.com.br\/wp\/2021\/03\/09\/anvisa-e-laboratorio-avaliam-hoje-uso-emergencial-da-covaxin\/","name":"ANVISA E LABORAT\u00d3RIO AVALIAM HOJE USO EMERGENCIAL DA COVAXIN - Bahia Economica","isPartOf":{"@id":"https:\/\/bahiaeconomica.com.br\/wp\/#website"},"datePublished":"2021-03-09T14:00:52+00:00","dateModified":"2021-03-09T13:56:04+00:00","description":"O maior portal de Economia da Bahia ECONOMIA \/ POL\u00cdTICA Bahia Economica","breadcrumb":{"@id":"https:\/\/bahiaeconomica.com.br\/wp\/2021\/03\/09\/anvisa-e-laboratorio-avaliam-hoje-uso-emergencial-da-covaxin\/#breadcrumb"},"inLanguage":"pt-BR","potentialAction":[{"@type":"ReadAction","target":["https:\/\/bahiaeconomica.com.br\/wp\/2021\/03\/09\/anvisa-e-laboratorio-avaliam-hoje-uso-emergencial-da-covaxin\/"]}]},{"@type":"BreadcrumbList","@id":"https:\/\/bahiaeconomica.com.br\/wp\/2021\/03\/09\/anvisa-e-laboratorio-avaliam-hoje-uso-emergencial-da-covaxin\/#breadcrumb","itemListElement":[{"@type":"ListItem","position":1,"name":"In\u00edcio","item":"https:\/\/bahiaeconomica.com.br\/wp\/"},{"@type":"ListItem","position":2,"name":"ANVISA E LABORAT\u00d3RIO AVALIAM HOJE USO EMERGENCIAL DA COVAXIN"}]},{"@type":"WebSite","@id":"https:\/\/bahiaeconomica.com.br\/wp\/#website","url":"https:\/\/bahiaeconomica.com.br\/wp\/","name":"Bahia Economica","description":"O maior portal de Economia da Bahia","publisher":{"@id":"https:\/\/bahiaeconomica.com.br\/wp\/#organization"},"potentialAction":[{"@type":"SearchAction","target":{"@type":"EntryPoint","urlTemplate":"https:\/\/bahiaeconomica.com.br\/wp\/?s={search_term_string}"},"query-input":"required name=search_term_string"}],"inLanguage":"pt-BR"},{"@type":"Organization","@id":"https:\/\/bahiaeconomica.com.br\/wp\/#organization","name":"Bahia Econ\u00f4mica","url":"https:\/\/bahiaeconomica.com.br\/wp\/","logo":{"@type":"ImageObject","inLanguage":"pt-BR","@id":"https:\/\/bahiaeconomica.com.br\/wp\/#\/schema\/logo\/image\/","url":"https:\/\/bahiaeconomica.com.br\/wp\/wp-content\/uploads\/2020\/12\/cropped-BE.png","contentUrl":"https:\/\/bahiaeconomica.com.br\/wp\/wp-content\/uploads\/2020\/12\/cropped-BE.png","width":512,"height":512,"caption":"Bahia Econ\u00f4mica"},"image":{"@id":"https:\/\/bahiaeconomica.com.br\/wp\/#\/schema\/logo\/image\/"},"sameAs":["https:\/\/www.facebook.com\/bahiaeconomica"]},{"@type":"Person","@id":"https:\/\/bahiaeconomica.com.br\/wp\/#\/schema\/person\/cb1ab5ba96ad3d9390805381c76284ec","name":"admin","url":"https:\/\/bahiaeconomica.com.br\/wp\/author\/admin\/"}]}},"views":1,"_links":{"self":[{"href":"https:\/\/bahiaeconomica.com.br\/wp\/wp-json\/wp\/v2\/posts\/542867"}],"collection":[{"href":"https:\/\/bahiaeconomica.com.br\/wp\/wp-json\/wp\/v2\/posts"}],"about":[{"href":"https:\/\/bahiaeconomica.com.br\/wp\/wp-json\/wp\/v2\/types\/post"}],"author":[{"embeddable":true,"href":"https:\/\/bahiaeconomica.com.br\/wp\/wp-json\/wp\/v2\/users\/1"}],"replies":[{"embeddable":true,"href":"https:\/\/bahiaeconomica.com.br\/wp\/wp-json\/wp\/v2\/comments?post=542867"}],"version-history":[{"count":1,"href":"https:\/\/bahiaeconomica.com.br\/wp\/wp-json\/wp\/v2\/posts\/542867\/revisions"}],"predecessor-version":[{"id":542871,"href":"https:\/\/bahiaeconomica.com.br\/wp\/wp-json\/wp\/v2\/posts\/542867\/revisions\/542871"}],"wp:featuredmedia":[{"embeddable":true,"href":"https:\/\/bahiaeconomica.com.br\/wp\/wp-json\/wp\/v2\/media\/542870"}],"wp:attachment":[{"href":"https:\/\/bahiaeconomica.com.br\/wp\/wp-json\/wp\/v2\/media?parent=542867"}],"wp:term":[{"taxonomy":"category","embeddable":true,"href":"https:\/\/bahiaeconomica.com.br\/wp\/wp-json\/wp\/v2\/categories?post=542867"},{"taxonomy":"post_tag","embeddable":true,"href":"https:\/\/bahiaeconomica.com.br\/wp\/wp-json\/wp\/v2\/tags?post=542867"}],"curies":[{"name":"wp","href":"https:\/\/api.w.org\/{rel}","templated":true}]}}