{"id":541840,"date":"2021-03-04T17:30:15","date_gmt":"2021-03-04T20:30:15","guid":{"rendered":"https:\/\/bahiaeconomica.com.br\/wp\/beta\/?p=541840"},"modified":"2021-03-04T17:22:17","modified_gmt":"2021-03-04T20:22:17","slug":"estudo-confirma-ineficacia-da-ivermectina-contra-covid","status":"publish","type":"post","link":"https:\/\/bahiaeconomica.com.br\/wp\/2021\/03\/04\/estudo-confirma-ineficacia-da-ivermectina-contra-covid\/","title":{"rendered":"ESTUDO CONFIRMA INEFIC\u00c1CIA DA IVERMECTINA CONTRA COVID"},"content":{"rendered":"<p>Um dos medicamentos, que tem se posicionado entre os mais usados no Brasil para &#8216;preven\u00e7\u00e3o e tratamento&#8217; de casos leves de <!--more-->Covid-19, a ivermectina n\u00e3o tem comprova\u00e7\u00e3o cient\u00edfica de efic\u00e1cia. Um estudo publicado nesta quinta, 4, na revista cient\u00edfica Journal of the American Medical Association (JAMA) comprova que o rem\u00e9dio realmente n\u00e3o tem efeito contra o coronav\u00edrus.<\/p>\n<p>A pesquisa foi feita na Col\u00f4mbia com 476 pacientes com quadro leve da infec\u00e7\u00e3o, com sintomas h\u00e1 no m\u00e1ximo sete dias, que estavam em casa ou hospitalizados. Um total de 15 pacientes (7,5%) que tomou ivermectina precisou parar o tratamento por efeitos adversos. Quatro pacientes, dois em cada grupo, tiveram fal\u00eancia m\u00faltipla de \u00f3rg\u00e3os decorrente da Covid-19.<\/p>\n<p>A pequena diferen\u00e7a nos percentuais mostra que n\u00e3o h\u00e1 melhoria significativa no uso do medicamento contra o coronav\u00edrus. \u201cNossos achados n\u00e3o recomendam o uso de ivermectina no tratamento de casos leves de Covid-19\u201d, escreveram os pesquisadores no documento.<\/p>\n","protected":false},"excerpt":{"rendered":"<p>Um dos medicamentos, que tem se posicionado entre os mais usados no Brasil para &#8216;preven\u00e7\u00e3o e tratamento&#8217; de casos leves de<\/p>\n","protected":false},"author":1,"featured_media":475529,"comment_status":"closed","ping_status":"closed","sticky":false,"template":"","format":"standard","meta":[],"categories":[14,3],"tags":[],"acf":[],"yoast_head":"<!-- This site is optimized with the Yoast SEO plugin v20.8 - https:\/\/yoast.com\/wordpress\/plugins\/seo\/ -->\n<title>ESTUDO CONFIRMA INEFIC\u00c1CIA DA IVERMECTINA CONTRA COVID - Bahia Economica<\/title>\n<meta name=\"description\" content=\"O maior portal de Economia da Bahia DESTAQUE DO DIA, ECONOMIA \/ POL\u00cdTICA Bahia Economica\" \/>\n<meta name=\"robots\" content=\"index, follow, max-snippet:-1, max-image-preview:large, max-video-preview:-1\" \/>\n<link rel=\"canonical\" href=\"https:\/\/bahiaeconomica.com.br\/wp\/2021\/03\/04\/estudo-confirma-ineficacia-da-ivermectina-contra-covid\/\" \/>\n<meta property=\"og:locale\" content=\"pt_BR\" \/>\n<meta property=\"og:type\" content=\"article\" \/>\n<meta property=\"og:title\" content=\"ESTUDO CONFIRMA INEFIC\u00c1CIA DA IVERMECTINA CONTRA COVID - Bahia Economica\" \/>\n<meta property=\"og:description\" content=\"O maior portal de Economia da Bahia DESTAQUE DO DIA, ECONOMIA \/ POL\u00cdTICA Bahia Economica\" \/>\n<meta property=\"og:url\" content=\"https:\/\/bahiaeconomica.com.br\/wp\/2021\/03\/04\/estudo-confirma-ineficacia-da-ivermectina-contra-covid\/\" \/>\n<meta property=\"og:site_name\" content=\"Bahia Economica\" \/>\n<meta property=\"article:publisher\" content=\"https:\/\/www.facebook.com\/bahiaeconomica\" \/>\n<meta property=\"article:published_time\" content=\"2021-03-04T20:30:15+00:00\" \/>\n<meta property=\"article:modified_time\" content=\"2021-03-04T20:22:17+00:00\" \/>\n<meta property=\"og:image\" content=\"https:\/\/bahiaeconomica.com.br\/wp\/wp-content\/uploads\/2020\/07\/ivermectinaCOVID-19_113447-Fot\u00f3grafoa-_-Divulga\u00e7\u00e3o-Secom-.jpg\" \/>\n\t<meta property=\"og:image:width\" content=\"500\" \/>\n\t<meta property=\"og:image:height\" content=\"333\" \/>\n\t<meta property=\"og:image:type\" content=\"image\/jpeg\" \/>\n<meta name=\"author\" content=\"admin\" \/>\n<meta name=\"twitter:card\" content=\"summary_large_image\" \/>\n<meta name=\"twitter:label1\" content=\"Escrito por\" \/>\n\t<meta name=\"twitter:data1\" content=\"admin\" \/>\n\t<meta name=\"twitter:label2\" content=\"Est. tempo de leitura\" \/>\n\t<meta name=\"twitter:data2\" content=\"1 minuto\" \/>\n<script type=\"application\/ld+json\" class=\"yoast-schema-graph\">{\"@context\":\"https:\/\/schema.org\",\"@graph\":[{\"@type\":\"Article\",\"@id\":\"https:\/\/bahiaeconomica.com.br\/wp\/2021\/03\/04\/estudo-confirma-ineficacia-da-ivermectina-contra-covid\/#article\",\"isPartOf\":{\"@id\":\"https:\/\/bahiaeconomica.com.br\/wp\/2021\/03\/04\/estudo-confirma-ineficacia-da-ivermectina-contra-covid\/\"},\"author\":{\"name\":\"admin\",\"@id\":\"https:\/\/bahiaeconomica.com.br\/wp\/#\/schema\/person\/cb1ab5ba96ad3d9390805381c76284ec\"},\"headline\":\"ESTUDO CONFIRMA INEFIC\u00c1CIA DA IVERMECTINA CONTRA COVID\",\"datePublished\":\"2021-03-04T20:30:15+00:00\",\"dateModified\":\"2021-03-04T20:22:17+00:00\",\"mainEntityOfPage\":{\"@id\":\"https:\/\/bahiaeconomica.com.br\/wp\/2021\/03\/04\/estudo-confirma-ineficacia-da-ivermectina-contra-covid\/\"},\"wordCount\":175,\"publisher\":{\"@id\":\"https:\/\/bahiaeconomica.com.br\/wp\/#organization\"},\"articleSection\":[\"DESTAQUE DO DIA\",\"ECONOMIA \/ POL\u00cdTICA\"],\"inLanguage\":\"pt-BR\"},{\"@type\":\"WebPage\",\"@id\":\"https:\/\/bahiaeconomica.com.br\/wp\/2021\/03\/04\/estudo-confirma-ineficacia-da-ivermectina-contra-covid\/\",\"url\":\"https:\/\/bahiaeconomica.com.br\/wp\/2021\/03\/04\/estudo-confirma-ineficacia-da-ivermectina-contra-covid\/\",\"name\":\"ESTUDO CONFIRMA INEFIC\u00c1CIA DA IVERMECTINA CONTRA COVID - Bahia Economica\",\"isPartOf\":{\"@id\":\"https:\/\/bahiaeconomica.com.br\/wp\/#website\"},\"datePublished\":\"2021-03-04T20:30:15+00:00\",\"dateModified\":\"2021-03-04T20:22:17+00:00\",\"description\":\"O maior portal de Economia da Bahia DESTAQUE DO DIA, ECONOMIA \/ POL\u00cdTICA Bahia Economica\",\"breadcrumb\":{\"@id\":\"https:\/\/bahiaeconomica.com.br\/wp\/2021\/03\/04\/estudo-confirma-ineficacia-da-ivermectina-contra-covid\/#breadcrumb\"},\"inLanguage\":\"pt-BR\",\"potentialAction\":[{\"@type\":\"ReadAction\",\"target\":[\"https:\/\/bahiaeconomica.com.br\/wp\/2021\/03\/04\/estudo-confirma-ineficacia-da-ivermectina-contra-covid\/\"]}]},{\"@type\":\"BreadcrumbList\",\"@id\":\"https:\/\/bahiaeconomica.com.br\/wp\/2021\/03\/04\/estudo-confirma-ineficacia-da-ivermectina-contra-covid\/#breadcrumb\",\"itemListElement\":[{\"@type\":\"ListItem\",\"position\":1,\"name\":\"In\u00edcio\",\"item\":\"https:\/\/bahiaeconomica.com.br\/wp\/\"},{\"@type\":\"ListItem\",\"position\":2,\"name\":\"ESTUDO CONFIRMA INEFIC\u00c1CIA DA IVERMECTINA CONTRA COVID\"}]},{\"@type\":\"WebSite\",\"@id\":\"https:\/\/bahiaeconomica.com.br\/wp\/#website\",\"url\":\"https:\/\/bahiaeconomica.com.br\/wp\/\",\"name\":\"Bahia Economica\",\"description\":\"O maior portal de Economia da Bahia\",\"publisher\":{\"@id\":\"https:\/\/bahiaeconomica.com.br\/wp\/#organization\"},\"potentialAction\":[{\"@type\":\"SearchAction\",\"target\":{\"@type\":\"EntryPoint\",\"urlTemplate\":\"https:\/\/bahiaeconomica.com.br\/wp\/?s={search_term_string}\"},\"query-input\":\"required name=search_term_string\"}],\"inLanguage\":\"pt-BR\"},{\"@type\":\"Organization\",\"@id\":\"https:\/\/bahiaeconomica.com.br\/wp\/#organization\",\"name\":\"Bahia Econ\u00f4mica\",\"url\":\"https:\/\/bahiaeconomica.com.br\/wp\/\",\"logo\":{\"@type\":\"ImageObject\",\"inLanguage\":\"pt-BR\",\"@id\":\"https:\/\/bahiaeconomica.com.br\/wp\/#\/schema\/logo\/image\/\",\"url\":\"https:\/\/bahiaeconomica.com.br\/wp\/wp-content\/uploads\/2020\/12\/cropped-BE.png\",\"contentUrl\":\"https:\/\/bahiaeconomica.com.br\/wp\/wp-content\/uploads\/2020\/12\/cropped-BE.png\",\"width\":512,\"height\":512,\"caption\":\"Bahia Econ\u00f4mica\"},\"image\":{\"@id\":\"https:\/\/bahiaeconomica.com.br\/wp\/#\/schema\/logo\/image\/\"},\"sameAs\":[\"https:\/\/www.facebook.com\/bahiaeconomica\"]},{\"@type\":\"Person\",\"@id\":\"https:\/\/bahiaeconomica.com.br\/wp\/#\/schema\/person\/cb1ab5ba96ad3d9390805381c76284ec\",\"name\":\"admin\",\"url\":\"https:\/\/bahiaeconomica.com.br\/wp\/author\/admin\/\"}]}<\/script>\n<!-- \/ Yoast SEO plugin. -->","yoast_head_json":{"title":"ESTUDO CONFIRMA INEFIC\u00c1CIA DA IVERMECTINA CONTRA COVID - Bahia Economica","description":"O maior portal de Economia da Bahia DESTAQUE DO DIA, ECONOMIA \/ POL\u00cdTICA Bahia Economica","robots":{"index":"index","follow":"follow","max-snippet":"max-snippet:-1","max-image-preview":"max-image-preview:large","max-video-preview":"max-video-preview:-1"},"canonical":"https:\/\/bahiaeconomica.com.br\/wp\/2021\/03\/04\/estudo-confirma-ineficacia-da-ivermectina-contra-covid\/","og_locale":"pt_BR","og_type":"article","og_title":"ESTUDO CONFIRMA INEFIC\u00c1CIA DA IVERMECTINA CONTRA COVID - Bahia Economica","og_description":"O maior portal de Economia da Bahia DESTAQUE DO DIA, ECONOMIA \/ POL\u00cdTICA Bahia Economica","og_url":"https:\/\/bahiaeconomica.com.br\/wp\/2021\/03\/04\/estudo-confirma-ineficacia-da-ivermectina-contra-covid\/","og_site_name":"Bahia Economica","article_publisher":"https:\/\/www.facebook.com\/bahiaeconomica","article_published_time":"2021-03-04T20:30:15+00:00","article_modified_time":"2021-03-04T20:22:17+00:00","og_image":[{"width":500,"height":333,"url":"https:\/\/bahiaeconomica.com.br\/wp\/wp-content\/uploads\/2020\/07\/ivermectinaCOVID-19_113447-Fot\u00f3grafoa-_-Divulga\u00e7\u00e3o-Secom-.jpg","type":"image\/jpeg"}],"author":"admin","twitter_card":"summary_large_image","twitter_misc":{"Escrito por":"admin","Est. tempo de leitura":"1 minuto"},"schema":{"@context":"https:\/\/schema.org","@graph":[{"@type":"Article","@id":"https:\/\/bahiaeconomica.com.br\/wp\/2021\/03\/04\/estudo-confirma-ineficacia-da-ivermectina-contra-covid\/#article","isPartOf":{"@id":"https:\/\/bahiaeconomica.com.br\/wp\/2021\/03\/04\/estudo-confirma-ineficacia-da-ivermectina-contra-covid\/"},"author":{"name":"admin","@id":"https:\/\/bahiaeconomica.com.br\/wp\/#\/schema\/person\/cb1ab5ba96ad3d9390805381c76284ec"},"headline":"ESTUDO CONFIRMA INEFIC\u00c1CIA DA IVERMECTINA CONTRA COVID","datePublished":"2021-03-04T20:30:15+00:00","dateModified":"2021-03-04T20:22:17+00:00","mainEntityOfPage":{"@id":"https:\/\/bahiaeconomica.com.br\/wp\/2021\/03\/04\/estudo-confirma-ineficacia-da-ivermectina-contra-covid\/"},"wordCount":175,"publisher":{"@id":"https:\/\/bahiaeconomica.com.br\/wp\/#organization"},"articleSection":["DESTAQUE DO DIA","ECONOMIA \/ POL\u00cdTICA"],"inLanguage":"pt-BR"},{"@type":"WebPage","@id":"https:\/\/bahiaeconomica.com.br\/wp\/2021\/03\/04\/estudo-confirma-ineficacia-da-ivermectina-contra-covid\/","url":"https:\/\/bahiaeconomica.com.br\/wp\/2021\/03\/04\/estudo-confirma-ineficacia-da-ivermectina-contra-covid\/","name":"ESTUDO CONFIRMA INEFIC\u00c1CIA DA IVERMECTINA CONTRA COVID - Bahia Economica","isPartOf":{"@id":"https:\/\/bahiaeconomica.com.br\/wp\/#website"},"datePublished":"2021-03-04T20:30:15+00:00","dateModified":"2021-03-04T20:22:17+00:00","description":"O maior portal de Economia da Bahia DESTAQUE DO DIA, ECONOMIA \/ POL\u00cdTICA Bahia Economica","breadcrumb":{"@id":"https:\/\/bahiaeconomica.com.br\/wp\/2021\/03\/04\/estudo-confirma-ineficacia-da-ivermectina-contra-covid\/#breadcrumb"},"inLanguage":"pt-BR","potentialAction":[{"@type":"ReadAction","target":["https:\/\/bahiaeconomica.com.br\/wp\/2021\/03\/04\/estudo-confirma-ineficacia-da-ivermectina-contra-covid\/"]}]},{"@type":"BreadcrumbList","@id":"https:\/\/bahiaeconomica.com.br\/wp\/2021\/03\/04\/estudo-confirma-ineficacia-da-ivermectina-contra-covid\/#breadcrumb","itemListElement":[{"@type":"ListItem","position":1,"name":"In\u00edcio","item":"https:\/\/bahiaeconomica.com.br\/wp\/"},{"@type":"ListItem","position":2,"name":"ESTUDO CONFIRMA INEFIC\u00c1CIA DA IVERMECTINA CONTRA COVID"}]},{"@type":"WebSite","@id":"https:\/\/bahiaeconomica.com.br\/wp\/#website","url":"https:\/\/bahiaeconomica.com.br\/wp\/","name":"Bahia Economica","description":"O maior portal de Economia da Bahia","publisher":{"@id":"https:\/\/bahiaeconomica.com.br\/wp\/#organization"},"potentialAction":[{"@type":"SearchAction","target":{"@type":"EntryPoint","urlTemplate":"https:\/\/bahiaeconomica.com.br\/wp\/?s={search_term_string}"},"query-input":"required name=search_term_string"}],"inLanguage":"pt-BR"},{"@type":"Organization","@id":"https:\/\/bahiaeconomica.com.br\/wp\/#organization","name":"Bahia Econ\u00f4mica","url":"https:\/\/bahiaeconomica.com.br\/wp\/","logo":{"@type":"ImageObject","inLanguage":"pt-BR","@id":"https:\/\/bahiaeconomica.com.br\/wp\/#\/schema\/logo\/image\/","url":"https:\/\/bahiaeconomica.com.br\/wp\/wp-content\/uploads\/2020\/12\/cropped-BE.png","contentUrl":"https:\/\/bahiaeconomica.com.br\/wp\/wp-content\/uploads\/2020\/12\/cropped-BE.png","width":512,"height":512,"caption":"Bahia Econ\u00f4mica"},"image":{"@id":"https:\/\/bahiaeconomica.com.br\/wp\/#\/schema\/logo\/image\/"},"sameAs":["https:\/\/www.facebook.com\/bahiaeconomica"]},{"@type":"Person","@id":"https:\/\/bahiaeconomica.com.br\/wp\/#\/schema\/person\/cb1ab5ba96ad3d9390805381c76284ec","name":"admin","url":"https:\/\/bahiaeconomica.com.br\/wp\/author\/admin\/"}]}},"views":2,"_links":{"self":[{"href":"https:\/\/bahiaeconomica.com.br\/wp\/wp-json\/wp\/v2\/posts\/541840"}],"collection":[{"href":"https:\/\/bahiaeconomica.com.br\/wp\/wp-json\/wp\/v2\/posts"}],"about":[{"href":"https:\/\/bahiaeconomica.com.br\/wp\/wp-json\/wp\/v2\/types\/post"}],"author":[{"embeddable":true,"href":"https:\/\/bahiaeconomica.com.br\/wp\/wp-json\/wp\/v2\/users\/1"}],"replies":[{"embeddable":true,"href":"https:\/\/bahiaeconomica.com.br\/wp\/wp-json\/wp\/v2\/comments?post=541840"}],"version-history":[{"count":1,"href":"https:\/\/bahiaeconomica.com.br\/wp\/wp-json\/wp\/v2\/posts\/541840\/revisions"}],"predecessor-version":[{"id":541842,"href":"https:\/\/bahiaeconomica.com.br\/wp\/wp-json\/wp\/v2\/posts\/541840\/revisions\/541842"}],"wp:featuredmedia":[{"embeddable":true,"href":"https:\/\/bahiaeconomica.com.br\/wp\/wp-json\/wp\/v2\/media\/475529"}],"wp:attachment":[{"href":"https:\/\/bahiaeconomica.com.br\/wp\/wp-json\/wp\/v2\/media?parent=541840"}],"wp:term":[{"taxonomy":"category","embeddable":true,"href":"https:\/\/bahiaeconomica.com.br\/wp\/wp-json\/wp\/v2\/categories?post=541840"},{"taxonomy":"post_tag","embeddable":true,"href":"https:\/\/bahiaeconomica.com.br\/wp\/wp-json\/wp\/v2\/tags?post=541840"}],"curies":[{"name":"wp","href":"https:\/\/api.w.org\/{rel}","templated":true}]}}