{"id":540467,"date":"2021-03-01T10:45:30","date_gmt":"2021-03-01T13:45:30","guid":{"rendered":"https:\/\/bahiaeconomica.com.br\/wp\/beta\/?p=540467"},"modified":"2021-03-01T10:45:30","modified_gmt":"2021-03-01T13:45:30","slug":"nego-do-borel-se-desespera-na-web-apos-ser-atacado-na-rua","status":"publish","type":"post","link":"https:\/\/bahiaeconomica.com.br\/wp\/2021\/03\/01\/nego-do-borel-se-desespera-na-web-apos-ser-atacado-na-rua\/","title":{"rendered":"NEGO DO BOREL SE DESESPERA NA WEB AP\u00d3S SER ATACADO NA RUA"},"content":{"rendered":"<p style=\"text-align: justify;\">O cantor Nego do Borel desabafou nas redes sociais sobre o passado que o persegue. Em uma sequ\u00eancia de stories postados no domingo (28), o funkeiro chorou ao falar sobre ter sido atacado na rua por um grupo de mulheres que relembrou a acusa\u00e7\u00e3o de agress\u00e3o feita por Duda Reis no come\u00e7o do ano.<\/p>\n<p style=\"text-align: justify;\">Segundo Nego, um grupo de mulheres passou em uma limousine acenando para ele e gritou \u201cele estava batendo na mulher, mas est\u00e1 bom\u201d.<\/p>\n<p style=\"text-align: justify;\">\u201cQueria pedir uma coisa para voc\u00eas, porque n\u00e3o estou aguentando mais. Queria pedir um pouquinho mais de amor, de carinho de voc\u00eas porque n\u00e3o sei at\u00e9 onde eu vou aguentar, t\u00e1 ligado? Pedir ajuda \u00e0 minha fam\u00edlia, aos meus amigos, porque estou passando um momento muito dif\u00edcil onde muitas pessoas est\u00e3o me julgando. E n\u00e3o sei o que vai acontecer comigo. Eu quero pedir ajuda. Por favor, me ajudem. Eu n\u00e3o estou aguentando mais. Estou sendo acusado de v\u00e1rias coisas pesadas. N\u00e3o quero que voc\u00eas acreditem em mim, n\u00e3o estou me vitimizando\u201d.<\/p>\n<p style=\"text-align: justify;\">No come\u00e7o de fevereiro, o cantor foi at\u00e9 a Delegacia da Mulher para prestar depoimento no inqu\u00e9rito que investiga as agress\u00f5es denunciadas pelas ex-companheiras. Nego pediu para que as pessoas esperassem o fim da investiga\u00e7\u00e3o para julgar ele.<\/p>\n<p style=\"text-align: justify;\">\u201cEu queria s\u00f3 que voc\u00eas esperassem a justi\u00e7a, a pol\u00edcia que estudou muito para ser pol\u00edcia, para fazer per\u00edcia, tudo que eles fazem. Eles vieram na minha casa, pegaram tudo, est\u00e3o levantando tudo. O juiz n\u00e3o \u00e9 bobo. Ent\u00e3o, por favor, se voc\u00eas quiserem me julgar, podem me julgar, mas deixa o juiz dar a palavra final. Deixa a pol\u00edcia apurar tudo direitinho, todas as acusa\u00e7\u00f5es. Eu estou muito triste, magoado, n\u00e3o sei at\u00e9 onde eu vou aguentar, muitos amigos se afastaram de mim\u201d, admitiu o artista.<\/p>\n<p style=\"text-align: justify;\">Nego afirmou que os \u00faltimos acontecimentos destru\u00edram a sua fam\u00edlia. O artista lamentou a aus\u00eancia de shows e deu a entender que est\u00e1 passando por dificuldades financeiras.<\/p>\n<p style=\"text-align: justify;\">\u201cEstou sofrendo muito. [\u2026] A minha fam\u00edlia est\u00e1 destru\u00edda. A minha av\u00f3, a minha m\u00e3e est\u00e1 chorando. N\u00e3o t\u00e1 tendo show, n\u00e3o est\u00e1 tendo nada para ganhar dinheiro, estou tendo que gastar dinheiro com um monte de coisa, com advogado\u201d.<\/p>\n<p>foto: instagram<\/p>\n","protected":false},"excerpt":{"rendered":"<p>O cantor Nego do Borel desabafou nas redes sociais sobre o passado que o persegue. Em uma sequ\u00eancia de stories postados no domingo (28), o funkeiro chorou ao falar sobre ter sido atacado na rua por um grupo de mulheres que relembrou a acusa\u00e7\u00e3o de agress\u00e3o feita por Duda Reis no come\u00e7o do ano. Segundo [&hellip;]<\/p>\n","protected":false},"author":1,"featured_media":404308,"comment_status":"closed","ping_status":"closed","sticky":false,"template":"","format":"standard","meta":[],"categories":[4],"tags":[],"acf":[],"yoast_head":"<!-- This site is optimized with the Yoast SEO plugin v20.8 - https:\/\/yoast.com\/wordpress\/plugins\/seo\/ -->\n<title>NEGO DO BOREL SE DESESPERA NA WEB AP\u00d3S SER ATACADO NA RUA - Bahia Economica<\/title>\n<meta name=\"description\" content=\"O maior portal de Economia da Bahia ENTRETENIMENTO Bahia Economica\" \/>\n<meta name=\"robots\" content=\"index, follow, max-snippet:-1, max-image-preview:large, max-video-preview:-1\" \/>\n<link rel=\"canonical\" href=\"https:\/\/bahiaeconomica.com.br\/wp\/2021\/03\/01\/nego-do-borel-se-desespera-na-web-apos-ser-atacado-na-rua\/\" \/>\n<meta property=\"og:locale\" content=\"pt_BR\" \/>\n<meta property=\"og:type\" content=\"article\" \/>\n<meta property=\"og:title\" content=\"NEGO DO BOREL SE DESESPERA NA WEB AP\u00d3S SER ATACADO NA RUA - Bahia Economica\" \/>\n<meta property=\"og:description\" content=\"O maior portal de Economia da Bahia ENTRETENIMENTO Bahia Economica\" \/>\n<meta property=\"og:url\" content=\"https:\/\/bahiaeconomica.com.br\/wp\/2021\/03\/01\/nego-do-borel-se-desespera-na-web-apos-ser-atacado-na-rua\/\" \/>\n<meta property=\"og:site_name\" content=\"Bahia Economica\" \/>\n<meta property=\"article:publisher\" content=\"https:\/\/www.facebook.com\/bahiaeconomica\" \/>\n<meta property=\"article:published_time\" content=\"2021-03-01T13:45:30+00:00\" \/>\n<meta property=\"og:image\" content=\"https:\/\/bahiaeconomica.com.br\/wp\/wp-content\/uploads\/2019\/10\/nego.png\" \/>\n\t<meta property=\"og:image:width\" content=\"805\" \/>\n\t<meta property=\"og:image:height\" content=\"463\" \/>\n\t<meta property=\"og:image:type\" content=\"image\/png\" \/>\n<meta name=\"author\" content=\"admin\" \/>\n<meta name=\"twitter:card\" content=\"summary_large_image\" \/>\n<meta name=\"twitter:label1\" content=\"Escrito por\" \/>\n\t<meta name=\"twitter:data1\" content=\"admin\" \/>\n\t<meta name=\"twitter:label2\" content=\"Est. tempo de leitura\" \/>\n\t<meta name=\"twitter:data2\" content=\"2 minutos\" \/>\n<script type=\"application\/ld+json\" class=\"yoast-schema-graph\">{\"@context\":\"https:\/\/schema.org\",\"@graph\":[{\"@type\":\"Article\",\"@id\":\"https:\/\/bahiaeconomica.com.br\/wp\/2021\/03\/01\/nego-do-borel-se-desespera-na-web-apos-ser-atacado-na-rua\/#article\",\"isPartOf\":{\"@id\":\"https:\/\/bahiaeconomica.com.br\/wp\/2021\/03\/01\/nego-do-borel-se-desespera-na-web-apos-ser-atacado-na-rua\/\"},\"author\":{\"name\":\"admin\",\"@id\":\"https:\/\/bahiaeconomica.com.br\/wp\/#\/schema\/person\/cb1ab5ba96ad3d9390805381c76284ec\"},\"headline\":\"NEGO DO BOREL SE DESESPERA NA WEB AP\u00d3S SER ATACADO NA RUA\",\"datePublished\":\"2021-03-01T13:45:30+00:00\",\"dateModified\":\"2021-03-01T13:45:30+00:00\",\"mainEntityOfPage\":{\"@id\":\"https:\/\/bahiaeconomica.com.br\/wp\/2021\/03\/01\/nego-do-borel-se-desespera-na-web-apos-ser-atacado-na-rua\/\"},\"wordCount\":413,\"publisher\":{\"@id\":\"https:\/\/bahiaeconomica.com.br\/wp\/#organization\"},\"articleSection\":[\"ENTRETENIMENTO\"],\"inLanguage\":\"pt-BR\"},{\"@type\":\"WebPage\",\"@id\":\"https:\/\/bahiaeconomica.com.br\/wp\/2021\/03\/01\/nego-do-borel-se-desespera-na-web-apos-ser-atacado-na-rua\/\",\"url\":\"https:\/\/bahiaeconomica.com.br\/wp\/2021\/03\/01\/nego-do-borel-se-desespera-na-web-apos-ser-atacado-na-rua\/\",\"name\":\"NEGO DO BOREL SE DESESPERA NA WEB AP\u00d3S SER ATACADO NA RUA - Bahia Economica\",\"isPartOf\":{\"@id\":\"https:\/\/bahiaeconomica.com.br\/wp\/#website\"},\"datePublished\":\"2021-03-01T13:45:30+00:00\",\"dateModified\":\"2021-03-01T13:45:30+00:00\",\"description\":\"O maior portal de Economia da Bahia ENTRETENIMENTO Bahia Economica\",\"breadcrumb\":{\"@id\":\"https:\/\/bahiaeconomica.com.br\/wp\/2021\/03\/01\/nego-do-borel-se-desespera-na-web-apos-ser-atacado-na-rua\/#breadcrumb\"},\"inLanguage\":\"pt-BR\",\"potentialAction\":[{\"@type\":\"ReadAction\",\"target\":[\"https:\/\/bahiaeconomica.com.br\/wp\/2021\/03\/01\/nego-do-borel-se-desespera-na-web-apos-ser-atacado-na-rua\/\"]}]},{\"@type\":\"BreadcrumbList\",\"@id\":\"https:\/\/bahiaeconomica.com.br\/wp\/2021\/03\/01\/nego-do-borel-se-desespera-na-web-apos-ser-atacado-na-rua\/#breadcrumb\",\"itemListElement\":[{\"@type\":\"ListItem\",\"position\":1,\"name\":\"In\u00edcio\",\"item\":\"https:\/\/bahiaeconomica.com.br\/wp\/\"},{\"@type\":\"ListItem\",\"position\":2,\"name\":\"NEGO DO BOREL SE DESESPERA NA WEB AP\u00d3S SER ATACADO NA RUA\"}]},{\"@type\":\"WebSite\",\"@id\":\"https:\/\/bahiaeconomica.com.br\/wp\/#website\",\"url\":\"https:\/\/bahiaeconomica.com.br\/wp\/\",\"name\":\"Bahia Economica\",\"description\":\"O maior portal de Economia da Bahia\",\"publisher\":{\"@id\":\"https:\/\/bahiaeconomica.com.br\/wp\/#organization\"},\"potentialAction\":[{\"@type\":\"SearchAction\",\"target\":{\"@type\":\"EntryPoint\",\"urlTemplate\":\"https:\/\/bahiaeconomica.com.br\/wp\/?s={search_term_string}\"},\"query-input\":\"required name=search_term_string\"}],\"inLanguage\":\"pt-BR\"},{\"@type\":\"Organization\",\"@id\":\"https:\/\/bahiaeconomica.com.br\/wp\/#organization\",\"name\":\"Bahia Econ\u00f4mica\",\"url\":\"https:\/\/bahiaeconomica.com.br\/wp\/\",\"logo\":{\"@type\":\"ImageObject\",\"inLanguage\":\"pt-BR\",\"@id\":\"https:\/\/bahiaeconomica.com.br\/wp\/#\/schema\/logo\/image\/\",\"url\":\"https:\/\/bahiaeconomica.com.br\/wp\/wp-content\/uploads\/2020\/12\/cropped-BE.png\",\"contentUrl\":\"https:\/\/bahiaeconomica.com.br\/wp\/wp-content\/uploads\/2020\/12\/cropped-BE.png\",\"width\":512,\"height\":512,\"caption\":\"Bahia Econ\u00f4mica\"},\"image\":{\"@id\":\"https:\/\/bahiaeconomica.com.br\/wp\/#\/schema\/logo\/image\/\"},\"sameAs\":[\"https:\/\/www.facebook.com\/bahiaeconomica\"]},{\"@type\":\"Person\",\"@id\":\"https:\/\/bahiaeconomica.com.br\/wp\/#\/schema\/person\/cb1ab5ba96ad3d9390805381c76284ec\",\"name\":\"admin\",\"url\":\"https:\/\/bahiaeconomica.com.br\/wp\/author\/admin\/\"}]}<\/script>\n<!-- \/ Yoast SEO plugin. -->","yoast_head_json":{"title":"NEGO DO BOREL SE DESESPERA NA WEB AP\u00d3S SER ATACADO NA RUA - Bahia Economica","description":"O maior portal de Economia da Bahia ENTRETENIMENTO Bahia Economica","robots":{"index":"index","follow":"follow","max-snippet":"max-snippet:-1","max-image-preview":"max-image-preview:large","max-video-preview":"max-video-preview:-1"},"canonical":"https:\/\/bahiaeconomica.com.br\/wp\/2021\/03\/01\/nego-do-borel-se-desespera-na-web-apos-ser-atacado-na-rua\/","og_locale":"pt_BR","og_type":"article","og_title":"NEGO DO BOREL SE DESESPERA NA WEB AP\u00d3S SER ATACADO NA RUA - Bahia Economica","og_description":"O maior portal de Economia da Bahia ENTRETENIMENTO Bahia Economica","og_url":"https:\/\/bahiaeconomica.com.br\/wp\/2021\/03\/01\/nego-do-borel-se-desespera-na-web-apos-ser-atacado-na-rua\/","og_site_name":"Bahia Economica","article_publisher":"https:\/\/www.facebook.com\/bahiaeconomica","article_published_time":"2021-03-01T13:45:30+00:00","og_image":[{"width":805,"height":463,"url":"https:\/\/bahiaeconomica.com.br\/wp\/wp-content\/uploads\/2019\/10\/nego.png","type":"image\/png"}],"author":"admin","twitter_card":"summary_large_image","twitter_misc":{"Escrito por":"admin","Est. tempo de leitura":"2 minutos"},"schema":{"@context":"https:\/\/schema.org","@graph":[{"@type":"Article","@id":"https:\/\/bahiaeconomica.com.br\/wp\/2021\/03\/01\/nego-do-borel-se-desespera-na-web-apos-ser-atacado-na-rua\/#article","isPartOf":{"@id":"https:\/\/bahiaeconomica.com.br\/wp\/2021\/03\/01\/nego-do-borel-se-desespera-na-web-apos-ser-atacado-na-rua\/"},"author":{"name":"admin","@id":"https:\/\/bahiaeconomica.com.br\/wp\/#\/schema\/person\/cb1ab5ba96ad3d9390805381c76284ec"},"headline":"NEGO DO BOREL SE DESESPERA NA WEB AP\u00d3S SER ATACADO NA RUA","datePublished":"2021-03-01T13:45:30+00:00","dateModified":"2021-03-01T13:45:30+00:00","mainEntityOfPage":{"@id":"https:\/\/bahiaeconomica.com.br\/wp\/2021\/03\/01\/nego-do-borel-se-desespera-na-web-apos-ser-atacado-na-rua\/"},"wordCount":413,"publisher":{"@id":"https:\/\/bahiaeconomica.com.br\/wp\/#organization"},"articleSection":["ENTRETENIMENTO"],"inLanguage":"pt-BR"},{"@type":"WebPage","@id":"https:\/\/bahiaeconomica.com.br\/wp\/2021\/03\/01\/nego-do-borel-se-desespera-na-web-apos-ser-atacado-na-rua\/","url":"https:\/\/bahiaeconomica.com.br\/wp\/2021\/03\/01\/nego-do-borel-se-desespera-na-web-apos-ser-atacado-na-rua\/","name":"NEGO DO BOREL SE DESESPERA NA WEB AP\u00d3S SER ATACADO NA RUA - Bahia Economica","isPartOf":{"@id":"https:\/\/bahiaeconomica.com.br\/wp\/#website"},"datePublished":"2021-03-01T13:45:30+00:00","dateModified":"2021-03-01T13:45:30+00:00","description":"O maior portal de Economia da Bahia ENTRETENIMENTO Bahia Economica","breadcrumb":{"@id":"https:\/\/bahiaeconomica.com.br\/wp\/2021\/03\/01\/nego-do-borel-se-desespera-na-web-apos-ser-atacado-na-rua\/#breadcrumb"},"inLanguage":"pt-BR","potentialAction":[{"@type":"ReadAction","target":["https:\/\/bahiaeconomica.com.br\/wp\/2021\/03\/01\/nego-do-borel-se-desespera-na-web-apos-ser-atacado-na-rua\/"]}]},{"@type":"BreadcrumbList","@id":"https:\/\/bahiaeconomica.com.br\/wp\/2021\/03\/01\/nego-do-borel-se-desespera-na-web-apos-ser-atacado-na-rua\/#breadcrumb","itemListElement":[{"@type":"ListItem","position":1,"name":"In\u00edcio","item":"https:\/\/bahiaeconomica.com.br\/wp\/"},{"@type":"ListItem","position":2,"name":"NEGO DO BOREL SE DESESPERA NA WEB AP\u00d3S SER ATACADO NA RUA"}]},{"@type":"WebSite","@id":"https:\/\/bahiaeconomica.com.br\/wp\/#website","url":"https:\/\/bahiaeconomica.com.br\/wp\/","name":"Bahia Economica","description":"O maior portal de Economia da Bahia","publisher":{"@id":"https:\/\/bahiaeconomica.com.br\/wp\/#organization"},"potentialAction":[{"@type":"SearchAction","target":{"@type":"EntryPoint","urlTemplate":"https:\/\/bahiaeconomica.com.br\/wp\/?s={search_term_string}"},"query-input":"required name=search_term_string"}],"inLanguage":"pt-BR"},{"@type":"Organization","@id":"https:\/\/bahiaeconomica.com.br\/wp\/#organization","name":"Bahia Econ\u00f4mica","url":"https:\/\/bahiaeconomica.com.br\/wp\/","logo":{"@type":"ImageObject","inLanguage":"pt-BR","@id":"https:\/\/bahiaeconomica.com.br\/wp\/#\/schema\/logo\/image\/","url":"https:\/\/bahiaeconomica.com.br\/wp\/wp-content\/uploads\/2020\/12\/cropped-BE.png","contentUrl":"https:\/\/bahiaeconomica.com.br\/wp\/wp-content\/uploads\/2020\/12\/cropped-BE.png","width":512,"height":512,"caption":"Bahia Econ\u00f4mica"},"image":{"@id":"https:\/\/bahiaeconomica.com.br\/wp\/#\/schema\/logo\/image\/"},"sameAs":["https:\/\/www.facebook.com\/bahiaeconomica"]},{"@type":"Person","@id":"https:\/\/bahiaeconomica.com.br\/wp\/#\/schema\/person\/cb1ab5ba96ad3d9390805381c76284ec","name":"admin","url":"https:\/\/bahiaeconomica.com.br\/wp\/author\/admin\/"}]}},"views":0,"_links":{"self":[{"href":"https:\/\/bahiaeconomica.com.br\/wp\/wp-json\/wp\/v2\/posts\/540467"}],"collection":[{"href":"https:\/\/bahiaeconomica.com.br\/wp\/wp-json\/wp\/v2\/posts"}],"about":[{"href":"https:\/\/bahiaeconomica.com.br\/wp\/wp-json\/wp\/v2\/types\/post"}],"author":[{"embeddable":true,"href":"https:\/\/bahiaeconomica.com.br\/wp\/wp-json\/wp\/v2\/users\/1"}],"replies":[{"embeddable":true,"href":"https:\/\/bahiaeconomica.com.br\/wp\/wp-json\/wp\/v2\/comments?post=540467"}],"version-history":[{"count":1,"href":"https:\/\/bahiaeconomica.com.br\/wp\/wp-json\/wp\/v2\/posts\/540467\/revisions"}],"predecessor-version":[{"id":540470,"href":"https:\/\/bahiaeconomica.com.br\/wp\/wp-json\/wp\/v2\/posts\/540467\/revisions\/540470"}],"wp:featuredmedia":[{"embeddable":true,"href":"https:\/\/bahiaeconomica.com.br\/wp\/wp-json\/wp\/v2\/media\/404308"}],"wp:attachment":[{"href":"https:\/\/bahiaeconomica.com.br\/wp\/wp-json\/wp\/v2\/media?parent=540467"}],"wp:term":[{"taxonomy":"category","embeddable":true,"href":"https:\/\/bahiaeconomica.com.br\/wp\/wp-json\/wp\/v2\/categories?post=540467"},{"taxonomy":"post_tag","embeddable":true,"href":"https:\/\/bahiaeconomica.com.br\/wp\/wp-json\/wp\/v2\/tags?post=540467"}],"curies":[{"name":"wp","href":"https:\/\/api.w.org\/{rel}","templated":true}]}}