{"id":538298,"date":"2021-02-21T14:37:04","date_gmt":"2021-02-21T17:37:04","guid":{"rendered":"https:\/\/bahiaeconomica.com.br\/wp\/beta\/?p=538298"},"modified":"2021-02-21T14:37:04","modified_gmt":"2021-02-21T17:37:04","slug":"novo-boletim-fabio-villas-boas-responde-bem-a-tratamento-mas-segue-internado","status":"publish","type":"post","link":"https:\/\/bahiaeconomica.com.br\/wp\/2021\/02\/21\/novo-boletim-fabio-villas-boas-responde-bem-a-tratamento-mas-segue-internado\/","title":{"rendered":"NOVO BOLETIM: F\u00c1BIO VILLAS-BOAS RESPONDE BEM A TRATAMENTO, MAS SEGUE INTERNADO"},"content":{"rendered":"<p>Internado deste a \u00faltima sexta-feira (19) no Hospital Alian\u00e7a por conta da Covid-19, o secret\u00e1rio da Sa\u00fade da Bahia (Sesab), F\u00e1bio Vilas-Boas, evolui bem ao tratamento, <!--more-->mas n\u00e3o tem previs\u00e3o de alta. As informa\u00e7\u00f5es foram divulgadas no fim da manh\u00e3 deste domingo (21), pelo governo do estado. \u201c[Vilas-Boas] Evoluiu bem durante a noite, com resposta satisfat\u00f3ria ao uso de corticoster\u00f3ide venoso. Segue dependente de oxig\u00eanio por cateter nasal, mas em menor fluxo. Ainda n\u00e3o h\u00e1 previs\u00e3o de alta\u201d, diz trecho do comunicado divulgado nas redes sociais da Sesab. Segundo a pasta, ele est\u00e1 sendo monitorado pelo pneumologista S\u00e9rgio Jezler e pelo infectologista Roberto Badar\u00f3.<\/p>\n<p>Foto: divulga\u00e7\u00e3o<\/p>\n","protected":false},"excerpt":{"rendered":"<p>Internado deste a \u00faltima sexta-feira (19) no Hospital Alian\u00e7a por conta da Covid-19, o secret\u00e1rio da Sa\u00fade da Bahia (Sesab), F\u00e1bio Vilas-Boas, evolui bem ao tratamento,<\/p>\n","protected":false},"author":1,"featured_media":484003,"comment_status":"closed","ping_status":"closed","sticky":false,"template":"","format":"standard","meta":[],"categories":[3],"tags":[],"acf":[],"yoast_head":"<!-- This site is optimized with the Yoast SEO plugin v20.8 - https:\/\/yoast.com\/wordpress\/plugins\/seo\/ -->\n<title>NOVO BOLETIM: F\u00c1BIO VILLAS-BOAS RESPONDE BEM A TRATAMENTO, MAS SEGUE INTERNADO - Bahia Economica<\/title>\n<meta name=\"description\" content=\"O maior portal de Economia da Bahia ECONOMIA \/ POL\u00cdTICA Bahia Economica\" \/>\n<meta name=\"robots\" content=\"index, follow, max-snippet:-1, max-image-preview:large, max-video-preview:-1\" \/>\n<link rel=\"canonical\" href=\"https:\/\/bahiaeconomica.com.br\/wp\/2021\/02\/21\/novo-boletim-fabio-villas-boas-responde-bem-a-tratamento-mas-segue-internado\/\" \/>\n<meta property=\"og:locale\" content=\"pt_BR\" \/>\n<meta property=\"og:type\" content=\"article\" \/>\n<meta property=\"og:title\" content=\"NOVO BOLETIM: F\u00c1BIO VILLAS-BOAS RESPONDE BEM A TRATAMENTO, MAS SEGUE INTERNADO - Bahia Economica\" \/>\n<meta property=\"og:description\" content=\"O maior portal de Economia da Bahia ECONOMIA \/ POL\u00cdTICA Bahia Economica\" \/>\n<meta property=\"og:url\" content=\"https:\/\/bahiaeconomica.com.br\/wp\/2021\/02\/21\/novo-boletim-fabio-villas-boas-responde-bem-a-tratamento-mas-segue-internado\/\" \/>\n<meta property=\"og:site_name\" content=\"Bahia Economica\" \/>\n<meta property=\"article:publisher\" content=\"https:\/\/www.facebook.com\/bahiaeconomica\" \/>\n<meta property=\"article:published_time\" content=\"2021-02-21T17:37:04+00:00\" \/>\n<meta property=\"og:image\" content=\"https:\/\/bahiaeconomica.com.br\/wp\/wp-content\/uploads\/2020\/08\/Fabio-Villas-Boas.jpg\" \/>\n\t<meta property=\"og:image:width\" content=\"770\" \/>\n\t<meta property=\"og:image:height\" content=\"474\" \/>\n\t<meta property=\"og:image:type\" content=\"image\/jpeg\" \/>\n<meta name=\"author\" content=\"admin\" \/>\n<meta name=\"twitter:card\" content=\"summary_large_image\" \/>\n<meta name=\"twitter:label1\" content=\"Escrito por\" \/>\n\t<meta name=\"twitter:data1\" content=\"admin\" \/>\n\t<meta name=\"twitter:label2\" content=\"Est. tempo de leitura\" \/>\n\t<meta name=\"twitter:data2\" content=\"1 minuto\" \/>\n<script type=\"application\/ld+json\" class=\"yoast-schema-graph\">{\"@context\":\"https:\/\/schema.org\",\"@graph\":[{\"@type\":\"Article\",\"@id\":\"https:\/\/bahiaeconomica.com.br\/wp\/2021\/02\/21\/novo-boletim-fabio-villas-boas-responde-bem-a-tratamento-mas-segue-internado\/#article\",\"isPartOf\":{\"@id\":\"https:\/\/bahiaeconomica.com.br\/wp\/2021\/02\/21\/novo-boletim-fabio-villas-boas-responde-bem-a-tratamento-mas-segue-internado\/\"},\"author\":{\"name\":\"admin\",\"@id\":\"https:\/\/bahiaeconomica.com.br\/wp\/#\/schema\/person\/cb1ab5ba96ad3d9390805381c76284ec\"},\"headline\":\"NOVO BOLETIM: F\u00c1BIO VILLAS-BOAS RESPONDE BEM A TRATAMENTO, MAS SEGUE INTERNADO\",\"datePublished\":\"2021-02-21T17:37:04+00:00\",\"dateModified\":\"2021-02-21T17:37:04+00:00\",\"mainEntityOfPage\":{\"@id\":\"https:\/\/bahiaeconomica.com.br\/wp\/2021\/02\/21\/novo-boletim-fabio-villas-boas-responde-bem-a-tratamento-mas-segue-internado\/\"},\"wordCount\":130,\"publisher\":{\"@id\":\"https:\/\/bahiaeconomica.com.br\/wp\/#organization\"},\"articleSection\":[\"ECONOMIA \/ POL\u00cdTICA\"],\"inLanguage\":\"pt-BR\"},{\"@type\":\"WebPage\",\"@id\":\"https:\/\/bahiaeconomica.com.br\/wp\/2021\/02\/21\/novo-boletim-fabio-villas-boas-responde-bem-a-tratamento-mas-segue-internado\/\",\"url\":\"https:\/\/bahiaeconomica.com.br\/wp\/2021\/02\/21\/novo-boletim-fabio-villas-boas-responde-bem-a-tratamento-mas-segue-internado\/\",\"name\":\"NOVO BOLETIM: F\u00c1BIO VILLAS-BOAS RESPONDE BEM A TRATAMENTO, MAS SEGUE INTERNADO - Bahia Economica\",\"isPartOf\":{\"@id\":\"https:\/\/bahiaeconomica.com.br\/wp\/#website\"},\"datePublished\":\"2021-02-21T17:37:04+00:00\",\"dateModified\":\"2021-02-21T17:37:04+00:00\",\"description\":\"O maior portal de Economia da Bahia ECONOMIA \/ POL\u00cdTICA Bahia Economica\",\"breadcrumb\":{\"@id\":\"https:\/\/bahiaeconomica.com.br\/wp\/2021\/02\/21\/novo-boletim-fabio-villas-boas-responde-bem-a-tratamento-mas-segue-internado\/#breadcrumb\"},\"inLanguage\":\"pt-BR\",\"potentialAction\":[{\"@type\":\"ReadAction\",\"target\":[\"https:\/\/bahiaeconomica.com.br\/wp\/2021\/02\/21\/novo-boletim-fabio-villas-boas-responde-bem-a-tratamento-mas-segue-internado\/\"]}]},{\"@type\":\"BreadcrumbList\",\"@id\":\"https:\/\/bahiaeconomica.com.br\/wp\/2021\/02\/21\/novo-boletim-fabio-villas-boas-responde-bem-a-tratamento-mas-segue-internado\/#breadcrumb\",\"itemListElement\":[{\"@type\":\"ListItem\",\"position\":1,\"name\":\"In\u00edcio\",\"item\":\"https:\/\/bahiaeconomica.com.br\/wp\/\"},{\"@type\":\"ListItem\",\"position\":2,\"name\":\"NOVO BOLETIM: F\u00c1BIO VILLAS-BOAS RESPONDE BEM A TRATAMENTO, MAS SEGUE INTERNADO\"}]},{\"@type\":\"WebSite\",\"@id\":\"https:\/\/bahiaeconomica.com.br\/wp\/#website\",\"url\":\"https:\/\/bahiaeconomica.com.br\/wp\/\",\"name\":\"Bahia Economica\",\"description\":\"O maior portal de Economia da Bahia\",\"publisher\":{\"@id\":\"https:\/\/bahiaeconomica.com.br\/wp\/#organization\"},\"potentialAction\":[{\"@type\":\"SearchAction\",\"target\":{\"@type\":\"EntryPoint\",\"urlTemplate\":\"https:\/\/bahiaeconomica.com.br\/wp\/?s={search_term_string}\"},\"query-input\":\"required name=search_term_string\"}],\"inLanguage\":\"pt-BR\"},{\"@type\":\"Organization\",\"@id\":\"https:\/\/bahiaeconomica.com.br\/wp\/#organization\",\"name\":\"Bahia Econ\u00f4mica\",\"url\":\"https:\/\/bahiaeconomica.com.br\/wp\/\",\"logo\":{\"@type\":\"ImageObject\",\"inLanguage\":\"pt-BR\",\"@id\":\"https:\/\/bahiaeconomica.com.br\/wp\/#\/schema\/logo\/image\/\",\"url\":\"https:\/\/bahiaeconomica.com.br\/wp\/wp-content\/uploads\/2020\/12\/cropped-BE.png\",\"contentUrl\":\"https:\/\/bahiaeconomica.com.br\/wp\/wp-content\/uploads\/2020\/12\/cropped-BE.png\",\"width\":512,\"height\":512,\"caption\":\"Bahia Econ\u00f4mica\"},\"image\":{\"@id\":\"https:\/\/bahiaeconomica.com.br\/wp\/#\/schema\/logo\/image\/\"},\"sameAs\":[\"https:\/\/www.facebook.com\/bahiaeconomica\"]},{\"@type\":\"Person\",\"@id\":\"https:\/\/bahiaeconomica.com.br\/wp\/#\/schema\/person\/cb1ab5ba96ad3d9390805381c76284ec\",\"name\":\"admin\",\"url\":\"https:\/\/bahiaeconomica.com.br\/wp\/author\/admin\/\"}]}<\/script>\n<!-- \/ Yoast SEO plugin. -->","yoast_head_json":{"title":"NOVO BOLETIM: F\u00c1BIO VILLAS-BOAS RESPONDE BEM A TRATAMENTO, MAS SEGUE INTERNADO - Bahia Economica","description":"O maior portal de Economia da Bahia ECONOMIA \/ POL\u00cdTICA Bahia Economica","robots":{"index":"index","follow":"follow","max-snippet":"max-snippet:-1","max-image-preview":"max-image-preview:large","max-video-preview":"max-video-preview:-1"},"canonical":"https:\/\/bahiaeconomica.com.br\/wp\/2021\/02\/21\/novo-boletim-fabio-villas-boas-responde-bem-a-tratamento-mas-segue-internado\/","og_locale":"pt_BR","og_type":"article","og_title":"NOVO BOLETIM: F\u00c1BIO VILLAS-BOAS RESPONDE BEM A TRATAMENTO, MAS SEGUE INTERNADO - Bahia Economica","og_description":"O maior portal de Economia da Bahia ECONOMIA \/ POL\u00cdTICA Bahia Economica","og_url":"https:\/\/bahiaeconomica.com.br\/wp\/2021\/02\/21\/novo-boletim-fabio-villas-boas-responde-bem-a-tratamento-mas-segue-internado\/","og_site_name":"Bahia Economica","article_publisher":"https:\/\/www.facebook.com\/bahiaeconomica","article_published_time":"2021-02-21T17:37:04+00:00","og_image":[{"width":770,"height":474,"url":"https:\/\/bahiaeconomica.com.br\/wp\/wp-content\/uploads\/2020\/08\/Fabio-Villas-Boas.jpg","type":"image\/jpeg"}],"author":"admin","twitter_card":"summary_large_image","twitter_misc":{"Escrito por":"admin","Est. tempo de leitura":"1 minuto"},"schema":{"@context":"https:\/\/schema.org","@graph":[{"@type":"Article","@id":"https:\/\/bahiaeconomica.com.br\/wp\/2021\/02\/21\/novo-boletim-fabio-villas-boas-responde-bem-a-tratamento-mas-segue-internado\/#article","isPartOf":{"@id":"https:\/\/bahiaeconomica.com.br\/wp\/2021\/02\/21\/novo-boletim-fabio-villas-boas-responde-bem-a-tratamento-mas-segue-internado\/"},"author":{"name":"admin","@id":"https:\/\/bahiaeconomica.com.br\/wp\/#\/schema\/person\/cb1ab5ba96ad3d9390805381c76284ec"},"headline":"NOVO BOLETIM: F\u00c1BIO VILLAS-BOAS RESPONDE BEM A TRATAMENTO, MAS SEGUE INTERNADO","datePublished":"2021-02-21T17:37:04+00:00","dateModified":"2021-02-21T17:37:04+00:00","mainEntityOfPage":{"@id":"https:\/\/bahiaeconomica.com.br\/wp\/2021\/02\/21\/novo-boletim-fabio-villas-boas-responde-bem-a-tratamento-mas-segue-internado\/"},"wordCount":130,"publisher":{"@id":"https:\/\/bahiaeconomica.com.br\/wp\/#organization"},"articleSection":["ECONOMIA \/ POL\u00cdTICA"],"inLanguage":"pt-BR"},{"@type":"WebPage","@id":"https:\/\/bahiaeconomica.com.br\/wp\/2021\/02\/21\/novo-boletim-fabio-villas-boas-responde-bem-a-tratamento-mas-segue-internado\/","url":"https:\/\/bahiaeconomica.com.br\/wp\/2021\/02\/21\/novo-boletim-fabio-villas-boas-responde-bem-a-tratamento-mas-segue-internado\/","name":"NOVO BOLETIM: F\u00c1BIO VILLAS-BOAS RESPONDE BEM A TRATAMENTO, MAS SEGUE INTERNADO - Bahia Economica","isPartOf":{"@id":"https:\/\/bahiaeconomica.com.br\/wp\/#website"},"datePublished":"2021-02-21T17:37:04+00:00","dateModified":"2021-02-21T17:37:04+00:00","description":"O maior portal de Economia da Bahia ECONOMIA \/ POL\u00cdTICA Bahia Economica","breadcrumb":{"@id":"https:\/\/bahiaeconomica.com.br\/wp\/2021\/02\/21\/novo-boletim-fabio-villas-boas-responde-bem-a-tratamento-mas-segue-internado\/#breadcrumb"},"inLanguage":"pt-BR","potentialAction":[{"@type":"ReadAction","target":["https:\/\/bahiaeconomica.com.br\/wp\/2021\/02\/21\/novo-boletim-fabio-villas-boas-responde-bem-a-tratamento-mas-segue-internado\/"]}]},{"@type":"BreadcrumbList","@id":"https:\/\/bahiaeconomica.com.br\/wp\/2021\/02\/21\/novo-boletim-fabio-villas-boas-responde-bem-a-tratamento-mas-segue-internado\/#breadcrumb","itemListElement":[{"@type":"ListItem","position":1,"name":"In\u00edcio","item":"https:\/\/bahiaeconomica.com.br\/wp\/"},{"@type":"ListItem","position":2,"name":"NOVO BOLETIM: F\u00c1BIO VILLAS-BOAS RESPONDE BEM A TRATAMENTO, MAS SEGUE INTERNADO"}]},{"@type":"WebSite","@id":"https:\/\/bahiaeconomica.com.br\/wp\/#website","url":"https:\/\/bahiaeconomica.com.br\/wp\/","name":"Bahia Economica","description":"O maior portal de Economia da Bahia","publisher":{"@id":"https:\/\/bahiaeconomica.com.br\/wp\/#organization"},"potentialAction":[{"@type":"SearchAction","target":{"@type":"EntryPoint","urlTemplate":"https:\/\/bahiaeconomica.com.br\/wp\/?s={search_term_string}"},"query-input":"required name=search_term_string"}],"inLanguage":"pt-BR"},{"@type":"Organization","@id":"https:\/\/bahiaeconomica.com.br\/wp\/#organization","name":"Bahia Econ\u00f4mica","url":"https:\/\/bahiaeconomica.com.br\/wp\/","logo":{"@type":"ImageObject","inLanguage":"pt-BR","@id":"https:\/\/bahiaeconomica.com.br\/wp\/#\/schema\/logo\/image\/","url":"https:\/\/bahiaeconomica.com.br\/wp\/wp-content\/uploads\/2020\/12\/cropped-BE.png","contentUrl":"https:\/\/bahiaeconomica.com.br\/wp\/wp-content\/uploads\/2020\/12\/cropped-BE.png","width":512,"height":512,"caption":"Bahia Econ\u00f4mica"},"image":{"@id":"https:\/\/bahiaeconomica.com.br\/wp\/#\/schema\/logo\/image\/"},"sameAs":["https:\/\/www.facebook.com\/bahiaeconomica"]},{"@type":"Person","@id":"https:\/\/bahiaeconomica.com.br\/wp\/#\/schema\/person\/cb1ab5ba96ad3d9390805381c76284ec","name":"admin","url":"https:\/\/bahiaeconomica.com.br\/wp\/author\/admin\/"}]}},"views":1,"_links":{"self":[{"href":"https:\/\/bahiaeconomica.com.br\/wp\/wp-json\/wp\/v2\/posts\/538298"}],"collection":[{"href":"https:\/\/bahiaeconomica.com.br\/wp\/wp-json\/wp\/v2\/posts"}],"about":[{"href":"https:\/\/bahiaeconomica.com.br\/wp\/wp-json\/wp\/v2\/types\/post"}],"author":[{"embeddable":true,"href":"https:\/\/bahiaeconomica.com.br\/wp\/wp-json\/wp\/v2\/users\/1"}],"replies":[{"embeddable":true,"href":"https:\/\/bahiaeconomica.com.br\/wp\/wp-json\/wp\/v2\/comments?post=538298"}],"version-history":[{"count":1,"href":"https:\/\/bahiaeconomica.com.br\/wp\/wp-json\/wp\/v2\/posts\/538298\/revisions"}],"predecessor-version":[{"id":538300,"href":"https:\/\/bahiaeconomica.com.br\/wp\/wp-json\/wp\/v2\/posts\/538298\/revisions\/538300"}],"wp:featuredmedia":[{"embeddable":true,"href":"https:\/\/bahiaeconomica.com.br\/wp\/wp-json\/wp\/v2\/media\/484003"}],"wp:attachment":[{"href":"https:\/\/bahiaeconomica.com.br\/wp\/wp-json\/wp\/v2\/media?parent=538298"}],"wp:term":[{"taxonomy":"category","embeddable":true,"href":"https:\/\/bahiaeconomica.com.br\/wp\/wp-json\/wp\/v2\/categories?post=538298"},{"taxonomy":"post_tag","embeddable":true,"href":"https:\/\/bahiaeconomica.com.br\/wp\/wp-json\/wp\/v2\/tags?post=538298"}],"curies":[{"name":"wp","href":"https:\/\/api.w.org\/{rel}","templated":true}]}}