{"id":537502,"date":"2021-02-18T09:00:22","date_gmt":"2021-02-18T12:00:22","guid":{"rendered":"https:\/\/bahiaeconomica.com.br\/wp\/beta\/?p=537502"},"modified":"2021-02-18T07:47:23","modified_gmt":"2021-02-18T10:47:23","slug":"vitoria-empata-com-o-unirb-na-estreia-do-baianao","status":"publish","type":"post","link":"https:\/\/bahiaeconomica.com.br\/wp\/2021\/02\/18\/vitoria-empata-com-o-unirb-na-estreia-do-baianao\/","title":{"rendered":"VIT\u00d3RIA EMPATA COM O UNIRB NA ESTREIA DO BAIAN\u00c3O"},"content":{"rendered":"<p>O primeiro confronto da hist\u00f3ria entre Vit\u00f3ria e Unirb foi bastante agitado, com um empate de seis gols em 3 a 3 na noite desta quarta-feira, 17, no est\u00e1dio Ant\u00f4nio Carneiro, em Alagoinhas, <!--more-->pela rodada de estreia do Baian\u00e3o 2021. Com boa parte do time formado por atletas da base, o Le\u00e3o chegou a abrir dois gols de vantagem, sofreu o empate, voltou \u00e0 dianteira, mas os donos da casa igualaram novamente o placar nos acr\u00e9scimos.<\/p>\n<p>Os atacantes Samuel, David e Eron marcaram para o Rubro-Negro, enquanto o zagueiro Ded\u00e9 e o atacante D\u00fa Para\u00edba (duas vezes) empataram para o Unirb. At\u00e9 o momento, somente as duas equipes jogaram na competi\u00e7\u00e3o e est\u00e3o empatadas, cada uma com um ponto. Agora, o foco do Vit\u00f3ria est\u00e1 no xar\u00e1 do interior do estado: Vit\u00f3ria da Conquista. Le\u00e3o e Bode se enfrentam neste s\u00e1bado, 20, no est\u00e1dio Manoel Barradas, em Salvador, pela 2\u00aa rodada do certame estadual. A primeira partida do Rubro-Negro no Nordest\u00e3o ser\u00e1 somente no dia 27 de fevereiro, contra o Santa Cruz, tamb\u00e9m na capital baiana.<\/p>\n<p>Dom\u00ednio do Le\u00e3o<\/p>\n<p>A premissa do primeiro tempo para o confronto foi um duelo de ataque contra defesa. De um lado, a garotada do Vit\u00f3ria queria mostrar resultado e, para isso, o goleiro Deijair precisou trabalhar bastante nos 45 minutos inicias. A primeira boa oportunidade apareceu logo aos 7 minutos, ap\u00f3s o atacante David aparecer sozinho e finalizar de fora da \u00e1rea para a defesa do arqueiro do Unirb.<\/p>\n<p>O Le\u00e3o seguiu com o p\u00e9 no acelerador. Cinco minutos depois, foi a vez do centroavante Samuel arriscar de fora da \u00e1rea, novamente Deijair apareceu para defender. Apesar de ter o mando de campo, o Unirb parecia n\u00e3o esbo\u00e7ar nenhuma rea\u00e7\u00e3o, com a bola circulando sem muita dificuldade nos p\u00e9s dos jogadores do Vit\u00f3ria.<\/p>\n<p>Aos 20 minutos, David foi lan\u00e7ado e rolou a bola para o meia Fernando Neto \u2014 atual \u2018camisa 10\u2019 rubro-negro \u2014 que veio de tr\u00e1s e pegou de primeira, mandando uma bola venenosa que ainda quicou na frente de Deijair para espalmar novamente. O tento parecia quest\u00e3o de tempo e ele veio aos 25, em cobran\u00e7a de escanteio de Eduardo que Fernando Neto desviou de cabe\u00e7a e Samuel apareceu para mandar para o fundo das redes.<\/p>\n<p>Do lado Rubro-Negro, o goleiro Yuri seguia sem sujar o uniforme. A primeira apari\u00e7\u00e3o do arqueiro s\u00f3 aconteceu aos 29 minutos, ap\u00f3s cruzamento de Dener que ele subiu para segurar. A resposta desproporcional do Le\u00e3o apareceu aos 35, em nova finaliza\u00e7\u00e3o de Samuel que Deijair apareceu muito bem para defender.<\/p>\n<p>Antes do fim do primeiro tempo, aos 37, o Vit\u00f3ria teve uma das chances mais claras da partida. Vico foi lan\u00e7ado completamente sem marca\u00e7\u00e3o, driblou o goleiro do Unirb, mas ficou sem \u00e2ngulo e preferiu rolar para David vir de tr\u00e1s e finalizar \u00e0 esquerda da meta de Deijair, que j\u00e1 estava batido no lance. Assim, mesmo com as chances, o Rubro-Negro foi para o vesti\u00e1rio com o placar m\u00ednimo.<\/p>\n<p>Rea\u00e7\u00e3o dos mandantes<\/p>\n<p>Sem conseguir levar perigo \u00e0 meta rubro-negra, o t\u00e9cnico Laelson Lopes sacou o meia Henrique Coelho e colocou o atacante Vin\u00edcius. No entanto, o dom\u00ednio seguiu com a equipe soteropolitana. Aos 2 minutos, Samuel ganhou em velocidade e chutou para defesa de Deijair. Oito minutos depois, o meia Eduardo lan\u00e7ou a bola na \u00e1rea e David apareceu para empurrar para o fundo do gol, ampliando para o Le\u00e3o da Barra.<\/p>\n<p>Quando o jogo parecia sem muita dificuldade para os comandados de Rodrigo Chagas, o \u2018ca\u00e7ula\u2019 do Baian\u00e3o resolveu surpreender em sua primeira chance de perigo, aos 14, tamb\u00e9m na bola parada. O meio-campista Carlos Magno cobrou falta dentro da \u00e1rea e o zagueiro Ded\u00e9 subiu para cabecear \u00e0 queima-roupa para o goleiro Yuri e diminuir o placar no Carneir\u00e3o.<\/p>\n<p>A empolga\u00e7\u00e3o com o gol fez Laelson Lopes mexer duas vezes na equipe. Os meias Rafael Granja e Carlos Magno sa\u00edram para entrada do volante Welton e do atacante D\u00fa Para\u00edba. Rodrigo Chagas tamb\u00e9m resolveu mudar o setor ofensivo do rubro-negro, o atacante Vico deixou o campo para entrar Ruan Levine.<\/p>\n<p>Depois de ter mais volume de jogo durante boa parte do confronto, o g\u00e1s do Vit\u00f3ria parecia ir se esgotando aos poucos e dando espa\u00e7o para uma sutil animada dos donos da casa, mas que terminava esbarrando na discrep\u00e2ncia t\u00e9cnica dos elencos. Aos 30 minutos, o zagueiro Jo\u00e3o Victor errou a sa\u00edda de bola e entregou para D\u00fa Para\u00edba que arrancou em velocidade e chutou pr\u00f3ximo \u00e0 meta defendida por Yuri.<\/p>\n<p>A queda de rendimento fez o comandante rubro-negro mexer novamente no ataque. Os autores do gol, Samuel e David, sa\u00edram para dar lugar a Ruan Nascimento e Eron, esse \u00faltimo reestreando pelo Vit\u00f3ria ap\u00f3s temporada de empr\u00e9stimo no Remo. Mesmo assim, os mandantes seguiram em cima e conseguiram empatar, aos 35, ap\u00f3s D\u00fa Para\u00edba cruzar rasteiro e Leocovick desviar contra o pr\u00f3prio patrim\u00f4nio. Mesmo com a interfer\u00eancia, o gol foi assinalado para o atacante.<\/p>\n<p>N\u00e3o deu tempo nem do Unirb comemorar. Dois minutos depois, a defesa dos donos da casa falhou e o mesmo Leocovick aproveitou para cruzar na \u00e1rea, Eron desviar e Ruan Nascimento mandar de letra para o fundo das redes. Inicialmente, o juiz chegou a invalidar o gol, mas, depois de consultar o bandeirinha, o tento foi validado.<\/p>\n<p>Muitas emo\u00e7\u00f5es ainda foram reservadas para os acr\u00e9scimos da partida. Aos 46, o Le\u00e3o teve duas chances em sequ\u00eancia de tentar o quarto gol, com Eron e Ruan Nascimento, respectivamente, que Deijair apareceu em ambas para defender. Quando tudo parecia encaminhado para o primeiro triunfo do Vit\u00f3ria, D\u00fa Ferreira avan\u00e7ou novamente sozinho pela esquerda e bateu cruzado, empatando a partida aos 47 minutos e colocando n\u00fameros finais para o duelo.<\/p>\n<p>UNIRB 3X3 VIT\u00d3RIA &#8211; 1\u00aa RODADA DO BAIAN\u00c3O 2021<\/p>\n<ul>\n<li>Local: Carneir\u00e3o, em Alagoinhas<\/li>\n<li>Data: Quarta-feira, 17 de fevereiro<\/li>\n<li>Hor\u00e1rio: 19h30<\/li>\n<li>\u00c1rbitro: Reinaldo Silva (BA)<\/li>\n<li>Assistentes: Jucimar dos Santos Dias (BA) e Luanderson Lima dos Santos (BA)<\/li>\n<li>Cart\u00f5es amarelos: Ded\u00e9 e Welton (Unirb); Wallace (Vit\u00f3ria)<\/li>\n<li>Gols: Samuel, David e Ruan Nascimento (Vit\u00f3ria); Ded\u00e9 e D\u00fa Para\u00edba (duas vezes) (Unirb)<\/li>\n<li>Unirb: Deijair; Leandro Alaba, Ded\u00e9, Gustavo e Felipe Maradona; Rog\u00e9rio Xod\u00f3, Paulinho, Carlos Magno (Welton), Dener e Rafael Granja (D\u00fa Para\u00edba); Henrique (Vinicius). T\u00e9cnico: Laelson Lopes.<\/li>\n<li>Vit\u00f3ria: Yuri Sena; Van, Jo\u00e3o Victor, Wallace e Leocovick (Pedrinho); Jo\u00e3o Pedro, Fernando Neto e Dudu (Gabriel Santiago); David (Ruan Nascimento), Samuel (Eron) e Vico (Ruan Levine). T\u00e9cnico: Rodrigo Chagas.<\/li>\n<\/ul>\n<p>Foto: EC. Vit\u00f3ria &#8211; divulga\u00e7\u00e3o<\/p>\n","protected":false},"excerpt":{"rendered":"<p>O primeiro confronto da hist\u00f3ria entre Vit\u00f3ria e Unirb foi bastante agitado, com um empate de seis gols em 3 a 3 na noite desta quarta-feira, 17, no est\u00e1dio Ant\u00f4nio Carneiro, em Alagoinhas,<\/p>\n","protected":false},"author":1,"featured_media":537504,"comment_status":"closed","ping_status":"closed","sticky":false,"template":"","format":"standard","meta":[],"categories":[14,3],"tags":[],"acf":[],"yoast_head":"<!-- This site is optimized with the Yoast SEO plugin v20.8 - https:\/\/yoast.com\/wordpress\/plugins\/seo\/ -->\n<title>VIT\u00d3RIA EMPATA COM O UNIRB NA ESTREIA DO BAIAN\u00c3O - Bahia Economica<\/title>\n<meta name=\"description\" content=\"O maior portal de Economia da Bahia DESTAQUE DO DIA, ECONOMIA \/ POL\u00cdTICA Bahia Economica\" \/>\n<meta name=\"robots\" content=\"index, follow, max-snippet:-1, max-image-preview:large, max-video-preview:-1\" \/>\n<link rel=\"canonical\" href=\"https:\/\/bahiaeconomica.com.br\/wp\/2021\/02\/18\/vitoria-empata-com-o-unirb-na-estreia-do-baianao\/\" \/>\n<meta property=\"og:locale\" content=\"pt_BR\" \/>\n<meta property=\"og:type\" content=\"article\" \/>\n<meta property=\"og:title\" content=\"VIT\u00d3RIA EMPATA COM O UNIRB NA ESTREIA DO BAIAN\u00c3O - Bahia Economica\" \/>\n<meta property=\"og:description\" content=\"O maior portal de Economia da Bahia DESTAQUE DO DIA, ECONOMIA \/ POL\u00cdTICA Bahia Economica\" \/>\n<meta property=\"og:url\" content=\"https:\/\/bahiaeconomica.com.br\/wp\/2021\/02\/18\/vitoria-empata-com-o-unirb-na-estreia-do-baianao\/\" \/>\n<meta property=\"og:site_name\" content=\"Bahia Economica\" \/>\n<meta property=\"article:publisher\" content=\"https:\/\/www.facebook.com\/bahiaeconomica\" \/>\n<meta property=\"article:published_time\" content=\"2021-02-18T12:00:22+00:00\" \/>\n<meta property=\"article:modified_time\" content=\"2021-02-18T10:47:23+00:00\" \/>\n<meta property=\"og:image\" content=\"https:\/\/bahiaeconomica.com.br\/wp\/wp-content\/uploads\/2021\/02\/750_ecvitoria-unirb-empate-baianao-futebol-esporte_2021217213821298.jpg\" \/>\n\t<meta property=\"og:image:width\" content=\"750\" \/>\n\t<meta property=\"og:image:height\" content=\"508\" \/>\n\t<meta property=\"og:image:type\" content=\"image\/jpeg\" \/>\n<meta name=\"author\" content=\"admin\" \/>\n<meta name=\"twitter:card\" content=\"summary_large_image\" \/>\n<meta name=\"twitter:label1\" content=\"Escrito por\" \/>\n\t<meta name=\"twitter:data1\" content=\"admin\" \/>\n\t<meta name=\"twitter:label2\" content=\"Est. tempo de leitura\" \/>\n\t<meta name=\"twitter:data2\" content=\"6 minutos\" \/>\n<script type=\"application\/ld+json\" class=\"yoast-schema-graph\">{\"@context\":\"https:\/\/schema.org\",\"@graph\":[{\"@type\":\"Article\",\"@id\":\"https:\/\/bahiaeconomica.com.br\/wp\/2021\/02\/18\/vitoria-empata-com-o-unirb-na-estreia-do-baianao\/#article\",\"isPartOf\":{\"@id\":\"https:\/\/bahiaeconomica.com.br\/wp\/2021\/02\/18\/vitoria-empata-com-o-unirb-na-estreia-do-baianao\/\"},\"author\":{\"name\":\"admin\",\"@id\":\"https:\/\/bahiaeconomica.com.br\/wp\/#\/schema\/person\/cb1ab5ba96ad3d9390805381c76284ec\"},\"headline\":\"VIT\u00d3RIA EMPATA COM O UNIRB NA ESTREIA DO BAIAN\u00c3O\",\"datePublished\":\"2021-02-18T12:00:22+00:00\",\"dateModified\":\"2021-02-18T10:47:23+00:00\",\"mainEntityOfPage\":{\"@id\":\"https:\/\/bahiaeconomica.com.br\/wp\/2021\/02\/18\/vitoria-empata-com-o-unirb-na-estreia-do-baianao\/\"},\"wordCount\":1148,\"publisher\":{\"@id\":\"https:\/\/bahiaeconomica.com.br\/wp\/#organization\"},\"articleSection\":[\"DESTAQUE DO DIA\",\"ECONOMIA \/ POL\u00cdTICA\"],\"inLanguage\":\"pt-BR\"},{\"@type\":\"WebPage\",\"@id\":\"https:\/\/bahiaeconomica.com.br\/wp\/2021\/02\/18\/vitoria-empata-com-o-unirb-na-estreia-do-baianao\/\",\"url\":\"https:\/\/bahiaeconomica.com.br\/wp\/2021\/02\/18\/vitoria-empata-com-o-unirb-na-estreia-do-baianao\/\",\"name\":\"VIT\u00d3RIA EMPATA COM O UNIRB NA ESTREIA DO BAIAN\u00c3O - Bahia Economica\",\"isPartOf\":{\"@id\":\"https:\/\/bahiaeconomica.com.br\/wp\/#website\"},\"datePublished\":\"2021-02-18T12:00:22+00:00\",\"dateModified\":\"2021-02-18T10:47:23+00:00\",\"description\":\"O maior portal de Economia da Bahia DESTAQUE DO DIA, ECONOMIA \/ POL\u00cdTICA Bahia Economica\",\"breadcrumb\":{\"@id\":\"https:\/\/bahiaeconomica.com.br\/wp\/2021\/02\/18\/vitoria-empata-com-o-unirb-na-estreia-do-baianao\/#breadcrumb\"},\"inLanguage\":\"pt-BR\",\"potentialAction\":[{\"@type\":\"ReadAction\",\"target\":[\"https:\/\/bahiaeconomica.com.br\/wp\/2021\/02\/18\/vitoria-empata-com-o-unirb-na-estreia-do-baianao\/\"]}]},{\"@type\":\"BreadcrumbList\",\"@id\":\"https:\/\/bahiaeconomica.com.br\/wp\/2021\/02\/18\/vitoria-empata-com-o-unirb-na-estreia-do-baianao\/#breadcrumb\",\"itemListElement\":[{\"@type\":\"ListItem\",\"position\":1,\"name\":\"In\u00edcio\",\"item\":\"https:\/\/bahiaeconomica.com.br\/wp\/\"},{\"@type\":\"ListItem\",\"position\":2,\"name\":\"VIT\u00d3RIA EMPATA COM O UNIRB NA ESTREIA DO BAIAN\u00c3O\"}]},{\"@type\":\"WebSite\",\"@id\":\"https:\/\/bahiaeconomica.com.br\/wp\/#website\",\"url\":\"https:\/\/bahiaeconomica.com.br\/wp\/\",\"name\":\"Bahia Economica\",\"description\":\"O maior portal de Economia da Bahia\",\"publisher\":{\"@id\":\"https:\/\/bahiaeconomica.com.br\/wp\/#organization\"},\"potentialAction\":[{\"@type\":\"SearchAction\",\"target\":{\"@type\":\"EntryPoint\",\"urlTemplate\":\"https:\/\/bahiaeconomica.com.br\/wp\/?s={search_term_string}\"},\"query-input\":\"required name=search_term_string\"}],\"inLanguage\":\"pt-BR\"},{\"@type\":\"Organization\",\"@id\":\"https:\/\/bahiaeconomica.com.br\/wp\/#organization\",\"name\":\"Bahia Econ\u00f4mica\",\"url\":\"https:\/\/bahiaeconomica.com.br\/wp\/\",\"logo\":{\"@type\":\"ImageObject\",\"inLanguage\":\"pt-BR\",\"@id\":\"https:\/\/bahiaeconomica.com.br\/wp\/#\/schema\/logo\/image\/\",\"url\":\"https:\/\/bahiaeconomica.com.br\/wp\/wp-content\/uploads\/2020\/12\/cropped-BE.png\",\"contentUrl\":\"https:\/\/bahiaeconomica.com.br\/wp\/wp-content\/uploads\/2020\/12\/cropped-BE.png\",\"width\":512,\"height\":512,\"caption\":\"Bahia Econ\u00f4mica\"},\"image\":{\"@id\":\"https:\/\/bahiaeconomica.com.br\/wp\/#\/schema\/logo\/image\/\"},\"sameAs\":[\"https:\/\/www.facebook.com\/bahiaeconomica\"]},{\"@type\":\"Person\",\"@id\":\"https:\/\/bahiaeconomica.com.br\/wp\/#\/schema\/person\/cb1ab5ba96ad3d9390805381c76284ec\",\"name\":\"admin\",\"url\":\"https:\/\/bahiaeconomica.com.br\/wp\/author\/admin\/\"}]}<\/script>\n<!-- \/ Yoast SEO plugin. -->","yoast_head_json":{"title":"VIT\u00d3RIA EMPATA COM O UNIRB NA ESTREIA DO BAIAN\u00c3O - Bahia Economica","description":"O maior portal de Economia da Bahia DESTAQUE DO DIA, ECONOMIA \/ POL\u00cdTICA Bahia Economica","robots":{"index":"index","follow":"follow","max-snippet":"max-snippet:-1","max-image-preview":"max-image-preview:large","max-video-preview":"max-video-preview:-1"},"canonical":"https:\/\/bahiaeconomica.com.br\/wp\/2021\/02\/18\/vitoria-empata-com-o-unirb-na-estreia-do-baianao\/","og_locale":"pt_BR","og_type":"article","og_title":"VIT\u00d3RIA EMPATA COM O UNIRB NA ESTREIA DO BAIAN\u00c3O - Bahia Economica","og_description":"O maior portal de Economia da Bahia DESTAQUE DO DIA, ECONOMIA \/ POL\u00cdTICA Bahia Economica","og_url":"https:\/\/bahiaeconomica.com.br\/wp\/2021\/02\/18\/vitoria-empata-com-o-unirb-na-estreia-do-baianao\/","og_site_name":"Bahia Economica","article_publisher":"https:\/\/www.facebook.com\/bahiaeconomica","article_published_time":"2021-02-18T12:00:22+00:00","article_modified_time":"2021-02-18T10:47:23+00:00","og_image":[{"width":750,"height":508,"url":"https:\/\/bahiaeconomica.com.br\/wp\/wp-content\/uploads\/2021\/02\/750_ecvitoria-unirb-empate-baianao-futebol-esporte_2021217213821298.jpg","type":"image\/jpeg"}],"author":"admin","twitter_card":"summary_large_image","twitter_misc":{"Escrito por":"admin","Est. tempo de leitura":"6 minutos"},"schema":{"@context":"https:\/\/schema.org","@graph":[{"@type":"Article","@id":"https:\/\/bahiaeconomica.com.br\/wp\/2021\/02\/18\/vitoria-empata-com-o-unirb-na-estreia-do-baianao\/#article","isPartOf":{"@id":"https:\/\/bahiaeconomica.com.br\/wp\/2021\/02\/18\/vitoria-empata-com-o-unirb-na-estreia-do-baianao\/"},"author":{"name":"admin","@id":"https:\/\/bahiaeconomica.com.br\/wp\/#\/schema\/person\/cb1ab5ba96ad3d9390805381c76284ec"},"headline":"VIT\u00d3RIA EMPATA COM O UNIRB NA ESTREIA DO BAIAN\u00c3O","datePublished":"2021-02-18T12:00:22+00:00","dateModified":"2021-02-18T10:47:23+00:00","mainEntityOfPage":{"@id":"https:\/\/bahiaeconomica.com.br\/wp\/2021\/02\/18\/vitoria-empata-com-o-unirb-na-estreia-do-baianao\/"},"wordCount":1148,"publisher":{"@id":"https:\/\/bahiaeconomica.com.br\/wp\/#organization"},"articleSection":["DESTAQUE DO DIA","ECONOMIA \/ POL\u00cdTICA"],"inLanguage":"pt-BR"},{"@type":"WebPage","@id":"https:\/\/bahiaeconomica.com.br\/wp\/2021\/02\/18\/vitoria-empata-com-o-unirb-na-estreia-do-baianao\/","url":"https:\/\/bahiaeconomica.com.br\/wp\/2021\/02\/18\/vitoria-empata-com-o-unirb-na-estreia-do-baianao\/","name":"VIT\u00d3RIA EMPATA COM O UNIRB NA ESTREIA DO BAIAN\u00c3O - Bahia Economica","isPartOf":{"@id":"https:\/\/bahiaeconomica.com.br\/wp\/#website"},"datePublished":"2021-02-18T12:00:22+00:00","dateModified":"2021-02-18T10:47:23+00:00","description":"O maior portal de Economia da Bahia DESTAQUE DO DIA, ECONOMIA \/ POL\u00cdTICA Bahia Economica","breadcrumb":{"@id":"https:\/\/bahiaeconomica.com.br\/wp\/2021\/02\/18\/vitoria-empata-com-o-unirb-na-estreia-do-baianao\/#breadcrumb"},"inLanguage":"pt-BR","potentialAction":[{"@type":"ReadAction","target":["https:\/\/bahiaeconomica.com.br\/wp\/2021\/02\/18\/vitoria-empata-com-o-unirb-na-estreia-do-baianao\/"]}]},{"@type":"BreadcrumbList","@id":"https:\/\/bahiaeconomica.com.br\/wp\/2021\/02\/18\/vitoria-empata-com-o-unirb-na-estreia-do-baianao\/#breadcrumb","itemListElement":[{"@type":"ListItem","position":1,"name":"In\u00edcio","item":"https:\/\/bahiaeconomica.com.br\/wp\/"},{"@type":"ListItem","position":2,"name":"VIT\u00d3RIA EMPATA COM O UNIRB NA ESTREIA DO BAIAN\u00c3O"}]},{"@type":"WebSite","@id":"https:\/\/bahiaeconomica.com.br\/wp\/#website","url":"https:\/\/bahiaeconomica.com.br\/wp\/","name":"Bahia Economica","description":"O maior portal de Economia da Bahia","publisher":{"@id":"https:\/\/bahiaeconomica.com.br\/wp\/#organization"},"potentialAction":[{"@type":"SearchAction","target":{"@type":"EntryPoint","urlTemplate":"https:\/\/bahiaeconomica.com.br\/wp\/?s={search_term_string}"},"query-input":"required name=search_term_string"}],"inLanguage":"pt-BR"},{"@type":"Organization","@id":"https:\/\/bahiaeconomica.com.br\/wp\/#organization","name":"Bahia Econ\u00f4mica","url":"https:\/\/bahiaeconomica.com.br\/wp\/","logo":{"@type":"ImageObject","inLanguage":"pt-BR","@id":"https:\/\/bahiaeconomica.com.br\/wp\/#\/schema\/logo\/image\/","url":"https:\/\/bahiaeconomica.com.br\/wp\/wp-content\/uploads\/2020\/12\/cropped-BE.png","contentUrl":"https:\/\/bahiaeconomica.com.br\/wp\/wp-content\/uploads\/2020\/12\/cropped-BE.png","width":512,"height":512,"caption":"Bahia Econ\u00f4mica"},"image":{"@id":"https:\/\/bahiaeconomica.com.br\/wp\/#\/schema\/logo\/image\/"},"sameAs":["https:\/\/www.facebook.com\/bahiaeconomica"]},{"@type":"Person","@id":"https:\/\/bahiaeconomica.com.br\/wp\/#\/schema\/person\/cb1ab5ba96ad3d9390805381c76284ec","name":"admin","url":"https:\/\/bahiaeconomica.com.br\/wp\/author\/admin\/"}]}},"views":2,"_links":{"self":[{"href":"https:\/\/bahiaeconomica.com.br\/wp\/wp-json\/wp\/v2\/posts\/537502"}],"collection":[{"href":"https:\/\/bahiaeconomica.com.br\/wp\/wp-json\/wp\/v2\/posts"}],"about":[{"href":"https:\/\/bahiaeconomica.com.br\/wp\/wp-json\/wp\/v2\/types\/post"}],"author":[{"embeddable":true,"href":"https:\/\/bahiaeconomica.com.br\/wp\/wp-json\/wp\/v2\/users\/1"}],"replies":[{"embeddable":true,"href":"https:\/\/bahiaeconomica.com.br\/wp\/wp-json\/wp\/v2\/comments?post=537502"}],"version-history":[{"count":1,"href":"https:\/\/bahiaeconomica.com.br\/wp\/wp-json\/wp\/v2\/posts\/537502\/revisions"}],"predecessor-version":[{"id":537505,"href":"https:\/\/bahiaeconomica.com.br\/wp\/wp-json\/wp\/v2\/posts\/537502\/revisions\/537505"}],"wp:featuredmedia":[{"embeddable":true,"href":"https:\/\/bahiaeconomica.com.br\/wp\/wp-json\/wp\/v2\/media\/537504"}],"wp:attachment":[{"href":"https:\/\/bahiaeconomica.com.br\/wp\/wp-json\/wp\/v2\/media?parent=537502"}],"wp:term":[{"taxonomy":"category","embeddable":true,"href":"https:\/\/bahiaeconomica.com.br\/wp\/wp-json\/wp\/v2\/categories?post=537502"},{"taxonomy":"post_tag","embeddable":true,"href":"https:\/\/bahiaeconomica.com.br\/wp\/wp-json\/wp\/v2\/tags?post=537502"}],"curies":[{"name":"wp","href":"https:\/\/api.w.org\/{rel}","templated":true}]}}