{"id":537103,"date":"2021-02-17T07:30:54","date_gmt":"2021-02-17T10:30:54","guid":{"rendered":"https:\/\/bahiaeconomica.com.br\/wp\/beta\/?p=537103"},"modified":"2021-02-17T07:30:54","modified_gmt":"2021-02-17T10:30:54","slug":"industria-descarta-falta-de-algodao-para-vacinacao","status":"publish","type":"post","link":"https:\/\/bahiaeconomica.com.br\/wp\/2021\/02\/17\/industria-descarta-falta-de-algodao-para-vacinacao\/","title":{"rendered":"IND\u00daSTRIA DESCARTA FALTA DE ALGOD\u00c3O PARA VACINA\u00c7\u00c3O"},"content":{"rendered":"<p>Para al\u00e9m de seringas e vacinas, produtores e a ind\u00fastria de outros insumos m\u00e9dicos, como o algod\u00e3o, necess\u00e1rio para aplica\u00e7\u00e3o das doses, alerta para a possibilidade de subida<!--more--> de pre\u00e7o do produto se n\u00e3o houver planejamento para atender \u00e0 demanda. Apesar disso, eles praticamente excluem a possibilidade de falta de algod\u00e3o para atender ao mercado interno. Boletim da Companhia Nacional de Abastecimento (Conab), divulgado no in\u00edcio do m\u00eas, aponta que os pre\u00e7os do produto no Mato Grosso e na Bahia, maiores produtores do pa\u00eds, j\u00e1 subiram 20% e 18%, respectivamente. Segundo o \u00f3rg\u00e3o, al\u00e9m do d\u00f3lar valorizado, a alta segue sustentada pela busca da ind\u00fastria nacional para reposi\u00e7\u00e3o dos estoques.<\/p>\n<p>O Brasil, quarto maior produtor, deve colher 2,7 milh\u00f5es de toneladas de algod\u00e3o em pluma em 2021, 9% a menos do que no ano passado. As \u00e1reas plantadas diminu\u00edram, reflexo da baixa na procura pela ind\u00fastria t\u00eaxtil, em queda na pandemia, e menores pre\u00e7os de venda, que fizeram com que o produtor investisse mais em outras commodities, como soja e milho. Al\u00e9m da demanda interna, as exporta\u00e7\u00f5es seguem batendo recordes. De acordo com o Minist\u00e9rio da Economia, at\u00e9 a terceira semana de janeiro, foram embarcadas 246 mil toneladas de pluma -80% do total registrado no primeiro m\u00eas do ano passado. A m\u00e9dia di\u00e1ria de exporta\u00e7\u00e3o tamb\u00e9m cresceu, de 14 mil toneladas para 16 mil.<\/p>\n<p>O pre\u00e7o de venda para o mercado externo tamb\u00e9m chama a aten\u00e7\u00e3o. A m\u00e9dia di\u00e1ria de receita com o produto passou de US$ 22 milh\u00f5es em janeiro de 2020 para US$ 25,4 milh\u00f5es no mesmo per\u00edodo em 2021, ainda sem os resultados da \u00faltima semana do m\u00eas. \u201cSe a exporta\u00e7\u00e3o caminhar no mesmo ritmo podemos ter no futuro um desencontro de pre\u00e7o, oferta e demanda. H\u00e1 estados que tamb\u00e9m t\u00eam aumentado impostos, o que gera mais press\u00e3o sobre custos\u201d, alerta o presidente da Abit (Associa\u00e7\u00e3o Brasileira da Ind\u00fastria T\u00eaxtil e de Confec\u00e7\u00e3o), Fernando Pimentel.<\/p>\n<p>Ele explica que o algod\u00e3o hidr\u00f3filo, usado como insumo m\u00e9dico e na aplica\u00e7\u00e3o de vacinas, \u00e9 um subproduto da ind\u00fastria t\u00eaxtil, que investe cerca de 15% do total da sua mat\u00e9ria-prima neste setor. A produ\u00e7\u00e3o, segundo Pimentel, \u00e9 de aproximadamente 2,5 mil toneladas por m\u00eas, voltada essencialmente para o mercado interno, que inclui o setor de beleza e de cosm\u00e9ticos. Assim, como aponta o presidente, os empres\u00e1rios precisam se programar para suprir um eventual aumento da demanda pelo produto. Ele recomenda que estados revisem seus estoques e j\u00e1 fa\u00e7am suas encomendas, seguindo o cronograma de vacina\u00e7\u00e3o.<\/p>\n<p>\u201cO Brasil tem um programa enorme de vacina\u00e7\u00e3o realizado anualmente, mas \u00e9 certo que a demanda n\u00e3o \u00e9 t\u00e3o precisa quanto a relacionada \u00e0s seringas, por exemplo. Eu nunca tive informa\u00e7\u00e3o de escassez desse insumo, mas, numa necessidade mais urgente, a ind\u00fastria pode se adaptar para aumentar a produ\u00e7\u00e3o desse algod\u00e3o m\u00e9dico\u201d, aponta. J\u00e1 o presidente da Abrapa (Associa\u00e7\u00e3o Brasileira de Produtores de Algod\u00e3o), J\u00falio C\u00e9zar Busato, lembra que a baixa na produ\u00e7\u00e3o de 2021 deve ser compensada com o estoque do produto. \u201cSe o consumo aumentar, o Brasil vai gastar o estoque, mas creio que o pa\u00eds est\u00e1 preparado para suprir qualquer necessidade\u201d, avalia.<\/p>\n<p>Mesmo assim, ele relembra que, com o aquecimento do mercado, a ind\u00fastria t\u00eaxtil est\u00e1 retomando os n\u00fameros. Com isso, a procura pelo algod\u00e3o deve aumentar ainda mais nos pr\u00f3ximos meses. Do lado dos profissionais da sa\u00fade, que esperam que o ritmo da vacina\u00e7\u00e3o caminhe mais rapidamente pelo pa\u00eds, o medo \u00e9 de que cenas como as registradas no in\u00edcio da pandemia, como de falta de insumos e equipamentos de prote\u00e7\u00e3o, se repitam tamb\u00e9m durante a campanha de imuniza\u00e7\u00e3o, por falta de planejamento para a compra de materiais.<\/p>\n<p>\u201cN\u00e3o h\u00e1 como garantir que o Brasil est\u00e1 coberto com a quantidade que possui e pode produzir, j\u00e1 que n\u00e3o temos ideia do estoque e da demanda por estado com o andar da vacina\u00e7\u00e3o. Pode ser que pa\u00edses que iniciaram a imuniza\u00e7\u00e3o antes de n\u00f3s entrem em uma competi\u00e7\u00e3o por esses produtos\u201d, avalia Viviane Camargo, coordenadora da C\u00e2mara T\u00e9cnica de Aten\u00e7\u00e3o \u00e0 Sa\u00fade do Conselho Federal de Enfermagem (Cofen).<\/p>\n<p>Foto: divulga\u00e7\u00e3o<\/p>\n","protected":false},"excerpt":{"rendered":"<p>Para al\u00e9m de seringas e vacinas, produtores e a ind\u00fastria de outros insumos m\u00e9dicos, como o algod\u00e3o, necess\u00e1rio para aplica\u00e7\u00e3o das doses, alerta para a possibilidade de subida<\/p>\n","protected":false},"author":1,"featured_media":537105,"comment_status":"closed","ping_status":"closed","sticky":false,"template":"","format":"standard","meta":[],"categories":[14,3],"tags":[],"acf":[],"yoast_head":"<!-- This site is optimized with the Yoast SEO plugin v20.8 - https:\/\/yoast.com\/wordpress\/plugins\/seo\/ -->\n<title>IND\u00daSTRIA DESCARTA FALTA DE ALGOD\u00c3O PARA VACINA\u00c7\u00c3O - Bahia Economica<\/title>\n<meta name=\"description\" content=\"O maior portal de Economia da Bahia DESTAQUE DO DIA, ECONOMIA \/ POL\u00cdTICA Bahia Economica\" \/>\n<meta name=\"robots\" content=\"index, follow, max-snippet:-1, max-image-preview:large, max-video-preview:-1\" \/>\n<link rel=\"canonical\" href=\"https:\/\/bahiaeconomica.com.br\/wp\/2021\/02\/17\/industria-descarta-falta-de-algodao-para-vacinacao\/\" \/>\n<meta property=\"og:locale\" content=\"pt_BR\" \/>\n<meta property=\"og:type\" content=\"article\" \/>\n<meta property=\"og:title\" content=\"IND\u00daSTRIA DESCARTA FALTA DE ALGOD\u00c3O PARA VACINA\u00c7\u00c3O - Bahia Economica\" \/>\n<meta property=\"og:description\" content=\"O maior portal de Economia da Bahia DESTAQUE DO DIA, ECONOMIA \/ POL\u00cdTICA Bahia Economica\" \/>\n<meta property=\"og:url\" content=\"https:\/\/bahiaeconomica.com.br\/wp\/2021\/02\/17\/industria-descarta-falta-de-algodao-para-vacinacao\/\" \/>\n<meta property=\"og:site_name\" content=\"Bahia Economica\" \/>\n<meta property=\"article:publisher\" content=\"https:\/\/www.facebook.com\/bahiaeconomica\" \/>\n<meta property=\"article:published_time\" content=\"2021-02-17T10:30:54+00:00\" \/>\n<meta property=\"og:image\" content=\"https:\/\/bahiaeconomica.com.br\/wp\/wp-content\/uploads\/2021\/02\/750_algodao-abapa_2020758256781.jpg\" \/>\n\t<meta property=\"og:image:width\" content=\"750\" \/>\n\t<meta property=\"og:image:height\" content=\"500\" \/>\n\t<meta property=\"og:image:type\" content=\"image\/jpeg\" \/>\n<meta name=\"author\" content=\"admin\" \/>\n<meta name=\"twitter:card\" content=\"summary_large_image\" \/>\n<meta name=\"twitter:label1\" content=\"Escrito por\" \/>\n\t<meta name=\"twitter:data1\" content=\"admin\" \/>\n\t<meta name=\"twitter:label2\" content=\"Est. tempo de leitura\" \/>\n\t<meta name=\"twitter:data2\" content=\"4 minutos\" \/>\n<script type=\"application\/ld+json\" class=\"yoast-schema-graph\">{\"@context\":\"https:\/\/schema.org\",\"@graph\":[{\"@type\":\"Article\",\"@id\":\"https:\/\/bahiaeconomica.com.br\/wp\/2021\/02\/17\/industria-descarta-falta-de-algodao-para-vacinacao\/#article\",\"isPartOf\":{\"@id\":\"https:\/\/bahiaeconomica.com.br\/wp\/2021\/02\/17\/industria-descarta-falta-de-algodao-para-vacinacao\/\"},\"author\":{\"name\":\"admin\",\"@id\":\"https:\/\/bahiaeconomica.com.br\/wp\/#\/schema\/person\/cb1ab5ba96ad3d9390805381c76284ec\"},\"headline\":\"IND\u00daSTRIA DESCARTA FALTA DE ALGOD\u00c3O PARA VACINA\u00c7\u00c3O\",\"datePublished\":\"2021-02-17T10:30:54+00:00\",\"dateModified\":\"2021-02-17T10:30:54+00:00\",\"mainEntityOfPage\":{\"@id\":\"https:\/\/bahiaeconomica.com.br\/wp\/2021\/02\/17\/industria-descarta-falta-de-algodao-para-vacinacao\/\"},\"wordCount\":766,\"publisher\":{\"@id\":\"https:\/\/bahiaeconomica.com.br\/wp\/#organization\"},\"articleSection\":[\"DESTAQUE DO DIA\",\"ECONOMIA \/ POL\u00cdTICA\"],\"inLanguage\":\"pt-BR\"},{\"@type\":\"WebPage\",\"@id\":\"https:\/\/bahiaeconomica.com.br\/wp\/2021\/02\/17\/industria-descarta-falta-de-algodao-para-vacinacao\/\",\"url\":\"https:\/\/bahiaeconomica.com.br\/wp\/2021\/02\/17\/industria-descarta-falta-de-algodao-para-vacinacao\/\",\"name\":\"IND\u00daSTRIA DESCARTA FALTA DE ALGOD\u00c3O PARA VACINA\u00c7\u00c3O - Bahia Economica\",\"isPartOf\":{\"@id\":\"https:\/\/bahiaeconomica.com.br\/wp\/#website\"},\"datePublished\":\"2021-02-17T10:30:54+00:00\",\"dateModified\":\"2021-02-17T10:30:54+00:00\",\"description\":\"O maior portal de Economia da Bahia DESTAQUE DO DIA, ECONOMIA \/ POL\u00cdTICA Bahia Economica\",\"breadcrumb\":{\"@id\":\"https:\/\/bahiaeconomica.com.br\/wp\/2021\/02\/17\/industria-descarta-falta-de-algodao-para-vacinacao\/#breadcrumb\"},\"inLanguage\":\"pt-BR\",\"potentialAction\":[{\"@type\":\"ReadAction\",\"target\":[\"https:\/\/bahiaeconomica.com.br\/wp\/2021\/02\/17\/industria-descarta-falta-de-algodao-para-vacinacao\/\"]}]},{\"@type\":\"BreadcrumbList\",\"@id\":\"https:\/\/bahiaeconomica.com.br\/wp\/2021\/02\/17\/industria-descarta-falta-de-algodao-para-vacinacao\/#breadcrumb\",\"itemListElement\":[{\"@type\":\"ListItem\",\"position\":1,\"name\":\"In\u00edcio\",\"item\":\"https:\/\/bahiaeconomica.com.br\/wp\/\"},{\"@type\":\"ListItem\",\"position\":2,\"name\":\"IND\u00daSTRIA DESCARTA FALTA DE ALGOD\u00c3O PARA VACINA\u00c7\u00c3O\"}]},{\"@type\":\"WebSite\",\"@id\":\"https:\/\/bahiaeconomica.com.br\/wp\/#website\",\"url\":\"https:\/\/bahiaeconomica.com.br\/wp\/\",\"name\":\"Bahia Economica\",\"description\":\"O maior portal de Economia da Bahia\",\"publisher\":{\"@id\":\"https:\/\/bahiaeconomica.com.br\/wp\/#organization\"},\"potentialAction\":[{\"@type\":\"SearchAction\",\"target\":{\"@type\":\"EntryPoint\",\"urlTemplate\":\"https:\/\/bahiaeconomica.com.br\/wp\/?s={search_term_string}\"},\"query-input\":\"required name=search_term_string\"}],\"inLanguage\":\"pt-BR\"},{\"@type\":\"Organization\",\"@id\":\"https:\/\/bahiaeconomica.com.br\/wp\/#organization\",\"name\":\"Bahia Econ\u00f4mica\",\"url\":\"https:\/\/bahiaeconomica.com.br\/wp\/\",\"logo\":{\"@type\":\"ImageObject\",\"inLanguage\":\"pt-BR\",\"@id\":\"https:\/\/bahiaeconomica.com.br\/wp\/#\/schema\/logo\/image\/\",\"url\":\"https:\/\/bahiaeconomica.com.br\/wp\/wp-content\/uploads\/2020\/12\/cropped-BE.png\",\"contentUrl\":\"https:\/\/bahiaeconomica.com.br\/wp\/wp-content\/uploads\/2020\/12\/cropped-BE.png\",\"width\":512,\"height\":512,\"caption\":\"Bahia Econ\u00f4mica\"},\"image\":{\"@id\":\"https:\/\/bahiaeconomica.com.br\/wp\/#\/schema\/logo\/image\/\"},\"sameAs\":[\"https:\/\/www.facebook.com\/bahiaeconomica\"]},{\"@type\":\"Person\",\"@id\":\"https:\/\/bahiaeconomica.com.br\/wp\/#\/schema\/person\/cb1ab5ba96ad3d9390805381c76284ec\",\"name\":\"admin\",\"url\":\"https:\/\/bahiaeconomica.com.br\/wp\/author\/admin\/\"}]}<\/script>\n<!-- \/ Yoast SEO plugin. -->","yoast_head_json":{"title":"IND\u00daSTRIA DESCARTA FALTA DE ALGOD\u00c3O PARA VACINA\u00c7\u00c3O - Bahia Economica","description":"O maior portal de Economia da Bahia DESTAQUE DO DIA, ECONOMIA \/ POL\u00cdTICA Bahia Economica","robots":{"index":"index","follow":"follow","max-snippet":"max-snippet:-1","max-image-preview":"max-image-preview:large","max-video-preview":"max-video-preview:-1"},"canonical":"https:\/\/bahiaeconomica.com.br\/wp\/2021\/02\/17\/industria-descarta-falta-de-algodao-para-vacinacao\/","og_locale":"pt_BR","og_type":"article","og_title":"IND\u00daSTRIA DESCARTA FALTA DE ALGOD\u00c3O PARA VACINA\u00c7\u00c3O - Bahia Economica","og_description":"O maior portal de Economia da Bahia DESTAQUE DO DIA, ECONOMIA \/ POL\u00cdTICA Bahia Economica","og_url":"https:\/\/bahiaeconomica.com.br\/wp\/2021\/02\/17\/industria-descarta-falta-de-algodao-para-vacinacao\/","og_site_name":"Bahia Economica","article_publisher":"https:\/\/www.facebook.com\/bahiaeconomica","article_published_time":"2021-02-17T10:30:54+00:00","og_image":[{"width":750,"height":500,"url":"https:\/\/bahiaeconomica.com.br\/wp\/wp-content\/uploads\/2021\/02\/750_algodao-abapa_2020758256781.jpg","type":"image\/jpeg"}],"author":"admin","twitter_card":"summary_large_image","twitter_misc":{"Escrito por":"admin","Est. tempo de leitura":"4 minutos"},"schema":{"@context":"https:\/\/schema.org","@graph":[{"@type":"Article","@id":"https:\/\/bahiaeconomica.com.br\/wp\/2021\/02\/17\/industria-descarta-falta-de-algodao-para-vacinacao\/#article","isPartOf":{"@id":"https:\/\/bahiaeconomica.com.br\/wp\/2021\/02\/17\/industria-descarta-falta-de-algodao-para-vacinacao\/"},"author":{"name":"admin","@id":"https:\/\/bahiaeconomica.com.br\/wp\/#\/schema\/person\/cb1ab5ba96ad3d9390805381c76284ec"},"headline":"IND\u00daSTRIA DESCARTA FALTA DE ALGOD\u00c3O PARA VACINA\u00c7\u00c3O","datePublished":"2021-02-17T10:30:54+00:00","dateModified":"2021-02-17T10:30:54+00:00","mainEntityOfPage":{"@id":"https:\/\/bahiaeconomica.com.br\/wp\/2021\/02\/17\/industria-descarta-falta-de-algodao-para-vacinacao\/"},"wordCount":766,"publisher":{"@id":"https:\/\/bahiaeconomica.com.br\/wp\/#organization"},"articleSection":["DESTAQUE DO DIA","ECONOMIA \/ POL\u00cdTICA"],"inLanguage":"pt-BR"},{"@type":"WebPage","@id":"https:\/\/bahiaeconomica.com.br\/wp\/2021\/02\/17\/industria-descarta-falta-de-algodao-para-vacinacao\/","url":"https:\/\/bahiaeconomica.com.br\/wp\/2021\/02\/17\/industria-descarta-falta-de-algodao-para-vacinacao\/","name":"IND\u00daSTRIA DESCARTA FALTA DE ALGOD\u00c3O PARA VACINA\u00c7\u00c3O - Bahia Economica","isPartOf":{"@id":"https:\/\/bahiaeconomica.com.br\/wp\/#website"},"datePublished":"2021-02-17T10:30:54+00:00","dateModified":"2021-02-17T10:30:54+00:00","description":"O maior portal de Economia da Bahia DESTAQUE DO DIA, ECONOMIA \/ POL\u00cdTICA Bahia Economica","breadcrumb":{"@id":"https:\/\/bahiaeconomica.com.br\/wp\/2021\/02\/17\/industria-descarta-falta-de-algodao-para-vacinacao\/#breadcrumb"},"inLanguage":"pt-BR","potentialAction":[{"@type":"ReadAction","target":["https:\/\/bahiaeconomica.com.br\/wp\/2021\/02\/17\/industria-descarta-falta-de-algodao-para-vacinacao\/"]}]},{"@type":"BreadcrumbList","@id":"https:\/\/bahiaeconomica.com.br\/wp\/2021\/02\/17\/industria-descarta-falta-de-algodao-para-vacinacao\/#breadcrumb","itemListElement":[{"@type":"ListItem","position":1,"name":"In\u00edcio","item":"https:\/\/bahiaeconomica.com.br\/wp\/"},{"@type":"ListItem","position":2,"name":"IND\u00daSTRIA DESCARTA FALTA DE ALGOD\u00c3O PARA VACINA\u00c7\u00c3O"}]},{"@type":"WebSite","@id":"https:\/\/bahiaeconomica.com.br\/wp\/#website","url":"https:\/\/bahiaeconomica.com.br\/wp\/","name":"Bahia Economica","description":"O maior portal de Economia da Bahia","publisher":{"@id":"https:\/\/bahiaeconomica.com.br\/wp\/#organization"},"potentialAction":[{"@type":"SearchAction","target":{"@type":"EntryPoint","urlTemplate":"https:\/\/bahiaeconomica.com.br\/wp\/?s={search_term_string}"},"query-input":"required name=search_term_string"}],"inLanguage":"pt-BR"},{"@type":"Organization","@id":"https:\/\/bahiaeconomica.com.br\/wp\/#organization","name":"Bahia Econ\u00f4mica","url":"https:\/\/bahiaeconomica.com.br\/wp\/","logo":{"@type":"ImageObject","inLanguage":"pt-BR","@id":"https:\/\/bahiaeconomica.com.br\/wp\/#\/schema\/logo\/image\/","url":"https:\/\/bahiaeconomica.com.br\/wp\/wp-content\/uploads\/2020\/12\/cropped-BE.png","contentUrl":"https:\/\/bahiaeconomica.com.br\/wp\/wp-content\/uploads\/2020\/12\/cropped-BE.png","width":512,"height":512,"caption":"Bahia Econ\u00f4mica"},"image":{"@id":"https:\/\/bahiaeconomica.com.br\/wp\/#\/schema\/logo\/image\/"},"sameAs":["https:\/\/www.facebook.com\/bahiaeconomica"]},{"@type":"Person","@id":"https:\/\/bahiaeconomica.com.br\/wp\/#\/schema\/person\/cb1ab5ba96ad3d9390805381c76284ec","name":"admin","url":"https:\/\/bahiaeconomica.com.br\/wp\/author\/admin\/"}]}},"views":2,"_links":{"self":[{"href":"https:\/\/bahiaeconomica.com.br\/wp\/wp-json\/wp\/v2\/posts\/537103"}],"collection":[{"href":"https:\/\/bahiaeconomica.com.br\/wp\/wp-json\/wp\/v2\/posts"}],"about":[{"href":"https:\/\/bahiaeconomica.com.br\/wp\/wp-json\/wp\/v2\/types\/post"}],"author":[{"embeddable":true,"href":"https:\/\/bahiaeconomica.com.br\/wp\/wp-json\/wp\/v2\/users\/1"}],"replies":[{"embeddable":true,"href":"https:\/\/bahiaeconomica.com.br\/wp\/wp-json\/wp\/v2\/comments?post=537103"}],"version-history":[{"count":1,"href":"https:\/\/bahiaeconomica.com.br\/wp\/wp-json\/wp\/v2\/posts\/537103\/revisions"}],"predecessor-version":[{"id":537106,"href":"https:\/\/bahiaeconomica.com.br\/wp\/wp-json\/wp\/v2\/posts\/537103\/revisions\/537106"}],"wp:featuredmedia":[{"embeddable":true,"href":"https:\/\/bahiaeconomica.com.br\/wp\/wp-json\/wp\/v2\/media\/537105"}],"wp:attachment":[{"href":"https:\/\/bahiaeconomica.com.br\/wp\/wp-json\/wp\/v2\/media?parent=537103"}],"wp:term":[{"taxonomy":"category","embeddable":true,"href":"https:\/\/bahiaeconomica.com.br\/wp\/wp-json\/wp\/v2\/categories?post=537103"},{"taxonomy":"post_tag","embeddable":true,"href":"https:\/\/bahiaeconomica.com.br\/wp\/wp-json\/wp\/v2\/tags?post=537103"}],"curies":[{"name":"wp","href":"https:\/\/api.w.org\/{rel}","templated":true}]}}