{"id":536846,"date":"2021-02-16T13:30:00","date_gmt":"2021-02-16T16:30:00","guid":{"rendered":"https:\/\/bahiaeconomica.com.br\/wp\/beta\/?p=536846"},"modified":"2021-02-16T13:26:20","modified_gmt":"2021-02-16T16:26:20","slug":"varejo-farmaceutico-cresce-156-em-2020-veja-os-destaques","status":"publish","type":"post","link":"https:\/\/bahiaeconomica.com.br\/wp\/2021\/02\/16\/varejo-farmaceutico-cresce-156-em-2020-veja-os-destaques\/","title":{"rendered":"VAREJO FARMAC\u00caUTICO CRESCE 15,6% EM 2020 &#8211; VEJA OS DESTAQUES"},"content":{"rendered":"<p>Suplementos vitam\u00ednicos e Ivermectina apresentaram grande crescimento durante o ano que passou, em fun\u00e7\u00e3o de cuidados com preven\u00e7\u00e3o. No ano de 2020 o mercado farmac\u00eautico <!--more-->mostrou mais uma vez sua for\u00e7a, apresentando um crescimento no faturamento de 15,6% segundos dados divulgados pela IQVIA no in\u00edcio de fevereiro. Conforme os n\u00fameros apresentados o faturamento das farm\u00e1cias no ano foi de R\ufe69139,37 bilh\u00f5es, em 2019 esse valor foi de R\ufe69120,54 bilh\u00f5es. O grande destaque deste crescimento foram as lojas das redes associadas \u00e0 Febrafar que cresceram no ano 26,1%.<\/p>\n<p>&#8220;Os n\u00fameros apresentando pela Febrafar n\u00e3o nos surpreendem pois j\u00e1 t\u00ednhamos constantemente crescendo bastante acima do mercado. Mas, uma caracter\u00edstica deste ano foi um crescimento maior das farm\u00e1cias nos bairros. Isso se deve ao fato de que, com o isolamento, as pessoas tiveram que ficar em casa e passaram a consumir mais em farm\u00e1cias de bairro e n\u00e3o nas das regi\u00f5es centrais&#8221;, explica o presidente da Febrafar, Edison Tamascia.<\/p>\n<p>Em rela\u00e7\u00e3o ao cont\u00ednuo crescimento da Febrafar, esse fato j\u00e1 tem resultado direto em sua participa\u00e7\u00e3o no mercado, sendo que em 2016 essa era de 9,1% e em 2020 chegou a 12,1%. &#8220;Vemos que as farm\u00e1cias das redes associadas \u00e0 Febrafar, que est\u00e3o utilizando as ferramentas de gest\u00e3o disponibilizadas, est\u00e3o se destacando, pois passam por um processo de maior profissionaliza\u00e7\u00e3o, percebem como \u00e9 o mercado e crescem acima da m\u00e9dia&#8221;, explica Tamascia. Outro destaque da Febrafar \u00e9 sua capilaridade sendo que atualmente conta com 58 redes que representam 10.544 lojas em 27 estados do Brasil. Estando presente em 2.991 dos 5.570 dos munic\u00edpios.<\/p>\n<p>Destaque de suplementos<\/p>\n<p>Um ponto de destaque no consumo dentro das farm\u00e1cias foi o de suplementos. Segundo os dados da IQVIA, a procura na busca por suplementos vitam\u00ednicos dispararam, crescendo 47,9% em todo o mercado e 60,9% na Febrafar. Segundo an\u00e1lise deste dado, durante o ano de 2020, foi e ainda \u00e9 muito discutido sobre a import\u00e2ncia de cuidar ainda mais da imunidade, fazendo com que muitos brasileiros procurem se prevenir visando o aumento nessa categoria de produtos. J\u00e1 em rela\u00e7\u00e3o aos produtos, com certeza, o que mais se destacou foi a Ivermectina (mg comprimido 6.00mg x 4), que teve um crescimento de 2.869,11%. Fato que se deve a associa\u00e7\u00e3o do medicamento com o tratamento do Covid-19.<\/p>\n<p>Foto: divulga\u00e7\u00e3o<\/p>\n","protected":false},"excerpt":{"rendered":"<p>Suplementos vitam\u00ednicos e Ivermectina apresentaram grande crescimento durante o ano que passou, em fun\u00e7\u00e3o de cuidados com preven\u00e7\u00e3o. No ano de 2020 o mercado farmac\u00eautico<\/p>\n","protected":false},"author":1,"featured_media":461865,"comment_status":"closed","ping_status":"closed","sticky":false,"template":"","format":"standard","meta":[],"categories":[14,3],"tags":[],"acf":[],"yoast_head":"<!-- This site is optimized with the Yoast SEO plugin v20.8 - https:\/\/yoast.com\/wordpress\/plugins\/seo\/ -->\n<title>VAREJO FARMAC\u00caUTICO CRESCE 15,6% EM 2020 - VEJA OS DESTAQUES - Bahia Economica<\/title>\n<meta name=\"description\" content=\"O maior portal de Economia da Bahia DESTAQUE DO DIA, ECONOMIA \/ POL\u00cdTICA Bahia Economica\" \/>\n<meta name=\"robots\" content=\"index, follow, max-snippet:-1, max-image-preview:large, max-video-preview:-1\" \/>\n<link rel=\"canonical\" href=\"https:\/\/bahiaeconomica.com.br\/wp\/2021\/02\/16\/varejo-farmaceutico-cresce-156-em-2020-veja-os-destaques\/\" \/>\n<meta property=\"og:locale\" content=\"pt_BR\" \/>\n<meta property=\"og:type\" content=\"article\" \/>\n<meta property=\"og:title\" content=\"VAREJO FARMAC\u00caUTICO CRESCE 15,6% EM 2020 - VEJA OS DESTAQUES - Bahia Economica\" \/>\n<meta property=\"og:description\" content=\"O maior portal de Economia da Bahia DESTAQUE DO DIA, ECONOMIA \/ POL\u00cdTICA Bahia Economica\" \/>\n<meta property=\"og:url\" content=\"https:\/\/bahiaeconomica.com.br\/wp\/2021\/02\/16\/varejo-farmaceutico-cresce-156-em-2020-veja-os-destaques\/\" \/>\n<meta property=\"og:site_name\" content=\"Bahia Economica\" \/>\n<meta property=\"article:publisher\" content=\"https:\/\/www.facebook.com\/bahiaeconomica\" \/>\n<meta property=\"article:published_time\" content=\"2021-02-16T16:30:00+00:00\" \/>\n<meta property=\"article:modified_time\" content=\"2021-02-16T16:26:20+00:00\" \/>\n<meta property=\"og:image\" content=\"https:\/\/bahiaeconomica.com.br\/wp\/wp-content\/uploads\/2020\/05\/xfarmacia-medicamentos.jpg.pagespeed.ic_.xkElV-FZVj.jpg\" \/>\n\t<meta property=\"og:image:width\" content=\"500\" \/>\n\t<meta property=\"og:image:height\" content=\"300\" \/>\n\t<meta property=\"og:image:type\" content=\"image\/jpeg\" \/>\n<meta name=\"author\" content=\"admin\" \/>\n<meta name=\"twitter:card\" content=\"summary_large_image\" \/>\n<meta name=\"twitter:label1\" content=\"Escrito por\" \/>\n\t<meta name=\"twitter:data1\" content=\"admin\" \/>\n\t<meta name=\"twitter:label2\" content=\"Est. tempo de leitura\" \/>\n\t<meta name=\"twitter:data2\" content=\"2 minutos\" \/>\n<script type=\"application\/ld+json\" class=\"yoast-schema-graph\">{\"@context\":\"https:\/\/schema.org\",\"@graph\":[{\"@type\":\"Article\",\"@id\":\"https:\/\/bahiaeconomica.com.br\/wp\/2021\/02\/16\/varejo-farmaceutico-cresce-156-em-2020-veja-os-destaques\/#article\",\"isPartOf\":{\"@id\":\"https:\/\/bahiaeconomica.com.br\/wp\/2021\/02\/16\/varejo-farmaceutico-cresce-156-em-2020-veja-os-destaques\/\"},\"author\":{\"name\":\"admin\",\"@id\":\"https:\/\/bahiaeconomica.com.br\/wp\/#\/schema\/person\/cb1ab5ba96ad3d9390805381c76284ec\"},\"headline\":\"VAREJO FARMAC\u00caUTICO CRESCE 15,6% EM 2020 &#8211; VEJA OS DESTAQUES\",\"datePublished\":\"2021-02-16T16:30:00+00:00\",\"dateModified\":\"2021-02-16T16:26:20+00:00\",\"mainEntityOfPage\":{\"@id\":\"https:\/\/bahiaeconomica.com.br\/wp\/2021\/02\/16\/varejo-farmaceutico-cresce-156-em-2020-veja-os-destaques\/\"},\"wordCount\":399,\"publisher\":{\"@id\":\"https:\/\/bahiaeconomica.com.br\/wp\/#organization\"},\"articleSection\":[\"DESTAQUE DO DIA\",\"ECONOMIA \/ POL\u00cdTICA\"],\"inLanguage\":\"pt-BR\"},{\"@type\":\"WebPage\",\"@id\":\"https:\/\/bahiaeconomica.com.br\/wp\/2021\/02\/16\/varejo-farmaceutico-cresce-156-em-2020-veja-os-destaques\/\",\"url\":\"https:\/\/bahiaeconomica.com.br\/wp\/2021\/02\/16\/varejo-farmaceutico-cresce-156-em-2020-veja-os-destaques\/\",\"name\":\"VAREJO FARMAC\u00caUTICO CRESCE 15,6% EM 2020 - VEJA OS DESTAQUES - Bahia Economica\",\"isPartOf\":{\"@id\":\"https:\/\/bahiaeconomica.com.br\/wp\/#website\"},\"datePublished\":\"2021-02-16T16:30:00+00:00\",\"dateModified\":\"2021-02-16T16:26:20+00:00\",\"description\":\"O maior portal de Economia da Bahia DESTAQUE DO DIA, ECONOMIA \/ POL\u00cdTICA Bahia Economica\",\"breadcrumb\":{\"@id\":\"https:\/\/bahiaeconomica.com.br\/wp\/2021\/02\/16\/varejo-farmaceutico-cresce-156-em-2020-veja-os-destaques\/#breadcrumb\"},\"inLanguage\":\"pt-BR\",\"potentialAction\":[{\"@type\":\"ReadAction\",\"target\":[\"https:\/\/bahiaeconomica.com.br\/wp\/2021\/02\/16\/varejo-farmaceutico-cresce-156-em-2020-veja-os-destaques\/\"]}]},{\"@type\":\"BreadcrumbList\",\"@id\":\"https:\/\/bahiaeconomica.com.br\/wp\/2021\/02\/16\/varejo-farmaceutico-cresce-156-em-2020-veja-os-destaques\/#breadcrumb\",\"itemListElement\":[{\"@type\":\"ListItem\",\"position\":1,\"name\":\"In\u00edcio\",\"item\":\"https:\/\/bahiaeconomica.com.br\/wp\/\"},{\"@type\":\"ListItem\",\"position\":2,\"name\":\"VAREJO FARMAC\u00caUTICO CRESCE 15,6% EM 2020 &#8211; VEJA OS DESTAQUES\"}]},{\"@type\":\"WebSite\",\"@id\":\"https:\/\/bahiaeconomica.com.br\/wp\/#website\",\"url\":\"https:\/\/bahiaeconomica.com.br\/wp\/\",\"name\":\"Bahia Economica\",\"description\":\"O maior portal de Economia da Bahia\",\"publisher\":{\"@id\":\"https:\/\/bahiaeconomica.com.br\/wp\/#organization\"},\"potentialAction\":[{\"@type\":\"SearchAction\",\"target\":{\"@type\":\"EntryPoint\",\"urlTemplate\":\"https:\/\/bahiaeconomica.com.br\/wp\/?s={search_term_string}\"},\"query-input\":\"required name=search_term_string\"}],\"inLanguage\":\"pt-BR\"},{\"@type\":\"Organization\",\"@id\":\"https:\/\/bahiaeconomica.com.br\/wp\/#organization\",\"name\":\"Bahia Econ\u00f4mica\",\"url\":\"https:\/\/bahiaeconomica.com.br\/wp\/\",\"logo\":{\"@type\":\"ImageObject\",\"inLanguage\":\"pt-BR\",\"@id\":\"https:\/\/bahiaeconomica.com.br\/wp\/#\/schema\/logo\/image\/\",\"url\":\"https:\/\/bahiaeconomica.com.br\/wp\/wp-content\/uploads\/2020\/12\/cropped-BE.png\",\"contentUrl\":\"https:\/\/bahiaeconomica.com.br\/wp\/wp-content\/uploads\/2020\/12\/cropped-BE.png\",\"width\":512,\"height\":512,\"caption\":\"Bahia Econ\u00f4mica\"},\"image\":{\"@id\":\"https:\/\/bahiaeconomica.com.br\/wp\/#\/schema\/logo\/image\/\"},\"sameAs\":[\"https:\/\/www.facebook.com\/bahiaeconomica\"]},{\"@type\":\"Person\",\"@id\":\"https:\/\/bahiaeconomica.com.br\/wp\/#\/schema\/person\/cb1ab5ba96ad3d9390805381c76284ec\",\"name\":\"admin\",\"url\":\"https:\/\/bahiaeconomica.com.br\/wp\/author\/admin\/\"}]}<\/script>\n<!-- \/ Yoast SEO plugin. -->","yoast_head_json":{"title":"VAREJO FARMAC\u00caUTICO CRESCE 15,6% EM 2020 - VEJA OS DESTAQUES - Bahia Economica","description":"O maior portal de Economia da Bahia DESTAQUE DO DIA, ECONOMIA \/ POL\u00cdTICA Bahia Economica","robots":{"index":"index","follow":"follow","max-snippet":"max-snippet:-1","max-image-preview":"max-image-preview:large","max-video-preview":"max-video-preview:-1"},"canonical":"https:\/\/bahiaeconomica.com.br\/wp\/2021\/02\/16\/varejo-farmaceutico-cresce-156-em-2020-veja-os-destaques\/","og_locale":"pt_BR","og_type":"article","og_title":"VAREJO FARMAC\u00caUTICO CRESCE 15,6% EM 2020 - VEJA OS DESTAQUES - Bahia Economica","og_description":"O maior portal de Economia da Bahia DESTAQUE DO DIA, ECONOMIA \/ POL\u00cdTICA Bahia Economica","og_url":"https:\/\/bahiaeconomica.com.br\/wp\/2021\/02\/16\/varejo-farmaceutico-cresce-156-em-2020-veja-os-destaques\/","og_site_name":"Bahia Economica","article_publisher":"https:\/\/www.facebook.com\/bahiaeconomica","article_published_time":"2021-02-16T16:30:00+00:00","article_modified_time":"2021-02-16T16:26:20+00:00","og_image":[{"width":500,"height":300,"url":"https:\/\/bahiaeconomica.com.br\/wp\/wp-content\/uploads\/2020\/05\/xfarmacia-medicamentos.jpg.pagespeed.ic_.xkElV-FZVj.jpg","type":"image\/jpeg"}],"author":"admin","twitter_card":"summary_large_image","twitter_misc":{"Escrito por":"admin","Est. tempo de leitura":"2 minutos"},"schema":{"@context":"https:\/\/schema.org","@graph":[{"@type":"Article","@id":"https:\/\/bahiaeconomica.com.br\/wp\/2021\/02\/16\/varejo-farmaceutico-cresce-156-em-2020-veja-os-destaques\/#article","isPartOf":{"@id":"https:\/\/bahiaeconomica.com.br\/wp\/2021\/02\/16\/varejo-farmaceutico-cresce-156-em-2020-veja-os-destaques\/"},"author":{"name":"admin","@id":"https:\/\/bahiaeconomica.com.br\/wp\/#\/schema\/person\/cb1ab5ba96ad3d9390805381c76284ec"},"headline":"VAREJO FARMAC\u00caUTICO CRESCE 15,6% EM 2020 &#8211; VEJA OS DESTAQUES","datePublished":"2021-02-16T16:30:00+00:00","dateModified":"2021-02-16T16:26:20+00:00","mainEntityOfPage":{"@id":"https:\/\/bahiaeconomica.com.br\/wp\/2021\/02\/16\/varejo-farmaceutico-cresce-156-em-2020-veja-os-destaques\/"},"wordCount":399,"publisher":{"@id":"https:\/\/bahiaeconomica.com.br\/wp\/#organization"},"articleSection":["DESTAQUE DO DIA","ECONOMIA \/ POL\u00cdTICA"],"inLanguage":"pt-BR"},{"@type":"WebPage","@id":"https:\/\/bahiaeconomica.com.br\/wp\/2021\/02\/16\/varejo-farmaceutico-cresce-156-em-2020-veja-os-destaques\/","url":"https:\/\/bahiaeconomica.com.br\/wp\/2021\/02\/16\/varejo-farmaceutico-cresce-156-em-2020-veja-os-destaques\/","name":"VAREJO FARMAC\u00caUTICO CRESCE 15,6% EM 2020 - VEJA OS DESTAQUES - Bahia Economica","isPartOf":{"@id":"https:\/\/bahiaeconomica.com.br\/wp\/#website"},"datePublished":"2021-02-16T16:30:00+00:00","dateModified":"2021-02-16T16:26:20+00:00","description":"O maior portal de Economia da Bahia DESTAQUE DO DIA, ECONOMIA \/ POL\u00cdTICA Bahia Economica","breadcrumb":{"@id":"https:\/\/bahiaeconomica.com.br\/wp\/2021\/02\/16\/varejo-farmaceutico-cresce-156-em-2020-veja-os-destaques\/#breadcrumb"},"inLanguage":"pt-BR","potentialAction":[{"@type":"ReadAction","target":["https:\/\/bahiaeconomica.com.br\/wp\/2021\/02\/16\/varejo-farmaceutico-cresce-156-em-2020-veja-os-destaques\/"]}]},{"@type":"BreadcrumbList","@id":"https:\/\/bahiaeconomica.com.br\/wp\/2021\/02\/16\/varejo-farmaceutico-cresce-156-em-2020-veja-os-destaques\/#breadcrumb","itemListElement":[{"@type":"ListItem","position":1,"name":"In\u00edcio","item":"https:\/\/bahiaeconomica.com.br\/wp\/"},{"@type":"ListItem","position":2,"name":"VAREJO FARMAC\u00caUTICO CRESCE 15,6% EM 2020 &#8211; VEJA OS DESTAQUES"}]},{"@type":"WebSite","@id":"https:\/\/bahiaeconomica.com.br\/wp\/#website","url":"https:\/\/bahiaeconomica.com.br\/wp\/","name":"Bahia Economica","description":"O maior portal de Economia da Bahia","publisher":{"@id":"https:\/\/bahiaeconomica.com.br\/wp\/#organization"},"potentialAction":[{"@type":"SearchAction","target":{"@type":"EntryPoint","urlTemplate":"https:\/\/bahiaeconomica.com.br\/wp\/?s={search_term_string}"},"query-input":"required name=search_term_string"}],"inLanguage":"pt-BR"},{"@type":"Organization","@id":"https:\/\/bahiaeconomica.com.br\/wp\/#organization","name":"Bahia Econ\u00f4mica","url":"https:\/\/bahiaeconomica.com.br\/wp\/","logo":{"@type":"ImageObject","inLanguage":"pt-BR","@id":"https:\/\/bahiaeconomica.com.br\/wp\/#\/schema\/logo\/image\/","url":"https:\/\/bahiaeconomica.com.br\/wp\/wp-content\/uploads\/2020\/12\/cropped-BE.png","contentUrl":"https:\/\/bahiaeconomica.com.br\/wp\/wp-content\/uploads\/2020\/12\/cropped-BE.png","width":512,"height":512,"caption":"Bahia Econ\u00f4mica"},"image":{"@id":"https:\/\/bahiaeconomica.com.br\/wp\/#\/schema\/logo\/image\/"},"sameAs":["https:\/\/www.facebook.com\/bahiaeconomica"]},{"@type":"Person","@id":"https:\/\/bahiaeconomica.com.br\/wp\/#\/schema\/person\/cb1ab5ba96ad3d9390805381c76284ec","name":"admin","url":"https:\/\/bahiaeconomica.com.br\/wp\/author\/admin\/"}]}},"views":1,"_links":{"self":[{"href":"https:\/\/bahiaeconomica.com.br\/wp\/wp-json\/wp\/v2\/posts\/536846"}],"collection":[{"href":"https:\/\/bahiaeconomica.com.br\/wp\/wp-json\/wp\/v2\/posts"}],"about":[{"href":"https:\/\/bahiaeconomica.com.br\/wp\/wp-json\/wp\/v2\/types\/post"}],"author":[{"embeddable":true,"href":"https:\/\/bahiaeconomica.com.br\/wp\/wp-json\/wp\/v2\/users\/1"}],"replies":[{"embeddable":true,"href":"https:\/\/bahiaeconomica.com.br\/wp\/wp-json\/wp\/v2\/comments?post=536846"}],"version-history":[{"count":1,"href":"https:\/\/bahiaeconomica.com.br\/wp\/wp-json\/wp\/v2\/posts\/536846\/revisions"}],"predecessor-version":[{"id":536848,"href":"https:\/\/bahiaeconomica.com.br\/wp\/wp-json\/wp\/v2\/posts\/536846\/revisions\/536848"}],"wp:featuredmedia":[{"embeddable":true,"href":"https:\/\/bahiaeconomica.com.br\/wp\/wp-json\/wp\/v2\/media\/461865"}],"wp:attachment":[{"href":"https:\/\/bahiaeconomica.com.br\/wp\/wp-json\/wp\/v2\/media?parent=536846"}],"wp:term":[{"taxonomy":"category","embeddable":true,"href":"https:\/\/bahiaeconomica.com.br\/wp\/wp-json\/wp\/v2\/categories?post=536846"},{"taxonomy":"post_tag","embeddable":true,"href":"https:\/\/bahiaeconomica.com.br\/wp\/wp-json\/wp\/v2\/tags?post=536846"}],"curies":[{"name":"wp","href":"https:\/\/api.w.org\/{rel}","templated":true}]}}