{"id":536500,"date":"2021-02-15T10:45:40","date_gmt":"2021-02-15T13:45:40","guid":{"rendered":"https:\/\/bahiaeconomica.com.br\/wp\/beta\/?p=536500"},"modified":"2021-02-15T12:48:29","modified_gmt":"2021-02-15T15:48:29","slug":"geraldo-jr-decreta-luto-de-tres-dias-na-camara-apos-morte-de-vereador","status":"publish","type":"post","link":"https:\/\/bahiaeconomica.com.br\/wp\/2021\/02\/15\/geraldo-jr-decreta-luto-de-tres-dias-na-camara-apos-morte-de-vereador\/","title":{"rendered":"GERALDO JR. DECRETA LUTO DE TR\u00caS DIAS NA C\u00c2MARA"},"content":{"rendered":"<p>Geraldo J\u00fanior (MDB), presidente da C\u00e2mara Municipal de Salvador, decretou luto de tr\u00eas dias<!--more--> e lamentou o falecimento do vereador Daniel Rios (Patriota) neste domingo (14). Ele estava internado na UTI, ap\u00f3s passar por complica\u00e7\u00f5es de uma cirurgia no p\u00e2ncreas, devido ao c\u00e2ncer.<\/p>\n<p>\u201cHoje, a C\u00e2mara perde, acima de tudo, um dos melhores seres humanos que j\u00e1 tive a oportunidade em conhecer na minha vida. Um dos pol\u00edticos mais exemplares e generosos que eu tive a honra de conviver em toda minha hist\u00f3ria pol\u00edtica. Daniel, meu amigo, meu irm\u00e3o, voc\u00ea vai ficar eternizado de cora\u00e7\u00e3o na minha mem\u00f3ria e na minha vida\u201d, diz Geraldo em nota.<\/p>\n<p>\u201cHoje, a C\u00e2mara perde, acima de tudo, um dos melhores seres humanos que j\u00e1 tive a oportunidade em conhecer na minha vida. Um dos pol\u00edticos mais exemplares e generosos que eu tive a honra de conviver em toda minha hist\u00f3ria pol\u00edtica. Daniel, meu amigo, meu irm\u00e3o, voc\u00ea vai ficar eternizado de cora\u00e7\u00e3o na minha mem\u00f3ria e na minha vida\u201d, diz.<\/p>\n<p>&nbsp;<\/p>\n<p>&nbsp;<\/p>\n<p>&nbsp;<\/p>\n<p>Foto: Rafael Martins\/ Ag. A Tarde<\/p>\n","protected":false},"excerpt":{"rendered":"<p>Geraldo J\u00fanior (MDB), presidente da C\u00e2mara Municipal de Salvador, decretou luto de tr\u00eas dias<\/p>\n","protected":false},"author":1,"featured_media":423378,"comment_status":"closed","ping_status":"closed","sticky":false,"template":"","format":"standard","meta":[],"categories":[14,3],"tags":[],"acf":[],"yoast_head":"<!-- This site is optimized with the Yoast SEO plugin v20.8 - https:\/\/yoast.com\/wordpress\/plugins\/seo\/ -->\n<title>GERALDO JR. DECRETA LUTO DE TR\u00caS DIAS NA C\u00c2MARA - Bahia Economica<\/title>\n<meta name=\"description\" content=\"O maior portal de Economia da Bahia DESTAQUE DO DIA, ECONOMIA \/ POL\u00cdTICA Bahia Economica\" \/>\n<meta name=\"robots\" content=\"index, follow, max-snippet:-1, max-image-preview:large, max-video-preview:-1\" \/>\n<link rel=\"canonical\" href=\"https:\/\/bahiaeconomica.com.br\/wp\/2021\/02\/15\/geraldo-jr-decreta-luto-de-tres-dias-na-camara-apos-morte-de-vereador\/\" \/>\n<meta property=\"og:locale\" content=\"pt_BR\" \/>\n<meta property=\"og:type\" content=\"article\" \/>\n<meta property=\"og:title\" content=\"GERALDO JR. DECRETA LUTO DE TR\u00caS DIAS NA C\u00c2MARA - Bahia Economica\" \/>\n<meta property=\"og:description\" content=\"O maior portal de Economia da Bahia DESTAQUE DO DIA, ECONOMIA \/ POL\u00cdTICA Bahia Economica\" \/>\n<meta property=\"og:url\" content=\"https:\/\/bahiaeconomica.com.br\/wp\/2021\/02\/15\/geraldo-jr-decreta-luto-de-tres-dias-na-camara-apos-morte-de-vereador\/\" \/>\n<meta property=\"og:site_name\" content=\"Bahia Economica\" \/>\n<meta property=\"article:publisher\" content=\"https:\/\/www.facebook.com\/bahiaeconomica\" \/>\n<meta property=\"article:published_time\" content=\"2021-02-15T13:45:40+00:00\" \/>\n<meta property=\"article:modified_time\" content=\"2021-02-15T15:48:29+00:00\" \/>\n<meta property=\"og:image\" content=\"https:\/\/bahiaeconomica.com.br\/wp\/wp-content\/uploads\/2019\/12\/750_geraldo-junior-simposio-mercado-do-gas-politica_2019112785047196.jpg\" \/>\n\t<meta property=\"og:image:width\" content=\"500\" \/>\n\t<meta property=\"og:image:height\" content=\"300\" \/>\n\t<meta property=\"og:image:type\" content=\"image\/jpeg\" \/>\n<meta name=\"author\" content=\"admin\" \/>\n<meta name=\"twitter:card\" content=\"summary_large_image\" \/>\n<meta name=\"twitter:label1\" content=\"Escrito por\" \/>\n\t<meta name=\"twitter:data1\" content=\"admin\" \/>\n\t<meta name=\"twitter:label2\" content=\"Est. tempo de leitura\" \/>\n\t<meta name=\"twitter:data2\" content=\"1 minuto\" \/>\n<script type=\"application\/ld+json\" class=\"yoast-schema-graph\">{\"@context\":\"https:\/\/schema.org\",\"@graph\":[{\"@type\":\"Article\",\"@id\":\"https:\/\/bahiaeconomica.com.br\/wp\/2021\/02\/15\/geraldo-jr-decreta-luto-de-tres-dias-na-camara-apos-morte-de-vereador\/#article\",\"isPartOf\":{\"@id\":\"https:\/\/bahiaeconomica.com.br\/wp\/2021\/02\/15\/geraldo-jr-decreta-luto-de-tres-dias-na-camara-apos-morte-de-vereador\/\"},\"author\":{\"name\":\"admin\",\"@id\":\"https:\/\/bahiaeconomica.com.br\/wp\/#\/schema\/person\/cb1ab5ba96ad3d9390805381c76284ec\"},\"headline\":\"GERALDO JR. DECRETA LUTO DE TR\u00caS DIAS NA C\u00c2MARA\",\"datePublished\":\"2021-02-15T13:45:40+00:00\",\"dateModified\":\"2021-02-15T15:48:29+00:00\",\"mainEntityOfPage\":{\"@id\":\"https:\/\/bahiaeconomica.com.br\/wp\/2021\/02\/15\/geraldo-jr-decreta-luto-de-tres-dias-na-camara-apos-morte-de-vereador\/\"},\"wordCount\":206,\"publisher\":{\"@id\":\"https:\/\/bahiaeconomica.com.br\/wp\/#organization\"},\"articleSection\":[\"DESTAQUE DO DIA\",\"ECONOMIA \/ POL\u00cdTICA\"],\"inLanguage\":\"pt-BR\"},{\"@type\":\"WebPage\",\"@id\":\"https:\/\/bahiaeconomica.com.br\/wp\/2021\/02\/15\/geraldo-jr-decreta-luto-de-tres-dias-na-camara-apos-morte-de-vereador\/\",\"url\":\"https:\/\/bahiaeconomica.com.br\/wp\/2021\/02\/15\/geraldo-jr-decreta-luto-de-tres-dias-na-camara-apos-morte-de-vereador\/\",\"name\":\"GERALDO JR. DECRETA LUTO DE TR\u00caS DIAS NA C\u00c2MARA - Bahia Economica\",\"isPartOf\":{\"@id\":\"https:\/\/bahiaeconomica.com.br\/wp\/#website\"},\"datePublished\":\"2021-02-15T13:45:40+00:00\",\"dateModified\":\"2021-02-15T15:48:29+00:00\",\"description\":\"O maior portal de Economia da Bahia DESTAQUE DO DIA, ECONOMIA \/ POL\u00cdTICA Bahia Economica\",\"breadcrumb\":{\"@id\":\"https:\/\/bahiaeconomica.com.br\/wp\/2021\/02\/15\/geraldo-jr-decreta-luto-de-tres-dias-na-camara-apos-morte-de-vereador\/#breadcrumb\"},\"inLanguage\":\"pt-BR\",\"potentialAction\":[{\"@type\":\"ReadAction\",\"target\":[\"https:\/\/bahiaeconomica.com.br\/wp\/2021\/02\/15\/geraldo-jr-decreta-luto-de-tres-dias-na-camara-apos-morte-de-vereador\/\"]}]},{\"@type\":\"BreadcrumbList\",\"@id\":\"https:\/\/bahiaeconomica.com.br\/wp\/2021\/02\/15\/geraldo-jr-decreta-luto-de-tres-dias-na-camara-apos-morte-de-vereador\/#breadcrumb\",\"itemListElement\":[{\"@type\":\"ListItem\",\"position\":1,\"name\":\"In\u00edcio\",\"item\":\"https:\/\/bahiaeconomica.com.br\/wp\/\"},{\"@type\":\"ListItem\",\"position\":2,\"name\":\"GERALDO JR. DECRETA LUTO DE TR\u00caS DIAS NA C\u00c2MARA\"}]},{\"@type\":\"WebSite\",\"@id\":\"https:\/\/bahiaeconomica.com.br\/wp\/#website\",\"url\":\"https:\/\/bahiaeconomica.com.br\/wp\/\",\"name\":\"Bahia Economica\",\"description\":\"O maior portal de Economia da Bahia\",\"publisher\":{\"@id\":\"https:\/\/bahiaeconomica.com.br\/wp\/#organization\"},\"potentialAction\":[{\"@type\":\"SearchAction\",\"target\":{\"@type\":\"EntryPoint\",\"urlTemplate\":\"https:\/\/bahiaeconomica.com.br\/wp\/?s={search_term_string}\"},\"query-input\":\"required name=search_term_string\"}],\"inLanguage\":\"pt-BR\"},{\"@type\":\"Organization\",\"@id\":\"https:\/\/bahiaeconomica.com.br\/wp\/#organization\",\"name\":\"Bahia Econ\u00f4mica\",\"url\":\"https:\/\/bahiaeconomica.com.br\/wp\/\",\"logo\":{\"@type\":\"ImageObject\",\"inLanguage\":\"pt-BR\",\"@id\":\"https:\/\/bahiaeconomica.com.br\/wp\/#\/schema\/logo\/image\/\",\"url\":\"https:\/\/bahiaeconomica.com.br\/wp\/wp-content\/uploads\/2020\/12\/cropped-BE.png\",\"contentUrl\":\"https:\/\/bahiaeconomica.com.br\/wp\/wp-content\/uploads\/2020\/12\/cropped-BE.png\",\"width\":512,\"height\":512,\"caption\":\"Bahia Econ\u00f4mica\"},\"image\":{\"@id\":\"https:\/\/bahiaeconomica.com.br\/wp\/#\/schema\/logo\/image\/\"},\"sameAs\":[\"https:\/\/www.facebook.com\/bahiaeconomica\"]},{\"@type\":\"Person\",\"@id\":\"https:\/\/bahiaeconomica.com.br\/wp\/#\/schema\/person\/cb1ab5ba96ad3d9390805381c76284ec\",\"name\":\"admin\",\"url\":\"https:\/\/bahiaeconomica.com.br\/wp\/author\/admin\/\"}]}<\/script>\n<!-- \/ Yoast SEO plugin. -->","yoast_head_json":{"title":"GERALDO JR. DECRETA LUTO DE TR\u00caS DIAS NA C\u00c2MARA - Bahia Economica","description":"O maior portal de Economia da Bahia DESTAQUE DO DIA, ECONOMIA \/ POL\u00cdTICA Bahia Economica","robots":{"index":"index","follow":"follow","max-snippet":"max-snippet:-1","max-image-preview":"max-image-preview:large","max-video-preview":"max-video-preview:-1"},"canonical":"https:\/\/bahiaeconomica.com.br\/wp\/2021\/02\/15\/geraldo-jr-decreta-luto-de-tres-dias-na-camara-apos-morte-de-vereador\/","og_locale":"pt_BR","og_type":"article","og_title":"GERALDO JR. DECRETA LUTO DE TR\u00caS DIAS NA C\u00c2MARA - Bahia Economica","og_description":"O maior portal de Economia da Bahia DESTAQUE DO DIA, ECONOMIA \/ POL\u00cdTICA Bahia Economica","og_url":"https:\/\/bahiaeconomica.com.br\/wp\/2021\/02\/15\/geraldo-jr-decreta-luto-de-tres-dias-na-camara-apos-morte-de-vereador\/","og_site_name":"Bahia Economica","article_publisher":"https:\/\/www.facebook.com\/bahiaeconomica","article_published_time":"2021-02-15T13:45:40+00:00","article_modified_time":"2021-02-15T15:48:29+00:00","og_image":[{"width":500,"height":300,"url":"https:\/\/bahiaeconomica.com.br\/wp\/wp-content\/uploads\/2019\/12\/750_geraldo-junior-simposio-mercado-do-gas-politica_2019112785047196.jpg","type":"image\/jpeg"}],"author":"admin","twitter_card":"summary_large_image","twitter_misc":{"Escrito por":"admin","Est. tempo de leitura":"1 minuto"},"schema":{"@context":"https:\/\/schema.org","@graph":[{"@type":"Article","@id":"https:\/\/bahiaeconomica.com.br\/wp\/2021\/02\/15\/geraldo-jr-decreta-luto-de-tres-dias-na-camara-apos-morte-de-vereador\/#article","isPartOf":{"@id":"https:\/\/bahiaeconomica.com.br\/wp\/2021\/02\/15\/geraldo-jr-decreta-luto-de-tres-dias-na-camara-apos-morte-de-vereador\/"},"author":{"name":"admin","@id":"https:\/\/bahiaeconomica.com.br\/wp\/#\/schema\/person\/cb1ab5ba96ad3d9390805381c76284ec"},"headline":"GERALDO JR. DECRETA LUTO DE TR\u00caS DIAS NA C\u00c2MARA","datePublished":"2021-02-15T13:45:40+00:00","dateModified":"2021-02-15T15:48:29+00:00","mainEntityOfPage":{"@id":"https:\/\/bahiaeconomica.com.br\/wp\/2021\/02\/15\/geraldo-jr-decreta-luto-de-tres-dias-na-camara-apos-morte-de-vereador\/"},"wordCount":206,"publisher":{"@id":"https:\/\/bahiaeconomica.com.br\/wp\/#organization"},"articleSection":["DESTAQUE DO DIA","ECONOMIA \/ POL\u00cdTICA"],"inLanguage":"pt-BR"},{"@type":"WebPage","@id":"https:\/\/bahiaeconomica.com.br\/wp\/2021\/02\/15\/geraldo-jr-decreta-luto-de-tres-dias-na-camara-apos-morte-de-vereador\/","url":"https:\/\/bahiaeconomica.com.br\/wp\/2021\/02\/15\/geraldo-jr-decreta-luto-de-tres-dias-na-camara-apos-morte-de-vereador\/","name":"GERALDO JR. DECRETA LUTO DE TR\u00caS DIAS NA C\u00c2MARA - Bahia Economica","isPartOf":{"@id":"https:\/\/bahiaeconomica.com.br\/wp\/#website"},"datePublished":"2021-02-15T13:45:40+00:00","dateModified":"2021-02-15T15:48:29+00:00","description":"O maior portal de Economia da Bahia DESTAQUE DO DIA, ECONOMIA \/ POL\u00cdTICA Bahia Economica","breadcrumb":{"@id":"https:\/\/bahiaeconomica.com.br\/wp\/2021\/02\/15\/geraldo-jr-decreta-luto-de-tres-dias-na-camara-apos-morte-de-vereador\/#breadcrumb"},"inLanguage":"pt-BR","potentialAction":[{"@type":"ReadAction","target":["https:\/\/bahiaeconomica.com.br\/wp\/2021\/02\/15\/geraldo-jr-decreta-luto-de-tres-dias-na-camara-apos-morte-de-vereador\/"]}]},{"@type":"BreadcrumbList","@id":"https:\/\/bahiaeconomica.com.br\/wp\/2021\/02\/15\/geraldo-jr-decreta-luto-de-tres-dias-na-camara-apos-morte-de-vereador\/#breadcrumb","itemListElement":[{"@type":"ListItem","position":1,"name":"In\u00edcio","item":"https:\/\/bahiaeconomica.com.br\/wp\/"},{"@type":"ListItem","position":2,"name":"GERALDO JR. DECRETA LUTO DE TR\u00caS DIAS NA C\u00c2MARA"}]},{"@type":"WebSite","@id":"https:\/\/bahiaeconomica.com.br\/wp\/#website","url":"https:\/\/bahiaeconomica.com.br\/wp\/","name":"Bahia Economica","description":"O maior portal de Economia da Bahia","publisher":{"@id":"https:\/\/bahiaeconomica.com.br\/wp\/#organization"},"potentialAction":[{"@type":"SearchAction","target":{"@type":"EntryPoint","urlTemplate":"https:\/\/bahiaeconomica.com.br\/wp\/?s={search_term_string}"},"query-input":"required name=search_term_string"}],"inLanguage":"pt-BR"},{"@type":"Organization","@id":"https:\/\/bahiaeconomica.com.br\/wp\/#organization","name":"Bahia Econ\u00f4mica","url":"https:\/\/bahiaeconomica.com.br\/wp\/","logo":{"@type":"ImageObject","inLanguage":"pt-BR","@id":"https:\/\/bahiaeconomica.com.br\/wp\/#\/schema\/logo\/image\/","url":"https:\/\/bahiaeconomica.com.br\/wp\/wp-content\/uploads\/2020\/12\/cropped-BE.png","contentUrl":"https:\/\/bahiaeconomica.com.br\/wp\/wp-content\/uploads\/2020\/12\/cropped-BE.png","width":512,"height":512,"caption":"Bahia Econ\u00f4mica"},"image":{"@id":"https:\/\/bahiaeconomica.com.br\/wp\/#\/schema\/logo\/image\/"},"sameAs":["https:\/\/www.facebook.com\/bahiaeconomica"]},{"@type":"Person","@id":"https:\/\/bahiaeconomica.com.br\/wp\/#\/schema\/person\/cb1ab5ba96ad3d9390805381c76284ec","name":"admin","url":"https:\/\/bahiaeconomica.com.br\/wp\/author\/admin\/"}]}},"views":19,"_links":{"self":[{"href":"https:\/\/bahiaeconomica.com.br\/wp\/wp-json\/wp\/v2\/posts\/536500"}],"collection":[{"href":"https:\/\/bahiaeconomica.com.br\/wp\/wp-json\/wp\/v2\/posts"}],"about":[{"href":"https:\/\/bahiaeconomica.com.br\/wp\/wp-json\/wp\/v2\/types\/post"}],"author":[{"embeddable":true,"href":"https:\/\/bahiaeconomica.com.br\/wp\/wp-json\/wp\/v2\/users\/1"}],"replies":[{"embeddable":true,"href":"https:\/\/bahiaeconomica.com.br\/wp\/wp-json\/wp\/v2\/comments?post=536500"}],"version-history":[{"count":2,"href":"https:\/\/bahiaeconomica.com.br\/wp\/wp-json\/wp\/v2\/posts\/536500\/revisions"}],"predecessor-version":[{"id":536558,"href":"https:\/\/bahiaeconomica.com.br\/wp\/wp-json\/wp\/v2\/posts\/536500\/revisions\/536558"}],"wp:featuredmedia":[{"embeddable":true,"href":"https:\/\/bahiaeconomica.com.br\/wp\/wp-json\/wp\/v2\/media\/423378"}],"wp:attachment":[{"href":"https:\/\/bahiaeconomica.com.br\/wp\/wp-json\/wp\/v2\/media?parent=536500"}],"wp:term":[{"taxonomy":"category","embeddable":true,"href":"https:\/\/bahiaeconomica.com.br\/wp\/wp-json\/wp\/v2\/categories?post=536500"},{"taxonomy":"post_tag","embeddable":true,"href":"https:\/\/bahiaeconomica.com.br\/wp\/wp-json\/wp\/v2\/tags?post=536500"}],"curies":[{"name":"wp","href":"https:\/\/api.w.org\/{rel}","templated":true}]}}