{"id":534096,"date":"2021-02-05T17:11:19","date_gmt":"2021-02-05T20:11:19","guid":{"rendered":"https:\/\/bahiaeconomica.com.br\/wp\/beta\/?p=534096"},"modified":"2021-02-05T17:11:19","modified_gmt":"2021-02-05T20:11:19","slug":"bbb-lucas-foi-quem-mais-ganhou-seguidores-do-camarote","status":"publish","type":"post","link":"https:\/\/bahiaeconomica.com.br\/wp\/2021\/02\/05\/bbb-lucas-foi-quem-mais-ganhou-seguidores-do-camarote\/","title":{"rendered":"BBB: LUCAS FOI QUEM MAIS GANHOU SEGUIDORES DO CAMAROTE"},"content":{"rendered":"<div class=\"mc-column content-text active-extra-styles \" data-block-type=\"unstyled\" data-block-weight=\"54\" data-block-id=\"2\">\n<p class=\"content-text__container \" style=\"text-align: justify;\" data-track-category=\"Link no Texto\" data-track-links=\"\">Durante o\u00a0<strong>Gshow no Encontro<\/strong>\u00a0desta sexta, 5\/2,\u00a0<strong>Tati Machado<\/strong>\u00a0apresentou \u00e0\u00a0F\u00e1tima Bernardes\u00a0e\u00a0<strong>Andr\u00e9 Curvello<\/strong>\u00a0uma tabela que mostra como andam os n\u00fameros de seguidores dos\u00a0<em>brothers\u00a0<\/em>do\u00a0BBB21. Entre os nomes do grupo\u00a0<strong>Camarote\u00a0<\/strong>que mais ganharam seguidores durante o\u00a0<em>reality<\/em>, est\u00e3o os dos atores\u00a0Lucas Penteado\u00a0e\u00a0Carla Diaz.<\/p>\n<\/div>\n<div class=\"wall protected-content\">\n<div class=\"mc-column content-text active-extra-styles \" data-block-type=\"unstyled\" data-block-weight=\"29\" data-block-id=\"3\">\n<p class=\"content-text__container \" style=\"text-align: justify;\" data-track-category=\"Link no Texto\" data-track-links=\"\">Lucas saltou de pouco mais de\u00a0<strong>100 mil<\/strong><strong><em>\u00a0<\/em><\/strong><em>followers\u00a0<\/em>para mais de\u00a0<strong>2 milh\u00f5es<\/strong>, enquanto Carla mais que dobrou o n\u00famero e j\u00e1 acumula resultados acima dos\u00a0<strong>4 milh\u00f5es<\/strong>!<\/p>\n<div class=\"mc-column content-text active-extra-styles \" data-block-type=\"unstyled\" data-block-weight=\"34\" data-block-id=\"5\">\n<p class=\"content-text__container \" style=\"text-align: justify;\" data-track-category=\"Link no Texto\" data-track-links=\"\">Enquanto isso, na galera da\u00a0<strong>Pipoca<\/strong>,\u00a0Juliette\u00a0passou de quase\u00a0<strong>4 mil seguidores<\/strong>\u00a0para quase\u00a0<strong>4 milh\u00f5es<\/strong>,\u00a0Caio\u00a0atingiu\u00a0<strong>2 milh\u00f5es<\/strong>\u00a0e\u00a0Gilberto,\u00a0Arthur\u00a0e\u00a0Sarah\u00a0j\u00e1 atingiram mais de\u00a0<strong>1 milh\u00e3o<\/strong>\u00a0por l\u00e1!<\/p>\n<\/div>\n<div class=\"content-ads content-ads--reveal\" data-block-type=\"ads\" data-block-id=\"6\">\n<div id=\"banner_materia2\" class=\"tag-manager-publicidade-container mc-has-reveal mc-has-ad-lazyload tag-manager-publicidade-banner_materia2 tag-manager-publicidade-container--carregado tag-manager-publicidade-container--visivel\" data-id=\"banner_materia2\" data-req=\"true\" data-google-query-id=\"CIz3-t7F0-4CFRUOuQYdShkLdw\" data-cid=\"138337195182\" data-lid=\"5593185040\">\n<div id=\"google_ads_iframe_\/95377733\/tvg_Gshow\/Encontro_com_Fatima_3__container__\" style=\"text-align: justify;\">Karol Conk\u00e1, por sua vez, perdeu seguidores nas plataformas, depois de pol\u00eamicas que se envolveu na primeira semana do jogo. De\u00a0<strong>1,5 milh\u00e3o<\/strong>\u00a0de seguidores, a cantora conta agora com\u00a0<strong>1,4 milh\u00e3o<\/strong>\u00a0&#8211; uma perda de, aproximadamente, 100 mil usu\u00e1rios.<\/div>\n<div><\/div>\n<div>Foto: GloboPlay<\/div>\n<\/div>\n<\/div>\n<div class=\"row medium-uncollapsed content-media content-gifv\" data-block-type=\"backstage-gif\" data-block-id=\"7\">\n<div class=\"mc-column content-media__container\"><\/div>\n<\/div>\n<\/div>\n<div class=\"row medium-uncollapsed content-media content-photo\" data-block-type=\"backstage-photo\" data-block-id=\"4\">\n<div class=\"mc-column content-media__container\"><\/div>\n<\/div>\n<\/div>\n","protected":false},"excerpt":{"rendered":"<p>Durante o\u00a0Gshow no Encontro\u00a0desta sexta, 5\/2,\u00a0Tati Machado\u00a0apresentou \u00e0\u00a0F\u00e1tima Bernardes\u00a0e\u00a0Andr\u00e9 Curvello\u00a0uma tabela que mostra como andam os n\u00fameros de seguidores dos\u00a0brothers\u00a0do\u00a0BBB21. Entre os nomes do grupo\u00a0Camarote\u00a0que mais ganharam seguidores durante o\u00a0reality, est\u00e3o os dos atores\u00a0Lucas Penteado\u00a0e\u00a0Carla Diaz. Lucas saltou de pouco mais de\u00a0100 mil\u00a0followers\u00a0para mais de\u00a02 milh\u00f5es, enquanto Carla mais que dobrou o n\u00famero e j\u00e1 [&hellip;]<\/p>\n","protected":false},"author":1,"featured_media":531047,"comment_status":"closed","ping_status":"closed","sticky":false,"template":"","format":"standard","meta":[],"categories":[4],"tags":[],"acf":[],"yoast_head":"<!-- This site is optimized with the Yoast SEO plugin v20.8 - https:\/\/yoast.com\/wordpress\/plugins\/seo\/ -->\n<title>BBB: LUCAS FOI QUEM MAIS GANHOU SEGUIDORES DO CAMAROTE - Bahia Economica<\/title>\n<meta name=\"description\" content=\"O maior portal de Economia da Bahia ENTRETENIMENTO Bahia Economica\" \/>\n<meta name=\"robots\" content=\"index, follow, max-snippet:-1, max-image-preview:large, max-video-preview:-1\" \/>\n<link rel=\"canonical\" href=\"https:\/\/bahiaeconomica.com.br\/wp\/2021\/02\/05\/bbb-lucas-foi-quem-mais-ganhou-seguidores-do-camarote\/\" \/>\n<meta property=\"og:locale\" content=\"pt_BR\" \/>\n<meta property=\"og:type\" content=\"article\" \/>\n<meta property=\"og:title\" content=\"BBB: LUCAS FOI QUEM MAIS GANHOU SEGUIDORES DO CAMAROTE - Bahia Economica\" \/>\n<meta property=\"og:description\" content=\"O maior portal de Economia da Bahia ENTRETENIMENTO Bahia Economica\" \/>\n<meta property=\"og:url\" content=\"https:\/\/bahiaeconomica.com.br\/wp\/2021\/02\/05\/bbb-lucas-foi-quem-mais-ganhou-seguidores-do-camarote\/\" \/>\n<meta property=\"og:site_name\" content=\"Bahia Economica\" \/>\n<meta property=\"article:publisher\" content=\"https:\/\/www.facebook.com\/bahiaeconomica\" \/>\n<meta property=\"article:published_time\" content=\"2021-02-05T20:11:19+00:00\" \/>\n<meta property=\"og:image\" content=\"https:\/\/bahiaeconomica.com.br\/wp\/wp-content\/uploads\/2021\/01\/lucas-penteado-globoplay.png\" \/>\n\t<meta property=\"og:image:width\" content=\"408\" \/>\n\t<meta property=\"og:image:height\" content=\"327\" \/>\n\t<meta property=\"og:image:type\" content=\"image\/png\" \/>\n<meta name=\"author\" content=\"admin\" \/>\n<meta name=\"twitter:card\" content=\"summary_large_image\" \/>\n<meta name=\"twitter:label1\" content=\"Escrito por\" \/>\n\t<meta name=\"twitter:data1\" content=\"admin\" \/>\n\t<meta name=\"twitter:label2\" content=\"Est. tempo de leitura\" \/>\n\t<meta name=\"twitter:data2\" content=\"1 minuto\" \/>\n<script type=\"application\/ld+json\" class=\"yoast-schema-graph\">{\"@context\":\"https:\/\/schema.org\",\"@graph\":[{\"@type\":\"Article\",\"@id\":\"https:\/\/bahiaeconomica.com.br\/wp\/2021\/02\/05\/bbb-lucas-foi-quem-mais-ganhou-seguidores-do-camarote\/#article\",\"isPartOf\":{\"@id\":\"https:\/\/bahiaeconomica.com.br\/wp\/2021\/02\/05\/bbb-lucas-foi-quem-mais-ganhou-seguidores-do-camarote\/\"},\"author\":{\"name\":\"admin\",\"@id\":\"https:\/\/bahiaeconomica.com.br\/wp\/#\/schema\/person\/cb1ab5ba96ad3d9390805381c76284ec\"},\"headline\":\"BBB: LUCAS FOI QUEM MAIS GANHOU SEGUIDORES DO CAMAROTE\",\"datePublished\":\"2021-02-05T20:11:19+00:00\",\"dateModified\":\"2021-02-05T20:11:19+00:00\",\"mainEntityOfPage\":{\"@id\":\"https:\/\/bahiaeconomica.com.br\/wp\/2021\/02\/05\/bbb-lucas-foi-quem-mais-ganhou-seguidores-do-camarote\/\"},\"wordCount\":168,\"publisher\":{\"@id\":\"https:\/\/bahiaeconomica.com.br\/wp\/#organization\"},\"articleSection\":[\"ENTRETENIMENTO\"],\"inLanguage\":\"pt-BR\"},{\"@type\":\"WebPage\",\"@id\":\"https:\/\/bahiaeconomica.com.br\/wp\/2021\/02\/05\/bbb-lucas-foi-quem-mais-ganhou-seguidores-do-camarote\/\",\"url\":\"https:\/\/bahiaeconomica.com.br\/wp\/2021\/02\/05\/bbb-lucas-foi-quem-mais-ganhou-seguidores-do-camarote\/\",\"name\":\"BBB: LUCAS FOI QUEM MAIS GANHOU SEGUIDORES DO CAMAROTE - Bahia Economica\",\"isPartOf\":{\"@id\":\"https:\/\/bahiaeconomica.com.br\/wp\/#website\"},\"datePublished\":\"2021-02-05T20:11:19+00:00\",\"dateModified\":\"2021-02-05T20:11:19+00:00\",\"description\":\"O maior portal de Economia da Bahia ENTRETENIMENTO Bahia Economica\",\"breadcrumb\":{\"@id\":\"https:\/\/bahiaeconomica.com.br\/wp\/2021\/02\/05\/bbb-lucas-foi-quem-mais-ganhou-seguidores-do-camarote\/#breadcrumb\"},\"inLanguage\":\"pt-BR\",\"potentialAction\":[{\"@type\":\"ReadAction\",\"target\":[\"https:\/\/bahiaeconomica.com.br\/wp\/2021\/02\/05\/bbb-lucas-foi-quem-mais-ganhou-seguidores-do-camarote\/\"]}]},{\"@type\":\"BreadcrumbList\",\"@id\":\"https:\/\/bahiaeconomica.com.br\/wp\/2021\/02\/05\/bbb-lucas-foi-quem-mais-ganhou-seguidores-do-camarote\/#breadcrumb\",\"itemListElement\":[{\"@type\":\"ListItem\",\"position\":1,\"name\":\"In\u00edcio\",\"item\":\"https:\/\/bahiaeconomica.com.br\/wp\/\"},{\"@type\":\"ListItem\",\"position\":2,\"name\":\"BBB: LUCAS FOI QUEM MAIS GANHOU SEGUIDORES DO CAMAROTE\"}]},{\"@type\":\"WebSite\",\"@id\":\"https:\/\/bahiaeconomica.com.br\/wp\/#website\",\"url\":\"https:\/\/bahiaeconomica.com.br\/wp\/\",\"name\":\"Bahia Economica\",\"description\":\"O maior portal de Economia da Bahia\",\"publisher\":{\"@id\":\"https:\/\/bahiaeconomica.com.br\/wp\/#organization\"},\"potentialAction\":[{\"@type\":\"SearchAction\",\"target\":{\"@type\":\"EntryPoint\",\"urlTemplate\":\"https:\/\/bahiaeconomica.com.br\/wp\/?s={search_term_string}\"},\"query-input\":\"required name=search_term_string\"}],\"inLanguage\":\"pt-BR\"},{\"@type\":\"Organization\",\"@id\":\"https:\/\/bahiaeconomica.com.br\/wp\/#organization\",\"name\":\"Bahia Econ\u00f4mica\",\"url\":\"https:\/\/bahiaeconomica.com.br\/wp\/\",\"logo\":{\"@type\":\"ImageObject\",\"inLanguage\":\"pt-BR\",\"@id\":\"https:\/\/bahiaeconomica.com.br\/wp\/#\/schema\/logo\/image\/\",\"url\":\"https:\/\/bahiaeconomica.com.br\/wp\/wp-content\/uploads\/2020\/12\/cropped-BE.png\",\"contentUrl\":\"https:\/\/bahiaeconomica.com.br\/wp\/wp-content\/uploads\/2020\/12\/cropped-BE.png\",\"width\":512,\"height\":512,\"caption\":\"Bahia Econ\u00f4mica\"},\"image\":{\"@id\":\"https:\/\/bahiaeconomica.com.br\/wp\/#\/schema\/logo\/image\/\"},\"sameAs\":[\"https:\/\/www.facebook.com\/bahiaeconomica\"]},{\"@type\":\"Person\",\"@id\":\"https:\/\/bahiaeconomica.com.br\/wp\/#\/schema\/person\/cb1ab5ba96ad3d9390805381c76284ec\",\"name\":\"admin\",\"url\":\"https:\/\/bahiaeconomica.com.br\/wp\/author\/admin\/\"}]}<\/script>\n<!-- \/ Yoast SEO plugin. -->","yoast_head_json":{"title":"BBB: LUCAS FOI QUEM MAIS GANHOU SEGUIDORES DO CAMAROTE - Bahia Economica","description":"O maior portal de Economia da Bahia ENTRETENIMENTO Bahia Economica","robots":{"index":"index","follow":"follow","max-snippet":"max-snippet:-1","max-image-preview":"max-image-preview:large","max-video-preview":"max-video-preview:-1"},"canonical":"https:\/\/bahiaeconomica.com.br\/wp\/2021\/02\/05\/bbb-lucas-foi-quem-mais-ganhou-seguidores-do-camarote\/","og_locale":"pt_BR","og_type":"article","og_title":"BBB: LUCAS FOI QUEM MAIS GANHOU SEGUIDORES DO CAMAROTE - Bahia Economica","og_description":"O maior portal de Economia da Bahia ENTRETENIMENTO Bahia Economica","og_url":"https:\/\/bahiaeconomica.com.br\/wp\/2021\/02\/05\/bbb-lucas-foi-quem-mais-ganhou-seguidores-do-camarote\/","og_site_name":"Bahia Economica","article_publisher":"https:\/\/www.facebook.com\/bahiaeconomica","article_published_time":"2021-02-05T20:11:19+00:00","og_image":[{"width":408,"height":327,"url":"https:\/\/bahiaeconomica.com.br\/wp\/wp-content\/uploads\/2021\/01\/lucas-penteado-globoplay.png","type":"image\/png"}],"author":"admin","twitter_card":"summary_large_image","twitter_misc":{"Escrito por":"admin","Est. tempo de leitura":"1 minuto"},"schema":{"@context":"https:\/\/schema.org","@graph":[{"@type":"Article","@id":"https:\/\/bahiaeconomica.com.br\/wp\/2021\/02\/05\/bbb-lucas-foi-quem-mais-ganhou-seguidores-do-camarote\/#article","isPartOf":{"@id":"https:\/\/bahiaeconomica.com.br\/wp\/2021\/02\/05\/bbb-lucas-foi-quem-mais-ganhou-seguidores-do-camarote\/"},"author":{"name":"admin","@id":"https:\/\/bahiaeconomica.com.br\/wp\/#\/schema\/person\/cb1ab5ba96ad3d9390805381c76284ec"},"headline":"BBB: LUCAS FOI QUEM MAIS GANHOU SEGUIDORES DO CAMAROTE","datePublished":"2021-02-05T20:11:19+00:00","dateModified":"2021-02-05T20:11:19+00:00","mainEntityOfPage":{"@id":"https:\/\/bahiaeconomica.com.br\/wp\/2021\/02\/05\/bbb-lucas-foi-quem-mais-ganhou-seguidores-do-camarote\/"},"wordCount":168,"publisher":{"@id":"https:\/\/bahiaeconomica.com.br\/wp\/#organization"},"articleSection":["ENTRETENIMENTO"],"inLanguage":"pt-BR"},{"@type":"WebPage","@id":"https:\/\/bahiaeconomica.com.br\/wp\/2021\/02\/05\/bbb-lucas-foi-quem-mais-ganhou-seguidores-do-camarote\/","url":"https:\/\/bahiaeconomica.com.br\/wp\/2021\/02\/05\/bbb-lucas-foi-quem-mais-ganhou-seguidores-do-camarote\/","name":"BBB: LUCAS FOI QUEM MAIS GANHOU SEGUIDORES DO CAMAROTE - Bahia Economica","isPartOf":{"@id":"https:\/\/bahiaeconomica.com.br\/wp\/#website"},"datePublished":"2021-02-05T20:11:19+00:00","dateModified":"2021-02-05T20:11:19+00:00","description":"O maior portal de Economia da Bahia ENTRETENIMENTO Bahia Economica","breadcrumb":{"@id":"https:\/\/bahiaeconomica.com.br\/wp\/2021\/02\/05\/bbb-lucas-foi-quem-mais-ganhou-seguidores-do-camarote\/#breadcrumb"},"inLanguage":"pt-BR","potentialAction":[{"@type":"ReadAction","target":["https:\/\/bahiaeconomica.com.br\/wp\/2021\/02\/05\/bbb-lucas-foi-quem-mais-ganhou-seguidores-do-camarote\/"]}]},{"@type":"BreadcrumbList","@id":"https:\/\/bahiaeconomica.com.br\/wp\/2021\/02\/05\/bbb-lucas-foi-quem-mais-ganhou-seguidores-do-camarote\/#breadcrumb","itemListElement":[{"@type":"ListItem","position":1,"name":"In\u00edcio","item":"https:\/\/bahiaeconomica.com.br\/wp\/"},{"@type":"ListItem","position":2,"name":"BBB: LUCAS FOI QUEM MAIS GANHOU SEGUIDORES DO CAMAROTE"}]},{"@type":"WebSite","@id":"https:\/\/bahiaeconomica.com.br\/wp\/#website","url":"https:\/\/bahiaeconomica.com.br\/wp\/","name":"Bahia Economica","description":"O maior portal de Economia da Bahia","publisher":{"@id":"https:\/\/bahiaeconomica.com.br\/wp\/#organization"},"potentialAction":[{"@type":"SearchAction","target":{"@type":"EntryPoint","urlTemplate":"https:\/\/bahiaeconomica.com.br\/wp\/?s={search_term_string}"},"query-input":"required name=search_term_string"}],"inLanguage":"pt-BR"},{"@type":"Organization","@id":"https:\/\/bahiaeconomica.com.br\/wp\/#organization","name":"Bahia Econ\u00f4mica","url":"https:\/\/bahiaeconomica.com.br\/wp\/","logo":{"@type":"ImageObject","inLanguage":"pt-BR","@id":"https:\/\/bahiaeconomica.com.br\/wp\/#\/schema\/logo\/image\/","url":"https:\/\/bahiaeconomica.com.br\/wp\/wp-content\/uploads\/2020\/12\/cropped-BE.png","contentUrl":"https:\/\/bahiaeconomica.com.br\/wp\/wp-content\/uploads\/2020\/12\/cropped-BE.png","width":512,"height":512,"caption":"Bahia Econ\u00f4mica"},"image":{"@id":"https:\/\/bahiaeconomica.com.br\/wp\/#\/schema\/logo\/image\/"},"sameAs":["https:\/\/www.facebook.com\/bahiaeconomica"]},{"@type":"Person","@id":"https:\/\/bahiaeconomica.com.br\/wp\/#\/schema\/person\/cb1ab5ba96ad3d9390805381c76284ec","name":"admin","url":"https:\/\/bahiaeconomica.com.br\/wp\/author\/admin\/"}]}},"views":3,"_links":{"self":[{"href":"https:\/\/bahiaeconomica.com.br\/wp\/wp-json\/wp\/v2\/posts\/534096"}],"collection":[{"href":"https:\/\/bahiaeconomica.com.br\/wp\/wp-json\/wp\/v2\/posts"}],"about":[{"href":"https:\/\/bahiaeconomica.com.br\/wp\/wp-json\/wp\/v2\/types\/post"}],"author":[{"embeddable":true,"href":"https:\/\/bahiaeconomica.com.br\/wp\/wp-json\/wp\/v2\/users\/1"}],"replies":[{"embeddable":true,"href":"https:\/\/bahiaeconomica.com.br\/wp\/wp-json\/wp\/v2\/comments?post=534096"}],"version-history":[{"count":1,"href":"https:\/\/bahiaeconomica.com.br\/wp\/wp-json\/wp\/v2\/posts\/534096\/revisions"}],"predecessor-version":[{"id":534098,"href":"https:\/\/bahiaeconomica.com.br\/wp\/wp-json\/wp\/v2\/posts\/534096\/revisions\/534098"}],"wp:featuredmedia":[{"embeddable":true,"href":"https:\/\/bahiaeconomica.com.br\/wp\/wp-json\/wp\/v2\/media\/531047"}],"wp:attachment":[{"href":"https:\/\/bahiaeconomica.com.br\/wp\/wp-json\/wp\/v2\/media?parent=534096"}],"wp:term":[{"taxonomy":"category","embeddable":true,"href":"https:\/\/bahiaeconomica.com.br\/wp\/wp-json\/wp\/v2\/categories?post=534096"},{"taxonomy":"post_tag","embeddable":true,"href":"https:\/\/bahiaeconomica.com.br\/wp\/wp-json\/wp\/v2\/tags?post=534096"}],"curies":[{"name":"wp","href":"https:\/\/api.w.org\/{rel}","templated":true}]}}