{"id":533898,"date":"2021-02-05T08:32:02","date_gmt":"2021-02-05T11:32:02","guid":{"rendered":"https:\/\/bahiaeconomica.com.br\/wp\/beta\/?p=533898"},"modified":"2021-02-05T08:32:34","modified_gmt":"2021-02-05T11:32:34","slug":"em-10-mil-vacinados-contra-covid-19-no-brasil-5-tem-reacoes","status":"publish","type":"post","link":"https:\/\/bahiaeconomica.com.br\/wp\/2021\/02\/05\/em-10-mil-vacinados-contra-covid-19-no-brasil-5-tem-reacoes\/","title":{"rendered":"A CADA 10 MIL VACINADOS CONTRA COVID-19 NO BRASIL, 5 T\u00caM REA\u00c7\u00d5ES"},"content":{"rendered":"<p>Quando j\u00e1 contabilizava mais de dois milh\u00f5es de pessoas vacinadas contra a Covid-19, o Minist\u00e9rio da Sa\u00fade havia recebido 1.038 comunica\u00e7\u00f5es de eventos adversos<!--more--> por pessoas que j\u00e1 foram imunizadas. Desses casos, apenas 20 foram considerados graves, mas sua rela\u00e7\u00e3o com as vacinas ainda precisa ser confirmada. Os dados s\u00e3o da \u00faltima ter\u00e7a-feira, data da mais recente atualiza\u00e7\u00e3o da pasta.<\/p>\n<p>De acordo com o cons\u00f3rcio de ve\u00edculos de imprensa, o total de vacinados nesta quinta j\u00e1 ultrapassava 3 milh\u00f5es de pessoas no Brasil.<\/p>\n<p>Especialistas afirmam que os n\u00fameros baixos de queixas refor\u00e7am o perfil de seguran\u00e7a das vacinas, notadamente a CoronaVac, utilizada em mais de 90% das imuniza\u00e7\u00f5es at\u00e9 o momento. O outro imunizante adotado no pa\u00eds \u00e9 o da AstraZeneca\/Oxford.<\/p>\n<p>Apenas 5 a cada 10 mil vacinados relataram algum efeito colateral ap\u00f3s tomarem a vacina, ou 0,05%. De acordo com o Minist\u00e9rio da Sa\u00fade, os sintomas mais comuns foram cefaleia (dor de cabe\u00e7a), febre, mialgia (dor muscular), diarreia, n\u00e1usea e dor localizada. Houve a comunica\u00e7\u00e3o de um evento adverso grave apenas a cada 100 mil aplica\u00e7\u00f5es da vacina. Esses casos, entretanto, n\u00e3o necessariamente est\u00e3o associados \u00e0 vacina: sabe-se apenas que eles ocorreram ap\u00f3s a aplica\u00e7\u00e3o da primeira dose. (O Globo)<\/p>\n<p>&nbsp;<\/p>\n<p>Foto: Betto Jr\/Secom<\/p>\n","protected":false},"excerpt":{"rendered":"<p>Quando j\u00e1 contabilizava mais de dois milh\u00f5es de pessoas vacinadas contra a Covid-19, o Minist\u00e9rio da Sa\u00fade havia recebido 1.038 comunica\u00e7\u00f5es de eventos adversos<\/p>\n","protected":false},"author":1,"featured_media":533000,"comment_status":"closed","ping_status":"closed","sticky":false,"template":"","format":"standard","meta":[],"categories":[14,3],"tags":[],"acf":[],"yoast_head":"<!-- This site is optimized with the Yoast SEO plugin v20.8 - https:\/\/yoast.com\/wordpress\/plugins\/seo\/ -->\n<title>A CADA 10 MIL VACINADOS CONTRA COVID-19 NO BRASIL, 5 T\u00caM REA\u00c7\u00d5ES - Bahia Economica<\/title>\n<meta name=\"description\" content=\"O maior portal de Economia da Bahia DESTAQUE DO DIA, ECONOMIA \/ POL\u00cdTICA Bahia Economica\" \/>\n<meta name=\"robots\" content=\"index, follow, max-snippet:-1, max-image-preview:large, max-video-preview:-1\" \/>\n<link rel=\"canonical\" href=\"https:\/\/bahiaeconomica.com.br\/wp\/2021\/02\/05\/em-10-mil-vacinados-contra-covid-19-no-brasil-5-tem-reacoes\/\" \/>\n<meta property=\"og:locale\" content=\"pt_BR\" \/>\n<meta property=\"og:type\" content=\"article\" \/>\n<meta property=\"og:title\" content=\"A CADA 10 MIL VACINADOS CONTRA COVID-19 NO BRASIL, 5 T\u00caM REA\u00c7\u00d5ES - Bahia Economica\" \/>\n<meta property=\"og:description\" content=\"O maior portal de Economia da Bahia DESTAQUE DO DIA, ECONOMIA \/ POL\u00cdTICA Bahia Economica\" \/>\n<meta property=\"og:url\" content=\"https:\/\/bahiaeconomica.com.br\/wp\/2021\/02\/05\/em-10-mil-vacinados-contra-covid-19-no-brasil-5-tem-reacoes\/\" \/>\n<meta property=\"og:site_name\" content=\"Bahia Economica\" \/>\n<meta property=\"article:publisher\" content=\"https:\/\/www.facebook.com\/bahiaeconomica\" \/>\n<meta property=\"article:published_time\" content=\"2021-02-05T11:32:02+00:00\" \/>\n<meta property=\"article:modified_time\" content=\"2021-02-05T11:32:34+00:00\" \/>\n<meta property=\"og:image\" content=\"https:\/\/bahiaeconomica.com.br\/wp\/wp-content\/uploads\/2021\/02\/2021-01-30_Vacinao-5-Centro_Foto_Betto-Jr-2-500.jpg\" \/>\n\t<meta property=\"og:image:width\" content=\"500\" \/>\n\t<meta property=\"og:image:height\" content=\"300\" \/>\n\t<meta property=\"og:image:type\" content=\"image\/jpeg\" \/>\n<meta name=\"author\" content=\"admin\" \/>\n<meta name=\"twitter:card\" content=\"summary_large_image\" \/>\n<meta name=\"twitter:label1\" content=\"Escrito por\" \/>\n\t<meta name=\"twitter:data1\" content=\"admin\" \/>\n\t<meta name=\"twitter:label2\" content=\"Est. tempo de leitura\" \/>\n\t<meta name=\"twitter:data2\" content=\"1 minuto\" \/>\n<script type=\"application\/ld+json\" class=\"yoast-schema-graph\">{\"@context\":\"https:\/\/schema.org\",\"@graph\":[{\"@type\":\"Article\",\"@id\":\"https:\/\/bahiaeconomica.com.br\/wp\/2021\/02\/05\/em-10-mil-vacinados-contra-covid-19-no-brasil-5-tem-reacoes\/#article\",\"isPartOf\":{\"@id\":\"https:\/\/bahiaeconomica.com.br\/wp\/2021\/02\/05\/em-10-mil-vacinados-contra-covid-19-no-brasil-5-tem-reacoes\/\"},\"author\":{\"name\":\"admin\",\"@id\":\"https:\/\/bahiaeconomica.com.br\/wp\/#\/schema\/person\/cb1ab5ba96ad3d9390805381c76284ec\"},\"headline\":\"A CADA 10 MIL VACINADOS CONTRA COVID-19 NO BRASIL, 5 T\u00caM REA\u00c7\u00d5ES\",\"datePublished\":\"2021-02-05T11:32:02+00:00\",\"dateModified\":\"2021-02-05T11:32:34+00:00\",\"mainEntityOfPage\":{\"@id\":\"https:\/\/bahiaeconomica.com.br\/wp\/2021\/02\/05\/em-10-mil-vacinados-contra-covid-19-no-brasil-5-tem-reacoes\/\"},\"wordCount\":236,\"publisher\":{\"@id\":\"https:\/\/bahiaeconomica.com.br\/wp\/#organization\"},\"articleSection\":[\"DESTAQUE DO DIA\",\"ECONOMIA \/ POL\u00cdTICA\"],\"inLanguage\":\"pt-BR\"},{\"@type\":\"WebPage\",\"@id\":\"https:\/\/bahiaeconomica.com.br\/wp\/2021\/02\/05\/em-10-mil-vacinados-contra-covid-19-no-brasil-5-tem-reacoes\/\",\"url\":\"https:\/\/bahiaeconomica.com.br\/wp\/2021\/02\/05\/em-10-mil-vacinados-contra-covid-19-no-brasil-5-tem-reacoes\/\",\"name\":\"A CADA 10 MIL VACINADOS CONTRA COVID-19 NO BRASIL, 5 T\u00caM REA\u00c7\u00d5ES - Bahia Economica\",\"isPartOf\":{\"@id\":\"https:\/\/bahiaeconomica.com.br\/wp\/#website\"},\"datePublished\":\"2021-02-05T11:32:02+00:00\",\"dateModified\":\"2021-02-05T11:32:34+00:00\",\"description\":\"O maior portal de Economia da Bahia DESTAQUE DO DIA, ECONOMIA \/ POL\u00cdTICA Bahia Economica\",\"breadcrumb\":{\"@id\":\"https:\/\/bahiaeconomica.com.br\/wp\/2021\/02\/05\/em-10-mil-vacinados-contra-covid-19-no-brasil-5-tem-reacoes\/#breadcrumb\"},\"inLanguage\":\"pt-BR\",\"potentialAction\":[{\"@type\":\"ReadAction\",\"target\":[\"https:\/\/bahiaeconomica.com.br\/wp\/2021\/02\/05\/em-10-mil-vacinados-contra-covid-19-no-brasil-5-tem-reacoes\/\"]}]},{\"@type\":\"BreadcrumbList\",\"@id\":\"https:\/\/bahiaeconomica.com.br\/wp\/2021\/02\/05\/em-10-mil-vacinados-contra-covid-19-no-brasil-5-tem-reacoes\/#breadcrumb\",\"itemListElement\":[{\"@type\":\"ListItem\",\"position\":1,\"name\":\"In\u00edcio\",\"item\":\"https:\/\/bahiaeconomica.com.br\/wp\/\"},{\"@type\":\"ListItem\",\"position\":2,\"name\":\"A CADA 10 MIL VACINADOS CONTRA COVID-19 NO BRASIL, 5 T\u00caM REA\u00c7\u00d5ES\"}]},{\"@type\":\"WebSite\",\"@id\":\"https:\/\/bahiaeconomica.com.br\/wp\/#website\",\"url\":\"https:\/\/bahiaeconomica.com.br\/wp\/\",\"name\":\"Bahia Economica\",\"description\":\"O maior portal de Economia da Bahia\",\"publisher\":{\"@id\":\"https:\/\/bahiaeconomica.com.br\/wp\/#organization\"},\"potentialAction\":[{\"@type\":\"SearchAction\",\"target\":{\"@type\":\"EntryPoint\",\"urlTemplate\":\"https:\/\/bahiaeconomica.com.br\/wp\/?s={search_term_string}\"},\"query-input\":\"required name=search_term_string\"}],\"inLanguage\":\"pt-BR\"},{\"@type\":\"Organization\",\"@id\":\"https:\/\/bahiaeconomica.com.br\/wp\/#organization\",\"name\":\"Bahia Econ\u00f4mica\",\"url\":\"https:\/\/bahiaeconomica.com.br\/wp\/\",\"logo\":{\"@type\":\"ImageObject\",\"inLanguage\":\"pt-BR\",\"@id\":\"https:\/\/bahiaeconomica.com.br\/wp\/#\/schema\/logo\/image\/\",\"url\":\"https:\/\/bahiaeconomica.com.br\/wp\/wp-content\/uploads\/2020\/12\/cropped-BE.png\",\"contentUrl\":\"https:\/\/bahiaeconomica.com.br\/wp\/wp-content\/uploads\/2020\/12\/cropped-BE.png\",\"width\":512,\"height\":512,\"caption\":\"Bahia Econ\u00f4mica\"},\"image\":{\"@id\":\"https:\/\/bahiaeconomica.com.br\/wp\/#\/schema\/logo\/image\/\"},\"sameAs\":[\"https:\/\/www.facebook.com\/bahiaeconomica\"]},{\"@type\":\"Person\",\"@id\":\"https:\/\/bahiaeconomica.com.br\/wp\/#\/schema\/person\/cb1ab5ba96ad3d9390805381c76284ec\",\"name\":\"admin\",\"url\":\"https:\/\/bahiaeconomica.com.br\/wp\/author\/admin\/\"}]}<\/script>\n<!-- \/ Yoast SEO plugin. -->","yoast_head_json":{"title":"A CADA 10 MIL VACINADOS CONTRA COVID-19 NO BRASIL, 5 T\u00caM REA\u00c7\u00d5ES - Bahia Economica","description":"O maior portal de Economia da Bahia DESTAQUE DO DIA, ECONOMIA \/ POL\u00cdTICA Bahia Economica","robots":{"index":"index","follow":"follow","max-snippet":"max-snippet:-1","max-image-preview":"max-image-preview:large","max-video-preview":"max-video-preview:-1"},"canonical":"https:\/\/bahiaeconomica.com.br\/wp\/2021\/02\/05\/em-10-mil-vacinados-contra-covid-19-no-brasil-5-tem-reacoes\/","og_locale":"pt_BR","og_type":"article","og_title":"A CADA 10 MIL VACINADOS CONTRA COVID-19 NO BRASIL, 5 T\u00caM REA\u00c7\u00d5ES - Bahia Economica","og_description":"O maior portal de Economia da Bahia DESTAQUE DO DIA, ECONOMIA \/ POL\u00cdTICA Bahia Economica","og_url":"https:\/\/bahiaeconomica.com.br\/wp\/2021\/02\/05\/em-10-mil-vacinados-contra-covid-19-no-brasil-5-tem-reacoes\/","og_site_name":"Bahia Economica","article_publisher":"https:\/\/www.facebook.com\/bahiaeconomica","article_published_time":"2021-02-05T11:32:02+00:00","article_modified_time":"2021-02-05T11:32:34+00:00","og_image":[{"width":500,"height":300,"url":"https:\/\/bahiaeconomica.com.br\/wp\/wp-content\/uploads\/2021\/02\/2021-01-30_Vacinao-5-Centro_Foto_Betto-Jr-2-500.jpg","type":"image\/jpeg"}],"author":"admin","twitter_card":"summary_large_image","twitter_misc":{"Escrito por":"admin","Est. tempo de leitura":"1 minuto"},"schema":{"@context":"https:\/\/schema.org","@graph":[{"@type":"Article","@id":"https:\/\/bahiaeconomica.com.br\/wp\/2021\/02\/05\/em-10-mil-vacinados-contra-covid-19-no-brasil-5-tem-reacoes\/#article","isPartOf":{"@id":"https:\/\/bahiaeconomica.com.br\/wp\/2021\/02\/05\/em-10-mil-vacinados-contra-covid-19-no-brasil-5-tem-reacoes\/"},"author":{"name":"admin","@id":"https:\/\/bahiaeconomica.com.br\/wp\/#\/schema\/person\/cb1ab5ba96ad3d9390805381c76284ec"},"headline":"A CADA 10 MIL VACINADOS CONTRA COVID-19 NO BRASIL, 5 T\u00caM REA\u00c7\u00d5ES","datePublished":"2021-02-05T11:32:02+00:00","dateModified":"2021-02-05T11:32:34+00:00","mainEntityOfPage":{"@id":"https:\/\/bahiaeconomica.com.br\/wp\/2021\/02\/05\/em-10-mil-vacinados-contra-covid-19-no-brasil-5-tem-reacoes\/"},"wordCount":236,"publisher":{"@id":"https:\/\/bahiaeconomica.com.br\/wp\/#organization"},"articleSection":["DESTAQUE DO DIA","ECONOMIA \/ POL\u00cdTICA"],"inLanguage":"pt-BR"},{"@type":"WebPage","@id":"https:\/\/bahiaeconomica.com.br\/wp\/2021\/02\/05\/em-10-mil-vacinados-contra-covid-19-no-brasil-5-tem-reacoes\/","url":"https:\/\/bahiaeconomica.com.br\/wp\/2021\/02\/05\/em-10-mil-vacinados-contra-covid-19-no-brasil-5-tem-reacoes\/","name":"A CADA 10 MIL VACINADOS CONTRA COVID-19 NO BRASIL, 5 T\u00caM REA\u00c7\u00d5ES - Bahia Economica","isPartOf":{"@id":"https:\/\/bahiaeconomica.com.br\/wp\/#website"},"datePublished":"2021-02-05T11:32:02+00:00","dateModified":"2021-02-05T11:32:34+00:00","description":"O maior portal de Economia da Bahia DESTAQUE DO DIA, ECONOMIA \/ POL\u00cdTICA Bahia Economica","breadcrumb":{"@id":"https:\/\/bahiaeconomica.com.br\/wp\/2021\/02\/05\/em-10-mil-vacinados-contra-covid-19-no-brasil-5-tem-reacoes\/#breadcrumb"},"inLanguage":"pt-BR","potentialAction":[{"@type":"ReadAction","target":["https:\/\/bahiaeconomica.com.br\/wp\/2021\/02\/05\/em-10-mil-vacinados-contra-covid-19-no-brasil-5-tem-reacoes\/"]}]},{"@type":"BreadcrumbList","@id":"https:\/\/bahiaeconomica.com.br\/wp\/2021\/02\/05\/em-10-mil-vacinados-contra-covid-19-no-brasil-5-tem-reacoes\/#breadcrumb","itemListElement":[{"@type":"ListItem","position":1,"name":"In\u00edcio","item":"https:\/\/bahiaeconomica.com.br\/wp\/"},{"@type":"ListItem","position":2,"name":"A CADA 10 MIL VACINADOS CONTRA COVID-19 NO BRASIL, 5 T\u00caM REA\u00c7\u00d5ES"}]},{"@type":"WebSite","@id":"https:\/\/bahiaeconomica.com.br\/wp\/#website","url":"https:\/\/bahiaeconomica.com.br\/wp\/","name":"Bahia Economica","description":"O maior portal de Economia da Bahia","publisher":{"@id":"https:\/\/bahiaeconomica.com.br\/wp\/#organization"},"potentialAction":[{"@type":"SearchAction","target":{"@type":"EntryPoint","urlTemplate":"https:\/\/bahiaeconomica.com.br\/wp\/?s={search_term_string}"},"query-input":"required name=search_term_string"}],"inLanguage":"pt-BR"},{"@type":"Organization","@id":"https:\/\/bahiaeconomica.com.br\/wp\/#organization","name":"Bahia Econ\u00f4mica","url":"https:\/\/bahiaeconomica.com.br\/wp\/","logo":{"@type":"ImageObject","inLanguage":"pt-BR","@id":"https:\/\/bahiaeconomica.com.br\/wp\/#\/schema\/logo\/image\/","url":"https:\/\/bahiaeconomica.com.br\/wp\/wp-content\/uploads\/2020\/12\/cropped-BE.png","contentUrl":"https:\/\/bahiaeconomica.com.br\/wp\/wp-content\/uploads\/2020\/12\/cropped-BE.png","width":512,"height":512,"caption":"Bahia Econ\u00f4mica"},"image":{"@id":"https:\/\/bahiaeconomica.com.br\/wp\/#\/schema\/logo\/image\/"},"sameAs":["https:\/\/www.facebook.com\/bahiaeconomica"]},{"@type":"Person","@id":"https:\/\/bahiaeconomica.com.br\/wp\/#\/schema\/person\/cb1ab5ba96ad3d9390805381c76284ec","name":"admin","url":"https:\/\/bahiaeconomica.com.br\/wp\/author\/admin\/"}]}},"views":1,"_links":{"self":[{"href":"https:\/\/bahiaeconomica.com.br\/wp\/wp-json\/wp\/v2\/posts\/533898"}],"collection":[{"href":"https:\/\/bahiaeconomica.com.br\/wp\/wp-json\/wp\/v2\/posts"}],"about":[{"href":"https:\/\/bahiaeconomica.com.br\/wp\/wp-json\/wp\/v2\/types\/post"}],"author":[{"embeddable":true,"href":"https:\/\/bahiaeconomica.com.br\/wp\/wp-json\/wp\/v2\/users\/1"}],"replies":[{"embeddable":true,"href":"https:\/\/bahiaeconomica.com.br\/wp\/wp-json\/wp\/v2\/comments?post=533898"}],"version-history":[{"count":2,"href":"https:\/\/bahiaeconomica.com.br\/wp\/wp-json\/wp\/v2\/posts\/533898\/revisions"}],"predecessor-version":[{"id":533901,"href":"https:\/\/bahiaeconomica.com.br\/wp\/wp-json\/wp\/v2\/posts\/533898\/revisions\/533901"}],"wp:featuredmedia":[{"embeddable":true,"href":"https:\/\/bahiaeconomica.com.br\/wp\/wp-json\/wp\/v2\/media\/533000"}],"wp:attachment":[{"href":"https:\/\/bahiaeconomica.com.br\/wp\/wp-json\/wp\/v2\/media?parent=533898"}],"wp:term":[{"taxonomy":"category","embeddable":true,"href":"https:\/\/bahiaeconomica.com.br\/wp\/wp-json\/wp\/v2\/categories?post=533898"},{"taxonomy":"post_tag","embeddable":true,"href":"https:\/\/bahiaeconomica.com.br\/wp\/wp-json\/wp\/v2\/tags?post=533898"}],"curies":[{"name":"wp","href":"https:\/\/api.w.org\/{rel}","templated":true}]}}