{"id":533417,"date":"2021-02-04T07:50:00","date_gmt":"2021-02-04T10:50:00","guid":{"rendered":"https:\/\/bahiaeconomica.com.br\/wp\/beta\/?p=533417"},"modified":"2021-02-04T08:20:08","modified_gmt":"2021-02-04T11:20:08","slug":"bancada-baiana-acredita-que-lira-e-pacheco-vao-priorizar-as-pautas-economicas","status":"publish","type":"post","link":"https:\/\/bahiaeconomica.com.br\/wp\/2021\/02\/04\/bancada-baiana-acredita-que-lira-e-pacheco-vao-priorizar-as-pautas-economicas\/","title":{"rendered":"BANCADA BAIANA ACREDITA QUE CONGRESSO VAI PRIORIZAR A ECONOMIA"},"content":{"rendered":"<p>Temas ligados aos costumes e a \u00e1rea de seguran\u00e7a p\u00fablica devem ser deixadas de lado para que as pautas econ\u00f4micas possam tramitar sem problemas no Congresso Nacional, avaliam <!--more-->parlamentares baianos ouvidos pelo Jornal A Tarde. A rela\u00e7\u00e3o com as 35 pautas priorit\u00e1rias do governo federal foi entregue nesta quarta-feira, 03, pelo presidente Jair Bolsonaro (sem partido), aos novos presidentes da C\u00e2mara dos Deputados, Arthur Lira (PP-AL), e do Senado Federal, Rodrigo Pacheco (DEM-MG).<\/p>\n<p>A expectativa \u00e9 que a lista de Bolonaro se junte aos temas priorit\u00e1rios estabelecidos no Congresso. Entre os temas convergentes entre Executivo e Legislativo est\u00e3o as reformas tribut\u00e1ria e administrativa. H\u00e1 propostas para remodelar os tributos tramitando nas duas casas &#8211; a PEC 45\/2019 na C\u00e2mara e a PEC 110\/2019 no Senado. A reforma administrativa est\u00e1 em tramita\u00e7\u00e3o na Casa presidida por Lira; enquanto a miss\u00e3o de Pacheco ser\u00e1 a de fazer andar a PEC Emergencial (186\/2019) e a PEC dos Fundos Infraconstitucionais (PEC 187\/2019) entre outras.<\/p>\n<p>\u201cTentaremos estipular um prazo para apresenta\u00e7\u00e3o de um relat\u00f3rio final da comiss\u00e3o que trata da reforma tribut\u00e1ria e, para tanto, na noite de hoje, nos reuniremos com os dois relatores da C\u00e2mara e do Senado \u2013 o deputado Aguinaldo Ribeiro (PP-PB) e senador Roberto Rocha (PSDB-MA)\u201d, destacou Rodrigo Pacheco. Entre as pautas de costume est\u00e1 a que permite a aplica\u00e7\u00e3o do Homeschooling no Brasil. Na modalidade, os pais poder\u00e3o educar os filhos em casa, que ser\u00e3o validados como se ele estivesse em um ambiente escolar p\u00fablico ou privado.<\/p>\n<p>O segundo assunto mais recorrente na pauta entregue pelo president, depois dos temas ligados \u00e0 economia, \u00e9 o da \u00e1rea de Seguran\u00e7a P\u00fablica. Os PLs que alteram o acesso \u00e0s armas no Brasil, a revis\u00e3o antidrogas, o excludente de ilicitude e o texto que altera as normas aplic\u00e1veis a militares em Garantia da Lei e da Ordem (GLO) est\u00e3o entre os temas estabelecidos como urgentes pelo governo Bolsonaro.<\/p>\n<p>O deputado federal Bacelar (Podemos) avalia que pautas que classifica como \u201cretr\u00f3gradas\u201d n\u00e3o ser\u00e3o consideradas como priorit\u00e1rias para C\u00e2mara. \u201cOlha, \u00e9 uma pauta extensa, mas \u00e9 melhor uma pauta extensa e do conhecimento da Casa, do que termos surpresa. \u00c9 uma pauta extensa que divide os assuntos de suma import\u00e2ncia, reformas estruturantes, com uma pauta retr\u00f3grada, conservadora, obscura, abordando quest\u00f5es que dividem a sociedade brasileira e que n\u00e3o contribui para a retomada do crescimento que tanto pais necessita. Armas, homeschooling, Pol\u00edcia Militar, s\u00e3o temas que n\u00e3o contribuem para o avan\u00e7o das reformas estruturais. Se voc\u00ea divide, acaba prejudicando o essencial\u201d, sinalizou Bacelar.<\/p>\n<p>O deputado pontua que o pa\u00eds n\u00e3o quer \u201cquer discuss\u00e3o atrav\u00e9s de blog, redes sociais e ve\u00edculos de comunica\u00e7\u00e3o&#8221;, em refer\u00eancia \u00e0s pol\u00eamicas pautas enviadas pelo governo federal para Casa. Ele afirma que o momento do pa\u00eds \u201cexige seriedade e paz\u201d e garantiu que o presidente da C\u00e2mara, que foi eleito com o apoio e a ajuda do presidente Bolsonaro &#8211; atrav\u00e9s de cargos e emendas oferecidas ao parlamentares -, j\u00e1 sinalizou que n\u00e3o dar\u00e1 prioridade a agenda dos costumes.<\/p>\n<p>\u201cEssa agenda de contesta\u00e7\u00e3o, que a todo momento tensiona as rela\u00e7\u00f5es, \u00e9 uma agenda autorit\u00e1ria, agenda discriminat\u00f3ria, \u00e9 uma agenda divisionista. O tempo todo da campanha, o deputado Arthur Lira, inclusive na Bahia, fez quest\u00e3o de destacar que n\u00e3o iria perder tempo com a pauta de costume, que essa n\u00e3o \u00e9 prioridade do Brasil\u201d.<\/p>\n<p>Pauta econ\u00f4mica<\/p>\n<p>Vice-l\u00edder do governo Bolsonaro na Casa, o deputado federal Cl\u00e1udio Cajado (PP), tamb\u00e9m acredita que a agenda econ\u00f4mica deve ser prioridade para o pa\u00eds . \u201cN\u00e3o tive acesso a toda lista, mas sei que est\u00e3o as reformas administrativa, tribut\u00e1ria, a quest\u00e3o do g\u00e1s (PL da Partilha do Petr\u00f3leo e G\u00e1s), que \u00e9 o que vamos discutir neste primeiro semestre. Eu acho que \u00e9 importante para gerar um ambiente econ\u00f4mico de reaquecimento da economia no pa\u00eds. A partir da\u00ed, quando a vacina for avan\u00e7ando, vamos realizando o destravamento dos neg\u00f3cios atrav\u00e9s de toda legisla\u00e7\u00e3o que est\u00e1 para ser votada\u201d, disse Cajado.<\/p>\n<p>Segundo ele, as prioridades s\u00e3o o Or\u00e7amento, a PEC emergencial e as reformas. O Or\u00e7amento citado por ele \u00e9 o do governo para 2021, que ainda n\u00e3o foi aprovado, por conta de uma pol\u00eamica ainda de 2020, entre o grupo do ex-presidente Rodrigo Maia (DEM-RJ) e Arthur Lira (PP-AL). O A Tarde apurou que nesta quinta, \u00e0s 15h, haver\u00e1 uma reuni\u00e3o de l\u00edderes para tratar da tramita\u00e7\u00e3o do or\u00e7amento. O governo federal segue usando a regra dos duod\u00e9cimos (1\/12 avos da despesa anual por m\u00eas) enquanto n\u00e3o \u00e9 aprovada a Lei Or\u00e7ament\u00e1ria Anual (LOA), que \u00e9 o Or\u00e7amento em si.<\/p>\n<p>A tramita\u00e7\u00e3o do Or\u00e7amento, que costuma durar meses, ser\u00e1 abreviada por conta da extrapola\u00e7\u00e3o do tempo, j\u00e1 que o mesmo deveria ser aprovado at\u00e9 31 de dezembro. Cajado afirma que haver\u00e1 uma reuni\u00e3o para decidir como ser\u00e1 o tr\u00e2mite, mas sinaliza que etapas importantes, como a exposi\u00e7\u00e3o dos relat\u00f3rios setoriais, poder\u00e3o ser suprimidas. \u201cO or\u00e7amento. A gente ainda vai come\u00e7ar a trabalhar para estabelecer a comiss\u00e3o na semana que vem. Instalada comiss\u00e3o, a gente vai adotar os procedimentos com relat\u00f3rio preliminar do or\u00e7amento; essa relatoria \u00e9 do senador M\u00e1rcio Bittar (MDB-AC). Para a partir da\u00ed estabelecer o cronograma de vota\u00e7\u00e3o, dada brevidade, n\u00e3o sei se teremos relat\u00f3rios setoriais ou se ser\u00e1 analisado apenas o relat\u00f3rio geral, direto no plen\u00e1rio\u201d, explicou Cajado.<\/p>\n<p>O deputado federal Jorge Solla (PT) avalia que todos os temas propostos pelo governo Bolsonaro na lista de prioridades \u201cs\u00e3o nocivos para o pa\u00eds\u201d, para \u201ca classe trabalhadora e para os mais pobres\u201d e que, por isso, \u201cencontrar\u00e3o resist\u00eancia do bloco de oposi\u00e7\u00e3o na C\u00e2mara\u201d, composto por partidos de centro-esquerda e de esquerda. Em tom de ironia, Solla afirma que Bolsonaro ter\u00e1 muito trabalho para aprovar o or\u00e7amento e pegar o que classifica como o \u201cfiado\u201d e \u201ccheque sem fundo\u201d dado por Jair Bolsonaro, em refer\u00eancia aos cargos e emendas colocadas \u00e0 disposi\u00e7\u00e3o dos deputados e senadores para eleger os seus apadrinhados.<\/p>\n<p>\u201c\u00c9 claro que eles v\u00e3o ter muito trabalho para aprovar o or\u00e7amento. A compra de voto foi fiada, com cheques sem fundo, ser\u00e1 cobrada. Eles ter\u00e3o muito trabalho para esquentar todos os cheques sem fundo. Bolsonaro comprou votos com recursos de um or\u00e7amento que n\u00e3o existe, que n\u00e3o foi analisado e aprovado\u201d, ironizou Solla. O senador Angelo Coronel (PSD) afirma que emitir\u00e1 uma opini\u00e3o sobre os temas apresentados pelo presidente at\u00e9 ter acesso a lista completa e oficial. \u201cO presidente entregou aos presidentes do Senado Federal e da C\u00e2mara dos Deputados. Estamos no aguardo para discutirmos. N\u00e3o d\u00e1 pra fazer um ju\u00edzo de valor sem estar de posse da lista\u201d.<\/p>\n<p>Foto: divulga\u00e7\u00e3o<\/p>\n","protected":false},"excerpt":{"rendered":"<p>Temas ligados aos costumes e a \u00e1rea de seguran\u00e7a p\u00fablica devem ser deixadas de lado para que as pautas econ\u00f4micas possam tramitar sem problemas no Congresso Nacional, avaliam<\/p>\n","protected":false},"author":1,"featured_media":401582,"comment_status":"closed","ping_status":"closed","sticky":false,"template":"","format":"standard","meta":[],"categories":[14,3],"tags":[],"acf":[],"yoast_head":"<!-- This site is optimized with the Yoast SEO plugin v20.8 - https:\/\/yoast.com\/wordpress\/plugins\/seo\/ -->\n<title>BANCADA BAIANA ACREDITA QUE CONGRESSO VAI PRIORIZAR A ECONOMIA - Bahia Economica<\/title>\n<meta name=\"description\" content=\"O maior portal de Economia da Bahia DESTAQUE DO DIA, ECONOMIA \/ POL\u00cdTICA Bahia Economica\" \/>\n<meta name=\"robots\" content=\"index, follow, max-snippet:-1, max-image-preview:large, max-video-preview:-1\" \/>\n<link rel=\"canonical\" href=\"https:\/\/bahiaeconomica.com.br\/wp\/2021\/02\/04\/bancada-baiana-acredita-que-lira-e-pacheco-vao-priorizar-as-pautas-economicas\/\" \/>\n<meta property=\"og:locale\" content=\"pt_BR\" \/>\n<meta property=\"og:type\" content=\"article\" \/>\n<meta property=\"og:title\" content=\"BANCADA BAIANA ACREDITA QUE CONGRESSO VAI PRIORIZAR A ECONOMIA - Bahia Economica\" \/>\n<meta property=\"og:description\" content=\"O maior portal de Economia da Bahia DESTAQUE DO DIA, ECONOMIA \/ POL\u00cdTICA Bahia Economica\" \/>\n<meta property=\"og:url\" content=\"https:\/\/bahiaeconomica.com.br\/wp\/2021\/02\/04\/bancada-baiana-acredita-que-lira-e-pacheco-vao-priorizar-as-pautas-economicas\/\" \/>\n<meta property=\"og:site_name\" content=\"Bahia Economica\" \/>\n<meta property=\"article:publisher\" content=\"https:\/\/www.facebook.com\/bahiaeconomica\" \/>\n<meta property=\"article:published_time\" content=\"2021-02-04T10:50:00+00:00\" \/>\n<meta property=\"article:modified_time\" content=\"2021-02-04T11:20:08+00:00\" \/>\n<meta property=\"og:image\" content=\"https:\/\/bahiaeconomica.com.br\/wp\/wp-content\/uploads\/2019\/10\/senadoresbaianos500.jpg\" \/>\n\t<meta property=\"og:image:width\" content=\"500\" \/>\n\t<meta property=\"og:image:height\" content=\"300\" \/>\n\t<meta property=\"og:image:type\" content=\"image\/jpeg\" \/>\n<meta name=\"author\" content=\"admin\" \/>\n<meta name=\"twitter:card\" content=\"summary_large_image\" \/>\n<meta name=\"twitter:label1\" content=\"Escrito por\" \/>\n\t<meta name=\"twitter:data1\" content=\"admin\" \/>\n\t<meta name=\"twitter:label2\" content=\"Est. tempo de leitura\" \/>\n\t<meta name=\"twitter:data2\" content=\"6 minutos\" \/>\n<script type=\"application\/ld+json\" class=\"yoast-schema-graph\">{\"@context\":\"https:\/\/schema.org\",\"@graph\":[{\"@type\":\"Article\",\"@id\":\"https:\/\/bahiaeconomica.com.br\/wp\/2021\/02\/04\/bancada-baiana-acredita-que-lira-e-pacheco-vao-priorizar-as-pautas-economicas\/#article\",\"isPartOf\":{\"@id\":\"https:\/\/bahiaeconomica.com.br\/wp\/2021\/02\/04\/bancada-baiana-acredita-que-lira-e-pacheco-vao-priorizar-as-pautas-economicas\/\"},\"author\":{\"name\":\"admin\",\"@id\":\"https:\/\/bahiaeconomica.com.br\/wp\/#\/schema\/person\/cb1ab5ba96ad3d9390805381c76284ec\"},\"headline\":\"BANCADA BAIANA ACREDITA QUE CONGRESSO VAI PRIORIZAR A ECONOMIA\",\"datePublished\":\"2021-02-04T10:50:00+00:00\",\"dateModified\":\"2021-02-04T11:20:08+00:00\",\"mainEntityOfPage\":{\"@id\":\"https:\/\/bahiaeconomica.com.br\/wp\/2021\/02\/04\/bancada-baiana-acredita-que-lira-e-pacheco-vao-priorizar-as-pautas-economicas\/\"},\"wordCount\":1201,\"publisher\":{\"@id\":\"https:\/\/bahiaeconomica.com.br\/wp\/#organization\"},\"articleSection\":[\"DESTAQUE DO DIA\",\"ECONOMIA \/ POL\u00cdTICA\"],\"inLanguage\":\"pt-BR\"},{\"@type\":\"WebPage\",\"@id\":\"https:\/\/bahiaeconomica.com.br\/wp\/2021\/02\/04\/bancada-baiana-acredita-que-lira-e-pacheco-vao-priorizar-as-pautas-economicas\/\",\"url\":\"https:\/\/bahiaeconomica.com.br\/wp\/2021\/02\/04\/bancada-baiana-acredita-que-lira-e-pacheco-vao-priorizar-as-pautas-economicas\/\",\"name\":\"BANCADA BAIANA ACREDITA QUE CONGRESSO VAI PRIORIZAR A ECONOMIA - Bahia Economica\",\"isPartOf\":{\"@id\":\"https:\/\/bahiaeconomica.com.br\/wp\/#website\"},\"datePublished\":\"2021-02-04T10:50:00+00:00\",\"dateModified\":\"2021-02-04T11:20:08+00:00\",\"description\":\"O maior portal de Economia da Bahia DESTAQUE DO DIA, ECONOMIA \/ POL\u00cdTICA Bahia Economica\",\"breadcrumb\":{\"@id\":\"https:\/\/bahiaeconomica.com.br\/wp\/2021\/02\/04\/bancada-baiana-acredita-que-lira-e-pacheco-vao-priorizar-as-pautas-economicas\/#breadcrumb\"},\"inLanguage\":\"pt-BR\",\"potentialAction\":[{\"@type\":\"ReadAction\",\"target\":[\"https:\/\/bahiaeconomica.com.br\/wp\/2021\/02\/04\/bancada-baiana-acredita-que-lira-e-pacheco-vao-priorizar-as-pautas-economicas\/\"]}]},{\"@type\":\"BreadcrumbList\",\"@id\":\"https:\/\/bahiaeconomica.com.br\/wp\/2021\/02\/04\/bancada-baiana-acredita-que-lira-e-pacheco-vao-priorizar-as-pautas-economicas\/#breadcrumb\",\"itemListElement\":[{\"@type\":\"ListItem\",\"position\":1,\"name\":\"In\u00edcio\",\"item\":\"https:\/\/bahiaeconomica.com.br\/wp\/\"},{\"@type\":\"ListItem\",\"position\":2,\"name\":\"BANCADA BAIANA ACREDITA QUE CONGRESSO VAI PRIORIZAR A ECONOMIA\"}]},{\"@type\":\"WebSite\",\"@id\":\"https:\/\/bahiaeconomica.com.br\/wp\/#website\",\"url\":\"https:\/\/bahiaeconomica.com.br\/wp\/\",\"name\":\"Bahia Economica\",\"description\":\"O maior portal de Economia da Bahia\",\"publisher\":{\"@id\":\"https:\/\/bahiaeconomica.com.br\/wp\/#organization\"},\"potentialAction\":[{\"@type\":\"SearchAction\",\"target\":{\"@type\":\"EntryPoint\",\"urlTemplate\":\"https:\/\/bahiaeconomica.com.br\/wp\/?s={search_term_string}\"},\"query-input\":\"required name=search_term_string\"}],\"inLanguage\":\"pt-BR\"},{\"@type\":\"Organization\",\"@id\":\"https:\/\/bahiaeconomica.com.br\/wp\/#organization\",\"name\":\"Bahia Econ\u00f4mica\",\"url\":\"https:\/\/bahiaeconomica.com.br\/wp\/\",\"logo\":{\"@type\":\"ImageObject\",\"inLanguage\":\"pt-BR\",\"@id\":\"https:\/\/bahiaeconomica.com.br\/wp\/#\/schema\/logo\/image\/\",\"url\":\"https:\/\/bahiaeconomica.com.br\/wp\/wp-content\/uploads\/2020\/12\/cropped-BE.png\",\"contentUrl\":\"https:\/\/bahiaeconomica.com.br\/wp\/wp-content\/uploads\/2020\/12\/cropped-BE.png\",\"width\":512,\"height\":512,\"caption\":\"Bahia Econ\u00f4mica\"},\"image\":{\"@id\":\"https:\/\/bahiaeconomica.com.br\/wp\/#\/schema\/logo\/image\/\"},\"sameAs\":[\"https:\/\/www.facebook.com\/bahiaeconomica\"]},{\"@type\":\"Person\",\"@id\":\"https:\/\/bahiaeconomica.com.br\/wp\/#\/schema\/person\/cb1ab5ba96ad3d9390805381c76284ec\",\"name\":\"admin\",\"url\":\"https:\/\/bahiaeconomica.com.br\/wp\/author\/admin\/\"}]}<\/script>\n<!-- \/ Yoast SEO plugin. -->","yoast_head_json":{"title":"BANCADA BAIANA ACREDITA QUE CONGRESSO VAI PRIORIZAR A ECONOMIA - Bahia Economica","description":"O maior portal de Economia da Bahia DESTAQUE DO DIA, ECONOMIA \/ POL\u00cdTICA Bahia Economica","robots":{"index":"index","follow":"follow","max-snippet":"max-snippet:-1","max-image-preview":"max-image-preview:large","max-video-preview":"max-video-preview:-1"},"canonical":"https:\/\/bahiaeconomica.com.br\/wp\/2021\/02\/04\/bancada-baiana-acredita-que-lira-e-pacheco-vao-priorizar-as-pautas-economicas\/","og_locale":"pt_BR","og_type":"article","og_title":"BANCADA BAIANA ACREDITA QUE CONGRESSO VAI PRIORIZAR A ECONOMIA - Bahia Economica","og_description":"O maior portal de Economia da Bahia DESTAQUE DO DIA, ECONOMIA \/ POL\u00cdTICA Bahia Economica","og_url":"https:\/\/bahiaeconomica.com.br\/wp\/2021\/02\/04\/bancada-baiana-acredita-que-lira-e-pacheco-vao-priorizar-as-pautas-economicas\/","og_site_name":"Bahia Economica","article_publisher":"https:\/\/www.facebook.com\/bahiaeconomica","article_published_time":"2021-02-04T10:50:00+00:00","article_modified_time":"2021-02-04T11:20:08+00:00","og_image":[{"width":500,"height":300,"url":"https:\/\/bahiaeconomica.com.br\/wp\/wp-content\/uploads\/2019\/10\/senadoresbaianos500.jpg","type":"image\/jpeg"}],"author":"admin","twitter_card":"summary_large_image","twitter_misc":{"Escrito por":"admin","Est. tempo de leitura":"6 minutos"},"schema":{"@context":"https:\/\/schema.org","@graph":[{"@type":"Article","@id":"https:\/\/bahiaeconomica.com.br\/wp\/2021\/02\/04\/bancada-baiana-acredita-que-lira-e-pacheco-vao-priorizar-as-pautas-economicas\/#article","isPartOf":{"@id":"https:\/\/bahiaeconomica.com.br\/wp\/2021\/02\/04\/bancada-baiana-acredita-que-lira-e-pacheco-vao-priorizar-as-pautas-economicas\/"},"author":{"name":"admin","@id":"https:\/\/bahiaeconomica.com.br\/wp\/#\/schema\/person\/cb1ab5ba96ad3d9390805381c76284ec"},"headline":"BANCADA BAIANA ACREDITA QUE CONGRESSO VAI PRIORIZAR A ECONOMIA","datePublished":"2021-02-04T10:50:00+00:00","dateModified":"2021-02-04T11:20:08+00:00","mainEntityOfPage":{"@id":"https:\/\/bahiaeconomica.com.br\/wp\/2021\/02\/04\/bancada-baiana-acredita-que-lira-e-pacheco-vao-priorizar-as-pautas-economicas\/"},"wordCount":1201,"publisher":{"@id":"https:\/\/bahiaeconomica.com.br\/wp\/#organization"},"articleSection":["DESTAQUE DO DIA","ECONOMIA \/ POL\u00cdTICA"],"inLanguage":"pt-BR"},{"@type":"WebPage","@id":"https:\/\/bahiaeconomica.com.br\/wp\/2021\/02\/04\/bancada-baiana-acredita-que-lira-e-pacheco-vao-priorizar-as-pautas-economicas\/","url":"https:\/\/bahiaeconomica.com.br\/wp\/2021\/02\/04\/bancada-baiana-acredita-que-lira-e-pacheco-vao-priorizar-as-pautas-economicas\/","name":"BANCADA BAIANA ACREDITA QUE CONGRESSO VAI PRIORIZAR A ECONOMIA - Bahia Economica","isPartOf":{"@id":"https:\/\/bahiaeconomica.com.br\/wp\/#website"},"datePublished":"2021-02-04T10:50:00+00:00","dateModified":"2021-02-04T11:20:08+00:00","description":"O maior portal de Economia da Bahia DESTAQUE DO DIA, ECONOMIA \/ POL\u00cdTICA Bahia Economica","breadcrumb":{"@id":"https:\/\/bahiaeconomica.com.br\/wp\/2021\/02\/04\/bancada-baiana-acredita-que-lira-e-pacheco-vao-priorizar-as-pautas-economicas\/#breadcrumb"},"inLanguage":"pt-BR","potentialAction":[{"@type":"ReadAction","target":["https:\/\/bahiaeconomica.com.br\/wp\/2021\/02\/04\/bancada-baiana-acredita-que-lira-e-pacheco-vao-priorizar-as-pautas-economicas\/"]}]},{"@type":"BreadcrumbList","@id":"https:\/\/bahiaeconomica.com.br\/wp\/2021\/02\/04\/bancada-baiana-acredita-que-lira-e-pacheco-vao-priorizar-as-pautas-economicas\/#breadcrumb","itemListElement":[{"@type":"ListItem","position":1,"name":"In\u00edcio","item":"https:\/\/bahiaeconomica.com.br\/wp\/"},{"@type":"ListItem","position":2,"name":"BANCADA BAIANA ACREDITA QUE CONGRESSO VAI PRIORIZAR A ECONOMIA"}]},{"@type":"WebSite","@id":"https:\/\/bahiaeconomica.com.br\/wp\/#website","url":"https:\/\/bahiaeconomica.com.br\/wp\/","name":"Bahia Economica","description":"O maior portal de Economia da Bahia","publisher":{"@id":"https:\/\/bahiaeconomica.com.br\/wp\/#organization"},"potentialAction":[{"@type":"SearchAction","target":{"@type":"EntryPoint","urlTemplate":"https:\/\/bahiaeconomica.com.br\/wp\/?s={search_term_string}"},"query-input":"required name=search_term_string"}],"inLanguage":"pt-BR"},{"@type":"Organization","@id":"https:\/\/bahiaeconomica.com.br\/wp\/#organization","name":"Bahia Econ\u00f4mica","url":"https:\/\/bahiaeconomica.com.br\/wp\/","logo":{"@type":"ImageObject","inLanguage":"pt-BR","@id":"https:\/\/bahiaeconomica.com.br\/wp\/#\/schema\/logo\/image\/","url":"https:\/\/bahiaeconomica.com.br\/wp\/wp-content\/uploads\/2020\/12\/cropped-BE.png","contentUrl":"https:\/\/bahiaeconomica.com.br\/wp\/wp-content\/uploads\/2020\/12\/cropped-BE.png","width":512,"height":512,"caption":"Bahia Econ\u00f4mica"},"image":{"@id":"https:\/\/bahiaeconomica.com.br\/wp\/#\/schema\/logo\/image\/"},"sameAs":["https:\/\/www.facebook.com\/bahiaeconomica"]},{"@type":"Person","@id":"https:\/\/bahiaeconomica.com.br\/wp\/#\/schema\/person\/cb1ab5ba96ad3d9390805381c76284ec","name":"admin","url":"https:\/\/bahiaeconomica.com.br\/wp\/author\/admin\/"}]}},"views":1,"_links":{"self":[{"href":"https:\/\/bahiaeconomica.com.br\/wp\/wp-json\/wp\/v2\/posts\/533417"}],"collection":[{"href":"https:\/\/bahiaeconomica.com.br\/wp\/wp-json\/wp\/v2\/posts"}],"about":[{"href":"https:\/\/bahiaeconomica.com.br\/wp\/wp-json\/wp\/v2\/types\/post"}],"author":[{"embeddable":true,"href":"https:\/\/bahiaeconomica.com.br\/wp\/wp-json\/wp\/v2\/users\/1"}],"replies":[{"embeddable":true,"href":"https:\/\/bahiaeconomica.com.br\/wp\/wp-json\/wp\/v2\/comments?post=533417"}],"version-history":[{"count":3,"href":"https:\/\/bahiaeconomica.com.br\/wp\/wp-json\/wp\/v2\/posts\/533417\/revisions"}],"predecessor-version":[{"id":533490,"href":"https:\/\/bahiaeconomica.com.br\/wp\/wp-json\/wp\/v2\/posts\/533417\/revisions\/533490"}],"wp:featuredmedia":[{"embeddable":true,"href":"https:\/\/bahiaeconomica.com.br\/wp\/wp-json\/wp\/v2\/media\/401582"}],"wp:attachment":[{"href":"https:\/\/bahiaeconomica.com.br\/wp\/wp-json\/wp\/v2\/media?parent=533417"}],"wp:term":[{"taxonomy":"category","embeddable":true,"href":"https:\/\/bahiaeconomica.com.br\/wp\/wp-json\/wp\/v2\/categories?post=533417"},{"taxonomy":"post_tag","embeddable":true,"href":"https:\/\/bahiaeconomica.com.br\/wp\/wp-json\/wp\/v2\/tags?post=533417"}],"curies":[{"name":"wp","href":"https:\/\/api.w.org\/{rel}","templated":true}]}}