{"id":532622,"date":"2021-02-01T19:45:17","date_gmt":"2021-02-01T22:45:17","guid":{"rendered":"https:\/\/bahiaeconomica.com.br\/wp\/beta\/?p=532622"},"modified":"2021-02-01T19:23:56","modified_gmt":"2021-02-01T22:23:56","slug":"festa-literaria-da-praia-do-forte-acontece-este-mes-na-modalidade-online","status":"publish","type":"post","link":"https:\/\/bahiaeconomica.com.br\/wp\/2021\/02\/01\/festa-literaria-da-praia-do-forte-acontece-este-mes-na-modalidade-online\/","title":{"rendered":"FESTA LITER\u00c1RIA DA PRAIA DO FORTE ACONTECE ESTE M\u00caS NA MODALIDADE ONLINE"},"content":{"rendered":"<p>A\u00a0 Festa Liter\u00e1ria Internacional da Praia do Forte (FLIPF) neste ano vai acontecer de forma 100% online entre <!--more-->os dias 24 e 28 de fevereiro. O evento, que teve sua primeira edi\u00e7\u00e3o em 2019 na cidade de Mata de S\u00e3o Jo\u00e3o, na Regi\u00e3o Metropolitana de Salvador (RMS), n\u00e3o aconteceu ano passado por conta da pandemia.<\/p>\n<p>A edi\u00e7\u00e3o deste ano tem como curador o escritor e pesquisador Braulio Tavares. Os espa\u00e7os virtuais, mesas e palestras ser\u00e3o exibidos atrav\u00e9s do canal do evento no Youtube. De acordo com a organiza\u00e7\u00e3o da festa, ao todo ser\u00e3o 50 horas de programa\u00e7\u00e3o e mais de 100 atividades com 10 mesas liter\u00e1rias, 40 lan\u00e7amentos de livros e conversas com autores, cinco saraus liter\u00e1rios e batalha de Slam. Apresenta\u00e7\u00f5es art\u00edsticas de m\u00fasica, artes c\u00eanicas e manifesta\u00e7\u00f5es culturais.<\/p>\n<p>&nbsp;<\/p>\n<p>&nbsp;<\/p>\n<div>\n<figure class=\"align-center\"><figcaption>Foto: Reprodu\u00e7\u00e3o<\/figcaption><\/figure>\n<\/div>\n<div><\/div>\n","protected":false},"excerpt":{"rendered":"<p>A\u00a0 Festa Liter\u00e1ria Internacional da Praia do Forte (FLIPF) neste ano vai acontecer de forma 100% online entre<\/p>\n","protected":false},"author":1,"featured_media":532636,"comment_status":"closed","ping_status":"closed","sticky":false,"template":"","format":"standard","meta":[],"categories":[3,5],"tags":[],"acf":[],"yoast_head":"<!-- This site is optimized with the Yoast SEO plugin v20.8 - https:\/\/yoast.com\/wordpress\/plugins\/seo\/ -->\n<title>FESTA LITER\u00c1RIA DA PRAIA DO FORTE ACONTECE ESTE M\u00caS NA MODALIDADE ONLINE - Bahia Economica<\/title>\n<meta name=\"description\" content=\"O maior portal de Economia da Bahia ECONOMIA \/ POL\u00cdTICA, MUNIC\u00cdPIOS Bahia Economica\" \/>\n<meta name=\"robots\" content=\"index, follow, max-snippet:-1, max-image-preview:large, max-video-preview:-1\" \/>\n<link rel=\"canonical\" href=\"https:\/\/bahiaeconomica.com.br\/wp\/2021\/02\/01\/festa-literaria-da-praia-do-forte-acontece-este-mes-na-modalidade-online\/\" \/>\n<meta property=\"og:locale\" content=\"pt_BR\" \/>\n<meta property=\"og:type\" content=\"article\" \/>\n<meta property=\"og:title\" content=\"FESTA LITER\u00c1RIA DA PRAIA DO FORTE ACONTECE ESTE M\u00caS NA MODALIDADE ONLINE - Bahia Economica\" \/>\n<meta property=\"og:description\" content=\"O maior portal de Economia da Bahia ECONOMIA \/ POL\u00cdTICA, MUNIC\u00cdPIOS Bahia Economica\" \/>\n<meta property=\"og:url\" content=\"https:\/\/bahiaeconomica.com.br\/wp\/2021\/02\/01\/festa-literaria-da-praia-do-forte-acontece-este-mes-na-modalidade-online\/\" \/>\n<meta property=\"og:site_name\" content=\"Bahia Economica\" \/>\n<meta property=\"article:publisher\" content=\"https:\/\/www.facebook.com\/bahiaeconomica\" \/>\n<meta property=\"article:published_time\" content=\"2021-02-01T22:45:17+00:00\" \/>\n<meta property=\"article:modified_time\" content=\"2021-02-01T22:23:56+00:00\" \/>\n<meta property=\"og:image\" content=\"https:\/\/bahiaeconomica.com.br\/wp\/wp-content\/uploads\/2021\/02\/praia-do-forte.png\" \/>\n\t<meta property=\"og:image:width\" content=\"500\" \/>\n\t<meta property=\"og:image:height\" content=\"300\" \/>\n\t<meta property=\"og:image:type\" content=\"image\/png\" \/>\n<meta name=\"author\" content=\"admin\" \/>\n<meta name=\"twitter:card\" content=\"summary_large_image\" \/>\n<meta name=\"twitter:label1\" content=\"Escrito por\" \/>\n\t<meta name=\"twitter:data1\" content=\"admin\" \/>\n\t<meta name=\"twitter:label2\" content=\"Est. tempo de leitura\" \/>\n\t<meta name=\"twitter:data2\" content=\"1 minuto\" \/>\n<script type=\"application\/ld+json\" class=\"yoast-schema-graph\">{\"@context\":\"https:\/\/schema.org\",\"@graph\":[{\"@type\":\"Article\",\"@id\":\"https:\/\/bahiaeconomica.com.br\/wp\/2021\/02\/01\/festa-literaria-da-praia-do-forte-acontece-este-mes-na-modalidade-online\/#article\",\"isPartOf\":{\"@id\":\"https:\/\/bahiaeconomica.com.br\/wp\/2021\/02\/01\/festa-literaria-da-praia-do-forte-acontece-este-mes-na-modalidade-online\/\"},\"author\":{\"name\":\"admin\",\"@id\":\"https:\/\/bahiaeconomica.com.br\/wp\/#\/schema\/person\/cb1ab5ba96ad3d9390805381c76284ec\"},\"headline\":\"FESTA LITER\u00c1RIA DA PRAIA DO FORTE ACONTECE ESTE M\u00caS NA MODALIDADE ONLINE\",\"datePublished\":\"2021-02-01T22:45:17+00:00\",\"dateModified\":\"2021-02-01T22:23:56+00:00\",\"mainEntityOfPage\":{\"@id\":\"https:\/\/bahiaeconomica.com.br\/wp\/2021\/02\/01\/festa-literaria-da-praia-do-forte-acontece-este-mes-na-modalidade-online\/\"},\"wordCount\":162,\"publisher\":{\"@id\":\"https:\/\/bahiaeconomica.com.br\/wp\/#organization\"},\"articleSection\":[\"ECONOMIA \/ POL\u00cdTICA\",\"MUNIC\u00cdPIOS\"],\"inLanguage\":\"pt-BR\"},{\"@type\":\"WebPage\",\"@id\":\"https:\/\/bahiaeconomica.com.br\/wp\/2021\/02\/01\/festa-literaria-da-praia-do-forte-acontece-este-mes-na-modalidade-online\/\",\"url\":\"https:\/\/bahiaeconomica.com.br\/wp\/2021\/02\/01\/festa-literaria-da-praia-do-forte-acontece-este-mes-na-modalidade-online\/\",\"name\":\"FESTA LITER\u00c1RIA DA PRAIA DO FORTE ACONTECE ESTE M\u00caS NA MODALIDADE ONLINE - Bahia Economica\",\"isPartOf\":{\"@id\":\"https:\/\/bahiaeconomica.com.br\/wp\/#website\"},\"datePublished\":\"2021-02-01T22:45:17+00:00\",\"dateModified\":\"2021-02-01T22:23:56+00:00\",\"description\":\"O maior portal de Economia da Bahia ECONOMIA \/ POL\u00cdTICA, MUNIC\u00cdPIOS Bahia Economica\",\"breadcrumb\":{\"@id\":\"https:\/\/bahiaeconomica.com.br\/wp\/2021\/02\/01\/festa-literaria-da-praia-do-forte-acontece-este-mes-na-modalidade-online\/#breadcrumb\"},\"inLanguage\":\"pt-BR\",\"potentialAction\":[{\"@type\":\"ReadAction\",\"target\":[\"https:\/\/bahiaeconomica.com.br\/wp\/2021\/02\/01\/festa-literaria-da-praia-do-forte-acontece-este-mes-na-modalidade-online\/\"]}]},{\"@type\":\"BreadcrumbList\",\"@id\":\"https:\/\/bahiaeconomica.com.br\/wp\/2021\/02\/01\/festa-literaria-da-praia-do-forte-acontece-este-mes-na-modalidade-online\/#breadcrumb\",\"itemListElement\":[{\"@type\":\"ListItem\",\"position\":1,\"name\":\"In\u00edcio\",\"item\":\"https:\/\/bahiaeconomica.com.br\/wp\/\"},{\"@type\":\"ListItem\",\"position\":2,\"name\":\"FESTA LITER\u00c1RIA DA PRAIA DO FORTE ACONTECE ESTE M\u00caS NA MODALIDADE ONLINE\"}]},{\"@type\":\"WebSite\",\"@id\":\"https:\/\/bahiaeconomica.com.br\/wp\/#website\",\"url\":\"https:\/\/bahiaeconomica.com.br\/wp\/\",\"name\":\"Bahia Economica\",\"description\":\"O maior portal de Economia da Bahia\",\"publisher\":{\"@id\":\"https:\/\/bahiaeconomica.com.br\/wp\/#organization\"},\"potentialAction\":[{\"@type\":\"SearchAction\",\"target\":{\"@type\":\"EntryPoint\",\"urlTemplate\":\"https:\/\/bahiaeconomica.com.br\/wp\/?s={search_term_string}\"},\"query-input\":\"required name=search_term_string\"}],\"inLanguage\":\"pt-BR\"},{\"@type\":\"Organization\",\"@id\":\"https:\/\/bahiaeconomica.com.br\/wp\/#organization\",\"name\":\"Bahia Econ\u00f4mica\",\"url\":\"https:\/\/bahiaeconomica.com.br\/wp\/\",\"logo\":{\"@type\":\"ImageObject\",\"inLanguage\":\"pt-BR\",\"@id\":\"https:\/\/bahiaeconomica.com.br\/wp\/#\/schema\/logo\/image\/\",\"url\":\"https:\/\/bahiaeconomica.com.br\/wp\/wp-content\/uploads\/2020\/12\/cropped-BE.png\",\"contentUrl\":\"https:\/\/bahiaeconomica.com.br\/wp\/wp-content\/uploads\/2020\/12\/cropped-BE.png\",\"width\":512,\"height\":512,\"caption\":\"Bahia Econ\u00f4mica\"},\"image\":{\"@id\":\"https:\/\/bahiaeconomica.com.br\/wp\/#\/schema\/logo\/image\/\"},\"sameAs\":[\"https:\/\/www.facebook.com\/bahiaeconomica\"]},{\"@type\":\"Person\",\"@id\":\"https:\/\/bahiaeconomica.com.br\/wp\/#\/schema\/person\/cb1ab5ba96ad3d9390805381c76284ec\",\"name\":\"admin\",\"url\":\"https:\/\/bahiaeconomica.com.br\/wp\/author\/admin\/\"}]}<\/script>\n<!-- \/ Yoast SEO plugin. -->","yoast_head_json":{"title":"FESTA LITER\u00c1RIA DA PRAIA DO FORTE ACONTECE ESTE M\u00caS NA MODALIDADE ONLINE - Bahia Economica","description":"O maior portal de Economia da Bahia ECONOMIA \/ POL\u00cdTICA, MUNIC\u00cdPIOS Bahia Economica","robots":{"index":"index","follow":"follow","max-snippet":"max-snippet:-1","max-image-preview":"max-image-preview:large","max-video-preview":"max-video-preview:-1"},"canonical":"https:\/\/bahiaeconomica.com.br\/wp\/2021\/02\/01\/festa-literaria-da-praia-do-forte-acontece-este-mes-na-modalidade-online\/","og_locale":"pt_BR","og_type":"article","og_title":"FESTA LITER\u00c1RIA DA PRAIA DO FORTE ACONTECE ESTE M\u00caS NA MODALIDADE ONLINE - Bahia Economica","og_description":"O maior portal de Economia da Bahia ECONOMIA \/ POL\u00cdTICA, MUNIC\u00cdPIOS Bahia Economica","og_url":"https:\/\/bahiaeconomica.com.br\/wp\/2021\/02\/01\/festa-literaria-da-praia-do-forte-acontece-este-mes-na-modalidade-online\/","og_site_name":"Bahia Economica","article_publisher":"https:\/\/www.facebook.com\/bahiaeconomica","article_published_time":"2021-02-01T22:45:17+00:00","article_modified_time":"2021-02-01T22:23:56+00:00","og_image":[{"width":500,"height":300,"url":"https:\/\/bahiaeconomica.com.br\/wp\/wp-content\/uploads\/2021\/02\/praia-do-forte.png","type":"image\/png"}],"author":"admin","twitter_card":"summary_large_image","twitter_misc":{"Escrito por":"admin","Est. tempo de leitura":"1 minuto"},"schema":{"@context":"https:\/\/schema.org","@graph":[{"@type":"Article","@id":"https:\/\/bahiaeconomica.com.br\/wp\/2021\/02\/01\/festa-literaria-da-praia-do-forte-acontece-este-mes-na-modalidade-online\/#article","isPartOf":{"@id":"https:\/\/bahiaeconomica.com.br\/wp\/2021\/02\/01\/festa-literaria-da-praia-do-forte-acontece-este-mes-na-modalidade-online\/"},"author":{"name":"admin","@id":"https:\/\/bahiaeconomica.com.br\/wp\/#\/schema\/person\/cb1ab5ba96ad3d9390805381c76284ec"},"headline":"FESTA LITER\u00c1RIA DA PRAIA DO FORTE ACONTECE ESTE M\u00caS NA MODALIDADE ONLINE","datePublished":"2021-02-01T22:45:17+00:00","dateModified":"2021-02-01T22:23:56+00:00","mainEntityOfPage":{"@id":"https:\/\/bahiaeconomica.com.br\/wp\/2021\/02\/01\/festa-literaria-da-praia-do-forte-acontece-este-mes-na-modalidade-online\/"},"wordCount":162,"publisher":{"@id":"https:\/\/bahiaeconomica.com.br\/wp\/#organization"},"articleSection":["ECONOMIA \/ POL\u00cdTICA","MUNIC\u00cdPIOS"],"inLanguage":"pt-BR"},{"@type":"WebPage","@id":"https:\/\/bahiaeconomica.com.br\/wp\/2021\/02\/01\/festa-literaria-da-praia-do-forte-acontece-este-mes-na-modalidade-online\/","url":"https:\/\/bahiaeconomica.com.br\/wp\/2021\/02\/01\/festa-literaria-da-praia-do-forte-acontece-este-mes-na-modalidade-online\/","name":"FESTA LITER\u00c1RIA DA PRAIA DO FORTE ACONTECE ESTE M\u00caS NA MODALIDADE ONLINE - Bahia Economica","isPartOf":{"@id":"https:\/\/bahiaeconomica.com.br\/wp\/#website"},"datePublished":"2021-02-01T22:45:17+00:00","dateModified":"2021-02-01T22:23:56+00:00","description":"O maior portal de Economia da Bahia ECONOMIA \/ POL\u00cdTICA, MUNIC\u00cdPIOS Bahia Economica","breadcrumb":{"@id":"https:\/\/bahiaeconomica.com.br\/wp\/2021\/02\/01\/festa-literaria-da-praia-do-forte-acontece-este-mes-na-modalidade-online\/#breadcrumb"},"inLanguage":"pt-BR","potentialAction":[{"@type":"ReadAction","target":["https:\/\/bahiaeconomica.com.br\/wp\/2021\/02\/01\/festa-literaria-da-praia-do-forte-acontece-este-mes-na-modalidade-online\/"]}]},{"@type":"BreadcrumbList","@id":"https:\/\/bahiaeconomica.com.br\/wp\/2021\/02\/01\/festa-literaria-da-praia-do-forte-acontece-este-mes-na-modalidade-online\/#breadcrumb","itemListElement":[{"@type":"ListItem","position":1,"name":"In\u00edcio","item":"https:\/\/bahiaeconomica.com.br\/wp\/"},{"@type":"ListItem","position":2,"name":"FESTA LITER\u00c1RIA DA PRAIA DO FORTE ACONTECE ESTE M\u00caS NA MODALIDADE ONLINE"}]},{"@type":"WebSite","@id":"https:\/\/bahiaeconomica.com.br\/wp\/#website","url":"https:\/\/bahiaeconomica.com.br\/wp\/","name":"Bahia Economica","description":"O maior portal de Economia da Bahia","publisher":{"@id":"https:\/\/bahiaeconomica.com.br\/wp\/#organization"},"potentialAction":[{"@type":"SearchAction","target":{"@type":"EntryPoint","urlTemplate":"https:\/\/bahiaeconomica.com.br\/wp\/?s={search_term_string}"},"query-input":"required name=search_term_string"}],"inLanguage":"pt-BR"},{"@type":"Organization","@id":"https:\/\/bahiaeconomica.com.br\/wp\/#organization","name":"Bahia Econ\u00f4mica","url":"https:\/\/bahiaeconomica.com.br\/wp\/","logo":{"@type":"ImageObject","inLanguage":"pt-BR","@id":"https:\/\/bahiaeconomica.com.br\/wp\/#\/schema\/logo\/image\/","url":"https:\/\/bahiaeconomica.com.br\/wp\/wp-content\/uploads\/2020\/12\/cropped-BE.png","contentUrl":"https:\/\/bahiaeconomica.com.br\/wp\/wp-content\/uploads\/2020\/12\/cropped-BE.png","width":512,"height":512,"caption":"Bahia Econ\u00f4mica"},"image":{"@id":"https:\/\/bahiaeconomica.com.br\/wp\/#\/schema\/logo\/image\/"},"sameAs":["https:\/\/www.facebook.com\/bahiaeconomica"]},{"@type":"Person","@id":"https:\/\/bahiaeconomica.com.br\/wp\/#\/schema\/person\/cb1ab5ba96ad3d9390805381c76284ec","name":"admin","url":"https:\/\/bahiaeconomica.com.br\/wp\/author\/admin\/"}]}},"views":1,"_links":{"self":[{"href":"https:\/\/bahiaeconomica.com.br\/wp\/wp-json\/wp\/v2\/posts\/532622"}],"collection":[{"href":"https:\/\/bahiaeconomica.com.br\/wp\/wp-json\/wp\/v2\/posts"}],"about":[{"href":"https:\/\/bahiaeconomica.com.br\/wp\/wp-json\/wp\/v2\/types\/post"}],"author":[{"embeddable":true,"href":"https:\/\/bahiaeconomica.com.br\/wp\/wp-json\/wp\/v2\/users\/1"}],"replies":[{"embeddable":true,"href":"https:\/\/bahiaeconomica.com.br\/wp\/wp-json\/wp\/v2\/comments?post=532622"}],"version-history":[{"count":1,"href":"https:\/\/bahiaeconomica.com.br\/wp\/wp-json\/wp\/v2\/posts\/532622\/revisions"}],"predecessor-version":[{"id":532637,"href":"https:\/\/bahiaeconomica.com.br\/wp\/wp-json\/wp\/v2\/posts\/532622\/revisions\/532637"}],"wp:featuredmedia":[{"embeddable":true,"href":"https:\/\/bahiaeconomica.com.br\/wp\/wp-json\/wp\/v2\/media\/532636"}],"wp:attachment":[{"href":"https:\/\/bahiaeconomica.com.br\/wp\/wp-json\/wp\/v2\/media?parent=532622"}],"wp:term":[{"taxonomy":"category","embeddable":true,"href":"https:\/\/bahiaeconomica.com.br\/wp\/wp-json\/wp\/v2\/categories?post=532622"},{"taxonomy":"post_tag","embeddable":true,"href":"https:\/\/bahiaeconomica.com.br\/wp\/wp-json\/wp\/v2\/tags?post=532622"}],"curies":[{"name":"wp","href":"https:\/\/api.w.org\/{rel}","templated":true}]}}