{"id":532402,"date":"2021-02-01T10:59:53","date_gmt":"2021-02-01T13:59:53","guid":{"rendered":"https:\/\/bahiaeconomica.com.br\/wp\/beta\/?p=532402"},"modified":"2021-02-01T11:00:51","modified_gmt":"2021-02-01T14:00:51","slug":"532402","status":"publish","type":"post","link":"https:\/\/bahiaeconomica.com.br\/wp\/2021\/02\/01\/532402\/","title":{"rendered":"ADARY OLIVEIRA- EST\u00d3RIAS DE MINERADORES"},"content":{"rendered":"<p style=\"text-align: justify;\">S\u00e3o muito conhecidas as est\u00f3rias de pescadores, mas vez por outra me lembro de est\u00f3rias de mineradores, muitas delas verdadeiras hist\u00f3rias. Conheci em Andara\u00ed, na Chapada Diamantina, um cidad\u00e3o muito rico, prefeito da cidade e chefe pol\u00edtico de muito prest\u00edgio. Ele era popular pelo ouvido apurado, capaz de descobrir segredos de cofres ap\u00f3s poucas escutas. Contam que certa feita, apareceu na cidade um viajante vendendo uma arca que ningu\u00e9m conseguia abrir. Apesar de algumas tentativas mal sucedidas ele comprou o cofre. Anos depois ele o abriu e encontrou dentro tr\u00eas saquinhos cheios de diamante.Ficou rico.<\/p>\n<p style=\"text-align: justify;\">L\u00e1 mesmo em Andara\u00ed, um garimpeiro presenteou um amigo comerciante com uma rocha que encontrou no garimpo dizendo: \u201cCompadre, encontrei essa pedra parecida com um carbonato, fique com ela\u201d. O comerciante usou omineral sobre a mesa prendendo papeis.Seus clientesfalavam sempreda semelhan\u00e7a da pedra com esse tipo de diamante. Um de seus amigos, mais curioso, sacou a pedra e fez um risco numa chapa de a\u00e7o, exclamando: \u201c\u00c9 um carbonato\u201d. A rara preciosidade pesava 750 quilates.<\/p>\n<p style=\"text-align: justify;\">Nos anos 60 conheci em Andara\u00ed um jovem aventureiro vindo da Rod\u00e9sia (atual Zimb\u00e1bue) que impressionava a todos pelas suas habilidades no manuseio das coisas, principalmente na montagem e desmontagem de motores. Ele chamava-se Frank, seu pai era rico e ele tinha migrado para o Canad\u00e1 onde era mergulhador. Numa biblioteca encontrou um livro que falava dos diamantes de Andara\u00ed. Vendeu os escafandros e rumou para a Chapada. Estando em Andara\u00ed, onde residia minha namorada, dirigindo uma Rural Willys verde e branco, dei carona a ele at\u00e9 Mucug\u00ea, cidade vizinha. Ele me pediu para lev\u00e1-lo at\u00e9 uma lagoa pr\u00f3xima, seguindo uma estrada que sai de Mucug\u00ea e passa em frente a bel\u00edssimo cemit\u00e9riodearquitetura de origem bizantina. A lagoa \u00e9 linda e rodeada de morros. Frank me contou que projetava construir um flutuador com ton\u00e9is e colocar em cima uma draga acionada por motor de Fusca. Ele acreditava que o fundo da lagoa estava repleto de cascalho, vindo dos morros lavados anos e mais anos pelas chuvas. Seu plano era bateiar o cascalho e catar os diamantes.<\/p>\n<p style=\"text-align: justify;\">Dias depois Frank esteve em minha morada em Salvador e eu lhe entreguei uma carta enviada pelo seu pai. Ele usava meu endere\u00e7o e reclamava do genitor que sempre o chamava de volta, enviando uma passagem de avi\u00e3o, nunca o dinheiro que pedia para fazer seu projeto. Desta vez o envelope continha um cheque. Ele saiu correndo. No dia seguinte, o jornal Di\u00e1rio de Not\u00edcias estampava uma foto dele morto. Ele descontou o cheque com Salom\u00e3o, um judeu que tinha uma casa de c\u00e2mbio no Com\u00e9rcio, e seguiu para Feira de Santana. Em Feira contratou um taxi para lev\u00e1-lo at\u00e9 Andara\u00ed. Teve a infelicidade de contar seu segredo para o motorista e foi assassinado. O taxista foi preso e ele sepultado no Cemit\u00e9rio dos Ingleses, na Ladeira da Barra, em Salvador. A lagoa de Mucug\u00ea continua l\u00e1, com seus diamantes a dois ou tr\u00eas metros de profundidade.<\/p>\n<p style=\"text-align: justify;\">A outra est\u00f3ria que tenho para contar \u00e9 uma hist\u00f3ria verdadeira. A Companhia Vale do Rio Doce (CVRD), no tempo que era estatal, tinha se associado com a norte-americana United State Steel (USS) para pesquisar min\u00e9rio de ferro na Serra dos Caraj\u00e1s, no Par\u00e1. Ap\u00f3s anos de pesquisa a USS desistiu de prosseguir e a CVRD continuou sozinha, tendo indenizado a americana com US$ 20 milh\u00f5es para sair do neg\u00f3cio. Uma semana depois a brasileira descobriu a maior prov\u00edncia mineral do mundo, para espanto de todos. A riqueza era de tal magnitude que o governo dos militares criou um minist\u00e9rio para fazer o Programa Grande Caraj\u00e1s (PGC).<\/p>\n<p style=\"text-align: justify;\">No in\u00edcio dos anos 80 eu era diretor da BNDESPar e residia no Rio de Janeiro. Estive no audit\u00f3rio do Clube de Engenharia, na Av. Rio Branco, para assistir ao lan\u00e7amento do PGC, com a presen\u00e7a do ministro, presidente da CNI e outras autoridades. Ap\u00f3s a exposi\u00e7\u00e3o, um jornalista pediu a palavra falando e mostrando um documento: \u201cVoc\u00eas conhecem este documento? Ele \u00e9 o original desse que voc\u00eas acabaram de ler. Ele foi elaborado pela Confedera\u00e7\u00e3o Industrial Japonesa (Keidanren)\u201d, gerando um desconforto desconcertante.A Vale continua pesquisando a regi\u00e3o. Ela construiu uma ferrovia de 800 km descendo a serra at\u00e9 o Porto de Itaqui por onde circulam as maiores composi\u00e7\u00f5es do mundo, puxada por cinco locomotivas. Em Itaqui, embarca o concentrado de min\u00e9rio em supergraneleiros e os vende por quase US$100,00\/t, bem acima dos US$16,00\/t praticados pela CVRD antes da privatiza\u00e7\u00e3o.<\/p>\n<p style=\"text-align: justify;\">Adary Oliveira \u2013 engenheiro qu\u00edmico e professor (Dr.) \u2013 <a href=\"mailto:adary347@gmail.com\">adary347@gmail.com<\/a><\/p>\n","protected":false},"excerpt":{"rendered":"<p>S\u00e3o muito conhecidas as est\u00f3rias de pescadores, mas vez por outra me lembro de est\u00f3rias de mineradores, muitas delas verdadeiras hist\u00f3rias. Conheci em Andara\u00ed, na Chapada Diamantina, um cidad\u00e3o muito rico, prefeito da cidade e chefe pol\u00edtico de muito prest\u00edgio. Ele era popular pelo ouvido apurado, capaz de descobrir segredos de cofres ap\u00f3s poucas escutas. [&hellip;]<\/p>\n","protected":false},"author":1,"featured_media":409707,"comment_status":"closed","ping_status":"closed","sticky":false,"template":"","format":"standard","meta":[],"categories":[6,22],"tags":[],"acf":[],"yoast_head":"<!-- This site is optimized with the Yoast SEO plugin v20.8 - https:\/\/yoast.com\/wordpress\/plugins\/seo\/ -->\n<title>ADARY OLIVEIRA- EST\u00d3RIAS DE MINERADORES - Bahia Economica<\/title>\n<meta name=\"description\" content=\"O maior portal de Economia da Bahia ARTIGOS, COLUNISTAS Bahia Economica\" \/>\n<meta name=\"robots\" content=\"index, follow, max-snippet:-1, max-image-preview:large, max-video-preview:-1\" \/>\n<link rel=\"canonical\" href=\"https:\/\/bahiaeconomica.com.br\/wp\/2021\/02\/01\/532402\/\" \/>\n<meta property=\"og:locale\" content=\"pt_BR\" \/>\n<meta property=\"og:type\" content=\"article\" \/>\n<meta property=\"og:title\" content=\"ADARY OLIVEIRA- EST\u00d3RIAS DE MINERADORES - Bahia Economica\" \/>\n<meta property=\"og:description\" content=\"O maior portal de Economia da Bahia ARTIGOS, COLUNISTAS Bahia Economica\" \/>\n<meta property=\"og:url\" content=\"https:\/\/bahiaeconomica.com.br\/wp\/2021\/02\/01\/532402\/\" \/>\n<meta property=\"og:site_name\" content=\"Bahia Economica\" \/>\n<meta property=\"article:publisher\" content=\"https:\/\/www.facebook.com\/bahiaeconomica\" \/>\n<meta property=\"article:published_time\" content=\"2021-02-01T13:59:53+00:00\" \/>\n<meta property=\"article:modified_time\" content=\"2021-02-01T14:00:51+00:00\" \/>\n<meta property=\"og:image\" content=\"https:\/\/bahiaeconomica.com.br\/wp\/wp-content\/uploads\/2019\/10\/adary-1.jpg\" \/>\n\t<meta property=\"og:image:width\" content=\"275\" \/>\n\t<meta property=\"og:image:height\" content=\"183\" \/>\n\t<meta property=\"og:image:type\" content=\"image\/jpeg\" \/>\n<meta name=\"author\" content=\"admin\" \/>\n<meta name=\"twitter:card\" content=\"summary_large_image\" \/>\n<meta name=\"twitter:label1\" content=\"Escrito por\" \/>\n\t<meta name=\"twitter:data1\" content=\"admin\" \/>\n\t<meta name=\"twitter:label2\" content=\"Est. tempo de leitura\" \/>\n\t<meta name=\"twitter:data2\" content=\"4 minutos\" \/>\n<script type=\"application\/ld+json\" class=\"yoast-schema-graph\">{\"@context\":\"https:\/\/schema.org\",\"@graph\":[{\"@type\":\"Article\",\"@id\":\"https:\/\/bahiaeconomica.com.br\/wp\/2021\/02\/01\/532402\/#article\",\"isPartOf\":{\"@id\":\"https:\/\/bahiaeconomica.com.br\/wp\/2021\/02\/01\/532402\/\"},\"author\":{\"name\":\"admin\",\"@id\":\"https:\/\/bahiaeconomica.com.br\/wp\/#\/schema\/person\/cb1ab5ba96ad3d9390805381c76284ec\"},\"headline\":\"ADARY OLIVEIRA- EST\u00d3RIAS DE MINERADORES\",\"datePublished\":\"2021-02-01T13:59:53+00:00\",\"dateModified\":\"2021-02-01T14:00:51+00:00\",\"mainEntityOfPage\":{\"@id\":\"https:\/\/bahiaeconomica.com.br\/wp\/2021\/02\/01\/532402\/\"},\"wordCount\":805,\"publisher\":{\"@id\":\"https:\/\/bahiaeconomica.com.br\/wp\/#organization\"},\"articleSection\":[\"ARTIGOS\",\"COLUNISTAS\"],\"inLanguage\":\"pt-BR\"},{\"@type\":\"WebPage\",\"@id\":\"https:\/\/bahiaeconomica.com.br\/wp\/2021\/02\/01\/532402\/\",\"url\":\"https:\/\/bahiaeconomica.com.br\/wp\/2021\/02\/01\/532402\/\",\"name\":\"ADARY OLIVEIRA- EST\u00d3RIAS DE MINERADORES - Bahia Economica\",\"isPartOf\":{\"@id\":\"https:\/\/bahiaeconomica.com.br\/wp\/#website\"},\"datePublished\":\"2021-02-01T13:59:53+00:00\",\"dateModified\":\"2021-02-01T14:00:51+00:00\",\"description\":\"O maior portal de Economia da Bahia ARTIGOS, COLUNISTAS Bahia Economica\",\"breadcrumb\":{\"@id\":\"https:\/\/bahiaeconomica.com.br\/wp\/2021\/02\/01\/532402\/#breadcrumb\"},\"inLanguage\":\"pt-BR\",\"potentialAction\":[{\"@type\":\"ReadAction\",\"target\":[\"https:\/\/bahiaeconomica.com.br\/wp\/2021\/02\/01\/532402\/\"]}]},{\"@type\":\"BreadcrumbList\",\"@id\":\"https:\/\/bahiaeconomica.com.br\/wp\/2021\/02\/01\/532402\/#breadcrumb\",\"itemListElement\":[{\"@type\":\"ListItem\",\"position\":1,\"name\":\"In\u00edcio\",\"item\":\"https:\/\/bahiaeconomica.com.br\/wp\/\"},{\"@type\":\"ListItem\",\"position\":2,\"name\":\"ADARY OLIVEIRA- EST\u00d3RIAS DE MINERADORES\"}]},{\"@type\":\"WebSite\",\"@id\":\"https:\/\/bahiaeconomica.com.br\/wp\/#website\",\"url\":\"https:\/\/bahiaeconomica.com.br\/wp\/\",\"name\":\"Bahia Economica\",\"description\":\"O maior portal de Economia da Bahia\",\"publisher\":{\"@id\":\"https:\/\/bahiaeconomica.com.br\/wp\/#organization\"},\"potentialAction\":[{\"@type\":\"SearchAction\",\"target\":{\"@type\":\"EntryPoint\",\"urlTemplate\":\"https:\/\/bahiaeconomica.com.br\/wp\/?s={search_term_string}\"},\"query-input\":\"required name=search_term_string\"}],\"inLanguage\":\"pt-BR\"},{\"@type\":\"Organization\",\"@id\":\"https:\/\/bahiaeconomica.com.br\/wp\/#organization\",\"name\":\"Bahia Econ\u00f4mica\",\"url\":\"https:\/\/bahiaeconomica.com.br\/wp\/\",\"logo\":{\"@type\":\"ImageObject\",\"inLanguage\":\"pt-BR\",\"@id\":\"https:\/\/bahiaeconomica.com.br\/wp\/#\/schema\/logo\/image\/\",\"url\":\"https:\/\/bahiaeconomica.com.br\/wp\/wp-content\/uploads\/2020\/12\/cropped-BE.png\",\"contentUrl\":\"https:\/\/bahiaeconomica.com.br\/wp\/wp-content\/uploads\/2020\/12\/cropped-BE.png\",\"width\":512,\"height\":512,\"caption\":\"Bahia Econ\u00f4mica\"},\"image\":{\"@id\":\"https:\/\/bahiaeconomica.com.br\/wp\/#\/schema\/logo\/image\/\"},\"sameAs\":[\"https:\/\/www.facebook.com\/bahiaeconomica\"]},{\"@type\":\"Person\",\"@id\":\"https:\/\/bahiaeconomica.com.br\/wp\/#\/schema\/person\/cb1ab5ba96ad3d9390805381c76284ec\",\"name\":\"admin\",\"url\":\"https:\/\/bahiaeconomica.com.br\/wp\/author\/admin\/\"}]}<\/script>\n<!-- \/ Yoast SEO plugin. -->","yoast_head_json":{"title":"ADARY OLIVEIRA- EST\u00d3RIAS DE MINERADORES - Bahia Economica","description":"O maior portal de Economia da Bahia ARTIGOS, COLUNISTAS Bahia Economica","robots":{"index":"index","follow":"follow","max-snippet":"max-snippet:-1","max-image-preview":"max-image-preview:large","max-video-preview":"max-video-preview:-1"},"canonical":"https:\/\/bahiaeconomica.com.br\/wp\/2021\/02\/01\/532402\/","og_locale":"pt_BR","og_type":"article","og_title":"ADARY OLIVEIRA- EST\u00d3RIAS DE MINERADORES - Bahia Economica","og_description":"O maior portal de Economia da Bahia ARTIGOS, COLUNISTAS Bahia Economica","og_url":"https:\/\/bahiaeconomica.com.br\/wp\/2021\/02\/01\/532402\/","og_site_name":"Bahia Economica","article_publisher":"https:\/\/www.facebook.com\/bahiaeconomica","article_published_time":"2021-02-01T13:59:53+00:00","article_modified_time":"2021-02-01T14:00:51+00:00","og_image":[{"width":275,"height":183,"url":"https:\/\/bahiaeconomica.com.br\/wp\/wp-content\/uploads\/2019\/10\/adary-1.jpg","type":"image\/jpeg"}],"author":"admin","twitter_card":"summary_large_image","twitter_misc":{"Escrito por":"admin","Est. tempo de leitura":"4 minutos"},"schema":{"@context":"https:\/\/schema.org","@graph":[{"@type":"Article","@id":"https:\/\/bahiaeconomica.com.br\/wp\/2021\/02\/01\/532402\/#article","isPartOf":{"@id":"https:\/\/bahiaeconomica.com.br\/wp\/2021\/02\/01\/532402\/"},"author":{"name":"admin","@id":"https:\/\/bahiaeconomica.com.br\/wp\/#\/schema\/person\/cb1ab5ba96ad3d9390805381c76284ec"},"headline":"ADARY OLIVEIRA- EST\u00d3RIAS DE MINERADORES","datePublished":"2021-02-01T13:59:53+00:00","dateModified":"2021-02-01T14:00:51+00:00","mainEntityOfPage":{"@id":"https:\/\/bahiaeconomica.com.br\/wp\/2021\/02\/01\/532402\/"},"wordCount":805,"publisher":{"@id":"https:\/\/bahiaeconomica.com.br\/wp\/#organization"},"articleSection":["ARTIGOS","COLUNISTAS"],"inLanguage":"pt-BR"},{"@type":"WebPage","@id":"https:\/\/bahiaeconomica.com.br\/wp\/2021\/02\/01\/532402\/","url":"https:\/\/bahiaeconomica.com.br\/wp\/2021\/02\/01\/532402\/","name":"ADARY OLIVEIRA- EST\u00d3RIAS DE MINERADORES - Bahia Economica","isPartOf":{"@id":"https:\/\/bahiaeconomica.com.br\/wp\/#website"},"datePublished":"2021-02-01T13:59:53+00:00","dateModified":"2021-02-01T14:00:51+00:00","description":"O maior portal de Economia da Bahia ARTIGOS, COLUNISTAS Bahia Economica","breadcrumb":{"@id":"https:\/\/bahiaeconomica.com.br\/wp\/2021\/02\/01\/532402\/#breadcrumb"},"inLanguage":"pt-BR","potentialAction":[{"@type":"ReadAction","target":["https:\/\/bahiaeconomica.com.br\/wp\/2021\/02\/01\/532402\/"]}]},{"@type":"BreadcrumbList","@id":"https:\/\/bahiaeconomica.com.br\/wp\/2021\/02\/01\/532402\/#breadcrumb","itemListElement":[{"@type":"ListItem","position":1,"name":"In\u00edcio","item":"https:\/\/bahiaeconomica.com.br\/wp\/"},{"@type":"ListItem","position":2,"name":"ADARY OLIVEIRA- EST\u00d3RIAS DE MINERADORES"}]},{"@type":"WebSite","@id":"https:\/\/bahiaeconomica.com.br\/wp\/#website","url":"https:\/\/bahiaeconomica.com.br\/wp\/","name":"Bahia Economica","description":"O maior portal de Economia da Bahia","publisher":{"@id":"https:\/\/bahiaeconomica.com.br\/wp\/#organization"},"potentialAction":[{"@type":"SearchAction","target":{"@type":"EntryPoint","urlTemplate":"https:\/\/bahiaeconomica.com.br\/wp\/?s={search_term_string}"},"query-input":"required name=search_term_string"}],"inLanguage":"pt-BR"},{"@type":"Organization","@id":"https:\/\/bahiaeconomica.com.br\/wp\/#organization","name":"Bahia Econ\u00f4mica","url":"https:\/\/bahiaeconomica.com.br\/wp\/","logo":{"@type":"ImageObject","inLanguage":"pt-BR","@id":"https:\/\/bahiaeconomica.com.br\/wp\/#\/schema\/logo\/image\/","url":"https:\/\/bahiaeconomica.com.br\/wp\/wp-content\/uploads\/2020\/12\/cropped-BE.png","contentUrl":"https:\/\/bahiaeconomica.com.br\/wp\/wp-content\/uploads\/2020\/12\/cropped-BE.png","width":512,"height":512,"caption":"Bahia Econ\u00f4mica"},"image":{"@id":"https:\/\/bahiaeconomica.com.br\/wp\/#\/schema\/logo\/image\/"},"sameAs":["https:\/\/www.facebook.com\/bahiaeconomica"]},{"@type":"Person","@id":"https:\/\/bahiaeconomica.com.br\/wp\/#\/schema\/person\/cb1ab5ba96ad3d9390805381c76284ec","name":"admin","url":"https:\/\/bahiaeconomica.com.br\/wp\/author\/admin\/"}]}},"views":12,"_links":{"self":[{"href":"https:\/\/bahiaeconomica.com.br\/wp\/wp-json\/wp\/v2\/posts\/532402"}],"collection":[{"href":"https:\/\/bahiaeconomica.com.br\/wp\/wp-json\/wp\/v2\/posts"}],"about":[{"href":"https:\/\/bahiaeconomica.com.br\/wp\/wp-json\/wp\/v2\/types\/post"}],"author":[{"embeddable":true,"href":"https:\/\/bahiaeconomica.com.br\/wp\/wp-json\/wp\/v2\/users\/1"}],"replies":[{"embeddable":true,"href":"https:\/\/bahiaeconomica.com.br\/wp\/wp-json\/wp\/v2\/comments?post=532402"}],"version-history":[{"count":2,"href":"https:\/\/bahiaeconomica.com.br\/wp\/wp-json\/wp\/v2\/posts\/532402\/revisions"}],"predecessor-version":[{"id":532406,"href":"https:\/\/bahiaeconomica.com.br\/wp\/wp-json\/wp\/v2\/posts\/532402\/revisions\/532406"}],"wp:featuredmedia":[{"embeddable":true,"href":"https:\/\/bahiaeconomica.com.br\/wp\/wp-json\/wp\/v2\/media\/409707"}],"wp:attachment":[{"href":"https:\/\/bahiaeconomica.com.br\/wp\/wp-json\/wp\/v2\/media?parent=532402"}],"wp:term":[{"taxonomy":"category","embeddable":true,"href":"https:\/\/bahiaeconomica.com.br\/wp\/wp-json\/wp\/v2\/categories?post=532402"},{"taxonomy":"post_tag","embeddable":true,"href":"https:\/\/bahiaeconomica.com.br\/wp\/wp-json\/wp\/v2\/tags?post=532402"}],"curies":[{"name":"wp","href":"https:\/\/api.w.org\/{rel}","templated":true}]}}