{"id":529308,"date":"2021-01-21T07:29:41","date_gmt":"2021-01-21T10:29:41","guid":{"rendered":"https:\/\/bahiaeconomica.com.br\/wp\/beta\/?p=529308"},"modified":"2021-01-21T07:29:41","modified_gmt":"2021-01-21T10:29:41","slug":"itabuna-santa-casa-inicia-vacinacao-contra-a-covid-19","status":"publish","type":"post","link":"https:\/\/bahiaeconomica.com.br\/wp\/2021\/01\/21\/itabuna-santa-casa-inicia-vacinacao-contra-a-covid-19\/","title":{"rendered":"ITABUNA: SANTA CASA INICIA VACINA\u00c7\u00c3O CONTRA A COVID-19"},"content":{"rendered":"<p>Funcion\u00e1rios da Santa Casa de Miseric\u00f3rdia de Itabuna come\u00e7aram, nesta quarta-feira (20), a receber a primeira dose da vacina contra o novo coronav\u00edrus. Por orienta\u00e7\u00f5es do Minist\u00e9rio<!--more--> da Sa\u00fade, os profissionais que atuam na linha de frente de combate \u00e0 Covid-19 foram os primeiros receber a dose do imunizante. Nesta etapa da vacina\u00e7\u00e3o receberam a primeira dose da CoronaVac profissionais de sa\u00fade como t\u00e9cnicos de enfermagem, m\u00e9dicos, enfermeiros, fisioterapeutas, auxiliares de servi\u00e7os gerais e atendentes que atuam nas unidades Covid do Hospital Calixto Midlej Filho. A vacina foi aprovada no \u00faltimo domingo (17) pela Ag\u00eancia Nacional de Vigil\u00e2ncia Sanit\u00e1ria (Anvisa).<\/p>\n<p>De acordo com a diretora t\u00e9cnica do HCMF, a m\u00e9dica Maria Carolina Reis, a meta \u00e9 vacinar, o mais r\u00e1pido poss\u00edvel, todos que atuam na linha de frente. \u201cMas, infelizmente, isso depende da produ\u00e7\u00e3o e envio do imunizante. Por isso, as doses ser\u00e3o aplicadas \u00e0 medida que forem liberadas para o nosso hospital, sendo que a prioridade \u00e9 para os profissionais que atuam na linha de frente\u201d, explicou a m\u00e9dica.<\/p>\n<p>OS VACINADOS<\/p>\n<p>A vacina\u00e7\u00e3o foi iniciada com a dose aplicada na enfermeira Carla Patr\u00edcia E\u00e7a, que recebeu, no Hospital Calixto Midlej, o primeiro paciente positivado para a Covid-19 em Itabuna. \u201cO imunizante traz um al\u00edvio muito grande. \u00c9 uma inje\u00e7\u00e3o de \u00e2nimo para n\u00f3s, que estamos trabalhando na linha de frente desde o in\u00edcio da pandemia\u201d, comemorou a profissional.<\/p>\n<p>Entre as os profissionais de sa\u00fade que tomaram a primeira dose nesta quarta-feira (20) est\u00e1 o m\u00e9dico nefrologista Jo\u00e3o Ot\u00e1vio Macedo, de 80 anos, 50 deles na Santa Casa de Itabuna. \u201cEspero que a vacina fa\u00e7a realmente efeito para que possamos vencer o v\u00edrus e retornamos a normalidade o mais r\u00e1pido poss\u00edvel\u201d, afirmou.<\/p>\n<p>Na sexta-feira (22), a partir das 8h, ser\u00e3o vacinados os profissionais de grupos priorit\u00e1rios do Hospital Manoel Novaes. A imuniza\u00e7\u00e3o ser\u00e1 feita na pr\u00f3pria unidade hospitalar, que conta com 13 leitos pedi\u00e1tricos exclusivos para pacientes suspeitos e positivados para o novo coronav\u00edrus.<\/p>\n<p>Foto: divulga\u00e7\u00e3o<\/p>\n","protected":false},"excerpt":{"rendered":"<p>Funcion\u00e1rios da Santa Casa de Miseric\u00f3rdia de Itabuna come\u00e7aram, nesta quarta-feira (20), a receber a primeira dose da vacina contra o novo coronav\u00edrus. Por orienta\u00e7\u00f5es do Minist\u00e9rio<\/p>\n","protected":false},"author":1,"featured_media":529311,"comment_status":"closed","ping_status":"closed","sticky":false,"template":"","format":"standard","meta":[],"categories":[5],"tags":[],"acf":[],"yoast_head":"<!-- This site is optimized with the Yoast SEO plugin v20.8 - https:\/\/yoast.com\/wordpress\/plugins\/seo\/ -->\n<title>ITABUNA: SANTA CASA INICIA VACINA\u00c7\u00c3O CONTRA A COVID-19 - Bahia Economica<\/title>\n<meta name=\"description\" content=\"O maior portal de Economia da Bahia MUNIC\u00cdPIOS Bahia Economica\" \/>\n<meta name=\"robots\" content=\"index, follow, max-snippet:-1, max-image-preview:large, max-video-preview:-1\" \/>\n<link rel=\"canonical\" href=\"https:\/\/bahiaeconomica.com.br\/wp\/2021\/01\/21\/itabuna-santa-casa-inicia-vacinacao-contra-a-covid-19\/\" \/>\n<meta property=\"og:locale\" content=\"pt_BR\" \/>\n<meta property=\"og:type\" content=\"article\" \/>\n<meta property=\"og:title\" content=\"ITABUNA: SANTA CASA INICIA VACINA\u00c7\u00c3O CONTRA A COVID-19 - Bahia Economica\" \/>\n<meta property=\"og:description\" content=\"O maior portal de Economia da Bahia MUNIC\u00cdPIOS Bahia Economica\" \/>\n<meta property=\"og:url\" content=\"https:\/\/bahiaeconomica.com.br\/wp\/2021\/01\/21\/itabuna-santa-casa-inicia-vacinacao-contra-a-covid-19\/\" \/>\n<meta property=\"og:site_name\" content=\"Bahia Economica\" \/>\n<meta property=\"article:publisher\" content=\"https:\/\/www.facebook.com\/bahiaeconomica\" \/>\n<meta property=\"article:published_time\" content=\"2021-01-21T10:29:41+00:00\" \/>\n<meta property=\"og:image\" content=\"https:\/\/bahiaeconomica.com.br\/wp\/wp-content\/uploads\/2021\/01\/Joao-Otavio-e1611179121814.jpg\" \/>\n\t<meta property=\"og:image:width\" content=\"480\" \/>\n\t<meta property=\"og:image:height\" content=\"270\" \/>\n\t<meta property=\"og:image:type\" content=\"image\/jpeg\" \/>\n<meta name=\"author\" content=\"admin\" \/>\n<meta name=\"twitter:card\" content=\"summary_large_image\" \/>\n<meta name=\"twitter:label1\" content=\"Escrito por\" \/>\n\t<meta name=\"twitter:data1\" content=\"admin\" \/>\n\t<meta name=\"twitter:label2\" content=\"Est. tempo de leitura\" \/>\n\t<meta name=\"twitter:data2\" content=\"2 minutos\" \/>\n<script type=\"application\/ld+json\" class=\"yoast-schema-graph\">{\"@context\":\"https:\/\/schema.org\",\"@graph\":[{\"@type\":\"Article\",\"@id\":\"https:\/\/bahiaeconomica.com.br\/wp\/2021\/01\/21\/itabuna-santa-casa-inicia-vacinacao-contra-a-covid-19\/#article\",\"isPartOf\":{\"@id\":\"https:\/\/bahiaeconomica.com.br\/wp\/2021\/01\/21\/itabuna-santa-casa-inicia-vacinacao-contra-a-covid-19\/\"},\"author\":{\"name\":\"admin\",\"@id\":\"https:\/\/bahiaeconomica.com.br\/wp\/#\/schema\/person\/cb1ab5ba96ad3d9390805381c76284ec\"},\"headline\":\"ITABUNA: SANTA CASA INICIA VACINA\u00c7\u00c3O CONTRA A COVID-19\",\"datePublished\":\"2021-01-21T10:29:41+00:00\",\"dateModified\":\"2021-01-21T10:29:41+00:00\",\"mainEntityOfPage\":{\"@id\":\"https:\/\/bahiaeconomica.com.br\/wp\/2021\/01\/21\/itabuna-santa-casa-inicia-vacinacao-contra-a-covid-19\/\"},\"wordCount\":367,\"publisher\":{\"@id\":\"https:\/\/bahiaeconomica.com.br\/wp\/#organization\"},\"articleSection\":[\"MUNIC\u00cdPIOS\"],\"inLanguage\":\"pt-BR\"},{\"@type\":\"WebPage\",\"@id\":\"https:\/\/bahiaeconomica.com.br\/wp\/2021\/01\/21\/itabuna-santa-casa-inicia-vacinacao-contra-a-covid-19\/\",\"url\":\"https:\/\/bahiaeconomica.com.br\/wp\/2021\/01\/21\/itabuna-santa-casa-inicia-vacinacao-contra-a-covid-19\/\",\"name\":\"ITABUNA: SANTA CASA INICIA VACINA\u00c7\u00c3O CONTRA A COVID-19 - Bahia Economica\",\"isPartOf\":{\"@id\":\"https:\/\/bahiaeconomica.com.br\/wp\/#website\"},\"datePublished\":\"2021-01-21T10:29:41+00:00\",\"dateModified\":\"2021-01-21T10:29:41+00:00\",\"description\":\"O maior portal de Economia da Bahia MUNIC\u00cdPIOS Bahia Economica\",\"breadcrumb\":{\"@id\":\"https:\/\/bahiaeconomica.com.br\/wp\/2021\/01\/21\/itabuna-santa-casa-inicia-vacinacao-contra-a-covid-19\/#breadcrumb\"},\"inLanguage\":\"pt-BR\",\"potentialAction\":[{\"@type\":\"ReadAction\",\"target\":[\"https:\/\/bahiaeconomica.com.br\/wp\/2021\/01\/21\/itabuna-santa-casa-inicia-vacinacao-contra-a-covid-19\/\"]}]},{\"@type\":\"BreadcrumbList\",\"@id\":\"https:\/\/bahiaeconomica.com.br\/wp\/2021\/01\/21\/itabuna-santa-casa-inicia-vacinacao-contra-a-covid-19\/#breadcrumb\",\"itemListElement\":[{\"@type\":\"ListItem\",\"position\":1,\"name\":\"In\u00edcio\",\"item\":\"https:\/\/bahiaeconomica.com.br\/wp\/\"},{\"@type\":\"ListItem\",\"position\":2,\"name\":\"ITABUNA: SANTA CASA INICIA VACINA\u00c7\u00c3O CONTRA A COVID-19\"}]},{\"@type\":\"WebSite\",\"@id\":\"https:\/\/bahiaeconomica.com.br\/wp\/#website\",\"url\":\"https:\/\/bahiaeconomica.com.br\/wp\/\",\"name\":\"Bahia Economica\",\"description\":\"O maior portal de Economia da Bahia\",\"publisher\":{\"@id\":\"https:\/\/bahiaeconomica.com.br\/wp\/#organization\"},\"potentialAction\":[{\"@type\":\"SearchAction\",\"target\":{\"@type\":\"EntryPoint\",\"urlTemplate\":\"https:\/\/bahiaeconomica.com.br\/wp\/?s={search_term_string}\"},\"query-input\":\"required name=search_term_string\"}],\"inLanguage\":\"pt-BR\"},{\"@type\":\"Organization\",\"@id\":\"https:\/\/bahiaeconomica.com.br\/wp\/#organization\",\"name\":\"Bahia Econ\u00f4mica\",\"url\":\"https:\/\/bahiaeconomica.com.br\/wp\/\",\"logo\":{\"@type\":\"ImageObject\",\"inLanguage\":\"pt-BR\",\"@id\":\"https:\/\/bahiaeconomica.com.br\/wp\/#\/schema\/logo\/image\/\",\"url\":\"https:\/\/bahiaeconomica.com.br\/wp\/wp-content\/uploads\/2020\/12\/cropped-BE.png\",\"contentUrl\":\"https:\/\/bahiaeconomica.com.br\/wp\/wp-content\/uploads\/2020\/12\/cropped-BE.png\",\"width\":512,\"height\":512,\"caption\":\"Bahia Econ\u00f4mica\"},\"image\":{\"@id\":\"https:\/\/bahiaeconomica.com.br\/wp\/#\/schema\/logo\/image\/\"},\"sameAs\":[\"https:\/\/www.facebook.com\/bahiaeconomica\"]},{\"@type\":\"Person\",\"@id\":\"https:\/\/bahiaeconomica.com.br\/wp\/#\/schema\/person\/cb1ab5ba96ad3d9390805381c76284ec\",\"name\":\"admin\",\"url\":\"https:\/\/bahiaeconomica.com.br\/wp\/author\/admin\/\"}]}<\/script>\n<!-- \/ Yoast SEO plugin. -->","yoast_head_json":{"title":"ITABUNA: SANTA CASA INICIA VACINA\u00c7\u00c3O CONTRA A COVID-19 - Bahia Economica","description":"O maior portal de Economia da Bahia MUNIC\u00cdPIOS Bahia Economica","robots":{"index":"index","follow":"follow","max-snippet":"max-snippet:-1","max-image-preview":"max-image-preview:large","max-video-preview":"max-video-preview:-1"},"canonical":"https:\/\/bahiaeconomica.com.br\/wp\/2021\/01\/21\/itabuna-santa-casa-inicia-vacinacao-contra-a-covid-19\/","og_locale":"pt_BR","og_type":"article","og_title":"ITABUNA: SANTA CASA INICIA VACINA\u00c7\u00c3O CONTRA A COVID-19 - Bahia Economica","og_description":"O maior portal de Economia da Bahia MUNIC\u00cdPIOS Bahia Economica","og_url":"https:\/\/bahiaeconomica.com.br\/wp\/2021\/01\/21\/itabuna-santa-casa-inicia-vacinacao-contra-a-covid-19\/","og_site_name":"Bahia Economica","article_publisher":"https:\/\/www.facebook.com\/bahiaeconomica","article_published_time":"2021-01-21T10:29:41+00:00","og_image":[{"width":480,"height":270,"url":"https:\/\/bahiaeconomica.com.br\/wp\/wp-content\/uploads\/2021\/01\/Joao-Otavio-e1611179121814.jpg","type":"image\/jpeg"}],"author":"admin","twitter_card":"summary_large_image","twitter_misc":{"Escrito por":"admin","Est. tempo de leitura":"2 minutos"},"schema":{"@context":"https:\/\/schema.org","@graph":[{"@type":"Article","@id":"https:\/\/bahiaeconomica.com.br\/wp\/2021\/01\/21\/itabuna-santa-casa-inicia-vacinacao-contra-a-covid-19\/#article","isPartOf":{"@id":"https:\/\/bahiaeconomica.com.br\/wp\/2021\/01\/21\/itabuna-santa-casa-inicia-vacinacao-contra-a-covid-19\/"},"author":{"name":"admin","@id":"https:\/\/bahiaeconomica.com.br\/wp\/#\/schema\/person\/cb1ab5ba96ad3d9390805381c76284ec"},"headline":"ITABUNA: SANTA CASA INICIA VACINA\u00c7\u00c3O CONTRA A COVID-19","datePublished":"2021-01-21T10:29:41+00:00","dateModified":"2021-01-21T10:29:41+00:00","mainEntityOfPage":{"@id":"https:\/\/bahiaeconomica.com.br\/wp\/2021\/01\/21\/itabuna-santa-casa-inicia-vacinacao-contra-a-covid-19\/"},"wordCount":367,"publisher":{"@id":"https:\/\/bahiaeconomica.com.br\/wp\/#organization"},"articleSection":["MUNIC\u00cdPIOS"],"inLanguage":"pt-BR"},{"@type":"WebPage","@id":"https:\/\/bahiaeconomica.com.br\/wp\/2021\/01\/21\/itabuna-santa-casa-inicia-vacinacao-contra-a-covid-19\/","url":"https:\/\/bahiaeconomica.com.br\/wp\/2021\/01\/21\/itabuna-santa-casa-inicia-vacinacao-contra-a-covid-19\/","name":"ITABUNA: SANTA CASA INICIA VACINA\u00c7\u00c3O CONTRA A COVID-19 - Bahia Economica","isPartOf":{"@id":"https:\/\/bahiaeconomica.com.br\/wp\/#website"},"datePublished":"2021-01-21T10:29:41+00:00","dateModified":"2021-01-21T10:29:41+00:00","description":"O maior portal de Economia da Bahia MUNIC\u00cdPIOS Bahia Economica","breadcrumb":{"@id":"https:\/\/bahiaeconomica.com.br\/wp\/2021\/01\/21\/itabuna-santa-casa-inicia-vacinacao-contra-a-covid-19\/#breadcrumb"},"inLanguage":"pt-BR","potentialAction":[{"@type":"ReadAction","target":["https:\/\/bahiaeconomica.com.br\/wp\/2021\/01\/21\/itabuna-santa-casa-inicia-vacinacao-contra-a-covid-19\/"]}]},{"@type":"BreadcrumbList","@id":"https:\/\/bahiaeconomica.com.br\/wp\/2021\/01\/21\/itabuna-santa-casa-inicia-vacinacao-contra-a-covid-19\/#breadcrumb","itemListElement":[{"@type":"ListItem","position":1,"name":"In\u00edcio","item":"https:\/\/bahiaeconomica.com.br\/wp\/"},{"@type":"ListItem","position":2,"name":"ITABUNA: SANTA CASA INICIA VACINA\u00c7\u00c3O CONTRA A COVID-19"}]},{"@type":"WebSite","@id":"https:\/\/bahiaeconomica.com.br\/wp\/#website","url":"https:\/\/bahiaeconomica.com.br\/wp\/","name":"Bahia Economica","description":"O maior portal de Economia da Bahia","publisher":{"@id":"https:\/\/bahiaeconomica.com.br\/wp\/#organization"},"potentialAction":[{"@type":"SearchAction","target":{"@type":"EntryPoint","urlTemplate":"https:\/\/bahiaeconomica.com.br\/wp\/?s={search_term_string}"},"query-input":"required name=search_term_string"}],"inLanguage":"pt-BR"},{"@type":"Organization","@id":"https:\/\/bahiaeconomica.com.br\/wp\/#organization","name":"Bahia Econ\u00f4mica","url":"https:\/\/bahiaeconomica.com.br\/wp\/","logo":{"@type":"ImageObject","inLanguage":"pt-BR","@id":"https:\/\/bahiaeconomica.com.br\/wp\/#\/schema\/logo\/image\/","url":"https:\/\/bahiaeconomica.com.br\/wp\/wp-content\/uploads\/2020\/12\/cropped-BE.png","contentUrl":"https:\/\/bahiaeconomica.com.br\/wp\/wp-content\/uploads\/2020\/12\/cropped-BE.png","width":512,"height":512,"caption":"Bahia Econ\u00f4mica"},"image":{"@id":"https:\/\/bahiaeconomica.com.br\/wp\/#\/schema\/logo\/image\/"},"sameAs":["https:\/\/www.facebook.com\/bahiaeconomica"]},{"@type":"Person","@id":"https:\/\/bahiaeconomica.com.br\/wp\/#\/schema\/person\/cb1ab5ba96ad3d9390805381c76284ec","name":"admin","url":"https:\/\/bahiaeconomica.com.br\/wp\/author\/admin\/"}]}},"views":2,"_links":{"self":[{"href":"https:\/\/bahiaeconomica.com.br\/wp\/wp-json\/wp\/v2\/posts\/529308"}],"collection":[{"href":"https:\/\/bahiaeconomica.com.br\/wp\/wp-json\/wp\/v2\/posts"}],"about":[{"href":"https:\/\/bahiaeconomica.com.br\/wp\/wp-json\/wp\/v2\/types\/post"}],"author":[{"embeddable":true,"href":"https:\/\/bahiaeconomica.com.br\/wp\/wp-json\/wp\/v2\/users\/1"}],"replies":[{"embeddable":true,"href":"https:\/\/bahiaeconomica.com.br\/wp\/wp-json\/wp\/v2\/comments?post=529308"}],"version-history":[{"count":1,"href":"https:\/\/bahiaeconomica.com.br\/wp\/wp-json\/wp\/v2\/posts\/529308\/revisions"}],"predecessor-version":[{"id":529312,"href":"https:\/\/bahiaeconomica.com.br\/wp\/wp-json\/wp\/v2\/posts\/529308\/revisions\/529312"}],"wp:featuredmedia":[{"embeddable":true,"href":"https:\/\/bahiaeconomica.com.br\/wp\/wp-json\/wp\/v2\/media\/529311"}],"wp:attachment":[{"href":"https:\/\/bahiaeconomica.com.br\/wp\/wp-json\/wp\/v2\/media?parent=529308"}],"wp:term":[{"taxonomy":"category","embeddable":true,"href":"https:\/\/bahiaeconomica.com.br\/wp\/wp-json\/wp\/v2\/categories?post=529308"},{"taxonomy":"post_tag","embeddable":true,"href":"https:\/\/bahiaeconomica.com.br\/wp\/wp-json\/wp\/v2\/tags?post=529308"}],"curies":[{"name":"wp","href":"https:\/\/api.w.org\/{rel}","templated":true}]}}