{"id":528189,"date":"2021-01-18T13:00:26","date_gmt":"2021-01-18T16:00:26","guid":{"rendered":"https:\/\/bahiaeconomica.com.br\/wp\/beta\/?p=528189"},"modified":"2021-01-18T13:11:06","modified_gmt":"2021-01-18T16:11:06","slug":"ilheus-aposentados-e-pensionistas-da-prefeitura-sao-convocados-para-recadastramento","status":"publish","type":"post","link":"https:\/\/bahiaeconomica.com.br\/wp\/2021\/01\/18\/ilheus-aposentados-e-pensionistas-da-prefeitura-sao-convocados-para-recadastramento\/","title":{"rendered":"ILH\u00c9US: APOSENTADOS S\u00c3O CONVOCADOS PARA RECADASTRAMENTO"},"content":{"rendered":"<p>A secretaria de Gest\u00e3o e Tecnologia do Munic\u00edpio de Ilh\u00e9us convoca todos os ex-servidores municipais aposentados, os que recebem complementa\u00e7\u00e3o e pensionistas, no \u00e2mbito da Prefeitura <!--more-->Municipal de Ilh\u00e9us, para realizar o recadastramento pessoal e obrigat\u00f3rio no per\u00edodo de 18 de janeiro a 05 de fevereiro de 2021, de segunda \u00e0 sexta-feira. Os convocados devem se dirigir ao Audit\u00f3rio da Secretaria de Sa\u00fade que fica na Rua Ara\u00fajo Pinho (antigo Pr\u00e9dio da Embratel), entre 8h30 e 12h e de 13h30 \u00e0s 18h.<\/p>\n<p>Os ex-servidores dever\u00e3o comparecer munidos de c\u00f3pia e originais de documentos como RG, CPF, comprovante de resid\u00eancia atualizado (\u00faltimos tr\u00eas meses) e extrato do benef\u00edcio do INSS. Em caso de doen\u00e7a grave, impossibilidade de locomo\u00e7\u00e3o ou aus\u00eancia do domic\u00edlio, conforme comprova\u00e7\u00e3o, o recadastramento poder\u00e1 ser realizado por instrumento p\u00fablico de procura\u00e7\u00e3o espec\u00edfica (com firma reconhecida e registro em Cart\u00f3rio) e, cujo prazo n\u00e3o poder\u00e1 ultrapassar 30 dias, a contar da data da sua outorga ou, se necess\u00e1rio, o interessado dever\u00e1 realizar agendamento com o setor.<\/p>\n<p>Aposentados e pensionistas da Prefeitura Municipal de Ilh\u00e9us devem comparecer dentro do per\u00edodo estipulado para o recadastramento para que n\u00e3o tenham os pagamentos suspensos no m\u00eas seguinte ao final do prazo estabelecido.&nbsp; A partir do comparecimento, o pagamento ser\u00e1 restabelecido no prazo de at\u00e9 30 (trinta) dias, foi o informado pela ger\u00eancia de Recursos Humanos da Prefeitura.<\/p>\n<p>Foto: divulga\u00e7\u00e3o<\/p>\n","protected":false},"excerpt":{"rendered":"<p>A secretaria de Gest\u00e3o e Tecnologia do Munic\u00edpio de Ilh\u00e9us convoca todos os ex-servidores municipais aposentados, os que recebem complementa\u00e7\u00e3o e pensionistas, no \u00e2mbito da Prefeitura<\/p>\n","protected":false},"author":1,"featured_media":528191,"comment_status":"closed","ping_status":"closed","sticky":false,"template":"","format":"standard","meta":[],"categories":[5],"tags":[],"acf":[],"yoast_head":"<!-- This site is optimized with the Yoast SEO plugin v20.8 - https:\/\/yoast.com\/wordpress\/plugins\/seo\/ -->\n<title>ILH\u00c9US: APOSENTADOS S\u00c3O CONVOCADOS PARA RECADASTRAMENTO - Bahia Economica<\/title>\n<meta name=\"description\" content=\"O maior portal de Economia da Bahia MUNIC\u00cdPIOS Bahia Economica\" \/>\n<meta name=\"robots\" content=\"index, follow, max-snippet:-1, max-image-preview:large, max-video-preview:-1\" \/>\n<link rel=\"canonical\" href=\"https:\/\/bahiaeconomica.com.br\/wp\/2021\/01\/18\/ilheus-aposentados-e-pensionistas-da-prefeitura-sao-convocados-para-recadastramento\/\" \/>\n<meta property=\"og:locale\" content=\"pt_BR\" \/>\n<meta property=\"og:type\" content=\"article\" \/>\n<meta property=\"og:title\" content=\"ILH\u00c9US: APOSENTADOS S\u00c3O CONVOCADOS PARA RECADASTRAMENTO - Bahia Economica\" \/>\n<meta property=\"og:description\" content=\"O maior portal de Economia da Bahia MUNIC\u00cdPIOS Bahia Economica\" \/>\n<meta property=\"og:url\" content=\"https:\/\/bahiaeconomica.com.br\/wp\/2021\/01\/18\/ilheus-aposentados-e-pensionistas-da-prefeitura-sao-convocados-para-recadastramento\/\" \/>\n<meta property=\"og:site_name\" content=\"Bahia Economica\" \/>\n<meta property=\"article:publisher\" content=\"https:\/\/www.facebook.com\/bahiaeconomica\" \/>\n<meta property=\"article:published_time\" content=\"2021-01-18T16:00:26+00:00\" \/>\n<meta property=\"article:modified_time\" content=\"2021-01-18T16:11:06+00:00\" \/>\n<meta property=\"og:image\" content=\"https:\/\/bahiaeconomica.com.br\/wp\/wp-content\/uploads\/2021\/01\/480E58AB-3C1A-0CBC-EBB1-8ECDEDDECDD5_650X450.jpg\" \/>\n\t<meta property=\"og:image:width\" content=\"650\" \/>\n\t<meta property=\"og:image:height\" content=\"450\" \/>\n\t<meta property=\"og:image:type\" content=\"image\/jpeg\" \/>\n<meta name=\"author\" content=\"admin\" \/>\n<meta name=\"twitter:card\" content=\"summary_large_image\" \/>\n<meta name=\"twitter:label1\" content=\"Escrito por\" \/>\n\t<meta name=\"twitter:data1\" content=\"admin\" \/>\n\t<meta name=\"twitter:label2\" content=\"Est. tempo de leitura\" \/>\n\t<meta name=\"twitter:data2\" content=\"1 minuto\" \/>\n<script type=\"application\/ld+json\" class=\"yoast-schema-graph\">{\"@context\":\"https:\/\/schema.org\",\"@graph\":[{\"@type\":\"Article\",\"@id\":\"https:\/\/bahiaeconomica.com.br\/wp\/2021\/01\/18\/ilheus-aposentados-e-pensionistas-da-prefeitura-sao-convocados-para-recadastramento\/#article\",\"isPartOf\":{\"@id\":\"https:\/\/bahiaeconomica.com.br\/wp\/2021\/01\/18\/ilheus-aposentados-e-pensionistas-da-prefeitura-sao-convocados-para-recadastramento\/\"},\"author\":{\"name\":\"admin\",\"@id\":\"https:\/\/bahiaeconomica.com.br\/wp\/#\/schema\/person\/cb1ab5ba96ad3d9390805381c76284ec\"},\"headline\":\"ILH\u00c9US: APOSENTADOS S\u00c3O CONVOCADOS PARA RECADASTRAMENTO\",\"datePublished\":\"2021-01-18T16:00:26+00:00\",\"dateModified\":\"2021-01-18T16:11:06+00:00\",\"mainEntityOfPage\":{\"@id\":\"https:\/\/bahiaeconomica.com.br\/wp\/2021\/01\/18\/ilheus-aposentados-e-pensionistas-da-prefeitura-sao-convocados-para-recadastramento\/\"},\"wordCount\":262,\"publisher\":{\"@id\":\"https:\/\/bahiaeconomica.com.br\/wp\/#organization\"},\"articleSection\":[\"MUNIC\u00cdPIOS\"],\"inLanguage\":\"pt-BR\"},{\"@type\":\"WebPage\",\"@id\":\"https:\/\/bahiaeconomica.com.br\/wp\/2021\/01\/18\/ilheus-aposentados-e-pensionistas-da-prefeitura-sao-convocados-para-recadastramento\/\",\"url\":\"https:\/\/bahiaeconomica.com.br\/wp\/2021\/01\/18\/ilheus-aposentados-e-pensionistas-da-prefeitura-sao-convocados-para-recadastramento\/\",\"name\":\"ILH\u00c9US: APOSENTADOS S\u00c3O CONVOCADOS PARA RECADASTRAMENTO - Bahia Economica\",\"isPartOf\":{\"@id\":\"https:\/\/bahiaeconomica.com.br\/wp\/#website\"},\"datePublished\":\"2021-01-18T16:00:26+00:00\",\"dateModified\":\"2021-01-18T16:11:06+00:00\",\"description\":\"O maior portal de Economia da Bahia MUNIC\u00cdPIOS Bahia Economica\",\"breadcrumb\":{\"@id\":\"https:\/\/bahiaeconomica.com.br\/wp\/2021\/01\/18\/ilheus-aposentados-e-pensionistas-da-prefeitura-sao-convocados-para-recadastramento\/#breadcrumb\"},\"inLanguage\":\"pt-BR\",\"potentialAction\":[{\"@type\":\"ReadAction\",\"target\":[\"https:\/\/bahiaeconomica.com.br\/wp\/2021\/01\/18\/ilheus-aposentados-e-pensionistas-da-prefeitura-sao-convocados-para-recadastramento\/\"]}]},{\"@type\":\"BreadcrumbList\",\"@id\":\"https:\/\/bahiaeconomica.com.br\/wp\/2021\/01\/18\/ilheus-aposentados-e-pensionistas-da-prefeitura-sao-convocados-para-recadastramento\/#breadcrumb\",\"itemListElement\":[{\"@type\":\"ListItem\",\"position\":1,\"name\":\"In\u00edcio\",\"item\":\"https:\/\/bahiaeconomica.com.br\/wp\/\"},{\"@type\":\"ListItem\",\"position\":2,\"name\":\"ILH\u00c9US: APOSENTADOS S\u00c3O CONVOCADOS PARA RECADASTRAMENTO\"}]},{\"@type\":\"WebSite\",\"@id\":\"https:\/\/bahiaeconomica.com.br\/wp\/#website\",\"url\":\"https:\/\/bahiaeconomica.com.br\/wp\/\",\"name\":\"Bahia Economica\",\"description\":\"O maior portal de Economia da Bahia\",\"publisher\":{\"@id\":\"https:\/\/bahiaeconomica.com.br\/wp\/#organization\"},\"potentialAction\":[{\"@type\":\"SearchAction\",\"target\":{\"@type\":\"EntryPoint\",\"urlTemplate\":\"https:\/\/bahiaeconomica.com.br\/wp\/?s={search_term_string}\"},\"query-input\":\"required name=search_term_string\"}],\"inLanguage\":\"pt-BR\"},{\"@type\":\"Organization\",\"@id\":\"https:\/\/bahiaeconomica.com.br\/wp\/#organization\",\"name\":\"Bahia Econ\u00f4mica\",\"url\":\"https:\/\/bahiaeconomica.com.br\/wp\/\",\"logo\":{\"@type\":\"ImageObject\",\"inLanguage\":\"pt-BR\",\"@id\":\"https:\/\/bahiaeconomica.com.br\/wp\/#\/schema\/logo\/image\/\",\"url\":\"https:\/\/bahiaeconomica.com.br\/wp\/wp-content\/uploads\/2020\/12\/cropped-BE.png\",\"contentUrl\":\"https:\/\/bahiaeconomica.com.br\/wp\/wp-content\/uploads\/2020\/12\/cropped-BE.png\",\"width\":512,\"height\":512,\"caption\":\"Bahia Econ\u00f4mica\"},\"image\":{\"@id\":\"https:\/\/bahiaeconomica.com.br\/wp\/#\/schema\/logo\/image\/\"},\"sameAs\":[\"https:\/\/www.facebook.com\/bahiaeconomica\"]},{\"@type\":\"Person\",\"@id\":\"https:\/\/bahiaeconomica.com.br\/wp\/#\/schema\/person\/cb1ab5ba96ad3d9390805381c76284ec\",\"name\":\"admin\",\"url\":\"https:\/\/bahiaeconomica.com.br\/wp\/author\/admin\/\"}]}<\/script>\n<!-- \/ Yoast SEO plugin. -->","yoast_head_json":{"title":"ILH\u00c9US: APOSENTADOS S\u00c3O CONVOCADOS PARA RECADASTRAMENTO - Bahia Economica","description":"O maior portal de Economia da Bahia MUNIC\u00cdPIOS Bahia Economica","robots":{"index":"index","follow":"follow","max-snippet":"max-snippet:-1","max-image-preview":"max-image-preview:large","max-video-preview":"max-video-preview:-1"},"canonical":"https:\/\/bahiaeconomica.com.br\/wp\/2021\/01\/18\/ilheus-aposentados-e-pensionistas-da-prefeitura-sao-convocados-para-recadastramento\/","og_locale":"pt_BR","og_type":"article","og_title":"ILH\u00c9US: APOSENTADOS S\u00c3O CONVOCADOS PARA RECADASTRAMENTO - Bahia Economica","og_description":"O maior portal de Economia da Bahia MUNIC\u00cdPIOS Bahia Economica","og_url":"https:\/\/bahiaeconomica.com.br\/wp\/2021\/01\/18\/ilheus-aposentados-e-pensionistas-da-prefeitura-sao-convocados-para-recadastramento\/","og_site_name":"Bahia Economica","article_publisher":"https:\/\/www.facebook.com\/bahiaeconomica","article_published_time":"2021-01-18T16:00:26+00:00","article_modified_time":"2021-01-18T16:11:06+00:00","og_image":[{"width":650,"height":450,"url":"https:\/\/bahiaeconomica.com.br\/wp\/wp-content\/uploads\/2021\/01\/480E58AB-3C1A-0CBC-EBB1-8ECDEDDECDD5_650X450.jpg","type":"image\/jpeg"}],"author":"admin","twitter_card":"summary_large_image","twitter_misc":{"Escrito por":"admin","Est. tempo de leitura":"1 minuto"},"schema":{"@context":"https:\/\/schema.org","@graph":[{"@type":"Article","@id":"https:\/\/bahiaeconomica.com.br\/wp\/2021\/01\/18\/ilheus-aposentados-e-pensionistas-da-prefeitura-sao-convocados-para-recadastramento\/#article","isPartOf":{"@id":"https:\/\/bahiaeconomica.com.br\/wp\/2021\/01\/18\/ilheus-aposentados-e-pensionistas-da-prefeitura-sao-convocados-para-recadastramento\/"},"author":{"name":"admin","@id":"https:\/\/bahiaeconomica.com.br\/wp\/#\/schema\/person\/cb1ab5ba96ad3d9390805381c76284ec"},"headline":"ILH\u00c9US: APOSENTADOS S\u00c3O CONVOCADOS PARA RECADASTRAMENTO","datePublished":"2021-01-18T16:00:26+00:00","dateModified":"2021-01-18T16:11:06+00:00","mainEntityOfPage":{"@id":"https:\/\/bahiaeconomica.com.br\/wp\/2021\/01\/18\/ilheus-aposentados-e-pensionistas-da-prefeitura-sao-convocados-para-recadastramento\/"},"wordCount":262,"publisher":{"@id":"https:\/\/bahiaeconomica.com.br\/wp\/#organization"},"articleSection":["MUNIC\u00cdPIOS"],"inLanguage":"pt-BR"},{"@type":"WebPage","@id":"https:\/\/bahiaeconomica.com.br\/wp\/2021\/01\/18\/ilheus-aposentados-e-pensionistas-da-prefeitura-sao-convocados-para-recadastramento\/","url":"https:\/\/bahiaeconomica.com.br\/wp\/2021\/01\/18\/ilheus-aposentados-e-pensionistas-da-prefeitura-sao-convocados-para-recadastramento\/","name":"ILH\u00c9US: APOSENTADOS S\u00c3O CONVOCADOS PARA RECADASTRAMENTO - Bahia Economica","isPartOf":{"@id":"https:\/\/bahiaeconomica.com.br\/wp\/#website"},"datePublished":"2021-01-18T16:00:26+00:00","dateModified":"2021-01-18T16:11:06+00:00","description":"O maior portal de Economia da Bahia MUNIC\u00cdPIOS Bahia Economica","breadcrumb":{"@id":"https:\/\/bahiaeconomica.com.br\/wp\/2021\/01\/18\/ilheus-aposentados-e-pensionistas-da-prefeitura-sao-convocados-para-recadastramento\/#breadcrumb"},"inLanguage":"pt-BR","potentialAction":[{"@type":"ReadAction","target":["https:\/\/bahiaeconomica.com.br\/wp\/2021\/01\/18\/ilheus-aposentados-e-pensionistas-da-prefeitura-sao-convocados-para-recadastramento\/"]}]},{"@type":"BreadcrumbList","@id":"https:\/\/bahiaeconomica.com.br\/wp\/2021\/01\/18\/ilheus-aposentados-e-pensionistas-da-prefeitura-sao-convocados-para-recadastramento\/#breadcrumb","itemListElement":[{"@type":"ListItem","position":1,"name":"In\u00edcio","item":"https:\/\/bahiaeconomica.com.br\/wp\/"},{"@type":"ListItem","position":2,"name":"ILH\u00c9US: APOSENTADOS S\u00c3O CONVOCADOS PARA RECADASTRAMENTO"}]},{"@type":"WebSite","@id":"https:\/\/bahiaeconomica.com.br\/wp\/#website","url":"https:\/\/bahiaeconomica.com.br\/wp\/","name":"Bahia Economica","description":"O maior portal de Economia da Bahia","publisher":{"@id":"https:\/\/bahiaeconomica.com.br\/wp\/#organization"},"potentialAction":[{"@type":"SearchAction","target":{"@type":"EntryPoint","urlTemplate":"https:\/\/bahiaeconomica.com.br\/wp\/?s={search_term_string}"},"query-input":"required name=search_term_string"}],"inLanguage":"pt-BR"},{"@type":"Organization","@id":"https:\/\/bahiaeconomica.com.br\/wp\/#organization","name":"Bahia Econ\u00f4mica","url":"https:\/\/bahiaeconomica.com.br\/wp\/","logo":{"@type":"ImageObject","inLanguage":"pt-BR","@id":"https:\/\/bahiaeconomica.com.br\/wp\/#\/schema\/logo\/image\/","url":"https:\/\/bahiaeconomica.com.br\/wp\/wp-content\/uploads\/2020\/12\/cropped-BE.png","contentUrl":"https:\/\/bahiaeconomica.com.br\/wp\/wp-content\/uploads\/2020\/12\/cropped-BE.png","width":512,"height":512,"caption":"Bahia Econ\u00f4mica"},"image":{"@id":"https:\/\/bahiaeconomica.com.br\/wp\/#\/schema\/logo\/image\/"},"sameAs":["https:\/\/www.facebook.com\/bahiaeconomica"]},{"@type":"Person","@id":"https:\/\/bahiaeconomica.com.br\/wp\/#\/schema\/person\/cb1ab5ba96ad3d9390805381c76284ec","name":"admin","url":"https:\/\/bahiaeconomica.com.br\/wp\/author\/admin\/"}]}},"views":2,"_links":{"self":[{"href":"https:\/\/bahiaeconomica.com.br\/wp\/wp-json\/wp\/v2\/posts\/528189"}],"collection":[{"href":"https:\/\/bahiaeconomica.com.br\/wp\/wp-json\/wp\/v2\/posts"}],"about":[{"href":"https:\/\/bahiaeconomica.com.br\/wp\/wp-json\/wp\/v2\/types\/post"}],"author":[{"embeddable":true,"href":"https:\/\/bahiaeconomica.com.br\/wp\/wp-json\/wp\/v2\/users\/1"}],"replies":[{"embeddable":true,"href":"https:\/\/bahiaeconomica.com.br\/wp\/wp-json\/wp\/v2\/comments?post=528189"}],"version-history":[{"count":2,"href":"https:\/\/bahiaeconomica.com.br\/wp\/wp-json\/wp\/v2\/posts\/528189\/revisions"}],"predecessor-version":[{"id":528193,"href":"https:\/\/bahiaeconomica.com.br\/wp\/wp-json\/wp\/v2\/posts\/528189\/revisions\/528193"}],"wp:featuredmedia":[{"embeddable":true,"href":"https:\/\/bahiaeconomica.com.br\/wp\/wp-json\/wp\/v2\/media\/528191"}],"wp:attachment":[{"href":"https:\/\/bahiaeconomica.com.br\/wp\/wp-json\/wp\/v2\/media?parent=528189"}],"wp:term":[{"taxonomy":"category","embeddable":true,"href":"https:\/\/bahiaeconomica.com.br\/wp\/wp-json\/wp\/v2\/categories?post=528189"},{"taxonomy":"post_tag","embeddable":true,"href":"https:\/\/bahiaeconomica.com.br\/wp\/wp-json\/wp\/v2\/tags?post=528189"}],"curies":[{"name":"wp","href":"https:\/\/api.w.org\/{rel}","templated":true}]}}