{"id":527843,"date":"2021-01-15T12:05:44","date_gmt":"2021-01-15T15:05:44","guid":{"rendered":"https:\/\/bahiaeconomica.com.br\/wp\/beta\/?p=527843"},"modified":"2021-01-15T12:06:23","modified_gmt":"2021-01-15T15:06:23","slug":"bolsonaro-assina-decreto-do-programa-casa-verde-e-amarela","status":"publish","type":"post","link":"https:\/\/bahiaeconomica.com.br\/wp\/2021\/01\/15\/bolsonaro-assina-decreto-do-programa-casa-verde-e-amarela\/","title":{"rendered":"BOLSONARO ASSINA DECRETO DO PROGRAMA CASA VERDE E AMARELA"},"content":{"rendered":"<p>O presidente Jair Bolsonaro assinou decreto que regulamenta a lei do programa Casa Verde e Amarela, nova pol\u00edtica habitacional do governo federal, <!--more-->lan\u00e7ada em agosto do ano passado para suceder o programa Minha Casa, Minha Vida. A meta do governo \u00e9 atender 1,2 milh\u00e3o de fam\u00edlias at\u00e9 31 de dezembro de 2022.<\/p>\n<p>O decreto divide as fam\u00edlias como residentes em \u00e1reas urbanas e rurais. O primeiro grupo atender\u00e1 fam\u00edlias com renda bruta mensal de R$ 2 mil a R$ 7 mil. J\u00e1 o grupo rural abranger\u00e1 fam\u00edlias com renda anual de R$ 24 mil a R$ 84 mil. O c\u00e1lculo da renda n\u00e3o levar\u00e1 em conta os valores percebidos a t\u00edtulo de aux\u00edlio-doen\u00e7a, de aux\u00edlio-acidente, de seguro-desemprego, de Benef\u00edcio de Presta\u00e7\u00e3o Continuada, do Programa Bolsa Fam\u00edlia.<\/p>\n<p>Ser\u00e3o priorizadas as fam\u00edlias que tenham mulher como respons\u00e1vel; aquelas que tenham pessoas com defici\u00eancia; idosos; crian\u00e7as e adolescentes em situa\u00e7\u00e3o de vulnerabilidade.<\/p>\n<p>O programa atender\u00e1 a produ\u00e7\u00e3o, aquisi\u00e7\u00e3o ou requalifica\u00e7\u00e3o, subsidiada ou financiada para im\u00f3veis novos e usados. Os atendimentos poder\u00e3o realizados sob a forma de cess\u00e3o, de doa\u00e7\u00e3o, de loca\u00e7\u00e3o, de comodato, de arrendamento ou de venda, mediante financiamento ou n\u00e3o, em contrato subsidiado ou n\u00e3o, total ou parcialmente, conforme grupo de renda familiar.<\/p>\n<p>A medida prev\u00ea a libera\u00e7\u00e3o de subven\u00e7\u00e3o de at\u00e9 R$ 110 mil para produ\u00e7\u00e3o ou aquisi\u00e7\u00e3o de im\u00f3veis novos ou usados, em \u00e1reas urbanas. Para \u00e1reas rurais, o valor chega a R$ 45 mil. Para a requalifica\u00e7\u00e3o de im\u00f3veis em \u00e1reas urbanas, o valor chega a R$ 140 mil. A melhoria habitacional em \u00e1reas urbanas ou rurais ter\u00e1 o limite de R$ 23 mil. J\u00e1 a regulariza\u00e7\u00e3o fundi\u00e1ria em \u00e1reas urbanas alcan\u00e7ar\u00e1 at\u00e9 R$ 2 mil.<\/p>\n<p>De acordo com o Minist\u00e9rio do Desenvolvimento Regional, as regi\u00f5es Norte e Nordeste ser\u00e3o contempladas com a redu\u00e7\u00e3o nas taxas em at\u00e9 0,5 ponto percentual para fam\u00edlias com renda de at\u00e9 R$ 2 mil mensais e 0,25 ponto para quem ganha entre R$ 2 mil e R$ 2,6 mil. Nessas localidades, os juros poder\u00e3o chegar a 4,25% ao ano e, nas demais regi\u00f5es, a 4,5% ao ano. (Ag\u00eancia Brasil)<\/p>\n<p>Foto: Lula Marques\/Fotos P\u00fablicas<\/p>\n","protected":false},"excerpt":{"rendered":"<p>O presidente Jair Bolsonaro assinou decreto que regulamenta a lei do programa Casa Verde e Amarela, nova pol\u00edtica habitacional do governo federal,<\/p>\n","protected":false},"author":1,"featured_media":505706,"comment_status":"closed","ping_status":"closed","sticky":false,"template":"","format":"standard","meta":[],"categories":[14,3],"tags":[],"acf":[],"yoast_head":"<!-- This site is optimized with the Yoast SEO plugin v20.8 - https:\/\/yoast.com\/wordpress\/plugins\/seo\/ -->\n<title>BOLSONARO ASSINA DECRETO DO PROGRAMA CASA VERDE E AMARELA - Bahia Economica<\/title>\n<meta name=\"description\" content=\"O maior portal de Economia da Bahia DESTAQUE DO DIA, ECONOMIA \/ POL\u00cdTICA Bahia Economica\" \/>\n<meta name=\"robots\" content=\"index, follow, max-snippet:-1, max-image-preview:large, max-video-preview:-1\" \/>\n<link rel=\"canonical\" href=\"https:\/\/bahiaeconomica.com.br\/wp\/2021\/01\/15\/bolsonaro-assina-decreto-do-programa-casa-verde-e-amarela\/\" \/>\n<meta property=\"og:locale\" content=\"pt_BR\" \/>\n<meta property=\"og:type\" content=\"article\" \/>\n<meta property=\"og:title\" content=\"BOLSONARO ASSINA DECRETO DO PROGRAMA CASA VERDE E AMARELA - Bahia Economica\" \/>\n<meta property=\"og:description\" content=\"O maior portal de Economia da Bahia DESTAQUE DO DIA, ECONOMIA \/ POL\u00cdTICA Bahia Economica\" \/>\n<meta property=\"og:url\" content=\"https:\/\/bahiaeconomica.com.br\/wp\/2021\/01\/15\/bolsonaro-assina-decreto-do-programa-casa-verde-e-amarela\/\" \/>\n<meta property=\"og:site_name\" content=\"Bahia Economica\" \/>\n<meta property=\"article:publisher\" content=\"https:\/\/www.facebook.com\/bahiaeconomica\" \/>\n<meta property=\"article:published_time\" content=\"2021-01-15T15:05:44+00:00\" \/>\n<meta property=\"article:modified_time\" content=\"2021-01-15T15:06:23+00:00\" \/>\n<meta property=\"og:image\" content=\"https:\/\/bahiaeconomica.com.br\/wp\/wp-content\/uploads\/2020\/10\/bolsonaro.jpg\" \/>\n\t<meta property=\"og:image:width\" content=\"500\" \/>\n\t<meta property=\"og:image:height\" content=\"333\" \/>\n\t<meta property=\"og:image:type\" content=\"image\/jpeg\" \/>\n<meta name=\"author\" content=\"admin\" \/>\n<meta name=\"twitter:card\" content=\"summary_large_image\" \/>\n<meta name=\"twitter:label1\" content=\"Escrito por\" \/>\n\t<meta name=\"twitter:data1\" content=\"admin\" \/>\n\t<meta name=\"twitter:label2\" content=\"Est. tempo de leitura\" \/>\n\t<meta name=\"twitter:data2\" content=\"2 minutos\" \/>\n<script type=\"application\/ld+json\" class=\"yoast-schema-graph\">{\"@context\":\"https:\/\/schema.org\",\"@graph\":[{\"@type\":\"Article\",\"@id\":\"https:\/\/bahiaeconomica.com.br\/wp\/2021\/01\/15\/bolsonaro-assina-decreto-do-programa-casa-verde-e-amarela\/#article\",\"isPartOf\":{\"@id\":\"https:\/\/bahiaeconomica.com.br\/wp\/2021\/01\/15\/bolsonaro-assina-decreto-do-programa-casa-verde-e-amarela\/\"},\"author\":{\"name\":\"admin\",\"@id\":\"https:\/\/bahiaeconomica.com.br\/wp\/#\/schema\/person\/cb1ab5ba96ad3d9390805381c76284ec\"},\"headline\":\"BOLSONARO ASSINA DECRETO DO PROGRAMA CASA VERDE E AMARELA\",\"datePublished\":\"2021-01-15T15:05:44+00:00\",\"dateModified\":\"2021-01-15T15:06:23+00:00\",\"mainEntityOfPage\":{\"@id\":\"https:\/\/bahiaeconomica.com.br\/wp\/2021\/01\/15\/bolsonaro-assina-decreto-do-programa-casa-verde-e-amarela\/\"},\"wordCount\":392,\"publisher\":{\"@id\":\"https:\/\/bahiaeconomica.com.br\/wp\/#organization\"},\"articleSection\":[\"DESTAQUE DO DIA\",\"ECONOMIA \/ POL\u00cdTICA\"],\"inLanguage\":\"pt-BR\"},{\"@type\":\"WebPage\",\"@id\":\"https:\/\/bahiaeconomica.com.br\/wp\/2021\/01\/15\/bolsonaro-assina-decreto-do-programa-casa-verde-e-amarela\/\",\"url\":\"https:\/\/bahiaeconomica.com.br\/wp\/2021\/01\/15\/bolsonaro-assina-decreto-do-programa-casa-verde-e-amarela\/\",\"name\":\"BOLSONARO ASSINA DECRETO DO PROGRAMA CASA VERDE E AMARELA - Bahia Economica\",\"isPartOf\":{\"@id\":\"https:\/\/bahiaeconomica.com.br\/wp\/#website\"},\"datePublished\":\"2021-01-15T15:05:44+00:00\",\"dateModified\":\"2021-01-15T15:06:23+00:00\",\"description\":\"O maior portal de Economia da Bahia DESTAQUE DO DIA, ECONOMIA \/ POL\u00cdTICA Bahia Economica\",\"breadcrumb\":{\"@id\":\"https:\/\/bahiaeconomica.com.br\/wp\/2021\/01\/15\/bolsonaro-assina-decreto-do-programa-casa-verde-e-amarela\/#breadcrumb\"},\"inLanguage\":\"pt-BR\",\"potentialAction\":[{\"@type\":\"ReadAction\",\"target\":[\"https:\/\/bahiaeconomica.com.br\/wp\/2021\/01\/15\/bolsonaro-assina-decreto-do-programa-casa-verde-e-amarela\/\"]}]},{\"@type\":\"BreadcrumbList\",\"@id\":\"https:\/\/bahiaeconomica.com.br\/wp\/2021\/01\/15\/bolsonaro-assina-decreto-do-programa-casa-verde-e-amarela\/#breadcrumb\",\"itemListElement\":[{\"@type\":\"ListItem\",\"position\":1,\"name\":\"In\u00edcio\",\"item\":\"https:\/\/bahiaeconomica.com.br\/wp\/\"},{\"@type\":\"ListItem\",\"position\":2,\"name\":\"BOLSONARO ASSINA DECRETO DO PROGRAMA CASA VERDE E AMARELA\"}]},{\"@type\":\"WebSite\",\"@id\":\"https:\/\/bahiaeconomica.com.br\/wp\/#website\",\"url\":\"https:\/\/bahiaeconomica.com.br\/wp\/\",\"name\":\"Bahia Economica\",\"description\":\"O maior portal de Economia da Bahia\",\"publisher\":{\"@id\":\"https:\/\/bahiaeconomica.com.br\/wp\/#organization\"},\"potentialAction\":[{\"@type\":\"SearchAction\",\"target\":{\"@type\":\"EntryPoint\",\"urlTemplate\":\"https:\/\/bahiaeconomica.com.br\/wp\/?s={search_term_string}\"},\"query-input\":\"required name=search_term_string\"}],\"inLanguage\":\"pt-BR\"},{\"@type\":\"Organization\",\"@id\":\"https:\/\/bahiaeconomica.com.br\/wp\/#organization\",\"name\":\"Bahia Econ\u00f4mica\",\"url\":\"https:\/\/bahiaeconomica.com.br\/wp\/\",\"logo\":{\"@type\":\"ImageObject\",\"inLanguage\":\"pt-BR\",\"@id\":\"https:\/\/bahiaeconomica.com.br\/wp\/#\/schema\/logo\/image\/\",\"url\":\"https:\/\/bahiaeconomica.com.br\/wp\/wp-content\/uploads\/2020\/12\/cropped-BE.png\",\"contentUrl\":\"https:\/\/bahiaeconomica.com.br\/wp\/wp-content\/uploads\/2020\/12\/cropped-BE.png\",\"width\":512,\"height\":512,\"caption\":\"Bahia Econ\u00f4mica\"},\"image\":{\"@id\":\"https:\/\/bahiaeconomica.com.br\/wp\/#\/schema\/logo\/image\/\"},\"sameAs\":[\"https:\/\/www.facebook.com\/bahiaeconomica\"]},{\"@type\":\"Person\",\"@id\":\"https:\/\/bahiaeconomica.com.br\/wp\/#\/schema\/person\/cb1ab5ba96ad3d9390805381c76284ec\",\"name\":\"admin\",\"url\":\"https:\/\/bahiaeconomica.com.br\/wp\/author\/admin\/\"}]}<\/script>\n<!-- \/ Yoast SEO plugin. -->","yoast_head_json":{"title":"BOLSONARO ASSINA DECRETO DO PROGRAMA CASA VERDE E AMARELA - Bahia Economica","description":"O maior portal de Economia da Bahia DESTAQUE DO DIA, ECONOMIA \/ POL\u00cdTICA Bahia Economica","robots":{"index":"index","follow":"follow","max-snippet":"max-snippet:-1","max-image-preview":"max-image-preview:large","max-video-preview":"max-video-preview:-1"},"canonical":"https:\/\/bahiaeconomica.com.br\/wp\/2021\/01\/15\/bolsonaro-assina-decreto-do-programa-casa-verde-e-amarela\/","og_locale":"pt_BR","og_type":"article","og_title":"BOLSONARO ASSINA DECRETO DO PROGRAMA CASA VERDE E AMARELA - Bahia Economica","og_description":"O maior portal de Economia da Bahia DESTAQUE DO DIA, ECONOMIA \/ POL\u00cdTICA Bahia Economica","og_url":"https:\/\/bahiaeconomica.com.br\/wp\/2021\/01\/15\/bolsonaro-assina-decreto-do-programa-casa-verde-e-amarela\/","og_site_name":"Bahia Economica","article_publisher":"https:\/\/www.facebook.com\/bahiaeconomica","article_published_time":"2021-01-15T15:05:44+00:00","article_modified_time":"2021-01-15T15:06:23+00:00","og_image":[{"width":500,"height":333,"url":"https:\/\/bahiaeconomica.com.br\/wp\/wp-content\/uploads\/2020\/10\/bolsonaro.jpg","type":"image\/jpeg"}],"author":"admin","twitter_card":"summary_large_image","twitter_misc":{"Escrito por":"admin","Est. tempo de leitura":"2 minutos"},"schema":{"@context":"https:\/\/schema.org","@graph":[{"@type":"Article","@id":"https:\/\/bahiaeconomica.com.br\/wp\/2021\/01\/15\/bolsonaro-assina-decreto-do-programa-casa-verde-e-amarela\/#article","isPartOf":{"@id":"https:\/\/bahiaeconomica.com.br\/wp\/2021\/01\/15\/bolsonaro-assina-decreto-do-programa-casa-verde-e-amarela\/"},"author":{"name":"admin","@id":"https:\/\/bahiaeconomica.com.br\/wp\/#\/schema\/person\/cb1ab5ba96ad3d9390805381c76284ec"},"headline":"BOLSONARO ASSINA DECRETO DO PROGRAMA CASA VERDE E AMARELA","datePublished":"2021-01-15T15:05:44+00:00","dateModified":"2021-01-15T15:06:23+00:00","mainEntityOfPage":{"@id":"https:\/\/bahiaeconomica.com.br\/wp\/2021\/01\/15\/bolsonaro-assina-decreto-do-programa-casa-verde-e-amarela\/"},"wordCount":392,"publisher":{"@id":"https:\/\/bahiaeconomica.com.br\/wp\/#organization"},"articleSection":["DESTAQUE DO DIA","ECONOMIA \/ POL\u00cdTICA"],"inLanguage":"pt-BR"},{"@type":"WebPage","@id":"https:\/\/bahiaeconomica.com.br\/wp\/2021\/01\/15\/bolsonaro-assina-decreto-do-programa-casa-verde-e-amarela\/","url":"https:\/\/bahiaeconomica.com.br\/wp\/2021\/01\/15\/bolsonaro-assina-decreto-do-programa-casa-verde-e-amarela\/","name":"BOLSONARO ASSINA DECRETO DO PROGRAMA CASA VERDE E AMARELA - Bahia Economica","isPartOf":{"@id":"https:\/\/bahiaeconomica.com.br\/wp\/#website"},"datePublished":"2021-01-15T15:05:44+00:00","dateModified":"2021-01-15T15:06:23+00:00","description":"O maior portal de Economia da Bahia DESTAQUE DO DIA, ECONOMIA \/ POL\u00cdTICA Bahia Economica","breadcrumb":{"@id":"https:\/\/bahiaeconomica.com.br\/wp\/2021\/01\/15\/bolsonaro-assina-decreto-do-programa-casa-verde-e-amarela\/#breadcrumb"},"inLanguage":"pt-BR","potentialAction":[{"@type":"ReadAction","target":["https:\/\/bahiaeconomica.com.br\/wp\/2021\/01\/15\/bolsonaro-assina-decreto-do-programa-casa-verde-e-amarela\/"]}]},{"@type":"BreadcrumbList","@id":"https:\/\/bahiaeconomica.com.br\/wp\/2021\/01\/15\/bolsonaro-assina-decreto-do-programa-casa-verde-e-amarela\/#breadcrumb","itemListElement":[{"@type":"ListItem","position":1,"name":"In\u00edcio","item":"https:\/\/bahiaeconomica.com.br\/wp\/"},{"@type":"ListItem","position":2,"name":"BOLSONARO ASSINA DECRETO DO PROGRAMA CASA VERDE E AMARELA"}]},{"@type":"WebSite","@id":"https:\/\/bahiaeconomica.com.br\/wp\/#website","url":"https:\/\/bahiaeconomica.com.br\/wp\/","name":"Bahia Economica","description":"O maior portal de Economia da Bahia","publisher":{"@id":"https:\/\/bahiaeconomica.com.br\/wp\/#organization"},"potentialAction":[{"@type":"SearchAction","target":{"@type":"EntryPoint","urlTemplate":"https:\/\/bahiaeconomica.com.br\/wp\/?s={search_term_string}"},"query-input":"required name=search_term_string"}],"inLanguage":"pt-BR"},{"@type":"Organization","@id":"https:\/\/bahiaeconomica.com.br\/wp\/#organization","name":"Bahia Econ\u00f4mica","url":"https:\/\/bahiaeconomica.com.br\/wp\/","logo":{"@type":"ImageObject","inLanguage":"pt-BR","@id":"https:\/\/bahiaeconomica.com.br\/wp\/#\/schema\/logo\/image\/","url":"https:\/\/bahiaeconomica.com.br\/wp\/wp-content\/uploads\/2020\/12\/cropped-BE.png","contentUrl":"https:\/\/bahiaeconomica.com.br\/wp\/wp-content\/uploads\/2020\/12\/cropped-BE.png","width":512,"height":512,"caption":"Bahia Econ\u00f4mica"},"image":{"@id":"https:\/\/bahiaeconomica.com.br\/wp\/#\/schema\/logo\/image\/"},"sameAs":["https:\/\/www.facebook.com\/bahiaeconomica"]},{"@type":"Person","@id":"https:\/\/bahiaeconomica.com.br\/wp\/#\/schema\/person\/cb1ab5ba96ad3d9390805381c76284ec","name":"admin","url":"https:\/\/bahiaeconomica.com.br\/wp\/author\/admin\/"}]}},"views":0,"_links":{"self":[{"href":"https:\/\/bahiaeconomica.com.br\/wp\/wp-json\/wp\/v2\/posts\/527843"}],"collection":[{"href":"https:\/\/bahiaeconomica.com.br\/wp\/wp-json\/wp\/v2\/posts"}],"about":[{"href":"https:\/\/bahiaeconomica.com.br\/wp\/wp-json\/wp\/v2\/types\/post"}],"author":[{"embeddable":true,"href":"https:\/\/bahiaeconomica.com.br\/wp\/wp-json\/wp\/v2\/users\/1"}],"replies":[{"embeddable":true,"href":"https:\/\/bahiaeconomica.com.br\/wp\/wp-json\/wp\/v2\/comments?post=527843"}],"version-history":[{"count":2,"href":"https:\/\/bahiaeconomica.com.br\/wp\/wp-json\/wp\/v2\/posts\/527843\/revisions"}],"predecessor-version":[{"id":527846,"href":"https:\/\/bahiaeconomica.com.br\/wp\/wp-json\/wp\/v2\/posts\/527843\/revisions\/527846"}],"wp:featuredmedia":[{"embeddable":true,"href":"https:\/\/bahiaeconomica.com.br\/wp\/wp-json\/wp\/v2\/media\/505706"}],"wp:attachment":[{"href":"https:\/\/bahiaeconomica.com.br\/wp\/wp-json\/wp\/v2\/media?parent=527843"}],"wp:term":[{"taxonomy":"category","embeddable":true,"href":"https:\/\/bahiaeconomica.com.br\/wp\/wp-json\/wp\/v2\/categories?post=527843"},{"taxonomy":"post_tag","embeddable":true,"href":"https:\/\/bahiaeconomica.com.br\/wp\/wp-json\/wp\/v2\/tags?post=527843"}],"curies":[{"name":"wp","href":"https:\/\/api.w.org\/{rel}","templated":true}]}}