{"id":526740,"date":"2021-01-12T10:22:14","date_gmt":"2021-01-12T13:22:14","guid":{"rendered":"https:\/\/bahiaeconomica.com.br\/wp\/beta\/?p=526740"},"modified":"2021-01-12T10:22:14","modified_gmt":"2021-01-12T13:22:14","slug":"contribuinte-pode-parcelar-ipva-inscrito-em-divida-ativa","status":"publish","type":"post","link":"https:\/\/bahiaeconomica.com.br\/wp\/2021\/01\/12\/contribuinte-pode-parcelar-ipva-inscrito-em-divida-ativa\/","title":{"rendered":"CONTRIBUINTE PODE PARCELAR IPVA INSCRITO EM D\u00cdVIDA ATIVA"},"content":{"rendered":"<p>Os contribuintes da Bahia que possuem IPVA inscrito em d\u00edvida ativa j\u00e1 podem solicitar o parcelamento do d\u00e9bito. <!--more-->Quem deixou de pagar o Imposto sobre a Propriedade de Ve\u00edculos Automotores pode solicitar junto \u00e0 Procuradoria Geral do Estado da Bahia, atrav\u00e9s da Central de Atendimento e Cobran\u00e7a da PGE-BA, o parcelamento da d\u00edvida em at\u00e9 60 (sessenta) parcelas iguais, com parcela m\u00ednima de R$300,00 (trezentos reais).<\/p>\n<p>A primeira parcela dever\u00e1 ser paga por meio de 2 (dois) Documentos de Arrecada\u00e7\u00e3o Estadual (DAEs): um DAE contendo o valor referente ao d\u00e9bito do tributo devido e outro DAE referente ao pagamento de honor\u00e1rios advocat\u00edcios. As demais parcelas ser\u00e3o debitadas automaticamente em conta corrente na conta corrente indicada no ato do parcelamento em um dos bancos conveniados (Banco do Brasil, Bradesco, Santander ou Ita\u00fa).<\/p>\n<p>O parcelamento pode ser feito atrav\u00e9s do e-mail centraldecobranca@pge.ba.gov.br informando seu CPF, dois telefones para contato e RENAVAM do ve\u00edculo. O contato ser\u00e1 feito em at\u00e9 24h.<\/p>\n<p>O contribuinte pode ainda, de forma pr\u00e1tica e \u00e1gil, buscar informa\u00e7\u00f5es detalhadas da d\u00edvida, consultar o saldo devedor, emitir DAEs e solicitar o parcelamento atrav\u00e9s da Central de Atendimento e Cobran\u00e7a da PGE-BA.<\/p>\n<p>O cidad\u00e3o poder\u00e1 consultar a d\u00edvida por meio do call center (ativo e receptivo), servi\u00e7o de SMS, SAC Digital e do site institucional da PGE (www.pge.ba.gov.br). Atrav\u00e9s destas ferramentas, o contribuinte poder\u00e1 quitar o seu d\u00e9bito \u00e0 vista, com descontos que variam de 30 at\u00e9 70%, sobre a multa fiscal, a depender da fase de cobran\u00e7a, ou parcelar a d\u00edvida.<\/p>\n<p>Para efetuar o pagamento da d\u00edvida, o contribuinte deve acessar o SAC Digital ou o web service da PGE no site da Procuradoria (www.pge.ba.gov.br), clicar no banner referente ao servi\u00e7o, digitar o CPF e\/ou o RENAVAM do ve\u00edculo e consultar o valor do d\u00e9bito. Em seguida o cidad\u00e3o faz a emiss\u00e3o dos documentos de arrecada\u00e7\u00e3o (DAE&#8217;s) e efetua o pagamento, pagamento para regularizar sua situa\u00e7\u00e3o junto ao Fisco Estadual.<\/p>\n<p>&nbsp;<\/p>\n<p>Foto: Shirley Stolze\/ Ag. A Tarde<\/p>\n","protected":false},"excerpt":{"rendered":"<p>Os contribuintes da Bahia que possuem IPVA inscrito em d\u00edvida ativa j\u00e1 podem solicitar o parcelamento do d\u00e9bito.<\/p>\n","protected":false},"author":1,"featured_media":426230,"comment_status":"closed","ping_status":"closed","sticky":false,"template":"","format":"standard","meta":[],"categories":[14,3],"tags":[],"acf":[],"yoast_head":"<!-- This site is optimized with the Yoast SEO plugin v20.8 - https:\/\/yoast.com\/wordpress\/plugins\/seo\/ -->\n<title>CONTRIBUINTE PODE PARCELAR IPVA INSCRITO EM D\u00cdVIDA ATIVA - Bahia Economica<\/title>\n<meta name=\"description\" content=\"O maior portal de Economia da Bahia DESTAQUE DO DIA, ECONOMIA \/ POL\u00cdTICA Bahia Economica\" \/>\n<meta name=\"robots\" content=\"index, follow, max-snippet:-1, max-image-preview:large, max-video-preview:-1\" \/>\n<link rel=\"canonical\" href=\"https:\/\/bahiaeconomica.com.br\/wp\/2021\/01\/12\/contribuinte-pode-parcelar-ipva-inscrito-em-divida-ativa\/\" \/>\n<meta property=\"og:locale\" content=\"pt_BR\" \/>\n<meta property=\"og:type\" content=\"article\" \/>\n<meta property=\"og:title\" content=\"CONTRIBUINTE PODE PARCELAR IPVA INSCRITO EM D\u00cdVIDA ATIVA - Bahia Economica\" \/>\n<meta property=\"og:description\" content=\"O maior portal de Economia da Bahia DESTAQUE DO DIA, ECONOMIA \/ POL\u00cdTICA Bahia Economica\" \/>\n<meta property=\"og:url\" content=\"https:\/\/bahiaeconomica.com.br\/wp\/2021\/01\/12\/contribuinte-pode-parcelar-ipva-inscrito-em-divida-ativa\/\" \/>\n<meta property=\"og:site_name\" content=\"Bahia Economica\" \/>\n<meta property=\"article:publisher\" content=\"https:\/\/www.facebook.com\/bahiaeconomica\" \/>\n<meta property=\"article:published_time\" content=\"2021-01-12T13:22:14+00:00\" \/>\n<meta property=\"og:image\" content=\"https:\/\/bahiaeconomica.com.br\/wp\/wp-content\/uploads\/2019\/12\/750_ipva-sefaz-notificacao-imposto_2019114193548316.jpg\" \/>\n\t<meta property=\"og:image:width\" content=\"500\" \/>\n\t<meta property=\"og:image:height\" content=\"300\" \/>\n\t<meta property=\"og:image:type\" content=\"image\/jpeg\" \/>\n<meta name=\"author\" content=\"admin\" \/>\n<meta name=\"twitter:card\" content=\"summary_large_image\" \/>\n<meta name=\"twitter:label1\" content=\"Escrito por\" \/>\n\t<meta name=\"twitter:data1\" content=\"admin\" \/>\n\t<meta name=\"twitter:label2\" content=\"Est. tempo de leitura\" \/>\n\t<meta name=\"twitter:data2\" content=\"2 minutos\" \/>\n<script type=\"application\/ld+json\" class=\"yoast-schema-graph\">{\"@context\":\"https:\/\/schema.org\",\"@graph\":[{\"@type\":\"Article\",\"@id\":\"https:\/\/bahiaeconomica.com.br\/wp\/2021\/01\/12\/contribuinte-pode-parcelar-ipva-inscrito-em-divida-ativa\/#article\",\"isPartOf\":{\"@id\":\"https:\/\/bahiaeconomica.com.br\/wp\/2021\/01\/12\/contribuinte-pode-parcelar-ipva-inscrito-em-divida-ativa\/\"},\"author\":{\"name\":\"admin\",\"@id\":\"https:\/\/bahiaeconomica.com.br\/wp\/#\/schema\/person\/cb1ab5ba96ad3d9390805381c76284ec\"},\"headline\":\"CONTRIBUINTE PODE PARCELAR IPVA INSCRITO EM D\u00cdVIDA ATIVA\",\"datePublished\":\"2021-01-12T13:22:14+00:00\",\"dateModified\":\"2021-01-12T13:22:14+00:00\",\"mainEntityOfPage\":{\"@id\":\"https:\/\/bahiaeconomica.com.br\/wp\/2021\/01\/12\/contribuinte-pode-parcelar-ipva-inscrito-em-divida-ativa\/\"},\"wordCount\":378,\"publisher\":{\"@id\":\"https:\/\/bahiaeconomica.com.br\/wp\/#organization\"},\"articleSection\":[\"DESTAQUE DO DIA\",\"ECONOMIA \/ POL\u00cdTICA\"],\"inLanguage\":\"pt-BR\"},{\"@type\":\"WebPage\",\"@id\":\"https:\/\/bahiaeconomica.com.br\/wp\/2021\/01\/12\/contribuinte-pode-parcelar-ipva-inscrito-em-divida-ativa\/\",\"url\":\"https:\/\/bahiaeconomica.com.br\/wp\/2021\/01\/12\/contribuinte-pode-parcelar-ipva-inscrito-em-divida-ativa\/\",\"name\":\"CONTRIBUINTE PODE PARCELAR IPVA INSCRITO EM D\u00cdVIDA ATIVA - Bahia Economica\",\"isPartOf\":{\"@id\":\"https:\/\/bahiaeconomica.com.br\/wp\/#website\"},\"datePublished\":\"2021-01-12T13:22:14+00:00\",\"dateModified\":\"2021-01-12T13:22:14+00:00\",\"description\":\"O maior portal de Economia da Bahia DESTAQUE DO DIA, ECONOMIA \/ POL\u00cdTICA Bahia Economica\",\"breadcrumb\":{\"@id\":\"https:\/\/bahiaeconomica.com.br\/wp\/2021\/01\/12\/contribuinte-pode-parcelar-ipva-inscrito-em-divida-ativa\/#breadcrumb\"},\"inLanguage\":\"pt-BR\",\"potentialAction\":[{\"@type\":\"ReadAction\",\"target\":[\"https:\/\/bahiaeconomica.com.br\/wp\/2021\/01\/12\/contribuinte-pode-parcelar-ipva-inscrito-em-divida-ativa\/\"]}]},{\"@type\":\"BreadcrumbList\",\"@id\":\"https:\/\/bahiaeconomica.com.br\/wp\/2021\/01\/12\/contribuinte-pode-parcelar-ipva-inscrito-em-divida-ativa\/#breadcrumb\",\"itemListElement\":[{\"@type\":\"ListItem\",\"position\":1,\"name\":\"In\u00edcio\",\"item\":\"https:\/\/bahiaeconomica.com.br\/wp\/\"},{\"@type\":\"ListItem\",\"position\":2,\"name\":\"CONTRIBUINTE PODE PARCELAR IPVA INSCRITO EM D\u00cdVIDA ATIVA\"}]},{\"@type\":\"WebSite\",\"@id\":\"https:\/\/bahiaeconomica.com.br\/wp\/#website\",\"url\":\"https:\/\/bahiaeconomica.com.br\/wp\/\",\"name\":\"Bahia Economica\",\"description\":\"O maior portal de Economia da Bahia\",\"publisher\":{\"@id\":\"https:\/\/bahiaeconomica.com.br\/wp\/#organization\"},\"potentialAction\":[{\"@type\":\"SearchAction\",\"target\":{\"@type\":\"EntryPoint\",\"urlTemplate\":\"https:\/\/bahiaeconomica.com.br\/wp\/?s={search_term_string}\"},\"query-input\":\"required name=search_term_string\"}],\"inLanguage\":\"pt-BR\"},{\"@type\":\"Organization\",\"@id\":\"https:\/\/bahiaeconomica.com.br\/wp\/#organization\",\"name\":\"Bahia Econ\u00f4mica\",\"url\":\"https:\/\/bahiaeconomica.com.br\/wp\/\",\"logo\":{\"@type\":\"ImageObject\",\"inLanguage\":\"pt-BR\",\"@id\":\"https:\/\/bahiaeconomica.com.br\/wp\/#\/schema\/logo\/image\/\",\"url\":\"https:\/\/bahiaeconomica.com.br\/wp\/wp-content\/uploads\/2020\/12\/cropped-BE.png\",\"contentUrl\":\"https:\/\/bahiaeconomica.com.br\/wp\/wp-content\/uploads\/2020\/12\/cropped-BE.png\",\"width\":512,\"height\":512,\"caption\":\"Bahia Econ\u00f4mica\"},\"image\":{\"@id\":\"https:\/\/bahiaeconomica.com.br\/wp\/#\/schema\/logo\/image\/\"},\"sameAs\":[\"https:\/\/www.facebook.com\/bahiaeconomica\"]},{\"@type\":\"Person\",\"@id\":\"https:\/\/bahiaeconomica.com.br\/wp\/#\/schema\/person\/cb1ab5ba96ad3d9390805381c76284ec\",\"name\":\"admin\",\"url\":\"https:\/\/bahiaeconomica.com.br\/wp\/author\/admin\/\"}]}<\/script>\n<!-- \/ Yoast SEO plugin. -->","yoast_head_json":{"title":"CONTRIBUINTE PODE PARCELAR IPVA INSCRITO EM D\u00cdVIDA ATIVA - Bahia Economica","description":"O maior portal de Economia da Bahia DESTAQUE DO DIA, ECONOMIA \/ POL\u00cdTICA Bahia Economica","robots":{"index":"index","follow":"follow","max-snippet":"max-snippet:-1","max-image-preview":"max-image-preview:large","max-video-preview":"max-video-preview:-1"},"canonical":"https:\/\/bahiaeconomica.com.br\/wp\/2021\/01\/12\/contribuinte-pode-parcelar-ipva-inscrito-em-divida-ativa\/","og_locale":"pt_BR","og_type":"article","og_title":"CONTRIBUINTE PODE PARCELAR IPVA INSCRITO EM D\u00cdVIDA ATIVA - Bahia Economica","og_description":"O maior portal de Economia da Bahia DESTAQUE DO DIA, ECONOMIA \/ POL\u00cdTICA Bahia Economica","og_url":"https:\/\/bahiaeconomica.com.br\/wp\/2021\/01\/12\/contribuinte-pode-parcelar-ipva-inscrito-em-divida-ativa\/","og_site_name":"Bahia Economica","article_publisher":"https:\/\/www.facebook.com\/bahiaeconomica","article_published_time":"2021-01-12T13:22:14+00:00","og_image":[{"width":500,"height":300,"url":"https:\/\/bahiaeconomica.com.br\/wp\/wp-content\/uploads\/2019\/12\/750_ipva-sefaz-notificacao-imposto_2019114193548316.jpg","type":"image\/jpeg"}],"author":"admin","twitter_card":"summary_large_image","twitter_misc":{"Escrito por":"admin","Est. tempo de leitura":"2 minutos"},"schema":{"@context":"https:\/\/schema.org","@graph":[{"@type":"Article","@id":"https:\/\/bahiaeconomica.com.br\/wp\/2021\/01\/12\/contribuinte-pode-parcelar-ipva-inscrito-em-divida-ativa\/#article","isPartOf":{"@id":"https:\/\/bahiaeconomica.com.br\/wp\/2021\/01\/12\/contribuinte-pode-parcelar-ipva-inscrito-em-divida-ativa\/"},"author":{"name":"admin","@id":"https:\/\/bahiaeconomica.com.br\/wp\/#\/schema\/person\/cb1ab5ba96ad3d9390805381c76284ec"},"headline":"CONTRIBUINTE PODE PARCELAR IPVA INSCRITO EM D\u00cdVIDA ATIVA","datePublished":"2021-01-12T13:22:14+00:00","dateModified":"2021-01-12T13:22:14+00:00","mainEntityOfPage":{"@id":"https:\/\/bahiaeconomica.com.br\/wp\/2021\/01\/12\/contribuinte-pode-parcelar-ipva-inscrito-em-divida-ativa\/"},"wordCount":378,"publisher":{"@id":"https:\/\/bahiaeconomica.com.br\/wp\/#organization"},"articleSection":["DESTAQUE DO DIA","ECONOMIA \/ POL\u00cdTICA"],"inLanguage":"pt-BR"},{"@type":"WebPage","@id":"https:\/\/bahiaeconomica.com.br\/wp\/2021\/01\/12\/contribuinte-pode-parcelar-ipva-inscrito-em-divida-ativa\/","url":"https:\/\/bahiaeconomica.com.br\/wp\/2021\/01\/12\/contribuinte-pode-parcelar-ipva-inscrito-em-divida-ativa\/","name":"CONTRIBUINTE PODE PARCELAR IPVA INSCRITO EM D\u00cdVIDA ATIVA - Bahia Economica","isPartOf":{"@id":"https:\/\/bahiaeconomica.com.br\/wp\/#website"},"datePublished":"2021-01-12T13:22:14+00:00","dateModified":"2021-01-12T13:22:14+00:00","description":"O maior portal de Economia da Bahia DESTAQUE DO DIA, ECONOMIA \/ POL\u00cdTICA Bahia Economica","breadcrumb":{"@id":"https:\/\/bahiaeconomica.com.br\/wp\/2021\/01\/12\/contribuinte-pode-parcelar-ipva-inscrito-em-divida-ativa\/#breadcrumb"},"inLanguage":"pt-BR","potentialAction":[{"@type":"ReadAction","target":["https:\/\/bahiaeconomica.com.br\/wp\/2021\/01\/12\/contribuinte-pode-parcelar-ipva-inscrito-em-divida-ativa\/"]}]},{"@type":"BreadcrumbList","@id":"https:\/\/bahiaeconomica.com.br\/wp\/2021\/01\/12\/contribuinte-pode-parcelar-ipva-inscrito-em-divida-ativa\/#breadcrumb","itemListElement":[{"@type":"ListItem","position":1,"name":"In\u00edcio","item":"https:\/\/bahiaeconomica.com.br\/wp\/"},{"@type":"ListItem","position":2,"name":"CONTRIBUINTE PODE PARCELAR IPVA INSCRITO EM D\u00cdVIDA ATIVA"}]},{"@type":"WebSite","@id":"https:\/\/bahiaeconomica.com.br\/wp\/#website","url":"https:\/\/bahiaeconomica.com.br\/wp\/","name":"Bahia Economica","description":"O maior portal de Economia da Bahia","publisher":{"@id":"https:\/\/bahiaeconomica.com.br\/wp\/#organization"},"potentialAction":[{"@type":"SearchAction","target":{"@type":"EntryPoint","urlTemplate":"https:\/\/bahiaeconomica.com.br\/wp\/?s={search_term_string}"},"query-input":"required name=search_term_string"}],"inLanguage":"pt-BR"},{"@type":"Organization","@id":"https:\/\/bahiaeconomica.com.br\/wp\/#organization","name":"Bahia Econ\u00f4mica","url":"https:\/\/bahiaeconomica.com.br\/wp\/","logo":{"@type":"ImageObject","inLanguage":"pt-BR","@id":"https:\/\/bahiaeconomica.com.br\/wp\/#\/schema\/logo\/image\/","url":"https:\/\/bahiaeconomica.com.br\/wp\/wp-content\/uploads\/2020\/12\/cropped-BE.png","contentUrl":"https:\/\/bahiaeconomica.com.br\/wp\/wp-content\/uploads\/2020\/12\/cropped-BE.png","width":512,"height":512,"caption":"Bahia Econ\u00f4mica"},"image":{"@id":"https:\/\/bahiaeconomica.com.br\/wp\/#\/schema\/logo\/image\/"},"sameAs":["https:\/\/www.facebook.com\/bahiaeconomica"]},{"@type":"Person","@id":"https:\/\/bahiaeconomica.com.br\/wp\/#\/schema\/person\/cb1ab5ba96ad3d9390805381c76284ec","name":"admin","url":"https:\/\/bahiaeconomica.com.br\/wp\/author\/admin\/"}]}},"views":9,"_links":{"self":[{"href":"https:\/\/bahiaeconomica.com.br\/wp\/wp-json\/wp\/v2\/posts\/526740"}],"collection":[{"href":"https:\/\/bahiaeconomica.com.br\/wp\/wp-json\/wp\/v2\/posts"}],"about":[{"href":"https:\/\/bahiaeconomica.com.br\/wp\/wp-json\/wp\/v2\/types\/post"}],"author":[{"embeddable":true,"href":"https:\/\/bahiaeconomica.com.br\/wp\/wp-json\/wp\/v2\/users\/1"}],"replies":[{"embeddable":true,"href":"https:\/\/bahiaeconomica.com.br\/wp\/wp-json\/wp\/v2\/comments?post=526740"}],"version-history":[{"count":1,"href":"https:\/\/bahiaeconomica.com.br\/wp\/wp-json\/wp\/v2\/posts\/526740\/revisions"}],"predecessor-version":[{"id":526742,"href":"https:\/\/bahiaeconomica.com.br\/wp\/wp-json\/wp\/v2\/posts\/526740\/revisions\/526742"}],"wp:featuredmedia":[{"embeddable":true,"href":"https:\/\/bahiaeconomica.com.br\/wp\/wp-json\/wp\/v2\/media\/426230"}],"wp:attachment":[{"href":"https:\/\/bahiaeconomica.com.br\/wp\/wp-json\/wp\/v2\/media?parent=526740"}],"wp:term":[{"taxonomy":"category","embeddable":true,"href":"https:\/\/bahiaeconomica.com.br\/wp\/wp-json\/wp\/v2\/categories?post=526740"},{"taxonomy":"post_tag","embeddable":true,"href":"https:\/\/bahiaeconomica.com.br\/wp\/wp-json\/wp\/v2\/tags?post=526740"}],"curies":[{"name":"wp","href":"https:\/\/api.w.org\/{rel}","templated":true}]}}