{"id":526664,"date":"2021-01-12T09:00:26","date_gmt":"2021-01-12T12:00:26","guid":{"rendered":"https:\/\/bahiaeconomica.com.br\/wp\/beta\/?p=526664"},"modified":"2021-01-12T08:50:21","modified_gmt":"2021-01-12T11:50:21","slug":"sindicalistas-culpam-bolsonaro-por-fechaento-da-ford","status":"publish","type":"post","link":"https:\/\/bahiaeconomica.com.br\/wp\/2021\/01\/12\/sindicalistas-culpam-bolsonaro-por-fechaento-da-ford\/","title":{"rendered":"SINDICALISTAS CULPAM BOLSONARO POR FECHAENTO DA FORD"},"content":{"rendered":"<p>Trabalhadores da Ford, em Cama\u00e7ari, na Regi\u00e3o Metropolitana de Salvador (RMS), realizam um protesto, na manh\u00e3 desta ter\u00e7a-feira, 12, em frente \u00e0 fabrica, no Polo Petroqu\u00edmico, <!--more-->contra a perda de 12 mil vagas diretas e indiretas de empregos, com a sa\u00edda da montadora do munic\u00edpio. O presidente do Sindicato dos Trabalhadores Metal\u00fargicos de Cama\u00e7ari, Julio Bonfim, disse que a categoria foi &#8220;pega de surpresa&#8221; com a decis\u00e3o da Ford, anunciada na tarde desta segunda-feira, 11, e que o sindicato espera iniciar conversas para a manuten\u00e7\u00e3o dos empregos dos trabalhadores da empresa.<\/p>\n<p>&#8220;\u00c9 um momento dif\u00edcil, a gente n\u00e3o esperava este comunicado por parte da companhia e hoje estamos aqui tentando absorver este grande impacto. O sindicato sempre se colocou nas discuss\u00f5es para negociar aquilo que viesse ser salutar para a manuten\u00e7\u00e3o dos empregos e estamos ainda disposto a continuar com essas discuss\u00f5es. Infelizmente, a Ford veio irredut\u00edvel e isso infelizmente impacta no fechamento da planta n\u00e3o s\u00f3 de Cama\u00e7ari , mas nas plantas de todo o Brasil&#8221;, afirmou Bonfim.<\/p>\n<p>De acordo com o l\u00edder sindical, os trabalhadores n\u00e3o far\u00e3o a manuten\u00e7\u00e3o de pe\u00e7as de autom\u00f3veis da Ford para o restante do pa\u00eds, como tinha sido previsto pela empresa. &#8220;N\u00e3o vamos ter nenhuma produtividade de pe\u00e7as para ve\u00edculos do pa\u00eds. O sindicato vai estar aqui organizado com os trabalhadores porque esse posicionamento da Ford \u00e9 extremamente mesquinho, porque direciona o processo produtivo dela para Argentina e Uruguai, e ela vai continuar a produ\u00e7\u00e3o para o Brasil de outros pa\u00edses. Isso \u00e9 inadmiss\u00edvel. O Governo Federal tem responsabilidade nisto, de tanto investimentos que foram feito para Ford junto ao Banco Nacional do Desenvolvimento (BNDES), e tantos outros investimentos que foram feitos de retirada de impostos junto ao Governo Estadual e o governo de S\u00e3o Paulo. O governo tem a responsabilidade de impedir isso venha acontecer at\u00e9 que a gente possa fazer uma discuss\u00e3o para manter estes empregos no Brasil&#8221;, completou.<\/p>\n<p>Foto: Cassio Santana<\/p>\n","protected":false},"excerpt":{"rendered":"<p>Trabalhadores da Ford, em Cama\u00e7ari, na Regi\u00e3o Metropolitana de Salvador (RMS), realizam um protesto, na manh\u00e3 desta ter\u00e7a-feira, 12, em frente \u00e0 fabrica, no Polo Petroqu\u00edmico,<\/p>\n","protected":false},"author":1,"featured_media":526666,"comment_status":"closed","ping_status":"closed","sticky":false,"template":"","format":"standard","meta":[],"categories":[14,3],"tags":[],"acf":[],"yoast_head":"<!-- This site is optimized with the Yoast SEO plugin v20.8 - https:\/\/yoast.com\/wordpress\/plugins\/seo\/ -->\n<title>SINDICALISTAS CULPAM BOLSONARO POR FECHAENTO DA FORD - Bahia Economica<\/title>\n<meta name=\"description\" content=\"O maior portal de Economia da Bahia DESTAQUE DO DIA, ECONOMIA \/ POL\u00cdTICA Bahia Economica\" \/>\n<meta name=\"robots\" content=\"index, follow, max-snippet:-1, max-image-preview:large, max-video-preview:-1\" \/>\n<link rel=\"canonical\" href=\"https:\/\/bahiaeconomica.com.br\/wp\/2021\/01\/12\/sindicalistas-culpam-bolsonaro-por-fechaento-da-ford\/\" \/>\n<meta property=\"og:locale\" content=\"pt_BR\" \/>\n<meta property=\"og:type\" content=\"article\" \/>\n<meta property=\"og:title\" content=\"SINDICALISTAS CULPAM BOLSONARO POR FECHAENTO DA FORD - Bahia Economica\" \/>\n<meta property=\"og:description\" content=\"O maior portal de Economia da Bahia DESTAQUE DO DIA, ECONOMIA \/ POL\u00cdTICA Bahia Economica\" \/>\n<meta property=\"og:url\" content=\"https:\/\/bahiaeconomica.com.br\/wp\/2021\/01\/12\/sindicalistas-culpam-bolsonaro-por-fechaento-da-ford\/\" \/>\n<meta property=\"og:site_name\" content=\"Bahia Economica\" \/>\n<meta property=\"article:publisher\" content=\"https:\/\/www.facebook.com\/bahiaeconomica\" \/>\n<meta property=\"article:published_time\" content=\"2021-01-12T12:00:26+00:00\" \/>\n<meta property=\"article:modified_time\" content=\"2021-01-12T11:50:21+00:00\" \/>\n<meta property=\"og:image\" content=\"https:\/\/bahiaeconomica.com.br\/wp\/wp-content\/uploads\/2021\/01\/750_sindicato-dos-metalurgicos-camacari-ford-fabrica-protesto_202111273535983.jpg\" \/>\n\t<meta property=\"og:image:width\" content=\"750\" \/>\n\t<meta property=\"og:image:height\" content=\"499\" \/>\n\t<meta property=\"og:image:type\" content=\"image\/jpeg\" \/>\n<meta name=\"author\" content=\"admin\" \/>\n<meta name=\"twitter:card\" content=\"summary_large_image\" \/>\n<meta name=\"twitter:label1\" content=\"Escrito por\" \/>\n\t<meta name=\"twitter:data1\" content=\"admin\" \/>\n\t<meta name=\"twitter:label2\" content=\"Est. tempo de leitura\" \/>\n\t<meta name=\"twitter:data2\" content=\"2 minutos\" \/>\n<script type=\"application\/ld+json\" class=\"yoast-schema-graph\">{\"@context\":\"https:\/\/schema.org\",\"@graph\":[{\"@type\":\"Article\",\"@id\":\"https:\/\/bahiaeconomica.com.br\/wp\/2021\/01\/12\/sindicalistas-culpam-bolsonaro-por-fechaento-da-ford\/#article\",\"isPartOf\":{\"@id\":\"https:\/\/bahiaeconomica.com.br\/wp\/2021\/01\/12\/sindicalistas-culpam-bolsonaro-por-fechaento-da-ford\/\"},\"author\":{\"name\":\"admin\",\"@id\":\"https:\/\/bahiaeconomica.com.br\/wp\/#\/schema\/person\/cb1ab5ba96ad3d9390805381c76284ec\"},\"headline\":\"SINDICALISTAS CULPAM BOLSONARO POR FECHAENTO DA FORD\",\"datePublished\":\"2021-01-12T12:00:26+00:00\",\"dateModified\":\"2021-01-12T11:50:21+00:00\",\"mainEntityOfPage\":{\"@id\":\"https:\/\/bahiaeconomica.com.br\/wp\/2021\/01\/12\/sindicalistas-culpam-bolsonaro-por-fechaento-da-ford\/\"},\"wordCount\":354,\"publisher\":{\"@id\":\"https:\/\/bahiaeconomica.com.br\/wp\/#organization\"},\"articleSection\":[\"DESTAQUE DO DIA\",\"ECONOMIA \/ POL\u00cdTICA\"],\"inLanguage\":\"pt-BR\"},{\"@type\":\"WebPage\",\"@id\":\"https:\/\/bahiaeconomica.com.br\/wp\/2021\/01\/12\/sindicalistas-culpam-bolsonaro-por-fechaento-da-ford\/\",\"url\":\"https:\/\/bahiaeconomica.com.br\/wp\/2021\/01\/12\/sindicalistas-culpam-bolsonaro-por-fechaento-da-ford\/\",\"name\":\"SINDICALISTAS CULPAM BOLSONARO POR FECHAENTO DA FORD - Bahia Economica\",\"isPartOf\":{\"@id\":\"https:\/\/bahiaeconomica.com.br\/wp\/#website\"},\"datePublished\":\"2021-01-12T12:00:26+00:00\",\"dateModified\":\"2021-01-12T11:50:21+00:00\",\"description\":\"O maior portal de Economia da Bahia DESTAQUE DO DIA, ECONOMIA \/ POL\u00cdTICA Bahia Economica\",\"breadcrumb\":{\"@id\":\"https:\/\/bahiaeconomica.com.br\/wp\/2021\/01\/12\/sindicalistas-culpam-bolsonaro-por-fechaento-da-ford\/#breadcrumb\"},\"inLanguage\":\"pt-BR\",\"potentialAction\":[{\"@type\":\"ReadAction\",\"target\":[\"https:\/\/bahiaeconomica.com.br\/wp\/2021\/01\/12\/sindicalistas-culpam-bolsonaro-por-fechaento-da-ford\/\"]}]},{\"@type\":\"BreadcrumbList\",\"@id\":\"https:\/\/bahiaeconomica.com.br\/wp\/2021\/01\/12\/sindicalistas-culpam-bolsonaro-por-fechaento-da-ford\/#breadcrumb\",\"itemListElement\":[{\"@type\":\"ListItem\",\"position\":1,\"name\":\"In\u00edcio\",\"item\":\"https:\/\/bahiaeconomica.com.br\/wp\/\"},{\"@type\":\"ListItem\",\"position\":2,\"name\":\"SINDICALISTAS CULPAM BOLSONARO POR FECHAENTO DA FORD\"}]},{\"@type\":\"WebSite\",\"@id\":\"https:\/\/bahiaeconomica.com.br\/wp\/#website\",\"url\":\"https:\/\/bahiaeconomica.com.br\/wp\/\",\"name\":\"Bahia Economica\",\"description\":\"O maior portal de Economia da Bahia\",\"publisher\":{\"@id\":\"https:\/\/bahiaeconomica.com.br\/wp\/#organization\"},\"potentialAction\":[{\"@type\":\"SearchAction\",\"target\":{\"@type\":\"EntryPoint\",\"urlTemplate\":\"https:\/\/bahiaeconomica.com.br\/wp\/?s={search_term_string}\"},\"query-input\":\"required name=search_term_string\"}],\"inLanguage\":\"pt-BR\"},{\"@type\":\"Organization\",\"@id\":\"https:\/\/bahiaeconomica.com.br\/wp\/#organization\",\"name\":\"Bahia Econ\u00f4mica\",\"url\":\"https:\/\/bahiaeconomica.com.br\/wp\/\",\"logo\":{\"@type\":\"ImageObject\",\"inLanguage\":\"pt-BR\",\"@id\":\"https:\/\/bahiaeconomica.com.br\/wp\/#\/schema\/logo\/image\/\",\"url\":\"https:\/\/bahiaeconomica.com.br\/wp\/wp-content\/uploads\/2020\/12\/cropped-BE.png\",\"contentUrl\":\"https:\/\/bahiaeconomica.com.br\/wp\/wp-content\/uploads\/2020\/12\/cropped-BE.png\",\"width\":512,\"height\":512,\"caption\":\"Bahia Econ\u00f4mica\"},\"image\":{\"@id\":\"https:\/\/bahiaeconomica.com.br\/wp\/#\/schema\/logo\/image\/\"},\"sameAs\":[\"https:\/\/www.facebook.com\/bahiaeconomica\"]},{\"@type\":\"Person\",\"@id\":\"https:\/\/bahiaeconomica.com.br\/wp\/#\/schema\/person\/cb1ab5ba96ad3d9390805381c76284ec\",\"name\":\"admin\",\"url\":\"https:\/\/bahiaeconomica.com.br\/wp\/author\/admin\/\"}]}<\/script>\n<!-- \/ Yoast SEO plugin. -->","yoast_head_json":{"title":"SINDICALISTAS CULPAM BOLSONARO POR FECHAENTO DA FORD - Bahia Economica","description":"O maior portal de Economia da Bahia DESTAQUE DO DIA, ECONOMIA \/ POL\u00cdTICA Bahia Economica","robots":{"index":"index","follow":"follow","max-snippet":"max-snippet:-1","max-image-preview":"max-image-preview:large","max-video-preview":"max-video-preview:-1"},"canonical":"https:\/\/bahiaeconomica.com.br\/wp\/2021\/01\/12\/sindicalistas-culpam-bolsonaro-por-fechaento-da-ford\/","og_locale":"pt_BR","og_type":"article","og_title":"SINDICALISTAS CULPAM BOLSONARO POR FECHAENTO DA FORD - Bahia Economica","og_description":"O maior portal de Economia da Bahia DESTAQUE DO DIA, ECONOMIA \/ POL\u00cdTICA Bahia Economica","og_url":"https:\/\/bahiaeconomica.com.br\/wp\/2021\/01\/12\/sindicalistas-culpam-bolsonaro-por-fechaento-da-ford\/","og_site_name":"Bahia Economica","article_publisher":"https:\/\/www.facebook.com\/bahiaeconomica","article_published_time":"2021-01-12T12:00:26+00:00","article_modified_time":"2021-01-12T11:50:21+00:00","og_image":[{"width":750,"height":499,"url":"https:\/\/bahiaeconomica.com.br\/wp\/wp-content\/uploads\/2021\/01\/750_sindicato-dos-metalurgicos-camacari-ford-fabrica-protesto_202111273535983.jpg","type":"image\/jpeg"}],"author":"admin","twitter_card":"summary_large_image","twitter_misc":{"Escrito por":"admin","Est. tempo de leitura":"2 minutos"},"schema":{"@context":"https:\/\/schema.org","@graph":[{"@type":"Article","@id":"https:\/\/bahiaeconomica.com.br\/wp\/2021\/01\/12\/sindicalistas-culpam-bolsonaro-por-fechaento-da-ford\/#article","isPartOf":{"@id":"https:\/\/bahiaeconomica.com.br\/wp\/2021\/01\/12\/sindicalistas-culpam-bolsonaro-por-fechaento-da-ford\/"},"author":{"name":"admin","@id":"https:\/\/bahiaeconomica.com.br\/wp\/#\/schema\/person\/cb1ab5ba96ad3d9390805381c76284ec"},"headline":"SINDICALISTAS CULPAM BOLSONARO POR FECHAENTO DA FORD","datePublished":"2021-01-12T12:00:26+00:00","dateModified":"2021-01-12T11:50:21+00:00","mainEntityOfPage":{"@id":"https:\/\/bahiaeconomica.com.br\/wp\/2021\/01\/12\/sindicalistas-culpam-bolsonaro-por-fechaento-da-ford\/"},"wordCount":354,"publisher":{"@id":"https:\/\/bahiaeconomica.com.br\/wp\/#organization"},"articleSection":["DESTAQUE DO DIA","ECONOMIA \/ POL\u00cdTICA"],"inLanguage":"pt-BR"},{"@type":"WebPage","@id":"https:\/\/bahiaeconomica.com.br\/wp\/2021\/01\/12\/sindicalistas-culpam-bolsonaro-por-fechaento-da-ford\/","url":"https:\/\/bahiaeconomica.com.br\/wp\/2021\/01\/12\/sindicalistas-culpam-bolsonaro-por-fechaento-da-ford\/","name":"SINDICALISTAS CULPAM BOLSONARO POR FECHAENTO DA FORD - Bahia Economica","isPartOf":{"@id":"https:\/\/bahiaeconomica.com.br\/wp\/#website"},"datePublished":"2021-01-12T12:00:26+00:00","dateModified":"2021-01-12T11:50:21+00:00","description":"O maior portal de Economia da Bahia DESTAQUE DO DIA, ECONOMIA \/ POL\u00cdTICA Bahia Economica","breadcrumb":{"@id":"https:\/\/bahiaeconomica.com.br\/wp\/2021\/01\/12\/sindicalistas-culpam-bolsonaro-por-fechaento-da-ford\/#breadcrumb"},"inLanguage":"pt-BR","potentialAction":[{"@type":"ReadAction","target":["https:\/\/bahiaeconomica.com.br\/wp\/2021\/01\/12\/sindicalistas-culpam-bolsonaro-por-fechaento-da-ford\/"]}]},{"@type":"BreadcrumbList","@id":"https:\/\/bahiaeconomica.com.br\/wp\/2021\/01\/12\/sindicalistas-culpam-bolsonaro-por-fechaento-da-ford\/#breadcrumb","itemListElement":[{"@type":"ListItem","position":1,"name":"In\u00edcio","item":"https:\/\/bahiaeconomica.com.br\/wp\/"},{"@type":"ListItem","position":2,"name":"SINDICALISTAS CULPAM BOLSONARO POR FECHAENTO DA FORD"}]},{"@type":"WebSite","@id":"https:\/\/bahiaeconomica.com.br\/wp\/#website","url":"https:\/\/bahiaeconomica.com.br\/wp\/","name":"Bahia Economica","description":"O maior portal de Economia da Bahia","publisher":{"@id":"https:\/\/bahiaeconomica.com.br\/wp\/#organization"},"potentialAction":[{"@type":"SearchAction","target":{"@type":"EntryPoint","urlTemplate":"https:\/\/bahiaeconomica.com.br\/wp\/?s={search_term_string}"},"query-input":"required name=search_term_string"}],"inLanguage":"pt-BR"},{"@type":"Organization","@id":"https:\/\/bahiaeconomica.com.br\/wp\/#organization","name":"Bahia Econ\u00f4mica","url":"https:\/\/bahiaeconomica.com.br\/wp\/","logo":{"@type":"ImageObject","inLanguage":"pt-BR","@id":"https:\/\/bahiaeconomica.com.br\/wp\/#\/schema\/logo\/image\/","url":"https:\/\/bahiaeconomica.com.br\/wp\/wp-content\/uploads\/2020\/12\/cropped-BE.png","contentUrl":"https:\/\/bahiaeconomica.com.br\/wp\/wp-content\/uploads\/2020\/12\/cropped-BE.png","width":512,"height":512,"caption":"Bahia Econ\u00f4mica"},"image":{"@id":"https:\/\/bahiaeconomica.com.br\/wp\/#\/schema\/logo\/image\/"},"sameAs":["https:\/\/www.facebook.com\/bahiaeconomica"]},{"@type":"Person","@id":"https:\/\/bahiaeconomica.com.br\/wp\/#\/schema\/person\/cb1ab5ba96ad3d9390805381c76284ec","name":"admin","url":"https:\/\/bahiaeconomica.com.br\/wp\/author\/admin\/"}]}},"views":3,"_links":{"self":[{"href":"https:\/\/bahiaeconomica.com.br\/wp\/wp-json\/wp\/v2\/posts\/526664"}],"collection":[{"href":"https:\/\/bahiaeconomica.com.br\/wp\/wp-json\/wp\/v2\/posts"}],"about":[{"href":"https:\/\/bahiaeconomica.com.br\/wp\/wp-json\/wp\/v2\/types\/post"}],"author":[{"embeddable":true,"href":"https:\/\/bahiaeconomica.com.br\/wp\/wp-json\/wp\/v2\/users\/1"}],"replies":[{"embeddable":true,"href":"https:\/\/bahiaeconomica.com.br\/wp\/wp-json\/wp\/v2\/comments?post=526664"}],"version-history":[{"count":1,"href":"https:\/\/bahiaeconomica.com.br\/wp\/wp-json\/wp\/v2\/posts\/526664\/revisions"}],"predecessor-version":[{"id":526667,"href":"https:\/\/bahiaeconomica.com.br\/wp\/wp-json\/wp\/v2\/posts\/526664\/revisions\/526667"}],"wp:featuredmedia":[{"embeddable":true,"href":"https:\/\/bahiaeconomica.com.br\/wp\/wp-json\/wp\/v2\/media\/526666"}],"wp:attachment":[{"href":"https:\/\/bahiaeconomica.com.br\/wp\/wp-json\/wp\/v2\/media?parent=526664"}],"wp:term":[{"taxonomy":"category","embeddable":true,"href":"https:\/\/bahiaeconomica.com.br\/wp\/wp-json\/wp\/v2\/categories?post=526664"},{"taxonomy":"post_tag","embeddable":true,"href":"https:\/\/bahiaeconomica.com.br\/wp\/wp-json\/wp\/v2\/tags?post=526664"}],"curies":[{"name":"wp","href":"https:\/\/api.w.org\/{rel}","templated":true}]}}