{"id":526202,"date":"2021-01-11T07:15:41","date_gmt":"2021-01-11T10:15:41","guid":{"rendered":"https:\/\/bahiaeconomica.com.br\/wp\/beta\/?p=526202"},"modified":"2021-01-11T07:16:14","modified_gmt":"2021-01-11T10:16:14","slug":"veja-o-calendario-de-pagamentos-do-saque-aniversario-em-2021","status":"publish","type":"post","link":"https:\/\/bahiaeconomica.com.br\/wp\/2021\/01\/11\/veja-o-calendario-de-pagamentos-do-saque-aniversario-em-2021\/","title":{"rendered":"VEJA O CALEND\u00c1RIO DO SAQUE ANIVERS\u00c1RIO EM 2021"},"content":{"rendered":"<p>A Caixa Econ\u00f4mica Federal informou que mais de 9,7 milh\u00f5es de trabalhadores optaram pelo saque anivers\u00e1rio do Fundo de Garantia do Tempo de Servi\u00e7o (FGTS) desde outubro <!--more-->de 2019. Deste total, 8 milh\u00f5es aderiram em 2020. O saque-anivers\u00e1rio come\u00e7ou em abril de 2020. Por essa modalidade, o trabalhador pode fazer uma retirada por ano de parte do valor das contas do Fundo de Garantia de acordo com o m\u00eas em que nasceu.<\/p>\n<p>Veja como ser\u00e1 o calend\u00e1rio de saques em 2021:<\/p>\n<ul>\n<li>Nascidos em janeiro- saques de janeiro a mar\u00e7o<\/li>\n<li>Nascidos em fevereiro \u2013 saques de fevereiro a abril<\/li>\n<li>Nascidos em mar\u00e7o \u2013 saques de mar\u00e7o a maio<\/li>\n<li>Nascidos em abril \u2013 saques de abril a junho<\/li>\n<li>Nascidos em maio \u2013 saques de maio a julho<\/li>\n<li>Nascidos em junho \u2013 saques de junho a agosto<\/li>\n<li>Nascidos em julho \u2013 saques de julho a setembro<\/li>\n<li>Nascidos em agosto \u2013 saques de agosto a outubro<\/li>\n<li>Nascidos em setembro \u2013 saques de setembro a novembro<\/li>\n<li>Nascidos em outubro \u2013 saques de outubro a dezembro<\/li>\n<li>Nascidos em novembro \u2013 saques de novembro de 2021 a janeiro de 2022<\/li>\n<li>Nascidos em dezembro \u2013 saques dezembro de 2021 a fevereiro de 2022<\/li>\n<\/ul>\n<p>O per\u00edodo de saque pelos trabalhadores inicia no primeiro dia \u00fatil do m\u00eas de anivers\u00e1rio do trabalhador e encerra no \u00faltimo dia \u00fatil do segundo m\u00eas subsequente ao da aquisi\u00e7\u00e3o do direito de saque. Por exemplo: se a data de anivers\u00e1rio do trabalhador for dia 10 de janeiro, o trabalhador ter\u00e1 de 4 de janeiro a 31 de mar\u00e7o para efetuar o saque. Os trabalhadores devem informar sua escolha pelo saque anivers\u00e1rio at\u00e9 o \u00faltimo dia do m\u00eas de seu anivers\u00e1rio para receber no mesmo ano de ades\u00e3o. Caso o trabalhador n\u00e3o saque esse recurso, ele volta automaticamente para a sua conta no FGTS.<\/p>\n<p>Os trabalhadores podem realizar a op\u00e7\u00e3o no APP FGTS e indicar uma conta banc\u00e1ria em qualquer institui\u00e7\u00e3o financeira para receber o valor de modo autom\u00e1tico. O saque anivers\u00e1rio s\u00f3 valer\u00e1 para o trabalhador que comunicar \u00e0 Caixa que quer receber os valores anualmente. Do contr\u00e1rio, ele s\u00f3 poder\u00e1 sacar o FGTS nas situa\u00e7\u00f5es previstas em lei, entre elas compra da casa pr\u00f3pria, aposentadoria e demiss\u00e3o sem justa causa.<\/p>\n<p>Foto: divulga\u00e7\u00e3o<\/p>\n","protected":false},"excerpt":{"rendered":"<p>A Caixa Econ\u00f4mica Federal informou que mais de 9,7 milh\u00f5es de trabalhadores optaram pelo saque anivers\u00e1rio do Fundo de Garantia do Tempo de Servi\u00e7o (FGTS) desde outubro<\/p>\n","protected":false},"author":1,"featured_media":500455,"comment_status":"closed","ping_status":"closed","sticky":false,"template":"","format":"standard","meta":[],"categories":[14,3],"tags":[],"acf":[],"yoast_head":"<!-- This site is optimized with the Yoast SEO plugin v20.8 - https:\/\/yoast.com\/wordpress\/plugins\/seo\/ -->\n<title>VEJA O CALEND\u00c1RIO DO SAQUE ANIVERS\u00c1RIO EM 2021 - Bahia Economica<\/title>\n<meta name=\"description\" content=\"O maior portal de Economia da Bahia DESTAQUE DO DIA, ECONOMIA \/ POL\u00cdTICA Bahia Economica\" \/>\n<meta name=\"robots\" content=\"index, follow, max-snippet:-1, max-image-preview:large, max-video-preview:-1\" \/>\n<link rel=\"canonical\" href=\"https:\/\/bahiaeconomica.com.br\/wp\/2021\/01\/11\/veja-o-calendario-de-pagamentos-do-saque-aniversario-em-2021\/\" \/>\n<meta property=\"og:locale\" content=\"pt_BR\" \/>\n<meta property=\"og:type\" content=\"article\" \/>\n<meta property=\"og:title\" content=\"VEJA O CALEND\u00c1RIO DO SAQUE ANIVERS\u00c1RIO EM 2021 - Bahia Economica\" \/>\n<meta property=\"og:description\" content=\"O maior portal de Economia da Bahia DESTAQUE DO DIA, ECONOMIA \/ POL\u00cdTICA Bahia Economica\" \/>\n<meta property=\"og:url\" content=\"https:\/\/bahiaeconomica.com.br\/wp\/2021\/01\/11\/veja-o-calendario-de-pagamentos-do-saque-aniversario-em-2021\/\" \/>\n<meta property=\"og:site_name\" content=\"Bahia Economica\" \/>\n<meta property=\"article:publisher\" content=\"https:\/\/www.facebook.com\/bahiaeconomica\" \/>\n<meta property=\"article:published_time\" content=\"2021-01-11T10:15:41+00:00\" \/>\n<meta property=\"article:modified_time\" content=\"2021-01-11T10:16:14+00:00\" \/>\n<meta property=\"og:image\" content=\"https:\/\/bahiaeconomica.com.br\/wp\/wp-content\/uploads\/2020\/10\/05_08_2020_fila_agencia_caixa-500.jpg\" \/>\n\t<meta property=\"og:image:width\" content=\"500\" \/>\n\t<meta property=\"og:image:height\" content=\"300\" \/>\n\t<meta property=\"og:image:type\" content=\"image\/jpeg\" \/>\n<meta name=\"author\" content=\"admin\" \/>\n<meta name=\"twitter:card\" content=\"summary_large_image\" \/>\n<meta name=\"twitter:label1\" content=\"Escrito por\" \/>\n\t<meta name=\"twitter:data1\" content=\"admin\" \/>\n\t<meta name=\"twitter:label2\" content=\"Est. tempo de leitura\" \/>\n\t<meta name=\"twitter:data2\" content=\"2 minutos\" \/>\n<script type=\"application\/ld+json\" class=\"yoast-schema-graph\">{\"@context\":\"https:\/\/schema.org\",\"@graph\":[{\"@type\":\"Article\",\"@id\":\"https:\/\/bahiaeconomica.com.br\/wp\/2021\/01\/11\/veja-o-calendario-de-pagamentos-do-saque-aniversario-em-2021\/#article\",\"isPartOf\":{\"@id\":\"https:\/\/bahiaeconomica.com.br\/wp\/2021\/01\/11\/veja-o-calendario-de-pagamentos-do-saque-aniversario-em-2021\/\"},\"author\":{\"name\":\"admin\",\"@id\":\"https:\/\/bahiaeconomica.com.br\/wp\/#\/schema\/person\/cb1ab5ba96ad3d9390805381c76284ec\"},\"headline\":\"VEJA O CALEND\u00c1RIO DO SAQUE ANIVERS\u00c1RIO EM 2021\",\"datePublished\":\"2021-01-11T10:15:41+00:00\",\"dateModified\":\"2021-01-11T10:16:14+00:00\",\"mainEntityOfPage\":{\"@id\":\"https:\/\/bahiaeconomica.com.br\/wp\/2021\/01\/11\/veja-o-calendario-de-pagamentos-do-saque-aniversario-em-2021\/\"},\"wordCount\":387,\"publisher\":{\"@id\":\"https:\/\/bahiaeconomica.com.br\/wp\/#organization\"},\"articleSection\":[\"DESTAQUE DO DIA\",\"ECONOMIA \/ POL\u00cdTICA\"],\"inLanguage\":\"pt-BR\"},{\"@type\":\"WebPage\",\"@id\":\"https:\/\/bahiaeconomica.com.br\/wp\/2021\/01\/11\/veja-o-calendario-de-pagamentos-do-saque-aniversario-em-2021\/\",\"url\":\"https:\/\/bahiaeconomica.com.br\/wp\/2021\/01\/11\/veja-o-calendario-de-pagamentos-do-saque-aniversario-em-2021\/\",\"name\":\"VEJA O CALEND\u00c1RIO DO SAQUE ANIVERS\u00c1RIO EM 2021 - Bahia Economica\",\"isPartOf\":{\"@id\":\"https:\/\/bahiaeconomica.com.br\/wp\/#website\"},\"datePublished\":\"2021-01-11T10:15:41+00:00\",\"dateModified\":\"2021-01-11T10:16:14+00:00\",\"description\":\"O maior portal de Economia da Bahia DESTAQUE DO DIA, ECONOMIA \/ POL\u00cdTICA Bahia Economica\",\"breadcrumb\":{\"@id\":\"https:\/\/bahiaeconomica.com.br\/wp\/2021\/01\/11\/veja-o-calendario-de-pagamentos-do-saque-aniversario-em-2021\/#breadcrumb\"},\"inLanguage\":\"pt-BR\",\"potentialAction\":[{\"@type\":\"ReadAction\",\"target\":[\"https:\/\/bahiaeconomica.com.br\/wp\/2021\/01\/11\/veja-o-calendario-de-pagamentos-do-saque-aniversario-em-2021\/\"]}]},{\"@type\":\"BreadcrumbList\",\"@id\":\"https:\/\/bahiaeconomica.com.br\/wp\/2021\/01\/11\/veja-o-calendario-de-pagamentos-do-saque-aniversario-em-2021\/#breadcrumb\",\"itemListElement\":[{\"@type\":\"ListItem\",\"position\":1,\"name\":\"In\u00edcio\",\"item\":\"https:\/\/bahiaeconomica.com.br\/wp\/\"},{\"@type\":\"ListItem\",\"position\":2,\"name\":\"VEJA O CALEND\u00c1RIO DO SAQUE ANIVERS\u00c1RIO EM 2021\"}]},{\"@type\":\"WebSite\",\"@id\":\"https:\/\/bahiaeconomica.com.br\/wp\/#website\",\"url\":\"https:\/\/bahiaeconomica.com.br\/wp\/\",\"name\":\"Bahia Economica\",\"description\":\"O maior portal de Economia da Bahia\",\"publisher\":{\"@id\":\"https:\/\/bahiaeconomica.com.br\/wp\/#organization\"},\"potentialAction\":[{\"@type\":\"SearchAction\",\"target\":{\"@type\":\"EntryPoint\",\"urlTemplate\":\"https:\/\/bahiaeconomica.com.br\/wp\/?s={search_term_string}\"},\"query-input\":\"required name=search_term_string\"}],\"inLanguage\":\"pt-BR\"},{\"@type\":\"Organization\",\"@id\":\"https:\/\/bahiaeconomica.com.br\/wp\/#organization\",\"name\":\"Bahia Econ\u00f4mica\",\"url\":\"https:\/\/bahiaeconomica.com.br\/wp\/\",\"logo\":{\"@type\":\"ImageObject\",\"inLanguage\":\"pt-BR\",\"@id\":\"https:\/\/bahiaeconomica.com.br\/wp\/#\/schema\/logo\/image\/\",\"url\":\"https:\/\/bahiaeconomica.com.br\/wp\/wp-content\/uploads\/2020\/12\/cropped-BE.png\",\"contentUrl\":\"https:\/\/bahiaeconomica.com.br\/wp\/wp-content\/uploads\/2020\/12\/cropped-BE.png\",\"width\":512,\"height\":512,\"caption\":\"Bahia Econ\u00f4mica\"},\"image\":{\"@id\":\"https:\/\/bahiaeconomica.com.br\/wp\/#\/schema\/logo\/image\/\"},\"sameAs\":[\"https:\/\/www.facebook.com\/bahiaeconomica\"]},{\"@type\":\"Person\",\"@id\":\"https:\/\/bahiaeconomica.com.br\/wp\/#\/schema\/person\/cb1ab5ba96ad3d9390805381c76284ec\",\"name\":\"admin\",\"url\":\"https:\/\/bahiaeconomica.com.br\/wp\/author\/admin\/\"}]}<\/script>\n<!-- \/ Yoast SEO plugin. -->","yoast_head_json":{"title":"VEJA O CALEND\u00c1RIO DO SAQUE ANIVERS\u00c1RIO EM 2021 - Bahia Economica","description":"O maior portal de Economia da Bahia DESTAQUE DO DIA, ECONOMIA \/ POL\u00cdTICA Bahia Economica","robots":{"index":"index","follow":"follow","max-snippet":"max-snippet:-1","max-image-preview":"max-image-preview:large","max-video-preview":"max-video-preview:-1"},"canonical":"https:\/\/bahiaeconomica.com.br\/wp\/2021\/01\/11\/veja-o-calendario-de-pagamentos-do-saque-aniversario-em-2021\/","og_locale":"pt_BR","og_type":"article","og_title":"VEJA O CALEND\u00c1RIO DO SAQUE ANIVERS\u00c1RIO EM 2021 - Bahia Economica","og_description":"O maior portal de Economia da Bahia DESTAQUE DO DIA, ECONOMIA \/ POL\u00cdTICA Bahia Economica","og_url":"https:\/\/bahiaeconomica.com.br\/wp\/2021\/01\/11\/veja-o-calendario-de-pagamentos-do-saque-aniversario-em-2021\/","og_site_name":"Bahia Economica","article_publisher":"https:\/\/www.facebook.com\/bahiaeconomica","article_published_time":"2021-01-11T10:15:41+00:00","article_modified_time":"2021-01-11T10:16:14+00:00","og_image":[{"width":500,"height":300,"url":"https:\/\/bahiaeconomica.com.br\/wp\/wp-content\/uploads\/2020\/10\/05_08_2020_fila_agencia_caixa-500.jpg","type":"image\/jpeg"}],"author":"admin","twitter_card":"summary_large_image","twitter_misc":{"Escrito por":"admin","Est. tempo de leitura":"2 minutos"},"schema":{"@context":"https:\/\/schema.org","@graph":[{"@type":"Article","@id":"https:\/\/bahiaeconomica.com.br\/wp\/2021\/01\/11\/veja-o-calendario-de-pagamentos-do-saque-aniversario-em-2021\/#article","isPartOf":{"@id":"https:\/\/bahiaeconomica.com.br\/wp\/2021\/01\/11\/veja-o-calendario-de-pagamentos-do-saque-aniversario-em-2021\/"},"author":{"name":"admin","@id":"https:\/\/bahiaeconomica.com.br\/wp\/#\/schema\/person\/cb1ab5ba96ad3d9390805381c76284ec"},"headline":"VEJA O CALEND\u00c1RIO DO SAQUE ANIVERS\u00c1RIO EM 2021","datePublished":"2021-01-11T10:15:41+00:00","dateModified":"2021-01-11T10:16:14+00:00","mainEntityOfPage":{"@id":"https:\/\/bahiaeconomica.com.br\/wp\/2021\/01\/11\/veja-o-calendario-de-pagamentos-do-saque-aniversario-em-2021\/"},"wordCount":387,"publisher":{"@id":"https:\/\/bahiaeconomica.com.br\/wp\/#organization"},"articleSection":["DESTAQUE DO DIA","ECONOMIA \/ POL\u00cdTICA"],"inLanguage":"pt-BR"},{"@type":"WebPage","@id":"https:\/\/bahiaeconomica.com.br\/wp\/2021\/01\/11\/veja-o-calendario-de-pagamentos-do-saque-aniversario-em-2021\/","url":"https:\/\/bahiaeconomica.com.br\/wp\/2021\/01\/11\/veja-o-calendario-de-pagamentos-do-saque-aniversario-em-2021\/","name":"VEJA O CALEND\u00c1RIO DO SAQUE ANIVERS\u00c1RIO EM 2021 - Bahia Economica","isPartOf":{"@id":"https:\/\/bahiaeconomica.com.br\/wp\/#website"},"datePublished":"2021-01-11T10:15:41+00:00","dateModified":"2021-01-11T10:16:14+00:00","description":"O maior portal de Economia da Bahia DESTAQUE DO DIA, ECONOMIA \/ POL\u00cdTICA Bahia Economica","breadcrumb":{"@id":"https:\/\/bahiaeconomica.com.br\/wp\/2021\/01\/11\/veja-o-calendario-de-pagamentos-do-saque-aniversario-em-2021\/#breadcrumb"},"inLanguage":"pt-BR","potentialAction":[{"@type":"ReadAction","target":["https:\/\/bahiaeconomica.com.br\/wp\/2021\/01\/11\/veja-o-calendario-de-pagamentos-do-saque-aniversario-em-2021\/"]}]},{"@type":"BreadcrumbList","@id":"https:\/\/bahiaeconomica.com.br\/wp\/2021\/01\/11\/veja-o-calendario-de-pagamentos-do-saque-aniversario-em-2021\/#breadcrumb","itemListElement":[{"@type":"ListItem","position":1,"name":"In\u00edcio","item":"https:\/\/bahiaeconomica.com.br\/wp\/"},{"@type":"ListItem","position":2,"name":"VEJA O CALEND\u00c1RIO DO SAQUE ANIVERS\u00c1RIO EM 2021"}]},{"@type":"WebSite","@id":"https:\/\/bahiaeconomica.com.br\/wp\/#website","url":"https:\/\/bahiaeconomica.com.br\/wp\/","name":"Bahia Economica","description":"O maior portal de Economia da Bahia","publisher":{"@id":"https:\/\/bahiaeconomica.com.br\/wp\/#organization"},"potentialAction":[{"@type":"SearchAction","target":{"@type":"EntryPoint","urlTemplate":"https:\/\/bahiaeconomica.com.br\/wp\/?s={search_term_string}"},"query-input":"required name=search_term_string"}],"inLanguage":"pt-BR"},{"@type":"Organization","@id":"https:\/\/bahiaeconomica.com.br\/wp\/#organization","name":"Bahia Econ\u00f4mica","url":"https:\/\/bahiaeconomica.com.br\/wp\/","logo":{"@type":"ImageObject","inLanguage":"pt-BR","@id":"https:\/\/bahiaeconomica.com.br\/wp\/#\/schema\/logo\/image\/","url":"https:\/\/bahiaeconomica.com.br\/wp\/wp-content\/uploads\/2020\/12\/cropped-BE.png","contentUrl":"https:\/\/bahiaeconomica.com.br\/wp\/wp-content\/uploads\/2020\/12\/cropped-BE.png","width":512,"height":512,"caption":"Bahia Econ\u00f4mica"},"image":{"@id":"https:\/\/bahiaeconomica.com.br\/wp\/#\/schema\/logo\/image\/"},"sameAs":["https:\/\/www.facebook.com\/bahiaeconomica"]},{"@type":"Person","@id":"https:\/\/bahiaeconomica.com.br\/wp\/#\/schema\/person\/cb1ab5ba96ad3d9390805381c76284ec","name":"admin","url":"https:\/\/bahiaeconomica.com.br\/wp\/author\/admin\/"}]}},"views":5,"_links":{"self":[{"href":"https:\/\/bahiaeconomica.com.br\/wp\/wp-json\/wp\/v2\/posts\/526202"}],"collection":[{"href":"https:\/\/bahiaeconomica.com.br\/wp\/wp-json\/wp\/v2\/posts"}],"about":[{"href":"https:\/\/bahiaeconomica.com.br\/wp\/wp-json\/wp\/v2\/types\/post"}],"author":[{"embeddable":true,"href":"https:\/\/bahiaeconomica.com.br\/wp\/wp-json\/wp\/v2\/users\/1"}],"replies":[{"embeddable":true,"href":"https:\/\/bahiaeconomica.com.br\/wp\/wp-json\/wp\/v2\/comments?post=526202"}],"version-history":[{"count":2,"href":"https:\/\/bahiaeconomica.com.br\/wp\/wp-json\/wp\/v2\/posts\/526202\/revisions"}],"predecessor-version":[{"id":526205,"href":"https:\/\/bahiaeconomica.com.br\/wp\/wp-json\/wp\/v2\/posts\/526202\/revisions\/526205"}],"wp:featuredmedia":[{"embeddable":true,"href":"https:\/\/bahiaeconomica.com.br\/wp\/wp-json\/wp\/v2\/media\/500455"}],"wp:attachment":[{"href":"https:\/\/bahiaeconomica.com.br\/wp\/wp-json\/wp\/v2\/media?parent=526202"}],"wp:term":[{"taxonomy":"category","embeddable":true,"href":"https:\/\/bahiaeconomica.com.br\/wp\/wp-json\/wp\/v2\/categories?post=526202"},{"taxonomy":"post_tag","embeddable":true,"href":"https:\/\/bahiaeconomica.com.br\/wp\/wp-json\/wp\/v2\/tags?post=526202"}],"curies":[{"name":"wp","href":"https:\/\/api.w.org\/{rel}","templated":true}]}}