{"id":526122,"date":"2021-01-09T08:20:20","date_gmt":"2021-01-09T11:20:20","guid":{"rendered":"https:\/\/bahiaeconomica.com.br\/wp\/beta\/?p=526122"},"modified":"2021-01-09T08:14:26","modified_gmt":"2021-01-09T11:14:26","slug":"pandemia-fez-procura-por-casa-grande-e-de-alto-padrao-disparar","status":"publish","type":"post","link":"https:\/\/bahiaeconomica.com.br\/wp\/2021\/01\/09\/pandemia-fez-procura-por-casa-grande-e-de-alto-padrao-disparar\/","title":{"rendered":"PANDEMIA FEZ PROCURA POR CASA GRANDE E DE ALTO PADR\u00c3O DISPARAR"},"content":{"rendered":"<p>A pandemia fez a maioria repensar aspectos ordin\u00e1rios do dia-a-dia e n\u00e3o foram poucos que conclu\u00edram: \u201cpreciso de um lar maior!\u201d Isso fez com que a procura por casas<!--more-->grandes e de alto padr\u00e3o disparasse, principalmente no litoral baiano, onde j\u00e1 em setembro de 2020 a venda de im\u00f3veis tinha ultrapassado em 52% os n\u00fameros do ano anterior, de acordo com dados da Associa\u00e7\u00e3o de Dirigentes de Empresas do Mercado Imobili\u00e1rio da Bahia (Ademi).<\/p>\n<p>Em Salvador, esse n\u00famero cresceu em 18% no mesmo per\u00edodo, enquanto na Bahia, 5%. Para Cl\u00e1udio Cunha, presidente da entidade, isso se deve \u00e0 ineg\u00e1vel influ\u00eancia que a pandemia teve no mercado imobili\u00e1rio. \u201cMuitas pessoas est\u00e3o optando por fazer de sua casa de veraneio a resid\u00eancia principal. J\u00e1 outros t\u00eam adquirido casas maiores no litoral, ao mesmo tempo em que mant\u00eam um apartamento menor na capital, para quando tiver neg\u00f3cios a resolver em Salvador\u201d.<\/p>\n<p>H\u00e1 ainda, diz Cunha, um movimento de pessoas de fora do estado e at\u00e9 do exterior buscando por moradia na Bahia, principalmente em Salvador, \u201cque tem se tornado um centro de atra\u00e7\u00e3o de moradores\u201d. Essa procura por im\u00f3veis no estado cresceu de forma \u201cassustadora\u201d, afirma o diretor do Conselho Regional de Corretores de Im\u00f3veis da Bahia (Creci), propriet\u00e1rio da Nova Imobili\u00e1ria, Noel Silva.<\/p>\n<p>\u201cEsse aumento na procura tem gerado duas situa\u00e7\u00f5es que devem ser observadas. De um lado temos o aumento dos pre\u00e7os de casas e villages litor\u00e2neos, que chegam a quase dobrar, e, do outro lado, as institui\u00e7\u00f5es financeiras com suas taxas de juros sendo reduzidas a n\u00fameros nunca imaginados, permitindo que muitos que desejavam comprar, mas n\u00e3o podia, compre agora\u201d.<\/p>\n<p>Uma das que viu o resultado disso em primeira m\u00e3o foi Carla Hansen, propriet\u00e1ria da Hansen Im\u00f3veis. A m\u00e9dia de cinco clientes que eram esperados em uma semana t\u00edpica, se tornaram dez, ou at\u00e9 12 durante a pandemia \u2013, a maioria atr\u00e1s de casas de alto padr\u00e3o. \u201cE o mais interessante \u00e9 que s\u00e3o clientes que efetivam a compra rapidamente. Isso se deve muito \u00e0s facilidades financeiras que surgiram para quem deseja um novo lugar para chamar de lar\u201d, ela conta.<\/p>\n<p>Ainda de acordo com o presidente da Ademi, a taxa de juros de financiamento, que hoje est\u00e1 em 6,9%, chegou a ser de 14% em 2016. Dessa forma, os empr\u00e9stimos se tornaram bastante atrativos, al\u00e9m, claro, da queda da Selic. S\u00e3o essas facilidades que est\u00e3o dando esperan\u00e7a \u00e0 empres\u00e1ria e arteterapeuta Claudia Fracassi, que colocou \u00e0 venda recentemente a sua casa no condom\u00ednio Encontro das \u00c1guas, em Lauro de Freitas, de fazer um bom neg\u00f3cio. Com os filhos casando, a mans\u00e3o ficou grande demais para ela e o marido. \u201cMe sinto muito agradecida pelos anos que vivi nessa casa, e por estar passando esse per\u00edodo de pandemia aqui, onde todo o espa\u00e7o e a pr\u00f3pria estrutura de um condom\u00ednio parque est\u00e3o permitindo que nem eu ou meus familiares fiquemos estressados com o isolamento. Quero continuar morando numa casa, mas um pouco menor e t\u00e9rrea, com sorte aqui no condom\u00ednio mesmo\u201d, ela fala.<\/p>\n<p>Foto: divulga\u00e7\u00e3o<\/p>\n","protected":false},"excerpt":{"rendered":"<p>A pandemia fez a maioria repensar aspectos ordin\u00e1rios do dia-a-dia e n\u00e3o foram poucos que conclu\u00edram: \u201cpreciso de um lar maior!\u201d Isso fez com que a procura por casas<\/p>\n","protected":false},"author":1,"featured_media":526124,"comment_status":"closed","ping_status":"closed","sticky":false,"template":"","format":"standard","meta":[],"categories":[14,3],"tags":[],"acf":[],"yoast_head":"<!-- This site is optimized with the Yoast SEO plugin v20.8 - https:\/\/yoast.com\/wordpress\/plugins\/seo\/ -->\n<title>PANDEMIA FEZ PROCURA POR CASA GRANDE E DE ALTO PADR\u00c3O DISPARAR - Bahia Economica<\/title>\n<meta name=\"description\" content=\"O maior portal de Economia da Bahia DESTAQUE DO DIA, ECONOMIA \/ POL\u00cdTICA Bahia Economica\" \/>\n<meta name=\"robots\" content=\"index, follow, max-snippet:-1, max-image-preview:large, max-video-preview:-1\" \/>\n<link rel=\"canonical\" href=\"https:\/\/bahiaeconomica.com.br\/wp\/2021\/01\/09\/pandemia-fez-procura-por-casa-grande-e-de-alto-padrao-disparar\/\" \/>\n<meta property=\"og:locale\" content=\"pt_BR\" \/>\n<meta property=\"og:type\" content=\"article\" \/>\n<meta property=\"og:title\" content=\"PANDEMIA FEZ PROCURA POR CASA GRANDE E DE ALTO PADR\u00c3O DISPARAR - Bahia Economica\" \/>\n<meta property=\"og:description\" content=\"O maior portal de Economia da Bahia DESTAQUE DO DIA, ECONOMIA \/ POL\u00cdTICA Bahia Economica\" \/>\n<meta property=\"og:url\" content=\"https:\/\/bahiaeconomica.com.br\/wp\/2021\/01\/09\/pandemia-fez-procura-por-casa-grande-e-de-alto-padrao-disparar\/\" \/>\n<meta property=\"og:site_name\" content=\"Bahia Economica\" \/>\n<meta property=\"article:publisher\" content=\"https:\/\/www.facebook.com\/bahiaeconomica\" \/>\n<meta property=\"article:published_time\" content=\"2021-01-09T11:20:20+00:00\" \/>\n<meta property=\"article:modified_time\" content=\"2021-01-09T11:14:26+00:00\" \/>\n<meta property=\"og:image\" content=\"https:\/\/bahiaeconomica.com.br\/wp\/wp-content\/uploads\/2021\/01\/750_202118203444511_habitacao-litoral-baiano-ademi-pandemia-imobiliario.jpg\" \/>\n\t<meta property=\"og:image:width\" content=\"750\" \/>\n\t<meta property=\"og:image:height\" content=\"500\" \/>\n\t<meta property=\"og:image:type\" content=\"image\/jpeg\" \/>\n<meta name=\"author\" content=\"admin\" \/>\n<meta name=\"twitter:card\" content=\"summary_large_image\" \/>\n<meta name=\"twitter:label1\" content=\"Escrito por\" \/>\n\t<meta name=\"twitter:data1\" content=\"admin\" \/>\n\t<meta name=\"twitter:label2\" content=\"Est. tempo de leitura\" \/>\n\t<meta name=\"twitter:data2\" content=\"3 minutos\" \/>\n<script type=\"application\/ld+json\" class=\"yoast-schema-graph\">{\"@context\":\"https:\/\/schema.org\",\"@graph\":[{\"@type\":\"Article\",\"@id\":\"https:\/\/bahiaeconomica.com.br\/wp\/2021\/01\/09\/pandemia-fez-procura-por-casa-grande-e-de-alto-padrao-disparar\/#article\",\"isPartOf\":{\"@id\":\"https:\/\/bahiaeconomica.com.br\/wp\/2021\/01\/09\/pandemia-fez-procura-por-casa-grande-e-de-alto-padrao-disparar\/\"},\"author\":{\"name\":\"admin\",\"@id\":\"https:\/\/bahiaeconomica.com.br\/wp\/#\/schema\/person\/cb1ab5ba96ad3d9390805381c76284ec\"},\"headline\":\"PANDEMIA FEZ PROCURA POR CASA GRANDE E DE ALTO PADR\u00c3O DISPARAR\",\"datePublished\":\"2021-01-09T11:20:20+00:00\",\"dateModified\":\"2021-01-09T11:14:26+00:00\",\"mainEntityOfPage\":{\"@id\":\"https:\/\/bahiaeconomica.com.br\/wp\/2021\/01\/09\/pandemia-fez-procura-por-casa-grande-e-de-alto-padrao-disparar\/\"},\"wordCount\":558,\"publisher\":{\"@id\":\"https:\/\/bahiaeconomica.com.br\/wp\/#organization\"},\"articleSection\":[\"DESTAQUE DO DIA\",\"ECONOMIA \/ POL\u00cdTICA\"],\"inLanguage\":\"pt-BR\"},{\"@type\":\"WebPage\",\"@id\":\"https:\/\/bahiaeconomica.com.br\/wp\/2021\/01\/09\/pandemia-fez-procura-por-casa-grande-e-de-alto-padrao-disparar\/\",\"url\":\"https:\/\/bahiaeconomica.com.br\/wp\/2021\/01\/09\/pandemia-fez-procura-por-casa-grande-e-de-alto-padrao-disparar\/\",\"name\":\"PANDEMIA FEZ PROCURA POR CASA GRANDE E DE ALTO PADR\u00c3O DISPARAR - Bahia Economica\",\"isPartOf\":{\"@id\":\"https:\/\/bahiaeconomica.com.br\/wp\/#website\"},\"datePublished\":\"2021-01-09T11:20:20+00:00\",\"dateModified\":\"2021-01-09T11:14:26+00:00\",\"description\":\"O maior portal de Economia da Bahia DESTAQUE DO DIA, ECONOMIA \/ POL\u00cdTICA Bahia Economica\",\"breadcrumb\":{\"@id\":\"https:\/\/bahiaeconomica.com.br\/wp\/2021\/01\/09\/pandemia-fez-procura-por-casa-grande-e-de-alto-padrao-disparar\/#breadcrumb\"},\"inLanguage\":\"pt-BR\",\"potentialAction\":[{\"@type\":\"ReadAction\",\"target\":[\"https:\/\/bahiaeconomica.com.br\/wp\/2021\/01\/09\/pandemia-fez-procura-por-casa-grande-e-de-alto-padrao-disparar\/\"]}]},{\"@type\":\"BreadcrumbList\",\"@id\":\"https:\/\/bahiaeconomica.com.br\/wp\/2021\/01\/09\/pandemia-fez-procura-por-casa-grande-e-de-alto-padrao-disparar\/#breadcrumb\",\"itemListElement\":[{\"@type\":\"ListItem\",\"position\":1,\"name\":\"In\u00edcio\",\"item\":\"https:\/\/bahiaeconomica.com.br\/wp\/\"},{\"@type\":\"ListItem\",\"position\":2,\"name\":\"PANDEMIA FEZ PROCURA POR CASA GRANDE E DE ALTO PADR\u00c3O DISPARAR\"}]},{\"@type\":\"WebSite\",\"@id\":\"https:\/\/bahiaeconomica.com.br\/wp\/#website\",\"url\":\"https:\/\/bahiaeconomica.com.br\/wp\/\",\"name\":\"Bahia Economica\",\"description\":\"O maior portal de Economia da Bahia\",\"publisher\":{\"@id\":\"https:\/\/bahiaeconomica.com.br\/wp\/#organization\"},\"potentialAction\":[{\"@type\":\"SearchAction\",\"target\":{\"@type\":\"EntryPoint\",\"urlTemplate\":\"https:\/\/bahiaeconomica.com.br\/wp\/?s={search_term_string}\"},\"query-input\":\"required name=search_term_string\"}],\"inLanguage\":\"pt-BR\"},{\"@type\":\"Organization\",\"@id\":\"https:\/\/bahiaeconomica.com.br\/wp\/#organization\",\"name\":\"Bahia Econ\u00f4mica\",\"url\":\"https:\/\/bahiaeconomica.com.br\/wp\/\",\"logo\":{\"@type\":\"ImageObject\",\"inLanguage\":\"pt-BR\",\"@id\":\"https:\/\/bahiaeconomica.com.br\/wp\/#\/schema\/logo\/image\/\",\"url\":\"https:\/\/bahiaeconomica.com.br\/wp\/wp-content\/uploads\/2020\/12\/cropped-BE.png\",\"contentUrl\":\"https:\/\/bahiaeconomica.com.br\/wp\/wp-content\/uploads\/2020\/12\/cropped-BE.png\",\"width\":512,\"height\":512,\"caption\":\"Bahia Econ\u00f4mica\"},\"image\":{\"@id\":\"https:\/\/bahiaeconomica.com.br\/wp\/#\/schema\/logo\/image\/\"},\"sameAs\":[\"https:\/\/www.facebook.com\/bahiaeconomica\"]},{\"@type\":\"Person\",\"@id\":\"https:\/\/bahiaeconomica.com.br\/wp\/#\/schema\/person\/cb1ab5ba96ad3d9390805381c76284ec\",\"name\":\"admin\",\"url\":\"https:\/\/bahiaeconomica.com.br\/wp\/author\/admin\/\"}]}<\/script>\n<!-- \/ Yoast SEO plugin. -->","yoast_head_json":{"title":"PANDEMIA FEZ PROCURA POR CASA GRANDE E DE ALTO PADR\u00c3O DISPARAR - Bahia Economica","description":"O maior portal de Economia da Bahia DESTAQUE DO DIA, ECONOMIA \/ POL\u00cdTICA Bahia Economica","robots":{"index":"index","follow":"follow","max-snippet":"max-snippet:-1","max-image-preview":"max-image-preview:large","max-video-preview":"max-video-preview:-1"},"canonical":"https:\/\/bahiaeconomica.com.br\/wp\/2021\/01\/09\/pandemia-fez-procura-por-casa-grande-e-de-alto-padrao-disparar\/","og_locale":"pt_BR","og_type":"article","og_title":"PANDEMIA FEZ PROCURA POR CASA GRANDE E DE ALTO PADR\u00c3O DISPARAR - Bahia Economica","og_description":"O maior portal de Economia da Bahia DESTAQUE DO DIA, ECONOMIA \/ POL\u00cdTICA Bahia Economica","og_url":"https:\/\/bahiaeconomica.com.br\/wp\/2021\/01\/09\/pandemia-fez-procura-por-casa-grande-e-de-alto-padrao-disparar\/","og_site_name":"Bahia Economica","article_publisher":"https:\/\/www.facebook.com\/bahiaeconomica","article_published_time":"2021-01-09T11:20:20+00:00","article_modified_time":"2021-01-09T11:14:26+00:00","og_image":[{"width":750,"height":500,"url":"https:\/\/bahiaeconomica.com.br\/wp\/wp-content\/uploads\/2021\/01\/750_202118203444511_habitacao-litoral-baiano-ademi-pandemia-imobiliario.jpg","type":"image\/jpeg"}],"author":"admin","twitter_card":"summary_large_image","twitter_misc":{"Escrito por":"admin","Est. tempo de leitura":"3 minutos"},"schema":{"@context":"https:\/\/schema.org","@graph":[{"@type":"Article","@id":"https:\/\/bahiaeconomica.com.br\/wp\/2021\/01\/09\/pandemia-fez-procura-por-casa-grande-e-de-alto-padrao-disparar\/#article","isPartOf":{"@id":"https:\/\/bahiaeconomica.com.br\/wp\/2021\/01\/09\/pandemia-fez-procura-por-casa-grande-e-de-alto-padrao-disparar\/"},"author":{"name":"admin","@id":"https:\/\/bahiaeconomica.com.br\/wp\/#\/schema\/person\/cb1ab5ba96ad3d9390805381c76284ec"},"headline":"PANDEMIA FEZ PROCURA POR CASA GRANDE E DE ALTO PADR\u00c3O DISPARAR","datePublished":"2021-01-09T11:20:20+00:00","dateModified":"2021-01-09T11:14:26+00:00","mainEntityOfPage":{"@id":"https:\/\/bahiaeconomica.com.br\/wp\/2021\/01\/09\/pandemia-fez-procura-por-casa-grande-e-de-alto-padrao-disparar\/"},"wordCount":558,"publisher":{"@id":"https:\/\/bahiaeconomica.com.br\/wp\/#organization"},"articleSection":["DESTAQUE DO DIA","ECONOMIA \/ POL\u00cdTICA"],"inLanguage":"pt-BR"},{"@type":"WebPage","@id":"https:\/\/bahiaeconomica.com.br\/wp\/2021\/01\/09\/pandemia-fez-procura-por-casa-grande-e-de-alto-padrao-disparar\/","url":"https:\/\/bahiaeconomica.com.br\/wp\/2021\/01\/09\/pandemia-fez-procura-por-casa-grande-e-de-alto-padrao-disparar\/","name":"PANDEMIA FEZ PROCURA POR CASA GRANDE E DE ALTO PADR\u00c3O DISPARAR - Bahia Economica","isPartOf":{"@id":"https:\/\/bahiaeconomica.com.br\/wp\/#website"},"datePublished":"2021-01-09T11:20:20+00:00","dateModified":"2021-01-09T11:14:26+00:00","description":"O maior portal de Economia da Bahia DESTAQUE DO DIA, ECONOMIA \/ POL\u00cdTICA Bahia Economica","breadcrumb":{"@id":"https:\/\/bahiaeconomica.com.br\/wp\/2021\/01\/09\/pandemia-fez-procura-por-casa-grande-e-de-alto-padrao-disparar\/#breadcrumb"},"inLanguage":"pt-BR","potentialAction":[{"@type":"ReadAction","target":["https:\/\/bahiaeconomica.com.br\/wp\/2021\/01\/09\/pandemia-fez-procura-por-casa-grande-e-de-alto-padrao-disparar\/"]}]},{"@type":"BreadcrumbList","@id":"https:\/\/bahiaeconomica.com.br\/wp\/2021\/01\/09\/pandemia-fez-procura-por-casa-grande-e-de-alto-padrao-disparar\/#breadcrumb","itemListElement":[{"@type":"ListItem","position":1,"name":"In\u00edcio","item":"https:\/\/bahiaeconomica.com.br\/wp\/"},{"@type":"ListItem","position":2,"name":"PANDEMIA FEZ PROCURA POR CASA GRANDE E DE ALTO PADR\u00c3O DISPARAR"}]},{"@type":"WebSite","@id":"https:\/\/bahiaeconomica.com.br\/wp\/#website","url":"https:\/\/bahiaeconomica.com.br\/wp\/","name":"Bahia Economica","description":"O maior portal de Economia da Bahia","publisher":{"@id":"https:\/\/bahiaeconomica.com.br\/wp\/#organization"},"potentialAction":[{"@type":"SearchAction","target":{"@type":"EntryPoint","urlTemplate":"https:\/\/bahiaeconomica.com.br\/wp\/?s={search_term_string}"},"query-input":"required name=search_term_string"}],"inLanguage":"pt-BR"},{"@type":"Organization","@id":"https:\/\/bahiaeconomica.com.br\/wp\/#organization","name":"Bahia Econ\u00f4mica","url":"https:\/\/bahiaeconomica.com.br\/wp\/","logo":{"@type":"ImageObject","inLanguage":"pt-BR","@id":"https:\/\/bahiaeconomica.com.br\/wp\/#\/schema\/logo\/image\/","url":"https:\/\/bahiaeconomica.com.br\/wp\/wp-content\/uploads\/2020\/12\/cropped-BE.png","contentUrl":"https:\/\/bahiaeconomica.com.br\/wp\/wp-content\/uploads\/2020\/12\/cropped-BE.png","width":512,"height":512,"caption":"Bahia Econ\u00f4mica"},"image":{"@id":"https:\/\/bahiaeconomica.com.br\/wp\/#\/schema\/logo\/image\/"},"sameAs":["https:\/\/www.facebook.com\/bahiaeconomica"]},{"@type":"Person","@id":"https:\/\/bahiaeconomica.com.br\/wp\/#\/schema\/person\/cb1ab5ba96ad3d9390805381c76284ec","name":"admin","url":"https:\/\/bahiaeconomica.com.br\/wp\/author\/admin\/"}]}},"views":8,"_links":{"self":[{"href":"https:\/\/bahiaeconomica.com.br\/wp\/wp-json\/wp\/v2\/posts\/526122"}],"collection":[{"href":"https:\/\/bahiaeconomica.com.br\/wp\/wp-json\/wp\/v2\/posts"}],"about":[{"href":"https:\/\/bahiaeconomica.com.br\/wp\/wp-json\/wp\/v2\/types\/post"}],"author":[{"embeddable":true,"href":"https:\/\/bahiaeconomica.com.br\/wp\/wp-json\/wp\/v2\/users\/1"}],"replies":[{"embeddable":true,"href":"https:\/\/bahiaeconomica.com.br\/wp\/wp-json\/wp\/v2\/comments?post=526122"}],"version-history":[{"count":1,"href":"https:\/\/bahiaeconomica.com.br\/wp\/wp-json\/wp\/v2\/posts\/526122\/revisions"}],"predecessor-version":[{"id":526125,"href":"https:\/\/bahiaeconomica.com.br\/wp\/wp-json\/wp\/v2\/posts\/526122\/revisions\/526125"}],"wp:featuredmedia":[{"embeddable":true,"href":"https:\/\/bahiaeconomica.com.br\/wp\/wp-json\/wp\/v2\/media\/526124"}],"wp:attachment":[{"href":"https:\/\/bahiaeconomica.com.br\/wp\/wp-json\/wp\/v2\/media?parent=526122"}],"wp:term":[{"taxonomy":"category","embeddable":true,"href":"https:\/\/bahiaeconomica.com.br\/wp\/wp-json\/wp\/v2\/categories?post=526122"},{"taxonomy":"post_tag","embeddable":true,"href":"https:\/\/bahiaeconomica.com.br\/wp\/wp-json\/wp\/v2\/tags?post=526122"}],"curies":[{"name":"wp","href":"https:\/\/api.w.org\/{rel}","templated":true}]}}